{"id":974,"date":"2019-02-11T07:49:12","date_gmt":"2019-02-11T07:49:12","guid":{"rendered":"http:\/\/legisport.com\/?p=974"},"modified":"2019-02-11T08:45:46","modified_gmt":"2019-02-11T08:45:46","slug":"handicap-et-pratique-sportive","status":"publish","type":"post","link":"https:\/\/legisport.com\/index.php\/2019\/02\/11\/handicap-et-pratique-sportive\/","title":{"rendered":"Handicap et pratique sportive"},"content":{"rendered":"<p>Le bulletin d&rsquo;informations juridiques sportives LEGISPORT para\u00eet tous les deux mois. Le premier num\u00e9ro de l&rsquo;ann\u00e9e 2019, le 135 (Janvier-F\u00e9vrier 2019)\u00a0a abord\u00e9\u00a0le sujet\u00a0 <em>\u00ab\u00a0Handicap et pratique sportive : pour l&rsquo;\u00e9galit\u00e9 des droits et des chances\u00a0\u00bb.<\/em><\/p>\n<p>Voici l&rsquo;\u00e9ditorial de ce \u00a0num\u00e9ro qui fera date sur cette th\u00e9matique :<\/p>\n<p>\u00ab\u00a0Aujourd\u2019hui, la loi n\u00b02005-102 du 11 F\u00e9vrier 2005 pour l\u2019\u00e9galit\u00e9 des droits et des chances, la participation et la citoyennet\u00e9 des personnes handicap\u00e9es \u00e9dicte en son article 2\u00a0: \u00ab\u00a0toute personne handicap\u00e9e a droit \u00e0 la solidarit\u00e9 de l\u2019ensemble de la collectivit\u00e9 nationale qui lui garantit en vertu de cette obligation l\u2019acc\u00e8s aux droits fondamentaux reconnus \u00e0 tous les citoyens ainsi que le plein exercice de sa citoyennet\u00e9. L\u2019Etat est garant de l\u2019\u00e9galit\u00e9 de traitement des personnes handicap\u00e9es sur l\u2019ensemble du territoire et d\u00e9finit des objectifs pluriannuels d\u2019actions\u00a0\u00bb.<\/p>\n<p>Il fallait cette p\u00e9dagogie active et quotidienne pour que chacun prenne conscience de son appartenance \u00e0 la communaut\u00e9 nationale et donne \u00e0 chacun les m\u00eames droits.<\/p>\n<p>C\u2019est durant la Premi\u00e8re Guerre Mondiale que sont apparus les premiers embryons de structures du sport destin\u00e9s aux bless\u00e9s de guerre et pour lesquels la r\u00e9\u00e9ducation par des exercices physiques \u00e9tait n\u00e9cessaire.<\/p>\n<p>Cependant,\u00a0 au d\u00e9but du m\u00eame si\u00e8cle, commence la grande histoire du sport pour les sourds. Ces personnes furent les premi\u00e8res \u00e0 associer le sport et le handicap et Eug\u00e8ne Rubens-Alcais cr\u00e9a le premier club de l\u2019histoire des Sourds et celui qui fut surnomm\u00e9 \u00ab\u00a0le Coubertin des sports Sourds\u00a0\u00bb cr\u00e9a avec ses amis la F\u00e9d\u00e9ration Sportive des Sourds Muets de France (FSSMF) qui sera ult\u00e9rieurement rattach\u00e9e au handisport. Les premiers pas du sport au profit des personnes handicap\u00e9es \u00e9taient pos\u00e9s.<\/p>\n<p>De m\u00eame,\u00a0apr\u00e8s la Deuxi\u00e8me Guerre Mondiale, le Professeur Ludwig Guttmann, neurochirurgien surnomm\u00e9 \u00e9galement \u00ab\u00a0le Coubertin des paralys\u00e9s\u00a0\u00bb est \u00e0 l\u2019origine des Jeux de Stoke-Mandeville, destin\u00e9s \u00e0 r\u00e9unir les bless\u00e9s de la 2<sup>\u00e8me<\/sup> Guerre Mondiale par des jeux sportifs de basket-ball et de tir \u00e0 l\u2019arc.<\/p>\n<p>La loi du 11 F\u00e9vrier 2005 pr\u00e9cit\u00e9e a donn\u00e9 une d\u00e9finition du handicap\u00a0: <em>\u00ab\u00a0c<\/em><em>onstitue un handicap toute limitation d&rsquo;activit\u00e9 ou restriction de participation \u00e0 la vie en soci\u00e9t\u00e9 subie dans son environnement par une personne en raison d&rsquo;une alt\u00e9ration substantielle, durable ou d\u00e9finitive d&rsquo;une ou plusieurs fonctions physiques, sensorielles, mentales, cognitives ou psychiques, d&rsquo;un polyhandicap ou d&rsquo;un trouble de sant\u00e9 invalidant\u00a0\u00bb<\/em><em>. <\/em><\/p>\n<p>Si nos informations vous plaisent et si le c\u0153ur vous en dit,\u00a0vous pouvez soutenir notre travail en souscrivant un abonnement annuel de trente euros pour six num\u00e9ros.<\/p>\n<p>Heureuse ann\u00e9e 2019 et tous nos bons v\u0153ux !<\/p>\n<p>LEGISPORT poursuit son engagement et sa mission d&rsquo;information en faveur des sportifs et du sport.\u00a0\u00bb<\/p>\n<p><strong>L&rsquo;abonnement au bulletin d&rsquo;informations juridiques sportives LEGISPORT est modique : 30 euros pour six num\u00e9ros.<\/strong><\/p>\n<p><a href=\"https:\/\/legisport.com\/wp-content\/uploads\/2018\/10\/abonnement.pdf\"><strong>Cliquez ICI pour s&rsquo;abonner<\/strong><\/a><\/p>\n","protected":false},"excerpt":{"rendered":"<p>Le bulletin d&rsquo;informations juridiques sportives LEGISPORT para\u00eet tous les deux mois. Le premier num\u00e9ro de l&rsquo;ann\u00e9e 2019, le 135 (Janvier-F\u00e9vrier 2019)\u00a0a abord\u00e9\u00a0le sujet\u00a0 \u00ab\u00a0Handicap et pratique sportive : pour l&rsquo;\u00e9galit\u00e9 des droits et des chances\u00a0\u00bb. Voici l&rsquo;\u00e9ditorial de ce \u00a0num\u00e9ro qui fera date sur cette th\u00e9matique : \u00ab\u00a0Aujourd\u2019hui, la loi n\u00b02005-102 du 11 F\u00e9vrier 2005 [&hellip;]<\/p>\n","protected":false},"author":1,"featured_media":0,"comment_status":"closed","ping_status":"open","sticky":false,"template":"","format":"standard","meta":{"footnotes":""},"categories":[1],"tags":[],"class_list":["post-974","post","type-post","status-publish","format-standard","hentry","category-uncategorized","basic-color-border"],"yoast_head":"<!-- This site is optimized with the Yoast SEO plugin v17.4 - https:\/\/yoast.com\/wordpress\/plugins\/seo\/ -->\n<meta name=\"robots\" content=\"index, follow, max-snippet:-1, max-image-preview:large, max-video-preview:-1\" \/>\n<link rel=\"canonical\" href=\"https:\/\/legisport.com\/index.php\/2019\/02\/11\/handicap-et-pratique-sportive\/\" \/>\n<meta property=\"og:locale\" content=\"fr_FR\" \/>\n<meta property=\"og:type\" content=\"article\" \/>\n<meta property=\"og:title\" content=\"Handicap et pratique sportive - legisport\" \/>\n<meta property=\"og:description\" content=\"Le bulletin d&rsquo;informations juridiques sportives LEGISPORT para\u00eet tous les deux mois. Le premier num\u00e9ro de l&rsquo;ann\u00e9e 2019, le 135 (Janvier-F\u00e9vrier 2019)\u00a0a abord\u00e9\u00a0le sujet\u00a0 \u00ab\u00a0Handicap et pratique sportive : pour l&rsquo;\u00e9galit\u00e9 des droits et des chances\u00a0\u00bb. Voici l&rsquo;\u00e9ditorial de ce \u00a0num\u00e9ro qui fera date sur cette th\u00e9matique : \u00ab\u00a0Aujourd\u2019hui, la loi n\u00b02005-102 du 11 F\u00e9vrier 2005 [&hellip;]\" \/>\n<meta property=\"og:url\" content=\"https:\/\/legisport.com\/index.php\/2019\/02\/11\/handicap-et-pratique-sportive\/\" \/>\n<meta property=\"og:site_name\" content=\"legisport\" \/>\n<meta property=\"article:published_time\" content=\"2019-02-11T07:49:12+00:00\" \/>\n<meta property=\"article:modified_time\" content=\"2019-02-11T08:45:46+00:00\" \/>\n<meta name=\"twitter:card\" content=\"summary_large_image\" \/>\n<meta name=\"twitter:label1\" content=\"\u00c9crit par\" \/>\n\t<meta name=\"twitter:data1\" content=\"admin8312\" \/>\n\t<meta name=\"twitter:label2\" content=\"Dur\u00e9e de lecture est.\" \/>\n\t<meta name=\"twitter:data2\" content=\"2 minutes\" \/>\n<script type=\"application\/ld+json\" class=\"yoast-schema-graph\">{\"@context\":\"https:\/\/schema.org\",\"@graph\":[{\"@type\":\"WebSite\",\"@id\":\"https:\/\/legisport.com\/#website\",\"url\":\"https:\/\/legisport.com\/\",\"name\":\"legisport\",\"description\":\"1991 : fondation de LEGISPORT. 1996 : lancement du bulletin d&#039;informations juridiques sportives LEGISPORT. Tout sur le droit du sport.\",\"potentialAction\":[{\"@type\":\"SearchAction\",\"target\":{\"@type\":\"EntryPoint\",\"urlTemplate\":\"https:\/\/legisport.com\/?s={search_term_string}\"},\"query-input\":\"required name=search_term_string\"}],\"inLanguage\":\"fr-FR\"},{\"@type\":\"WebPage\",\"@id\":\"https:\/\/legisport.com\/index.php\/2019\/02\/11\/handicap-et-pratique-sportive\/#webpage\",\"url\":\"https:\/\/legisport.com\/index.php\/2019\/02\/11\/handicap-et-pratique-sportive\/\",\"name\":\"Handicap et pratique sportive - legisport\",\"isPartOf\":{\"@id\":\"https:\/\/legisport.com\/#website\"},\"datePublished\":\"2019-02-11T07:49:12+00:00\",\"dateModified\":\"2019-02-11T08:45:46+00:00\",\"author\":{\"@id\":\"https:\/\/legisport.com\/#\/schema\/person\/abccfb880c12073a27d7cb433cf39cf2\"},\"breadcrumb\":{\"@id\":\"https:\/\/legisport.com\/index.php\/2019\/02\/11\/handicap-et-pratique-sportive\/#breadcrumb\"},\"inLanguage\":\"fr-FR\",\"potentialAction\":[{\"@type\":\"ReadAction\",\"target\":[\"https:\/\/legisport.com\/index.php\/2019\/02\/11\/handicap-et-pratique-sportive\/\"]}]},{\"@type\":\"BreadcrumbList\",\"@id\":\"https:\/\/legisport.com\/index.php\/2019\/02\/11\/handicap-et-pratique-sportive\/#breadcrumb\",\"itemListElement\":[{\"@type\":\"ListItem\",\"position\":1,\"name\":\"Accueil\",\"item\":\"https:\/\/legisport.com\/\"},{\"@type\":\"ListItem\",\"position\":2,\"name\":\"Handicap et pratique sportive\"}]},{\"@type\":\"Person\",\"@id\":\"https:\/\/legisport.com\/#\/schema\/person\/abccfb880c12073a27d7cb433cf39cf2\",\"name\":\"admin8312\",\"image\":{\"@type\":\"ImageObject\",\"@id\":\"https:\/\/legisport.com\/#personlogo\",\"inLanguage\":\"fr-FR\",\"url\":\"https:\/\/secure.gravatar.com\/avatar\/1e990537051617f93586bce114145ae0ff87fb7f69693d7eea4b09eb39a38ee0?s=96&d=mm&r=g\",\"contentUrl\":\"https:\/\/secure.gravatar.com\/avatar\/1e990537051617f93586bce114145ae0ff87fb7f69693d7eea4b09eb39a38ee0?s=96&d=mm&r=g\",\"caption\":\"admin8312\"},\"url\":\"https:\/\/legisport.com\/index.php\/author\/admin8312\/\"}]}<\/script>\n<!-- \/ Yoast SEO plugin. -->","yoast_head_json":{"robots":{"index":"index","follow":"follow","max-snippet":"max-snippet:-1","max-image-preview":"max-image-preview:large","max-video-preview":"max-video-preview:-1"},"canonical":"https:\/\/legisport.com\/index.php\/2019\/02\/11\/handicap-et-pratique-sportive\/","og_locale":"fr_FR","og_type":"article","og_title":"Handicap et pratique sportive - legisport","og_description":"Le bulletin d&rsquo;informations juridiques sportives LEGISPORT para\u00eet tous les deux mois. Le premier num\u00e9ro de l&rsquo;ann\u00e9e 2019, le 135 (Janvier-F\u00e9vrier 2019)\u00a0a abord\u00e9\u00a0le sujet\u00a0 \u00ab\u00a0Handicap et pratique sportive : pour l&rsquo;\u00e9galit\u00e9 des droits et des chances\u00a0\u00bb. Voici l&rsquo;\u00e9ditorial de ce \u00a0num\u00e9ro qui fera date sur cette th\u00e9matique : \u00ab\u00a0Aujourd\u2019hui, la loi n\u00b02005-102 du 11 F\u00e9vrier 2005 [&hellip;]","og_url":"https:\/\/legisport.com\/index.php\/2019\/02\/11\/handicap-et-pratique-sportive\/","og_site_name":"legisport","article_published_time":"2019-02-11T07:49:12+00:00","article_modified_time":"2019-02-11T08:45:46+00:00","twitter_card":"summary_large_image","twitter_misc":{"\u00c9crit par":"admin8312","Dur\u00e9e de lecture est.":"2 minutes"},"schema":{"@context":"https:\/\/schema.org","@graph":[{"@type":"WebSite","@id":"https:\/\/legisport.com\/#website","url":"https:\/\/legisport.com\/","name":"legisport","description":"1991 : fondation de LEGISPORT. 1996 : lancement du bulletin d&#039;informations juridiques sportives LEGISPORT. Tout sur le droit du sport.","potentialAction":[{"@type":"SearchAction","target":{"@type":"EntryPoint","urlTemplate":"https:\/\/legisport.com\/?s={search_term_string}"},"query-input":"required name=search_term_string"}],"inLanguage":"fr-FR"},{"@type":"WebPage","@id":"https:\/\/legisport.com\/index.php\/2019\/02\/11\/handicap-et-pratique-sportive\/#webpage","url":"https:\/\/legisport.com\/index.php\/2019\/02\/11\/handicap-et-pratique-sportive\/","name":"Handicap et pratique sportive - legisport","isPartOf":{"@id":"https:\/\/legisport.com\/#website"},"datePublished":"2019-02-11T07:49:12+00:00","dateModified":"2019-02-11T08:45:46+00:00","author":{"@id":"https:\/\/legisport.com\/#\/schema\/person\/abccfb880c12073a27d7cb433cf39cf2"},"breadcrumb":{"@id":"https:\/\/legisport.com\/index.php\/2019\/02\/11\/handicap-et-pratique-sportive\/#breadcrumb"},"inLanguage":"fr-FR","potentialAction":[{"@type":"ReadAction","target":["https:\/\/legisport.com\/index.php\/2019\/02\/11\/handicap-et-pratique-sportive\/"]}]},{"@type":"BreadcrumbList","@id":"https:\/\/legisport.com\/index.php\/2019\/02\/11\/handicap-et-pratique-sportive\/#breadcrumb","itemListElement":[{"@type":"ListItem","position":1,"name":"Accueil","item":"https:\/\/legisport.com\/"},{"@type":"ListItem","position":2,"name":"Handicap et pratique sportive"}]},{"@type":"Person","@id":"https:\/\/legisport.com\/#\/schema\/person\/abccfb880c12073a27d7cb433cf39cf2","name":"admin8312","image":{"@type":"ImageObject","@id":"https:\/\/legisport.com\/#personlogo","inLanguage":"fr-FR","url":"https:\/\/secure.gravatar.com\/avatar\/1e990537051617f93586bce114145ae0ff87fb7f69693d7eea4b09eb39a38ee0?s=96&d=mm&r=g","contentUrl":"https:\/\/secure.gravatar.com\/avatar\/1e990537051617f93586bce114145ae0ff87fb7f69693d7eea4b09eb39a38ee0?s=96&d=mm&r=g","caption":"admin8312"},"url":"https:\/\/legisport.com\/index.php\/author\/admin8312\/"}]}},"_links":{"self":[{"href":"https:\/\/legisport.com\/index.php\/wp-json\/wp\/v2\/posts\/974","targetHints":{"allow":["GET"]}}],"collection":[{"href":"https:\/\/legisport.com\/index.php\/wp-json\/wp\/v2\/posts"}],"about":[{"href":"https:\/\/legisport.com\/index.php\/wp-json\/wp\/v2\/types\/post"}],"author":[{"embeddable":true,"href":"https:\/\/legisport.com\/index.php\/wp-json\/wp\/v2\/users\/1"}],"replies":[{"embeddable":true,"href":"https:\/\/legisport.com\/index.php\/wp-json\/wp\/v2\/comments?post=974"}],"version-history":[{"count":2,"href":"https:\/\/legisport.com\/index.php\/wp-json\/wp\/v2\/posts\/974\/revisions"}],"predecessor-version":[{"id":981,"href":"https:\/\/legisport.com\/index.php\/wp-json\/wp\/v2\/posts\/974\/revisions\/981"}],"wp:attachment":[{"href":"https:\/\/legisport.com\/index.php\/wp-json\/wp\/v2\/media?parent=974"}],"wp:term":[{"taxonomy":"category","embeddable":true,"href":"https:\/\/legisport.com\/index.php\/wp-json\/wp\/v2\/categories?post=974"},{"taxonomy":"post_tag","embeddable":true,"href":"https:\/\/legisport.com\/index.php\/wp-json\/wp\/v2\/tags?post=974"}],"curies":[{"name":"wp","href":"https:\/\/api.w.org\/{rel}","templated":true}]}}