{"id":927,"date":"2018-12-12T17:08:29","date_gmt":"2018-12-12T17:08:29","guid":{"rendered":"http:\/\/legisport.com\/?p=927"},"modified":"2018-12-13T09:14:07","modified_gmt":"2018-12-13T09:14:07","slug":"troisieme-edition-des-france-india-business-days-a-marseille","status":"publish","type":"post","link":"https:\/\/legisport.com\/index.php\/2018\/12\/12\/troisieme-edition-des-france-india-business-days-a-marseille\/","title":{"rendered":"Troisi\u00e8me \u00e9dition des France-India Business Days \u00e0 Marseille"},"content":{"rendered":"<p>A Marseille, les 6 et 7 D\u00e9cembre 2018, le Business Club France Inde, dirig\u00e9 par Mesdames Mich\u00e8le Lemarchand et V\u00e9ronique Moncada, et l\u2019Ambassade de l\u2019Inde \u00e0 Paris, ont organis\u00e9\u00a0 la 3<sup>\u00e8me<\/sup> \u00e9dition des \u00ab\u00a0FRANCE-INDIA BUSINESS DAYS 2018\u00a0\u00bb, en partenariat avec Provence Promotion, l\u2019UCCCAB (Union des Chambres de Commerces et Club d&rsquo;Affaires Bilat\u00e9raux), la Ville de Marseille, l\u2019Office du Tourisme et des Congr\u00e8s de Marseille et l\u2019Office du Tourisme indien \u00e0 Paris.<\/p>\n<p><em>\u00ab\u00a0Mieux appr\u00e9hender le march\u00e9 indien et ses sp\u00e9cificit\u00e9s, \u00e9valuer les opportunit\u00e9s commerciales d\u2019investissements ou de coop\u00e9ration, rep\u00e9rer les secteurs cl\u00e9s\u2026autrement dit, intensifier les relations France \u2013 Inde, tels sont les objectifs de ces Business Days\u00a0qui ont mis \u00e0 l\u2019honneur l\u2019Andra Pradesh, Etat de l\u2019Est de l\u2019Inde. Les relations entre la France et l\u2019Inde doivent s\u2019intensifier, que ce soit aux niveaux \u00e9conomiques, touristiques et universitaires d\u2019autant que l\u2019\u00e9conomie indienne est en pleine croissance\u00a0et les secteurs qui y sont en pointe sont le tourisme, le cin\u00e9ma, l\u2019agro-alimentaire, la sant\u00e9 et les technologies innovantes \u00bb<\/em>, estiment les organisatrices Mesdames Lemarchand et Moncada qui ont r\u00e9uni pour l\u2019occasion dans la cit\u00e9 phoc\u00e9enne entreprises, experts et d\u00e9cideurs indiens et fran\u00e7ais autour de diverses conf\u00e9rences, ateliers et visites.<\/p>\n<p><img loading=\"lazy\" decoding=\"async\" class=\"alignnone size-full wp-image-931\" src=\"https:\/\/legisport.com\/wp-content\/uploads\/2018\/12\/photo1.jpg\" alt=\"\" width=\"1024\" height=\"576\" srcset=\"https:\/\/legisport.com\/wp-content\/uploads\/2018\/12\/photo1.jpg 1024w, https:\/\/legisport.com\/wp-content\/uploads\/2018\/12\/photo1-300x169.jpg 300w, https:\/\/legisport.com\/wp-content\/uploads\/2018\/12\/photo1-768x432.jpg 768w\" sizes=\"auto, (max-width: 1024px) 100vw, 1024px\" \/><\/p>\n<p>A noter, parmi les intervenants, Olivier Van de Winkel, pr\u00e9sident de l\u2019UCCAB, Laurent Collin, Membre de la Mission Ouverture au Monde \u00e0 la CCI Marseille Provence ou encore Udyen Jain, Founder de\u00a0Udyen Jain Associates, un cabinet de d\u00e9veloppement international de Pune (Inde), ayant fait le voyage sp\u00e9cialement pour l&rsquo;occasion.<\/p>\n<p>Effectivement, promouvoir les relations France \u2013 Inde d\u2019autant qu\u2019\u00e0 la lecture de la presse, l\u2019\u00e9conomie de l\u2019Inde est en plein boom. Armelle Bohineust, journaliste titre le 10 Juillet 2018 un article sur\u00a0 le site internet du Figaro\u00a0: <em>\u00ab\u00a0l\u2019Inde devient la 6<sup>\u00e8me<\/sup> \u00e9conomie mondiale\u00a0\u00bb<\/em> et Nick Parsons, directeur de la recherche et de la strat\u00e9gie chez ThomasLloyd publie une opinion sur le site internet des Echos le 11 Septembre 2018\u00a0: <em>\u00ab\u00a0Pourquoi l\u2019Inde est-elle le nouvel imp\u00e9ratif des investisseurs europ\u00e9ens\u00a0?\u00a0\u00bb<\/em>.<\/p>\n<p>Et le sport dans tout cela\u00a0? Si le cricket (l\u2019Inde a remport\u00e9 la Coupe du monde de cricket) et le golf sont fort populaires en Inde, qui n\u2019a pas entendu parler de l\u2019Indian Super League qui a attir\u00e9 des joueurs \u00e9trangers de renom, dont le Champion du monde fran\u00e7ais Robert Pir\u00e8s. Sur le sport,\u00a0il est\u00a0int\u00e9ressant de se\u00a0reporter \u00e0 l&rsquo;\u00e9tude\u00a0<em>\u00ab\u00a0Acteurs, pratiques et territoires du sport en Inde, entre traditions sportives et adaptation aux pratiques mondialis\u00e9es\u00a0\u00bb<\/em> r\u00e9dig\u00e9e par Guillaume Bay et\u00a0Marie-Christine\u00a0Doceul publi\u00e9e sur le site geoconfluences.ens-lyon.fr qui \u00e9voque notamment le cricket, le hockey sur gazon, le polo&#8230;<\/p>\n","protected":false},"excerpt":{"rendered":"<p>A Marseille, les 6 et 7 D\u00e9cembre 2018, le Business Club France Inde, dirig\u00e9 par Mesdames Mich\u00e8le Lemarchand et V\u00e9ronique Moncada, et l\u2019Ambassade de l\u2019Inde \u00e0 Paris, ont organis\u00e9\u00a0 la 3\u00e8me \u00e9dition des \u00ab\u00a0FRANCE-INDIA BUSINESS DAYS 2018\u00a0\u00bb, en partenariat avec Provence Promotion, l\u2019UCCCAB (Union des Chambres de Commerces et Club d&rsquo;Affaires Bilat\u00e9raux), la Ville de [&hellip;]<\/p>\n","protected":false},"author":1,"featured_media":0,"comment_status":"closed","ping_status":"open","sticky":false,"template":"","format":"standard","meta":{"footnotes":""},"categories":[1],"tags":[],"class_list":["post-927","post","type-post","status-publish","format-standard","hentry","category-uncategorized","basic-color-border"],"yoast_head":"<!-- This site is optimized with the Yoast SEO plugin v17.4 - https:\/\/yoast.com\/wordpress\/plugins\/seo\/ -->\n<meta name=\"robots\" content=\"index, follow, max-snippet:-1, max-image-preview:large, max-video-preview:-1\" \/>\n<link rel=\"canonical\" href=\"https:\/\/legisport.com\/index.php\/2018\/12\/12\/troisieme-edition-des-france-india-business-days-a-marseille\/\" \/>\n<meta property=\"og:locale\" content=\"fr_FR\" \/>\n<meta property=\"og:type\" content=\"article\" \/>\n<meta property=\"og:title\" content=\"Troisi\u00e8me \u00e9dition des France-India Business Days \u00e0 Marseille - legisport\" \/>\n<meta property=\"og:description\" content=\"A Marseille, les 6 et 7 D\u00e9cembre 2018, le Business Club France Inde, dirig\u00e9 par Mesdames Mich\u00e8le Lemarchand et V\u00e9ronique Moncada, et l\u2019Ambassade de l\u2019Inde \u00e0 Paris, ont organis\u00e9\u00a0 la 3\u00e8me \u00e9dition des \u00ab\u00a0FRANCE-INDIA BUSINESS DAYS 2018\u00a0\u00bb, en partenariat avec Provence Promotion, l\u2019UCCCAB (Union des Chambres de Commerces et Club d&rsquo;Affaires Bilat\u00e9raux), la Ville de [&hellip;]\" \/>\n<meta property=\"og:url\" content=\"https:\/\/legisport.com\/index.php\/2018\/12\/12\/troisieme-edition-des-france-india-business-days-a-marseille\/\" \/>\n<meta property=\"og:site_name\" content=\"legisport\" \/>\n<meta property=\"article:published_time\" content=\"2018-12-12T17:08:29+00:00\" \/>\n<meta property=\"article:modified_time\" content=\"2018-12-13T09:14:07+00:00\" \/>\n<meta property=\"og:image\" content=\"http:\/\/legisport.com\/wp-content\/uploads\/2018\/12\/photo1.jpg\" \/>\n<meta name=\"twitter:card\" content=\"summary_large_image\" \/>\n<meta name=\"twitter:label1\" content=\"\u00c9crit par\" \/>\n\t<meta name=\"twitter:data1\" content=\"admin8312\" \/>\n\t<meta name=\"twitter:label2\" content=\"Dur\u00e9e de lecture est.\" \/>\n\t<meta name=\"twitter:data2\" content=\"2 minutes\" \/>\n<script type=\"application\/ld+json\" class=\"yoast-schema-graph\">{\"@context\":\"https:\/\/schema.org\",\"@graph\":[{\"@type\":\"WebSite\",\"@id\":\"https:\/\/legisport.com\/#website\",\"url\":\"https:\/\/legisport.com\/\",\"name\":\"legisport\",\"description\":\"1991 : fondation de LEGISPORT. 1996 : lancement du bulletin d&#039;informations juridiques sportives LEGISPORT. Tout sur le droit du sport.\",\"potentialAction\":[{\"@type\":\"SearchAction\",\"target\":{\"@type\":\"EntryPoint\",\"urlTemplate\":\"https:\/\/legisport.com\/?s={search_term_string}\"},\"query-input\":\"required name=search_term_string\"}],\"inLanguage\":\"fr-FR\"},{\"@type\":\"ImageObject\",\"@id\":\"https:\/\/legisport.com\/index.php\/2018\/12\/12\/troisieme-edition-des-france-india-business-days-a-marseille\/#primaryimage\",\"inLanguage\":\"fr-FR\",\"url\":\"http:\/\/legisport.com\/wp-content\/uploads\/2018\/12\/photo1.jpg\",\"contentUrl\":\"http:\/\/legisport.com\/wp-content\/uploads\/2018\/12\/photo1.jpg\"},{\"@type\":\"WebPage\",\"@id\":\"https:\/\/legisport.com\/index.php\/2018\/12\/12\/troisieme-edition-des-france-india-business-days-a-marseille\/#webpage\",\"url\":\"https:\/\/legisport.com\/index.php\/2018\/12\/12\/troisieme-edition-des-france-india-business-days-a-marseille\/\",\"name\":\"Troisi\\u00e8me \\u00e9dition des France-India Business Days \\u00e0 Marseille - legisport\",\"isPartOf\":{\"@id\":\"https:\/\/legisport.com\/#website\"},\"primaryImageOfPage\":{\"@id\":\"https:\/\/legisport.com\/index.php\/2018\/12\/12\/troisieme-edition-des-france-india-business-days-a-marseille\/#primaryimage\"},\"datePublished\":\"2018-12-12T17:08:29+00:00\",\"dateModified\":\"2018-12-13T09:14:07+00:00\",\"author\":{\"@id\":\"https:\/\/legisport.com\/#\/schema\/person\/abccfb880c12073a27d7cb433cf39cf2\"},\"breadcrumb\":{\"@id\":\"https:\/\/legisport.com\/index.php\/2018\/12\/12\/troisieme-edition-des-france-india-business-days-a-marseille\/#breadcrumb\"},\"inLanguage\":\"fr-FR\",\"potentialAction\":[{\"@type\":\"ReadAction\",\"target\":[\"https:\/\/legisport.com\/index.php\/2018\/12\/12\/troisieme-edition-des-france-india-business-days-a-marseille\/\"]}]},{\"@type\":\"BreadcrumbList\",\"@id\":\"https:\/\/legisport.com\/index.php\/2018\/12\/12\/troisieme-edition-des-france-india-business-days-a-marseille\/#breadcrumb\",\"itemListElement\":[{\"@type\":\"ListItem\",\"position\":1,\"name\":\"Accueil\",\"item\":\"https:\/\/legisport.com\/\"},{\"@type\":\"ListItem\",\"position\":2,\"name\":\"Troisi\\u00e8me \\u00e9dition des France-India Business Days \\u00e0 Marseille\"}]},{\"@type\":\"Person\",\"@id\":\"https:\/\/legisport.com\/#\/schema\/person\/abccfb880c12073a27d7cb433cf39cf2\",\"name\":\"admin8312\",\"image\":{\"@type\":\"ImageObject\",\"@id\":\"https:\/\/legisport.com\/#personlogo\",\"inLanguage\":\"fr-FR\",\"url\":\"https:\/\/secure.gravatar.com\/avatar\/1e990537051617f93586bce114145ae0ff87fb7f69693d7eea4b09eb39a38ee0?s=96&d=mm&r=g\",\"contentUrl\":\"https:\/\/secure.gravatar.com\/avatar\/1e990537051617f93586bce114145ae0ff87fb7f69693d7eea4b09eb39a38ee0?s=96&d=mm&r=g\",\"caption\":\"admin8312\"},\"url\":\"https:\/\/legisport.com\/index.php\/author\/admin8312\/\"}]}<\/script>\n<!-- \/ Yoast SEO plugin. -->","yoast_head_json":{"robots":{"index":"index","follow":"follow","max-snippet":"max-snippet:-1","max-image-preview":"max-image-preview:large","max-video-preview":"max-video-preview:-1"},"canonical":"https:\/\/legisport.com\/index.php\/2018\/12\/12\/troisieme-edition-des-france-india-business-days-a-marseille\/","og_locale":"fr_FR","og_type":"article","og_title":"Troisi\u00e8me \u00e9dition des France-India Business Days \u00e0 Marseille - legisport","og_description":"A Marseille, les 6 et 7 D\u00e9cembre 2018, le Business Club France Inde, dirig\u00e9 par Mesdames Mich\u00e8le Lemarchand et V\u00e9ronique Moncada, et l\u2019Ambassade de l\u2019Inde \u00e0 Paris, ont organis\u00e9\u00a0 la 3\u00e8me \u00e9dition des \u00ab\u00a0FRANCE-INDIA BUSINESS DAYS 2018\u00a0\u00bb, en partenariat avec Provence Promotion, l\u2019UCCCAB (Union des Chambres de Commerces et Club d&rsquo;Affaires Bilat\u00e9raux), la Ville de [&hellip;]","og_url":"https:\/\/legisport.com\/index.php\/2018\/12\/12\/troisieme-edition-des-france-india-business-days-a-marseille\/","og_site_name":"legisport","article_published_time":"2018-12-12T17:08:29+00:00","article_modified_time":"2018-12-13T09:14:07+00:00","og_image":[{"url":"http:\/\/legisport.com\/wp-content\/uploads\/2018\/12\/photo1.jpg"}],"twitter_card":"summary_large_image","twitter_misc":{"\u00c9crit par":"admin8312","Dur\u00e9e de lecture est.":"2 minutes"},"schema":{"@context":"https:\/\/schema.org","@graph":[{"@type":"WebSite","@id":"https:\/\/legisport.com\/#website","url":"https:\/\/legisport.com\/","name":"legisport","description":"1991 : fondation de LEGISPORT. 1996 : lancement du bulletin d&#039;informations juridiques sportives LEGISPORT. Tout sur le droit du sport.","potentialAction":[{"@type":"SearchAction","target":{"@type":"EntryPoint","urlTemplate":"https:\/\/legisport.com\/?s={search_term_string}"},"query-input":"required name=search_term_string"}],"inLanguage":"fr-FR"},{"@type":"ImageObject","@id":"https:\/\/legisport.com\/index.php\/2018\/12\/12\/troisieme-edition-des-france-india-business-days-a-marseille\/#primaryimage","inLanguage":"fr-FR","url":"http:\/\/legisport.com\/wp-content\/uploads\/2018\/12\/photo1.jpg","contentUrl":"http:\/\/legisport.com\/wp-content\/uploads\/2018\/12\/photo1.jpg"},{"@type":"WebPage","@id":"https:\/\/legisport.com\/index.php\/2018\/12\/12\/troisieme-edition-des-france-india-business-days-a-marseille\/#webpage","url":"https:\/\/legisport.com\/index.php\/2018\/12\/12\/troisieme-edition-des-france-india-business-days-a-marseille\/","name":"Troisi\u00e8me \u00e9dition des France-India Business Days \u00e0 Marseille - legisport","isPartOf":{"@id":"https:\/\/legisport.com\/#website"},"primaryImageOfPage":{"@id":"https:\/\/legisport.com\/index.php\/2018\/12\/12\/troisieme-edition-des-france-india-business-days-a-marseille\/#primaryimage"},"datePublished":"2018-12-12T17:08:29+00:00","dateModified":"2018-12-13T09:14:07+00:00","author":{"@id":"https:\/\/legisport.com\/#\/schema\/person\/abccfb880c12073a27d7cb433cf39cf2"},"breadcrumb":{"@id":"https:\/\/legisport.com\/index.php\/2018\/12\/12\/troisieme-edition-des-france-india-business-days-a-marseille\/#breadcrumb"},"inLanguage":"fr-FR","potentialAction":[{"@type":"ReadAction","target":["https:\/\/legisport.com\/index.php\/2018\/12\/12\/troisieme-edition-des-france-india-business-days-a-marseille\/"]}]},{"@type":"BreadcrumbList","@id":"https:\/\/legisport.com\/index.php\/2018\/12\/12\/troisieme-edition-des-france-india-business-days-a-marseille\/#breadcrumb","itemListElement":[{"@type":"ListItem","position":1,"name":"Accueil","item":"https:\/\/legisport.com\/"},{"@type":"ListItem","position":2,"name":"Troisi\u00e8me \u00e9dition des France-India Business Days \u00e0 Marseille"}]},{"@type":"Person","@id":"https:\/\/legisport.com\/#\/schema\/person\/abccfb880c12073a27d7cb433cf39cf2","name":"admin8312","image":{"@type":"ImageObject","@id":"https:\/\/legisport.com\/#personlogo","inLanguage":"fr-FR","url":"https:\/\/secure.gravatar.com\/avatar\/1e990537051617f93586bce114145ae0ff87fb7f69693d7eea4b09eb39a38ee0?s=96&d=mm&r=g","contentUrl":"https:\/\/secure.gravatar.com\/avatar\/1e990537051617f93586bce114145ae0ff87fb7f69693d7eea4b09eb39a38ee0?s=96&d=mm&r=g","caption":"admin8312"},"url":"https:\/\/legisport.com\/index.php\/author\/admin8312\/"}]}},"_links":{"self":[{"href":"https:\/\/legisport.com\/index.php\/wp-json\/wp\/v2\/posts\/927","targetHints":{"allow":["GET"]}}],"collection":[{"href":"https:\/\/legisport.com\/index.php\/wp-json\/wp\/v2\/posts"}],"about":[{"href":"https:\/\/legisport.com\/index.php\/wp-json\/wp\/v2\/types\/post"}],"author":[{"embeddable":true,"href":"https:\/\/legisport.com\/index.php\/wp-json\/wp\/v2\/users\/1"}],"replies":[{"embeddable":true,"href":"https:\/\/legisport.com\/index.php\/wp-json\/wp\/v2\/comments?post=927"}],"version-history":[{"count":2,"href":"https:\/\/legisport.com\/index.php\/wp-json\/wp\/v2\/posts\/927\/revisions"}],"predecessor-version":[{"id":933,"href":"https:\/\/legisport.com\/index.php\/wp-json\/wp\/v2\/posts\/927\/revisions\/933"}],"wp:attachment":[{"href":"https:\/\/legisport.com\/index.php\/wp-json\/wp\/v2\/media?parent=927"}],"wp:term":[{"taxonomy":"category","embeddable":true,"href":"https:\/\/legisport.com\/index.php\/wp-json\/wp\/v2\/categories?post=927"},{"taxonomy":"post_tag","embeddable":true,"href":"https:\/\/legisport.com\/index.php\/wp-json\/wp\/v2\/tags?post=927"}],"curies":[{"name":"wp","href":"https:\/\/api.w.org\/{rel}","templated":true}]}}