{"id":766,"date":"2018-06-10T13:07:29","date_gmt":"2018-06-10T13:07:29","guid":{"rendered":"http:\/\/legisport.com\/?p=766"},"modified":"2018-06-10T13:14:18","modified_gmt":"2018-06-10T13:14:18","slug":"joueurs-mineurs-il-y-a-neuf-ans-eclatait-laffaire-senah-mango-dans-le-football-francais","status":"publish","type":"post","link":"https:\/\/legisport.com\/index.php\/2018\/06\/10\/joueurs-mineurs-il-y-a-neuf-ans-eclatait-laffaire-senah-mango-dans-le-football-francais\/","title":{"rendered":"Joueurs mineurs : il y a neuf ans, \u00e9clatait l&rsquo;affaire S\u00e9nah Mango dans le football fran\u00e7ais"},"content":{"rendered":"<p>Lecteurs et lectrices de L\u00e9gisport, avez-vous entendu parler de l&rsquo;affaire S\u00e9nah Mango ?<\/p>\n<p>Retour sur cet imbroglio qui a concern\u00e9 le jeune footballeur togolais qui a \u00e9t\u00e9 fort m\u00e9diatis\u00e9 en Juin 2009 avec la lecture d&rsquo;un grand article publi\u00e9 au par le quotidien <em>\u00ab\u00a0La Provence\u00a0\u00bb : \u00ab\u00a0S\u00e9nah Mango pris au pi\u00e8ge\u00a0\u00bb<\/em> (\u00e9dition du 25 Juin 2009).<\/p>\n<p><a href=\"https:\/\/legisport.com\/wp-content\/uploads\/2018\/06\/LaProvence25062009.pdf\">Cliquez Ici pour en savoir plus<\/a><\/p>\n","protected":false},"excerpt":{"rendered":"<p>Lecteurs et lectrices de L\u00e9gisport, avez-vous entendu parler de l&rsquo;affaire S\u00e9nah Mango ? Retour sur cet imbroglio qui a concern\u00e9 le jeune footballeur togolais qui a \u00e9t\u00e9 fort m\u00e9diatis\u00e9 en Juin 2009 avec la lecture d&rsquo;un grand article publi\u00e9 au par le quotidien \u00ab\u00a0La Provence\u00a0\u00bb : \u00ab\u00a0S\u00e9nah Mango pris au pi\u00e8ge\u00a0\u00bb (\u00e9dition du 25 Juin [&hellip;]<\/p>\n","protected":false},"author":1,"featured_media":0,"comment_status":"closed","ping_status":"open","sticky":false,"template":"","format":"standard","meta":{"footnotes":""},"categories":[1],"tags":[],"class_list":["post-766","post","type-post","status-publish","format-standard","hentry","category-uncategorized","basic-color-border"],"yoast_head":"<!-- This site is optimized with the Yoast SEO plugin v17.4 - https:\/\/yoast.com\/wordpress\/plugins\/seo\/ -->\n<meta name=\"robots\" content=\"index, follow, max-snippet:-1, max-image-preview:large, max-video-preview:-1\" \/>\n<link rel=\"canonical\" href=\"https:\/\/legisport.com\/index.php\/2018\/06\/10\/joueurs-mineurs-il-y-a-neuf-ans-eclatait-laffaire-senah-mango-dans-le-football-francais\/\" \/>\n<meta property=\"og:locale\" content=\"fr_FR\" \/>\n<meta property=\"og:type\" content=\"article\" \/>\n<meta property=\"og:title\" content=\"Joueurs mineurs : il y a neuf ans, \u00e9clatait l&#039;affaire S\u00e9nah Mango dans le football fran\u00e7ais - legisport\" \/>\n<meta property=\"og:description\" content=\"Lecteurs et lectrices de L\u00e9gisport, avez-vous entendu parler de l&rsquo;affaire S\u00e9nah Mango ? Retour sur cet imbroglio qui a concern\u00e9 le jeune footballeur togolais qui a \u00e9t\u00e9 fort m\u00e9diatis\u00e9 en Juin 2009 avec la lecture d&rsquo;un grand article publi\u00e9 au par le quotidien \u00ab\u00a0La Provence\u00a0\u00bb : \u00ab\u00a0S\u00e9nah Mango pris au pi\u00e8ge\u00a0\u00bb (\u00e9dition du 25 Juin [&hellip;]\" \/>\n<meta property=\"og:url\" content=\"https:\/\/legisport.com\/index.php\/2018\/06\/10\/joueurs-mineurs-il-y-a-neuf-ans-eclatait-laffaire-senah-mango-dans-le-football-francais\/\" \/>\n<meta property=\"og:site_name\" content=\"legisport\" \/>\n<meta property=\"article:published_time\" content=\"2018-06-10T13:07:29+00:00\" \/>\n<meta property=\"article:modified_time\" content=\"2018-06-10T13:14:18+00:00\" \/>\n<meta name=\"twitter:card\" content=\"summary_large_image\" \/>\n<meta name=\"twitter:label1\" content=\"\u00c9crit par\" \/>\n\t<meta name=\"twitter:data1\" content=\"admin8312\" \/>\n<script type=\"application\/ld+json\" class=\"yoast-schema-graph\">{\"@context\":\"https:\/\/schema.org\",\"@graph\":[{\"@type\":\"WebSite\",\"@id\":\"https:\/\/legisport.com\/#website\",\"url\":\"https:\/\/legisport.com\/\",\"name\":\"legisport\",\"description\":\"1991 : fondation de LEGISPORT. 1996 : lancement du bulletin d&#039;informations juridiques sportives LEGISPORT. Tout sur le droit du sport.\",\"potentialAction\":[{\"@type\":\"SearchAction\",\"target\":{\"@type\":\"EntryPoint\",\"urlTemplate\":\"https:\/\/legisport.com\/?s={search_term_string}\"},\"query-input\":\"required name=search_term_string\"}],\"inLanguage\":\"fr-FR\"},{\"@type\":\"WebPage\",\"@id\":\"https:\/\/legisport.com\/index.php\/2018\/06\/10\/joueurs-mineurs-il-y-a-neuf-ans-eclatait-laffaire-senah-mango-dans-le-football-francais\/#webpage\",\"url\":\"https:\/\/legisport.com\/index.php\/2018\/06\/10\/joueurs-mineurs-il-y-a-neuf-ans-eclatait-laffaire-senah-mango-dans-le-football-francais\/\",\"name\":\"Joueurs mineurs : il y a neuf ans, \\u00e9clatait l'affaire S\\u00e9nah Mango dans le football fran\\u00e7ais - legisport\",\"isPartOf\":{\"@id\":\"https:\/\/legisport.com\/#website\"},\"datePublished\":\"2018-06-10T13:07:29+00:00\",\"dateModified\":\"2018-06-10T13:14:18+00:00\",\"author\":{\"@id\":\"https:\/\/legisport.com\/#\/schema\/person\/abccfb880c12073a27d7cb433cf39cf2\"},\"breadcrumb\":{\"@id\":\"https:\/\/legisport.com\/index.php\/2018\/06\/10\/joueurs-mineurs-il-y-a-neuf-ans-eclatait-laffaire-senah-mango-dans-le-football-francais\/#breadcrumb\"},\"inLanguage\":\"fr-FR\",\"potentialAction\":[{\"@type\":\"ReadAction\",\"target\":[\"https:\/\/legisport.com\/index.php\/2018\/06\/10\/joueurs-mineurs-il-y-a-neuf-ans-eclatait-laffaire-senah-mango-dans-le-football-francais\/\"]}]},{\"@type\":\"BreadcrumbList\",\"@id\":\"https:\/\/legisport.com\/index.php\/2018\/06\/10\/joueurs-mineurs-il-y-a-neuf-ans-eclatait-laffaire-senah-mango-dans-le-football-francais\/#breadcrumb\",\"itemListElement\":[{\"@type\":\"ListItem\",\"position\":1,\"name\":\"Accueil\",\"item\":\"https:\/\/legisport.com\/\"},{\"@type\":\"ListItem\",\"position\":2,\"name\":\"Joueurs mineurs : il y a neuf ans, \\u00e9clatait l&rsquo;affaire S\\u00e9nah Mango dans le football fran\\u00e7ais\"}]},{\"@type\":\"Person\",\"@id\":\"https:\/\/legisport.com\/#\/schema\/person\/abccfb880c12073a27d7cb433cf39cf2\",\"name\":\"admin8312\",\"image\":{\"@type\":\"ImageObject\",\"@id\":\"https:\/\/legisport.com\/#personlogo\",\"inLanguage\":\"fr-FR\",\"url\":\"https:\/\/secure.gravatar.com\/avatar\/1e990537051617f93586bce114145ae0ff87fb7f69693d7eea4b09eb39a38ee0?s=96&d=mm&r=g\",\"contentUrl\":\"https:\/\/secure.gravatar.com\/avatar\/1e990537051617f93586bce114145ae0ff87fb7f69693d7eea4b09eb39a38ee0?s=96&d=mm&r=g\",\"caption\":\"admin8312\"},\"url\":\"https:\/\/legisport.com\/index.php\/author\/admin8312\/\"}]}<\/script>\n<!-- \/ Yoast SEO plugin. -->","yoast_head_json":{"robots":{"index":"index","follow":"follow","max-snippet":"max-snippet:-1","max-image-preview":"max-image-preview:large","max-video-preview":"max-video-preview:-1"},"canonical":"https:\/\/legisport.com\/index.php\/2018\/06\/10\/joueurs-mineurs-il-y-a-neuf-ans-eclatait-laffaire-senah-mango-dans-le-football-francais\/","og_locale":"fr_FR","og_type":"article","og_title":"Joueurs mineurs : il y a neuf ans, \u00e9clatait l'affaire S\u00e9nah Mango dans le football fran\u00e7ais - legisport","og_description":"Lecteurs et lectrices de L\u00e9gisport, avez-vous entendu parler de l&rsquo;affaire S\u00e9nah Mango ? Retour sur cet imbroglio qui a concern\u00e9 le jeune footballeur togolais qui a \u00e9t\u00e9 fort m\u00e9diatis\u00e9 en Juin 2009 avec la lecture d&rsquo;un grand article publi\u00e9 au par le quotidien \u00ab\u00a0La Provence\u00a0\u00bb : \u00ab\u00a0S\u00e9nah Mango pris au pi\u00e8ge\u00a0\u00bb (\u00e9dition du 25 Juin [&hellip;]","og_url":"https:\/\/legisport.com\/index.php\/2018\/06\/10\/joueurs-mineurs-il-y-a-neuf-ans-eclatait-laffaire-senah-mango-dans-le-football-francais\/","og_site_name":"legisport","article_published_time":"2018-06-10T13:07:29+00:00","article_modified_time":"2018-06-10T13:14:18+00:00","twitter_card":"summary_large_image","twitter_misc":{"\u00c9crit par":"admin8312"},"schema":{"@context":"https:\/\/schema.org","@graph":[{"@type":"WebSite","@id":"https:\/\/legisport.com\/#website","url":"https:\/\/legisport.com\/","name":"legisport","description":"1991 : fondation de LEGISPORT. 1996 : lancement du bulletin d&#039;informations juridiques sportives LEGISPORT. Tout sur le droit du sport.","potentialAction":[{"@type":"SearchAction","target":{"@type":"EntryPoint","urlTemplate":"https:\/\/legisport.com\/?s={search_term_string}"},"query-input":"required name=search_term_string"}],"inLanguage":"fr-FR"},{"@type":"WebPage","@id":"https:\/\/legisport.com\/index.php\/2018\/06\/10\/joueurs-mineurs-il-y-a-neuf-ans-eclatait-laffaire-senah-mango-dans-le-football-francais\/#webpage","url":"https:\/\/legisport.com\/index.php\/2018\/06\/10\/joueurs-mineurs-il-y-a-neuf-ans-eclatait-laffaire-senah-mango-dans-le-football-francais\/","name":"Joueurs mineurs : il y a neuf ans, \u00e9clatait l'affaire S\u00e9nah Mango dans le football fran\u00e7ais - legisport","isPartOf":{"@id":"https:\/\/legisport.com\/#website"},"datePublished":"2018-06-10T13:07:29+00:00","dateModified":"2018-06-10T13:14:18+00:00","author":{"@id":"https:\/\/legisport.com\/#\/schema\/person\/abccfb880c12073a27d7cb433cf39cf2"},"breadcrumb":{"@id":"https:\/\/legisport.com\/index.php\/2018\/06\/10\/joueurs-mineurs-il-y-a-neuf-ans-eclatait-laffaire-senah-mango-dans-le-football-francais\/#breadcrumb"},"inLanguage":"fr-FR","potentialAction":[{"@type":"ReadAction","target":["https:\/\/legisport.com\/index.php\/2018\/06\/10\/joueurs-mineurs-il-y-a-neuf-ans-eclatait-laffaire-senah-mango-dans-le-football-francais\/"]}]},{"@type":"BreadcrumbList","@id":"https:\/\/legisport.com\/index.php\/2018\/06\/10\/joueurs-mineurs-il-y-a-neuf-ans-eclatait-laffaire-senah-mango-dans-le-football-francais\/#breadcrumb","itemListElement":[{"@type":"ListItem","position":1,"name":"Accueil","item":"https:\/\/legisport.com\/"},{"@type":"ListItem","position":2,"name":"Joueurs mineurs : il y a neuf ans, \u00e9clatait l&rsquo;affaire S\u00e9nah Mango dans le football fran\u00e7ais"}]},{"@type":"Person","@id":"https:\/\/legisport.com\/#\/schema\/person\/abccfb880c12073a27d7cb433cf39cf2","name":"admin8312","image":{"@type":"ImageObject","@id":"https:\/\/legisport.com\/#personlogo","inLanguage":"fr-FR","url":"https:\/\/secure.gravatar.com\/avatar\/1e990537051617f93586bce114145ae0ff87fb7f69693d7eea4b09eb39a38ee0?s=96&d=mm&r=g","contentUrl":"https:\/\/secure.gravatar.com\/avatar\/1e990537051617f93586bce114145ae0ff87fb7f69693d7eea4b09eb39a38ee0?s=96&d=mm&r=g","caption":"admin8312"},"url":"https:\/\/legisport.com\/index.php\/author\/admin8312\/"}]}},"_links":{"self":[{"href":"https:\/\/legisport.com\/index.php\/wp-json\/wp\/v2\/posts\/766","targetHints":{"allow":["GET"]}}],"collection":[{"href":"https:\/\/legisport.com\/index.php\/wp-json\/wp\/v2\/posts"}],"about":[{"href":"https:\/\/legisport.com\/index.php\/wp-json\/wp\/v2\/types\/post"}],"author":[{"embeddable":true,"href":"https:\/\/legisport.com\/index.php\/wp-json\/wp\/v2\/users\/1"}],"replies":[{"embeddable":true,"href":"https:\/\/legisport.com\/index.php\/wp-json\/wp\/v2\/comments?post=766"}],"version-history":[{"count":3,"href":"https:\/\/legisport.com\/index.php\/wp-json\/wp\/v2\/posts\/766\/revisions"}],"predecessor-version":[{"id":774,"href":"https:\/\/legisport.com\/index.php\/wp-json\/wp\/v2\/posts\/766\/revisions\/774"}],"wp:attachment":[{"href":"https:\/\/legisport.com\/index.php\/wp-json\/wp\/v2\/media?parent=766"}],"wp:term":[{"taxonomy":"category","embeddable":true,"href":"https:\/\/legisport.com\/index.php\/wp-json\/wp\/v2\/categories?post=766"},{"taxonomy":"post_tag","embeddable":true,"href":"https:\/\/legisport.com\/index.php\/wp-json\/wp\/v2\/tags?post=766"}],"curies":[{"name":"wp","href":"https:\/\/api.w.org\/{rel}","templated":true}]}}