{"id":3934,"date":"2026-04-29T16:21:21","date_gmt":"2026-04-29T14:21:21","guid":{"rendered":"https:\/\/legisport.com\/?p=3934"},"modified":"2026-04-29T16:28:35","modified_gmt":"2026-04-29T14:28:35","slug":"annees-1970-les-debuts-des-echanges-internationaux-des-joueuses","status":"publish","type":"post","link":"https:\/\/legisport.com\/index.php\/2026\/04\/29\/annees-1970-les-debuts-des-echanges-internationaux-des-joueuses\/","title":{"rendered":"\u00ab\u00a0Ann\u00e9es 1970, les d\u00e9buts des \u00e9changes internationaux des joueuses\u00a0\u00bb"},"content":{"rendered":"<div class=\"wp-block-image\">\n<figure class=\"aligncenter size-full\"><img loading=\"lazy\" decoding=\"async\" width=\"917\" height=\"864\" src=\"https:\/\/legisport.com\/wp-content\/uploads\/2026\/04\/MadameAndreeaKoenigPresidenteRCLensfeminin2026.jpg\" alt=\"\" class=\"wp-image-3933\" srcset=\"https:\/\/legisport.com\/wp-content\/uploads\/2026\/04\/MadameAndreeaKoenigPresidenteRCLensfeminin2026.jpg 917w, https:\/\/legisport.com\/wp-content\/uploads\/2026\/04\/MadameAndreeaKoenigPresidenteRCLensfeminin2026-300x283.jpg 300w, https:\/\/legisport.com\/wp-content\/uploads\/2026\/04\/MadameAndreeaKoenigPresidenteRCLensfeminin2026-768x724.jpg 768w\" sizes=\"auto, (max-width: 917px) 100vw, 917px\" \/><figcaption class=\"wp-element-caption\">Madame Andreea Koenig, Vice-Pr\u00e9sidente de la Ligue f\u00e9minine de football professionnel<\/figcaption><\/figure>\n<\/div>\n\n\n<p><strong><em>\u00ab&nbsp;Les ann\u00e9es 1970 marquent les d\u00e9buts des \u00e9changes internationaux des joueuses&nbsp;\u00bb<\/em><\/strong><strong>, nous d\u00e9clare Madame Andreea Koenig, Vice-Pr\u00e9sidente de la Ligue f\u00e9minine de football professionnel (France) et Pr\u00e9sidente du RC Lens f\u00e9minin dans un instructif entretien sur le football f\u00e9minin.<\/strong><\/p>\n\n\n\n<p><strong><u>LEGISPORT<\/u><\/strong><strong>&nbsp;: Vers quelle p\u00e9riode les premi\u00e8res joueuses de football ont-elles commenc\u00e9 \u00e0 s\u2019expatrier&nbsp;? Dans les ann\u00e9es 1970, l\u2019Allemande Monika Staab a jou\u00e9 \u00e0 l\u2019\u00e9tranger, au PSG, \u00e0 Queens Park\u2026. Est-elle une pionni\u00e8re&nbsp;? Ou d&rsquo;autres joueuses avaient pr\u00e9c\u00e9demment franchi les fronti\u00e8res ?<\/strong><\/p>\n\n\n\n<p><strong><u>Madame Andreea Koenig<\/u><\/strong><strong>&nbsp;:<\/strong> Les ann\u00e9es 70 marquent les d\u00e9buts des \u00e9changes internationaux de joueuses, car c\u2019est \u00e0 cette \u00e9poque que le football f\u00e9minin a \u00e9t\u00e9 officialis\u00e9 dans plusieurs pays, dont le n\u00f4tre. Je sais que l\u2019Italie a \u00e9t\u00e9 tr\u00e8s attractive \u00e0 ce moment-l\u00e0, car la FICG avait install\u00e9 un semi-professionnalisme. Ces joueuses du Stade de Reims (qui ont aussi jou\u00e9 en Equipe de France), y sont all\u00e9es : Dominique Dewulf, Nadine Julliard, Nicole Mangas. Aussi, dans la m\u00eame p\u00e9riode, on a eu quelques joueuses fran\u00e7aises qui se sont dirig\u00e9es vers la Belgique, \u00e0 Bruges (Isabelle Musset, Sylvie Pinte). Dans l\u2019autre sens, Ann O\u2019Brian, internationale irlandaise, est venue jouer \u00e0 Reims puis ensuite, elle est partie en Italie.&nbsp;<\/p>\n\n\n\n<p>Ensuite, lorsque le football f\u00e9minin est entr\u00e9 dans les programmes universitaires US, quelques joueuses y sont parties (d\u00e8s les ann\u00e9es 80-90).&nbsp;Mais c\u2019est dans les ann\u00e9es 2000 que se situe la \u00ab&nbsp;bascule&nbsp;\u00bb : des joueuses europ\u00e9ennes sont parties aux US pour jouer dans la NAAC, puis massivement dans la toute nouvelle ligue pro am\u00e9ricaine en 2001&nbsp;: la WUSA. La premi\u00e8re fran\u00e7aise&nbsp;: Marinette Pichon, puis St\u00e9phanie Mugneret-B\u00e9gh\u00e9, puis beaucoup d\u2019autres.<\/p>\n\n\n\n<p><strong><u>LEGISPORT<\/u><\/strong><strong>&nbsp;: Comment expliquez-vous l\u2019augmentation des joueuses \u00e9trang\u00e8res de football dans les diff\u00e9rents Championnats europ\u00e9ens&nbsp;?<\/strong><\/p>\n\n\n\n<p><strong><u>Madame Andreea Koenig<\/u><\/strong><strong>&nbsp;: <\/strong>L\u2019\u00e9largissement de l\u2019Union Europ\u00e9enne et l&rsquo;arr\u00eat Bosman y sont pour beaucoup. La libre circulation de personnes \u00e0 l\u2019int\u00e9rieur de l\u2019Union Europ\u00e9ens s\u2019\u00e9tend aux joueuses aussi! Ensuite, plus le football f\u00e9minin se d\u00e9veloppe ; plus il est m\u00e9diatis\u00e9, diffus\u00e9, plus les capacit\u00e9s de \u201cscouting\u201d s\u2019am\u00e9liorent. il y a de nos jours beaucoup plus de \u201cdata\u00a0\u00bb qui permet un facile recrutement des joueuses \u00e9trang\u00e8res.&nbsp;<\/p>\n\n\n\n<p><strong><u>LEGISPORT<\/u><\/strong><strong>&nbsp;: Des championnats europ\u00e9ens accueillent-ils plus de 50% de joueuses \u00e9trang\u00e8res&nbsp;et quelle est la situation exacte dans le Championnat de France de football f\u00e9minin Arkema Premi\u00e8re Ligue ?<\/strong><\/p>\n\n\n\n<p><strong><u>Madame Andreea Koenig<\/u><\/strong><strong>&nbsp;:<\/strong> Si je me fie a Fbref.com, c&rsquo;est le cas de l\u2019Angleterre, ou 64% des joueuses sont \u00e9trang\u00e8res, et de l\u2019Italie, avec 52% de joueuses \u00e9trang\u00e8res.&nbsp; Pour le Championnat de France de football f\u00e9minin Arkema Premi\u00e8re Ligue, nous sommes \u00e0 42% de joueuses \u00e9trang\u00e8res sur les listes A.&nbsp;<\/p>\n\n\n\n<p><strong><u>LEGISPORT<\/u><\/strong><strong>&nbsp;: Pourquoi les clubs fran\u00e7ais de football ont-ils recours aux joueuses \u00e9trang\u00e8res ?<\/strong><\/p>\n\n\n\n<p><strong><u>Madame Andreea Koenig<\/u><\/strong><strong>&nbsp;: <\/strong>Plus un championnat est attractif, professionnalis\u00e9 et valoris\u00e9, plus il attire du talent. Notre championnat est l\u2019un des meilleurs en Europe, nous avons une \u00e9quipe (OL Lyonnes) qui a gagn\u00e9 8 fois l&rsquo; UEFA Women Champions\u2019 League. La cr\u00e9ation de la LFFP (Ligue f\u00e9minine de football professionnel) a permis une structuration des sections f\u00e9minines des clubs que beaucoup de pays nous envient. Les joueuses veulent jouer dans les meilleures conditions possibles, et en ce moment nous leur offrons cela, surtout par rapport \u00e0 la majorit\u00e9 d\u2019autres championnats europ\u00e9ens. En plus, il y a l\u2019UEFA &nbsp;Women Champions League, o\u00f9 jouent OL Lyonnes, PSG, Paris FC, qui attire beaucoup les joueuses non-europ\u00e9ennes : c\u2019est le troph\u00e9e club le plus prestigieux au monde. D\u2019ailleurs, le pays le plus repr\u00e9sent\u00e9 dans notre championnat ce sont les Etats-Unis, dont plusieurs joueuses nous disent qu\u2019elles viennent en France pour avoir la chance de jouer en UEFA Women\u2019s Champions League.&nbsp;<\/p>\n\n\n\n<p><strong><u>LEGISPORT<\/u><\/strong><strong>&nbsp;: Comment cela se passe t -il dans votre club le RC Lens f\u00e9minin ?<\/strong><\/p>\n\n\n\n<p><strong><u>Madame Andreea Koenig<\/u><\/strong><strong>&nbsp;: <\/strong>A peu pr\u00e8s comme dans l&rsquo;Arkema Premi\u00e8re Ligue&nbsp;: 41% de joueuses \u00e9trang\u00e8res (Alg\u00e9rie, Maroc, S\u00e9n\u00e9gal, B\u00e9nin, Canada, Haiti, USA).&nbsp;<\/p>\n\n\n\n<p><strong><u>LEGISPORT<\/u><\/strong><strong>&nbsp;: L\u2019internationalisation du Championnat f\u00e9minin fran\u00e7ais va-t-elle continuer \u00e0 augmenter ou au contraire stagner&nbsp;?<\/strong><\/p>\n\n\n\n<p><strong><u>Madame Andreea Koenig<\/u><\/strong><strong>&nbsp;: <\/strong>C\u2019est difficile \u00e0 dire. A priori, avec les exigences croissantes quant au nombre de joueuses form\u00e9es localement et joueuses form\u00e9es au club, on devrait \u00e0 minima se stabiliser autour des niveaux actuels. Ensuite, il y a de plus en plus de clubs qui ouvrent des centres de formation, donc le nombre de joueuses fran\u00e7aise devrait continuer \u00e0 augmenter. En m\u00eame temps, nous attirons beaucoup de talents \u00e9trangers compte tenu de l&rsquo;attractivit\u00e9 de notre championnat comme nous venons de l\u2019expliquer. Un \u00e9quilibre naturel sera trouv\u00e9 entre ces deux facteurs.&nbsp;<\/p>\n\n\n\n<p><strong><u>LEGISPORT<\/u><\/strong><strong>&nbsp;: La pr\u00e9sence de joueuses de diff\u00e9rents continents (Am\u00e9rique du Nord et Sud, Oc\u00e9anie, Asie, Europe du Nord et Ouest) dans les clubs europ\u00e9ens est bien connue mais il semble, \u00e0 premi\u00e8re vue, que les joueuses issues de l\u2019Europe de l\u2019Est, du Maghreb ou de l\u2019Afrique soient moins nombreuses. Pourquoi ?<\/strong><\/p>\n\n\n\n<p><strong><u>Madame Andreea Koenig<\/u><\/strong><strong>&nbsp;: <\/strong>Simplement parce que le football f\u00e9minin l\u00e0-bas est moins d\u00e9velopp\u00e9 au niveau des championnats nationaux, et ensuite car vu la faible m\u00e9diatisation, il n\u2019y a pas beaucoup de donn\u00e9es pour&nbsp;les cellules de recrutement. Evidemment, certains clubs pourront toujours envoyer des scouts sur place, mais cela n\u2019est pas \u00e0 la port\u00e9e de tout le monde. La plupart des clubs envoient leurs recruteurs au moment des comp\u00e9titions intercontinentales.&nbsp;<\/p>\n\n\n\n<p><strong><u>LEGISPORT<\/u><\/strong><strong>&nbsp;: Apr\u00e8s les joueuses \u00e9trang\u00e8res, le recrutement des entra\u00eeneurs(es) \u00e9trangers(\u00e8res) vient compl\u00e9ter l\u2019internationalisation des clubs et \u00e9galement des s\u00e9lections nationales, comme par exemple la n\u00e9erlandaise Sarina Wiegman, titr\u00e9e avec l\u2019\u00e9quipe nationale d\u2019Angleterre. Ce mouvement est-il n\u00e9cessaire pour le d\u00e9veloppement du football f\u00e9minin&nbsp;?<\/strong><\/p>\n\n\n\n<p><strong><u>Madame Andreea Koenig<\/u><\/strong><strong>&nbsp;: <\/strong>Je ne dirais pas \u201cn\u00e9cessaire\u201d, mais, comme pour les joueuses, il s\u2019agit d&rsquo;un ph\u00e9nom\u00e8ne normal pour toutes les raisons que j\u2019ai cit\u00e9s ci-dessus li\u00e9s \u00e0 l&rsquo;attractivit\u00e9 de notre championnat. Je trouve que la diversit\u00e9 des profils est un atout pour notre championnat&nbsp;: chaque entraineur \u00e9tranger am\u00e8ne une philosophie de jeu qui enrichit notre jeu collectif. On apporte des nouvelles id\u00e9es dont les autres peuvent s\u2019inspirer. Regardez l\u2019impact de Pep Guardiola sur la Premi\u00e8re Ligue anglaise. Mais, en m\u00eame temps, nous devons d\u00e9velopper les fili\u00e8res de formation des entra\u00eeneurs fran\u00e7ais et augmenter le nombre de formations destin\u00e9es au football f\u00e9minin.&nbsp;<\/p>\n\n\n\n<p><strong><u>LEGISPORT<\/u><\/strong><strong>&nbsp;: Derni\u00e8re question qui est plus personnelle, pouvez-vous d\u00e9tailler votre parcours, exemplaire, qui vous a amen\u00e9 \u00e0 la pr\u00e9sidence du RC Lens f\u00e9minin et \u00e0 la vice-pr\u00e9sidence de la Ligue f\u00e9minine de football professionnel ?&nbsp;<\/strong><\/p>\n\n\n\n<p><strong><u>Madame Andreea Koenig<\/u><\/strong><strong>&nbsp;: <\/strong>Avant d&rsquo;arriver dans le football, j\u2019ai travaill\u00e9 pendant 25 ans dans la finance, dans les salles de march\u00e9 de banques Goldman Sachs, JP Morgan, Bank of America, \u00e0 Londres et New York. J\u2019ai toujours aim\u00e9 le football, depuis mon enfance dans la Roumanie communiste, c\u2019est une passion que mon p\u00e8re m\u2019a transmise. \u00c0 50 ans, j\u2019ai eu envie de vivre cette passion au quotidien. J\u2019adore le football f\u00e9minin pour une multitude de raisons: au niveau de la ligue professionnelle, on part d\u2019une page blanche, on a la chance de construire &nbsp;des championnats qui ont leur propre identit\u00e9, qui ne sont pas des copier\/coller du football masculin. Au niveau club, j\u2019ai la chance d\u2019apporter ma petite pierre \u00e0 un \u00e9difice qui a 120 ans d\u2019existence. J\u2019aimerais d\u00e9velopper la section f\u00e9minine, la rendre plus populaire, plus soutenable.&nbsp;<\/p>\n\n\n\n<p><\/p>\n","protected":false},"excerpt":{"rendered":"<p>\u00ab&nbsp;Les ann\u00e9es 1970 marquent les d\u00e9buts des \u00e9changes internationaux des joueuses&nbsp;\u00bb, nous d\u00e9clare Madame Andreea Koenig, Vice-Pr\u00e9sidente de la Ligue f\u00e9minine de football professionnel (France) et Pr\u00e9sidente du RC Lens f\u00e9minin dans un instructif entretien sur le football f\u00e9minin. LEGISPORT&nbsp;: Vers quelle p\u00e9riode les premi\u00e8res joueuses de football ont-elles commenc\u00e9 \u00e0 s\u2019expatrier&nbsp;? Dans les ann\u00e9es [&hellip;]<\/p>\n","protected":false},"author":1,"featured_media":0,"comment_status":"closed","ping_status":"open","sticky":false,"template":"","format":"standard","meta":{"footnotes":""},"categories":[1],"tags":[],"class_list":["post-3934","post","type-post","status-publish","format-standard","hentry","category-uncategorized","basic-color-border"],"yoast_head":"<!-- This site is optimized with the Yoast SEO plugin v17.4 - https:\/\/yoast.com\/wordpress\/plugins\/seo\/ -->\n<meta name=\"robots\" content=\"index, follow, max-snippet:-1, max-image-preview:large, max-video-preview:-1\" \/>\n<link rel=\"canonical\" href=\"https:\/\/legisport.com\/index.php\/2026\/04\/29\/annees-1970-les-debuts-des-echanges-internationaux-des-joueuses\/\" \/>\n<meta property=\"og:locale\" content=\"fr_FR\" \/>\n<meta property=\"og:type\" content=\"article\" \/>\n<meta property=\"og:title\" content=\"\u00ab\u00a0Ann\u00e9es 1970, les d\u00e9buts des \u00e9changes internationaux des joueuses\u00a0\u00bb - legisport\" \/>\n<meta property=\"og:description\" content=\"\u00ab&nbsp;Les ann\u00e9es 1970 marquent les d\u00e9buts des \u00e9changes internationaux des joueuses&nbsp;\u00bb, nous d\u00e9clare Madame Andreea Koenig, Vice-Pr\u00e9sidente de la Ligue f\u00e9minine de football professionnel (France) et Pr\u00e9sidente du RC Lens f\u00e9minin dans un instructif entretien sur le football f\u00e9minin. LEGISPORT&nbsp;: Vers quelle p\u00e9riode les premi\u00e8res joueuses de football ont-elles commenc\u00e9 \u00e0 s\u2019expatrier&nbsp;? Dans les ann\u00e9es [&hellip;]\" \/>\n<meta property=\"og:url\" content=\"https:\/\/legisport.com\/index.php\/2026\/04\/29\/annees-1970-les-debuts-des-echanges-internationaux-des-joueuses\/\" \/>\n<meta property=\"og:site_name\" content=\"legisport\" \/>\n<meta property=\"article:published_time\" content=\"2026-04-29T14:21:21+00:00\" \/>\n<meta property=\"article:modified_time\" content=\"2026-04-29T14:28:35+00:00\" \/>\n<meta property=\"og:image\" content=\"https:\/\/legisport.com\/wp-content\/uploads\/2026\/04\/MadameAndreeaKoenigPresidenteRCLensfeminin2026.jpg\" \/>\n<meta name=\"twitter:card\" content=\"summary_large_image\" \/>\n<meta name=\"twitter:label1\" content=\"\u00c9crit par\" \/>\n\t<meta name=\"twitter:data1\" content=\"admin8312\" \/>\n\t<meta name=\"twitter:label2\" content=\"Dur\u00e9e de lecture est.\" \/>\n\t<meta name=\"twitter:data2\" content=\"7 minutes\" \/>\n<script type=\"application\/ld+json\" class=\"yoast-schema-graph\">{\"@context\":\"https:\/\/schema.org\",\"@graph\":[{\"@type\":\"WebSite\",\"@id\":\"https:\/\/legisport.com\/#website\",\"url\":\"https:\/\/legisport.com\/\",\"name\":\"legisport\",\"description\":\"1991 : fondation de LEGISPORT. 1996 : lancement du bulletin d&#039;informations juridiques sportives LEGISPORT. Tout sur le droit du sport.\",\"potentialAction\":[{\"@type\":\"SearchAction\",\"target\":{\"@type\":\"EntryPoint\",\"urlTemplate\":\"https:\/\/legisport.com\/?s={search_term_string}\"},\"query-input\":\"required name=search_term_string\"}],\"inLanguage\":\"fr-FR\"},{\"@type\":\"ImageObject\",\"@id\":\"https:\/\/legisport.com\/index.php\/2026\/04\/29\/annees-1970-les-debuts-des-echanges-internationaux-des-joueuses\/#primaryimage\",\"inLanguage\":\"fr-FR\",\"url\":\"https:\/\/legisport.com\/wp-content\/uploads\/2026\/04\/MadameAndreeaKoenigPresidenteRCLensfeminin2026.jpg\",\"contentUrl\":\"https:\/\/legisport.com\/wp-content\/uploads\/2026\/04\/MadameAndreeaKoenigPresidenteRCLensfeminin2026.jpg\",\"width\":917,\"height\":864},{\"@type\":\"WebPage\",\"@id\":\"https:\/\/legisport.com\/index.php\/2026\/04\/29\/annees-1970-les-debuts-des-echanges-internationaux-des-joueuses\/#webpage\",\"url\":\"https:\/\/legisport.com\/index.php\/2026\/04\/29\/annees-1970-les-debuts-des-echanges-internationaux-des-joueuses\/\",\"name\":\"\\u00ab\\u00a0Ann\\u00e9es 1970, les d\\u00e9buts des \\u00e9changes internationaux des joueuses\\u00a0\\u00bb - legisport\",\"isPartOf\":{\"@id\":\"https:\/\/legisport.com\/#website\"},\"primaryImageOfPage\":{\"@id\":\"https:\/\/legisport.com\/index.php\/2026\/04\/29\/annees-1970-les-debuts-des-echanges-internationaux-des-joueuses\/#primaryimage\"},\"datePublished\":\"2026-04-29T14:21:21+00:00\",\"dateModified\":\"2026-04-29T14:28:35+00:00\",\"author\":{\"@id\":\"https:\/\/legisport.com\/#\/schema\/person\/abccfb880c12073a27d7cb433cf39cf2\"},\"breadcrumb\":{\"@id\":\"https:\/\/legisport.com\/index.php\/2026\/04\/29\/annees-1970-les-debuts-des-echanges-internationaux-des-joueuses\/#breadcrumb\"},\"inLanguage\":\"fr-FR\",\"potentialAction\":[{\"@type\":\"ReadAction\",\"target\":[\"https:\/\/legisport.com\/index.php\/2026\/04\/29\/annees-1970-les-debuts-des-echanges-internationaux-des-joueuses\/\"]}]},{\"@type\":\"BreadcrumbList\",\"@id\":\"https:\/\/legisport.com\/index.php\/2026\/04\/29\/annees-1970-les-debuts-des-echanges-internationaux-des-joueuses\/#breadcrumb\",\"itemListElement\":[{\"@type\":\"ListItem\",\"position\":1,\"name\":\"Accueil\",\"item\":\"https:\/\/legisport.com\/\"},{\"@type\":\"ListItem\",\"position\":2,\"name\":\"\\u00ab\\u00a0Ann\\u00e9es 1970, les d\\u00e9buts des \\u00e9changes internationaux des joueuses\\u00a0\\u00bb\"}]},{\"@type\":\"Person\",\"@id\":\"https:\/\/legisport.com\/#\/schema\/person\/abccfb880c12073a27d7cb433cf39cf2\",\"name\":\"admin8312\",\"image\":{\"@type\":\"ImageObject\",\"@id\":\"https:\/\/legisport.com\/#personlogo\",\"inLanguage\":\"fr-FR\",\"url\":\"https:\/\/secure.gravatar.com\/avatar\/1e990537051617f93586bce114145ae0ff87fb7f69693d7eea4b09eb39a38ee0?s=96&d=mm&r=g\",\"contentUrl\":\"https:\/\/secure.gravatar.com\/avatar\/1e990537051617f93586bce114145ae0ff87fb7f69693d7eea4b09eb39a38ee0?s=96&d=mm&r=g\",\"caption\":\"admin8312\"},\"url\":\"https:\/\/legisport.com\/index.php\/author\/admin8312\/\"}]}<\/script>\n<!-- \/ Yoast SEO plugin. -->","yoast_head_json":{"robots":{"index":"index","follow":"follow","max-snippet":"max-snippet:-1","max-image-preview":"max-image-preview:large","max-video-preview":"max-video-preview:-1"},"canonical":"https:\/\/legisport.com\/index.php\/2026\/04\/29\/annees-1970-les-debuts-des-echanges-internationaux-des-joueuses\/","og_locale":"fr_FR","og_type":"article","og_title":"\u00ab\u00a0Ann\u00e9es 1970, les d\u00e9buts des \u00e9changes internationaux des joueuses\u00a0\u00bb - legisport","og_description":"\u00ab&nbsp;Les ann\u00e9es 1970 marquent les d\u00e9buts des \u00e9changes internationaux des joueuses&nbsp;\u00bb, nous d\u00e9clare Madame Andreea Koenig, Vice-Pr\u00e9sidente de la Ligue f\u00e9minine de football professionnel (France) et Pr\u00e9sidente du RC Lens f\u00e9minin dans un instructif entretien sur le football f\u00e9minin. LEGISPORT&nbsp;: Vers quelle p\u00e9riode les premi\u00e8res joueuses de football ont-elles commenc\u00e9 \u00e0 s\u2019expatrier&nbsp;? Dans les ann\u00e9es [&hellip;]","og_url":"https:\/\/legisport.com\/index.php\/2026\/04\/29\/annees-1970-les-debuts-des-echanges-internationaux-des-joueuses\/","og_site_name":"legisport","article_published_time":"2026-04-29T14:21:21+00:00","article_modified_time":"2026-04-29T14:28:35+00:00","og_image":[{"url":"https:\/\/legisport.com\/wp-content\/uploads\/2026\/04\/MadameAndreeaKoenigPresidenteRCLensfeminin2026.jpg"}],"twitter_card":"summary_large_image","twitter_misc":{"\u00c9crit par":"admin8312","Dur\u00e9e de lecture est.":"7 minutes"},"schema":{"@context":"https:\/\/schema.org","@graph":[{"@type":"WebSite","@id":"https:\/\/legisport.com\/#website","url":"https:\/\/legisport.com\/","name":"legisport","description":"1991 : fondation de LEGISPORT. 1996 : lancement du bulletin d&#039;informations juridiques sportives LEGISPORT. Tout sur le droit du sport.","potentialAction":[{"@type":"SearchAction","target":{"@type":"EntryPoint","urlTemplate":"https:\/\/legisport.com\/?s={search_term_string}"},"query-input":"required name=search_term_string"}],"inLanguage":"fr-FR"},{"@type":"ImageObject","@id":"https:\/\/legisport.com\/index.php\/2026\/04\/29\/annees-1970-les-debuts-des-echanges-internationaux-des-joueuses\/#primaryimage","inLanguage":"fr-FR","url":"https:\/\/legisport.com\/wp-content\/uploads\/2026\/04\/MadameAndreeaKoenigPresidenteRCLensfeminin2026.jpg","contentUrl":"https:\/\/legisport.com\/wp-content\/uploads\/2026\/04\/MadameAndreeaKoenigPresidenteRCLensfeminin2026.jpg","width":917,"height":864},{"@type":"WebPage","@id":"https:\/\/legisport.com\/index.php\/2026\/04\/29\/annees-1970-les-debuts-des-echanges-internationaux-des-joueuses\/#webpage","url":"https:\/\/legisport.com\/index.php\/2026\/04\/29\/annees-1970-les-debuts-des-echanges-internationaux-des-joueuses\/","name":"\u00ab\u00a0Ann\u00e9es 1970, les d\u00e9buts des \u00e9changes internationaux des joueuses\u00a0\u00bb - legisport","isPartOf":{"@id":"https:\/\/legisport.com\/#website"},"primaryImageOfPage":{"@id":"https:\/\/legisport.com\/index.php\/2026\/04\/29\/annees-1970-les-debuts-des-echanges-internationaux-des-joueuses\/#primaryimage"},"datePublished":"2026-04-29T14:21:21+00:00","dateModified":"2026-04-29T14:28:35+00:00","author":{"@id":"https:\/\/legisport.com\/#\/schema\/person\/abccfb880c12073a27d7cb433cf39cf2"},"breadcrumb":{"@id":"https:\/\/legisport.com\/index.php\/2026\/04\/29\/annees-1970-les-debuts-des-echanges-internationaux-des-joueuses\/#breadcrumb"},"inLanguage":"fr-FR","potentialAction":[{"@type":"ReadAction","target":["https:\/\/legisport.com\/index.php\/2026\/04\/29\/annees-1970-les-debuts-des-echanges-internationaux-des-joueuses\/"]}]},{"@type":"BreadcrumbList","@id":"https:\/\/legisport.com\/index.php\/2026\/04\/29\/annees-1970-les-debuts-des-echanges-internationaux-des-joueuses\/#breadcrumb","itemListElement":[{"@type":"ListItem","position":1,"name":"Accueil","item":"https:\/\/legisport.com\/"},{"@type":"ListItem","position":2,"name":"\u00ab\u00a0Ann\u00e9es 1970, les d\u00e9buts des \u00e9changes internationaux des joueuses\u00a0\u00bb"}]},{"@type":"Person","@id":"https:\/\/legisport.com\/#\/schema\/person\/abccfb880c12073a27d7cb433cf39cf2","name":"admin8312","image":{"@type":"ImageObject","@id":"https:\/\/legisport.com\/#personlogo","inLanguage":"fr-FR","url":"https:\/\/secure.gravatar.com\/avatar\/1e990537051617f93586bce114145ae0ff87fb7f69693d7eea4b09eb39a38ee0?s=96&d=mm&r=g","contentUrl":"https:\/\/secure.gravatar.com\/avatar\/1e990537051617f93586bce114145ae0ff87fb7f69693d7eea4b09eb39a38ee0?s=96&d=mm&r=g","caption":"admin8312"},"url":"https:\/\/legisport.com\/index.php\/author\/admin8312\/"}]}},"_links":{"self":[{"href":"https:\/\/legisport.com\/index.php\/wp-json\/wp\/v2\/posts\/3934","targetHints":{"allow":["GET"]}}],"collection":[{"href":"https:\/\/legisport.com\/index.php\/wp-json\/wp\/v2\/posts"}],"about":[{"href":"https:\/\/legisport.com\/index.php\/wp-json\/wp\/v2\/types\/post"}],"author":[{"embeddable":true,"href":"https:\/\/legisport.com\/index.php\/wp-json\/wp\/v2\/users\/1"}],"replies":[{"embeddable":true,"href":"https:\/\/legisport.com\/index.php\/wp-json\/wp\/v2\/comments?post=3934"}],"version-history":[{"count":1,"href":"https:\/\/legisport.com\/index.php\/wp-json\/wp\/v2\/posts\/3934\/revisions"}],"predecessor-version":[{"id":3935,"href":"https:\/\/legisport.com\/index.php\/wp-json\/wp\/v2\/posts\/3934\/revisions\/3935"}],"wp:attachment":[{"href":"https:\/\/legisport.com\/index.php\/wp-json\/wp\/v2\/media?parent=3934"}],"wp:term":[{"taxonomy":"category","embeddable":true,"href":"https:\/\/legisport.com\/index.php\/wp-json\/wp\/v2\/categories?post=3934"},{"taxonomy":"post_tag","embeddable":true,"href":"https:\/\/legisport.com\/index.php\/wp-json\/wp\/v2\/tags?post=3934"}],"curies":[{"name":"wp","href":"https:\/\/api.w.org\/{rel}","templated":true}]}}