{"id":3878,"date":"2026-03-10T10:43:27","date_gmt":"2026-03-10T09:43:27","guid":{"rendered":"https:\/\/legisport.com\/?p=3878"},"modified":"2026-03-10T10:44:03","modified_gmt":"2026-03-10T09:44:03","slug":"derniere-minute-info-presse-legisport","status":"publish","type":"post","link":"https:\/\/legisport.com\/index.php\/2026\/03\/10\/derniere-minute-info-presse-legisport\/","title":{"rendered":"Derni\u00e8re minute &#8211; Info presse Legisport"},"content":{"rendered":"\n<figure class=\"wp-block-gallery has-nested-images columns-default is-cropped wp-block-gallery-1 is-layout-flex wp-block-gallery-is-layout-flex\">\n<figure class=\"wp-block-image size-large\"><img loading=\"lazy\" decoding=\"async\" width=\"1024\" height=\"768\" data-id=\"3877\" src=\"https:\/\/legisport.com\/wp-content\/uploads\/2026\/03\/MichelPautotLesenjeuxgeopolitiquesdelaCoupedumondedefootball2026.jpg\" alt=\"\" class=\"wp-image-3877\" srcset=\"https:\/\/legisport.com\/wp-content\/uploads\/2026\/03\/MichelPautotLesenjeuxgeopolitiquesdelaCoupedumondedefootball2026.jpg 1024w, https:\/\/legisport.com\/wp-content\/uploads\/2026\/03\/MichelPautotLesenjeuxgeopolitiquesdelaCoupedumondedefootball2026-300x225.jpg 300w, https:\/\/legisport.com\/wp-content\/uploads\/2026\/03\/MichelPautotLesenjeuxgeopolitiquesdelaCoupedumondedefootball2026-768x576.jpg 768w\" sizes=\"auto, (max-width: 1024px) 100vw, 1024px\" \/><figcaption class=\"wp-element-caption\"><strong><em>Me Michel Pautot (LEGISPORT)<\/em><\/strong><\/figcaption><\/figure>\n<\/figure>\n\n\n\n<p>Derni\u00e8re minute, Info presse LEGISPORT, Me Michel Pautot, \u00e0 Paris le 8 mars 2026, sur \u00ab\u00a0Les enjeux de la g\u00e9opolitique dans la Coupe du monde de football : l&rsquo;Iran va t-il participer au Mondial aux USA ?\u00a0\u00bb.<\/p>\n\n\n\n<p><strong>Contact : legisport@wanadoo.fr<\/strong><\/p>\n","protected":false},"excerpt":{"rendered":"<p>Derni\u00e8re minute, Info presse LEGISPORT, Me Michel Pautot, \u00e0 Paris le 8 mars 2026, sur \u00ab\u00a0Les enjeux de la g\u00e9opolitique dans la Coupe du monde de football : l&rsquo;Iran va t-il participer au Mondial aux USA ?\u00a0\u00bb. Contact : legisport@wanadoo.fr<\/p>\n","protected":false},"author":1,"featured_media":0,"comment_status":"closed","ping_status":"open","sticky":false,"template":"","format":"standard","meta":{"footnotes":""},"categories":[1],"tags":[],"class_list":["post-3878","post","type-post","status-publish","format-standard","hentry","category-uncategorized","basic-color-border"],"yoast_head":"<!-- This site is optimized with the Yoast SEO plugin v17.4 - https:\/\/yoast.com\/wordpress\/plugins\/seo\/ -->\n<meta name=\"robots\" content=\"index, follow, max-snippet:-1, max-image-preview:large, max-video-preview:-1\" \/>\n<link rel=\"canonical\" href=\"https:\/\/legisport.com\/index.php\/2026\/03\/10\/derniere-minute-info-presse-legisport\/\" \/>\n<meta property=\"og:locale\" content=\"fr_FR\" \/>\n<meta property=\"og:type\" content=\"article\" \/>\n<meta property=\"og:title\" content=\"Derni\u00e8re minute - Info presse Legisport - legisport\" \/>\n<meta property=\"og:description\" content=\"Derni\u00e8re minute, Info presse LEGISPORT, Me Michel Pautot, \u00e0 Paris le 8 mars 2026, sur \u00ab\u00a0Les enjeux de la g\u00e9opolitique dans la Coupe du monde de football : l&rsquo;Iran va t-il participer au Mondial aux USA ?\u00a0\u00bb. Contact : legisport@wanadoo.fr\" \/>\n<meta property=\"og:url\" content=\"https:\/\/legisport.com\/index.php\/2026\/03\/10\/derniere-minute-info-presse-legisport\/\" \/>\n<meta property=\"og:site_name\" content=\"legisport\" \/>\n<meta property=\"article:published_time\" content=\"2026-03-10T09:43:27+00:00\" \/>\n<meta property=\"article:modified_time\" content=\"2026-03-10T09:44:03+00:00\" \/>\n<meta property=\"og:image\" content=\"https:\/\/legisport.com\/wp-content\/uploads\/2026\/03\/MichelPautotLesenjeuxgeopolitiquesdelaCoupedumondedefootball2026.jpg\" \/>\n<meta name=\"twitter:card\" content=\"summary_large_image\" \/>\n<meta name=\"twitter:label1\" content=\"\u00c9crit par\" \/>\n\t<meta name=\"twitter:data1\" content=\"admin8312\" \/>\n<script type=\"application\/ld+json\" class=\"yoast-schema-graph\">{\"@context\":\"https:\/\/schema.org\",\"@graph\":[{\"@type\":\"WebSite\",\"@id\":\"https:\/\/legisport.com\/#website\",\"url\":\"https:\/\/legisport.com\/\",\"name\":\"legisport\",\"description\":\"1991 : fondation de LEGISPORT. 1996 : lancement du bulletin d&#039;informations juridiques sportives LEGISPORT. Tout sur le droit du sport.\",\"potentialAction\":[{\"@type\":\"SearchAction\",\"target\":{\"@type\":\"EntryPoint\",\"urlTemplate\":\"https:\/\/legisport.com\/?s={search_term_string}\"},\"query-input\":\"required name=search_term_string\"}],\"inLanguage\":\"fr-FR\"},{\"@type\":\"ImageObject\",\"@id\":\"https:\/\/legisport.com\/index.php\/2026\/03\/10\/derniere-minute-info-presse-legisport\/#primaryimage\",\"inLanguage\":\"fr-FR\",\"url\":\"https:\/\/legisport.com\/wp-content\/uploads\/2026\/03\/MichelPautotLesenjeuxgeopolitiquesdelaCoupedumondedefootball2026.jpg\",\"contentUrl\":\"https:\/\/legisport.com\/wp-content\/uploads\/2026\/03\/MichelPautotLesenjeuxgeopolitiquesdelaCoupedumondedefootball2026.jpg\",\"width\":1024,\"height\":768},{\"@type\":\"WebPage\",\"@id\":\"https:\/\/legisport.com\/index.php\/2026\/03\/10\/derniere-minute-info-presse-legisport\/#webpage\",\"url\":\"https:\/\/legisport.com\/index.php\/2026\/03\/10\/derniere-minute-info-presse-legisport\/\",\"name\":\"Derni\\u00e8re minute - Info presse Legisport - legisport\",\"isPartOf\":{\"@id\":\"https:\/\/legisport.com\/#website\"},\"primaryImageOfPage\":{\"@id\":\"https:\/\/legisport.com\/index.php\/2026\/03\/10\/derniere-minute-info-presse-legisport\/#primaryimage\"},\"datePublished\":\"2026-03-10T09:43:27+00:00\",\"dateModified\":\"2026-03-10T09:44:03+00:00\",\"author\":{\"@id\":\"https:\/\/legisport.com\/#\/schema\/person\/abccfb880c12073a27d7cb433cf39cf2\"},\"breadcrumb\":{\"@id\":\"https:\/\/legisport.com\/index.php\/2026\/03\/10\/derniere-minute-info-presse-legisport\/#breadcrumb\"},\"inLanguage\":\"fr-FR\",\"potentialAction\":[{\"@type\":\"ReadAction\",\"target\":[\"https:\/\/legisport.com\/index.php\/2026\/03\/10\/derniere-minute-info-presse-legisport\/\"]}]},{\"@type\":\"BreadcrumbList\",\"@id\":\"https:\/\/legisport.com\/index.php\/2026\/03\/10\/derniere-minute-info-presse-legisport\/#breadcrumb\",\"itemListElement\":[{\"@type\":\"ListItem\",\"position\":1,\"name\":\"Accueil\",\"item\":\"https:\/\/legisport.com\/\"},{\"@type\":\"ListItem\",\"position\":2,\"name\":\"Derni\\u00e8re minute &#8211; Info presse Legisport\"}]},{\"@type\":\"Person\",\"@id\":\"https:\/\/legisport.com\/#\/schema\/person\/abccfb880c12073a27d7cb433cf39cf2\",\"name\":\"admin8312\",\"image\":{\"@type\":\"ImageObject\",\"@id\":\"https:\/\/legisport.com\/#personlogo\",\"inLanguage\":\"fr-FR\",\"url\":\"https:\/\/secure.gravatar.com\/avatar\/1e990537051617f93586bce114145ae0ff87fb7f69693d7eea4b09eb39a38ee0?s=96&d=mm&r=g\",\"contentUrl\":\"https:\/\/secure.gravatar.com\/avatar\/1e990537051617f93586bce114145ae0ff87fb7f69693d7eea4b09eb39a38ee0?s=96&d=mm&r=g\",\"caption\":\"admin8312\"},\"url\":\"https:\/\/legisport.com\/index.php\/author\/admin8312\/\"}]}<\/script>\n<!-- \/ Yoast SEO plugin. -->","yoast_head_json":{"robots":{"index":"index","follow":"follow","max-snippet":"max-snippet:-1","max-image-preview":"max-image-preview:large","max-video-preview":"max-video-preview:-1"},"canonical":"https:\/\/legisport.com\/index.php\/2026\/03\/10\/derniere-minute-info-presse-legisport\/","og_locale":"fr_FR","og_type":"article","og_title":"Derni\u00e8re minute - Info presse Legisport - legisport","og_description":"Derni\u00e8re minute, Info presse LEGISPORT, Me Michel Pautot, \u00e0 Paris le 8 mars 2026, sur \u00ab\u00a0Les enjeux de la g\u00e9opolitique dans la Coupe du monde de football : l&rsquo;Iran va t-il participer au Mondial aux USA ?\u00a0\u00bb. Contact : legisport@wanadoo.fr","og_url":"https:\/\/legisport.com\/index.php\/2026\/03\/10\/derniere-minute-info-presse-legisport\/","og_site_name":"legisport","article_published_time":"2026-03-10T09:43:27+00:00","article_modified_time":"2026-03-10T09:44:03+00:00","og_image":[{"url":"https:\/\/legisport.com\/wp-content\/uploads\/2026\/03\/MichelPautotLesenjeuxgeopolitiquesdelaCoupedumondedefootball2026.jpg"}],"twitter_card":"summary_large_image","twitter_misc":{"\u00c9crit par":"admin8312"},"schema":{"@context":"https:\/\/schema.org","@graph":[{"@type":"WebSite","@id":"https:\/\/legisport.com\/#website","url":"https:\/\/legisport.com\/","name":"legisport","description":"1991 : fondation de LEGISPORT. 1996 : lancement du bulletin d&#039;informations juridiques sportives LEGISPORT. Tout sur le droit du sport.","potentialAction":[{"@type":"SearchAction","target":{"@type":"EntryPoint","urlTemplate":"https:\/\/legisport.com\/?s={search_term_string}"},"query-input":"required name=search_term_string"}],"inLanguage":"fr-FR"},{"@type":"ImageObject","@id":"https:\/\/legisport.com\/index.php\/2026\/03\/10\/derniere-minute-info-presse-legisport\/#primaryimage","inLanguage":"fr-FR","url":"https:\/\/legisport.com\/wp-content\/uploads\/2026\/03\/MichelPautotLesenjeuxgeopolitiquesdelaCoupedumondedefootball2026.jpg","contentUrl":"https:\/\/legisport.com\/wp-content\/uploads\/2026\/03\/MichelPautotLesenjeuxgeopolitiquesdelaCoupedumondedefootball2026.jpg","width":1024,"height":768},{"@type":"WebPage","@id":"https:\/\/legisport.com\/index.php\/2026\/03\/10\/derniere-minute-info-presse-legisport\/#webpage","url":"https:\/\/legisport.com\/index.php\/2026\/03\/10\/derniere-minute-info-presse-legisport\/","name":"Derni\u00e8re minute - Info presse Legisport - legisport","isPartOf":{"@id":"https:\/\/legisport.com\/#website"},"primaryImageOfPage":{"@id":"https:\/\/legisport.com\/index.php\/2026\/03\/10\/derniere-minute-info-presse-legisport\/#primaryimage"},"datePublished":"2026-03-10T09:43:27+00:00","dateModified":"2026-03-10T09:44:03+00:00","author":{"@id":"https:\/\/legisport.com\/#\/schema\/person\/abccfb880c12073a27d7cb433cf39cf2"},"breadcrumb":{"@id":"https:\/\/legisport.com\/index.php\/2026\/03\/10\/derniere-minute-info-presse-legisport\/#breadcrumb"},"inLanguage":"fr-FR","potentialAction":[{"@type":"ReadAction","target":["https:\/\/legisport.com\/index.php\/2026\/03\/10\/derniere-minute-info-presse-legisport\/"]}]},{"@type":"BreadcrumbList","@id":"https:\/\/legisport.com\/index.php\/2026\/03\/10\/derniere-minute-info-presse-legisport\/#breadcrumb","itemListElement":[{"@type":"ListItem","position":1,"name":"Accueil","item":"https:\/\/legisport.com\/"},{"@type":"ListItem","position":2,"name":"Derni\u00e8re minute &#8211; Info presse Legisport"}]},{"@type":"Person","@id":"https:\/\/legisport.com\/#\/schema\/person\/abccfb880c12073a27d7cb433cf39cf2","name":"admin8312","image":{"@type":"ImageObject","@id":"https:\/\/legisport.com\/#personlogo","inLanguage":"fr-FR","url":"https:\/\/secure.gravatar.com\/avatar\/1e990537051617f93586bce114145ae0ff87fb7f69693d7eea4b09eb39a38ee0?s=96&d=mm&r=g","contentUrl":"https:\/\/secure.gravatar.com\/avatar\/1e990537051617f93586bce114145ae0ff87fb7f69693d7eea4b09eb39a38ee0?s=96&d=mm&r=g","caption":"admin8312"},"url":"https:\/\/legisport.com\/index.php\/author\/admin8312\/"}]}},"_links":{"self":[{"href":"https:\/\/legisport.com\/index.php\/wp-json\/wp\/v2\/posts\/3878","targetHints":{"allow":["GET"]}}],"collection":[{"href":"https:\/\/legisport.com\/index.php\/wp-json\/wp\/v2\/posts"}],"about":[{"href":"https:\/\/legisport.com\/index.php\/wp-json\/wp\/v2\/types\/post"}],"author":[{"embeddable":true,"href":"https:\/\/legisport.com\/index.php\/wp-json\/wp\/v2\/users\/1"}],"replies":[{"embeddable":true,"href":"https:\/\/legisport.com\/index.php\/wp-json\/wp\/v2\/comments?post=3878"}],"version-history":[{"count":1,"href":"https:\/\/legisport.com\/index.php\/wp-json\/wp\/v2\/posts\/3878\/revisions"}],"predecessor-version":[{"id":3879,"href":"https:\/\/legisport.com\/index.php\/wp-json\/wp\/v2\/posts\/3878\/revisions\/3879"}],"wp:attachment":[{"href":"https:\/\/legisport.com\/index.php\/wp-json\/wp\/v2\/media?parent=3878"}],"wp:term":[{"taxonomy":"category","embeddable":true,"href":"https:\/\/legisport.com\/index.php\/wp-json\/wp\/v2\/categories?post=3878"},{"taxonomy":"post_tag","embeddable":true,"href":"https:\/\/legisport.com\/index.php\/wp-json\/wp\/v2\/tags?post=3878"}],"curies":[{"name":"wp","href":"https:\/\/api.w.org\/{rel}","templated":true}]}}