{"id":3711,"date":"2025-11-28T15:46:27","date_gmt":"2025-11-28T14:46:27","guid":{"rendered":"https:\/\/legisport.com\/?p=3711"},"modified":"2025-11-28T15:49:55","modified_gmt":"2025-11-28T14:49:55","slug":"le-sport-ne-peut-pas-etre-relegue-en-deuxieme-division","status":"publish","type":"post","link":"https:\/\/legisport.com\/index.php\/2025\/11\/28\/le-sport-ne-peut-pas-etre-relegue-en-deuxieme-division\/","title":{"rendered":"Le sport ne peut pas \u00eatre rel\u00e9gu\u00e9 en deuxi\u00e8me division !"},"content":{"rendered":"<div class=\"wp-block-image\">\n<figure class=\"aligncenter size-large\"><img loading=\"lazy\" decoding=\"async\" width=\"1024\" height=\"730\" src=\"https:\/\/legisport.com\/wp-content\/uploads\/2025\/11\/droitdusport19novembre2025conferencesportetcommunesMeMichelPautotetJoelBroquet-1024x730.jpg\" alt=\"\" class=\"wp-image-3713\" srcset=\"https:\/\/legisport.com\/wp-content\/uploads\/2025\/11\/droitdusport19novembre2025conferencesportetcommunesMeMichelPautotetJoelBroquet-1024x730.jpg 1024w, https:\/\/legisport.com\/wp-content\/uploads\/2025\/11\/droitdusport19novembre2025conferencesportetcommunesMeMichelPautotetJoelBroquet-300x214.jpg 300w, https:\/\/legisport.com\/wp-content\/uploads\/2025\/11\/droitdusport19novembre2025conferencesportetcommunesMeMichelPautotetJoelBroquet-768x547.jpg 768w, https:\/\/legisport.com\/wp-content\/uploads\/2025\/11\/droitdusport19novembre2025conferencesportetcommunesMeMichelPautotetJoelBroquet.jpg 1065w\" sizes=\"auto, (max-width: 1024px) 100vw, 1024px\" \/><figcaption class=\"wp-element-caption\"><strong><em>A Paris le 19 novembre 2025, lors de la conf\u00e9rence \u00ab\u00a0sport et communes\u00a0\u00bb, Me Michel Pautot (LEGISPORT) et Monsieur Jo\u00ebl Broquet (CARREFOUR DES ACTEURS SOCIAUX)<\/em><\/strong><\/figcaption><\/figure>\n<\/div>\n\n\n<p><em>\u00ab\u00a0Le sport ne peut pas \u00eatre rel\u00e9gu\u00e9 en deuxi\u00e8me division, il doit \u00eatre au centre des d\u00e9bats des \u00e9lections municipales\u00a0\u00bb<\/em>, ont d\u00e9clar\u00e9 Monsieur Jo\u00ebl Broquet, Pr\u00e9sident du think thank CARREFOUR DES ACTEURS SOCIAUX, ancien \u00e9lu du XI\u00e8me arrondissement de Paris, fondateur du Centre de formation des \u00e9lus locaux&nbsp; et Me Michel Pautot, avocat au barreau de Marseille et r\u00e9dacteur en chef de LEGISPORT dans une conf\u00e9rence le 19 novembre 2025 \u00e0 Paris sur \u00ab\u00a0Sport et communes\u00a0\u00bb.<\/p>\n\n\n\n<p><em>\u00ab\u00a0Le sport&nbsp;est \u00e0 l&rsquo;\u00e9vidence un vecteur important de rapprochement, de communion, de sant\u00e9 et de d\u00e9veloppement. Il serait irresponsable de ne pas se positionner sur le sport, ses pratiques, son d\u00e9veloppement et ses \u00e9quipements alors m\u00eame&nbsp;que les Jeux olympiques et paralympiques 2024 ont cr\u00e9\u00e9 dans les territoires un formidable \u00e9lan en faveur de la pratique sportive, sans cesse croissante, mais ce n&rsquo;est pas la premi\u00e8re fois que le sport est oubli\u00e9\u00a0\u00bb<\/em>.<\/p>\n\n\n\n<p>Pour Jo\u00ebl Broquet, Pr\u00e9sident du CARREFOUR DES ACTEURS SOCIAUX,&nbsp;<em>\u00ab\u00a0le sport est un levier de coh\u00e9sion et de rassemblement, \u00e9tant \u00e0 la crois\u00e9e des probl\u00e9matiques de sant\u00e9 publique, de pacification sociale, d&rsquo;\u00e9ducation civique et de citoyennet\u00e9. Ne pas parler du sport, c&rsquo;est mettre de c\u00f4t\u00e9 les questions de financement du sport local, la r\u00e9novation des \u00e9quipements sportifs, le sport sant\u00e9&#8230;\u00a0\u00bb<\/em>.&nbsp;&nbsp;<\/p>\n\n\n\n<p><em>\u00ab\u00a0Le sport doit \u00eatre prioritaire dans la politique et l&rsquo;action des communes et \u00e9galement des autres collectivit\u00e9s territoriales. L&rsquo;action des communes en faveur du sport peut avoir des r\u00e9percussions bien au-del\u00e0 des stades ou des gymnases, ne l&rsquo;oublions pas\u00a0\u00bb<\/em>, a insist\u00e9 Me Michel Pautot, r\u00e9dacteur en chef de LEGISPORT.<\/p>\n\n\n\n<p><em>\u00ab\u00a0Sport et communes sont indissociablement li\u00e9s, les \u00e9lections municipales ne peuvent pas \u00eatre muettes sur le sport\u00a0\u00bb<\/em>, ont conclu Jo\u00ebl Broquet et Michel Pautot.<\/p>\n","protected":false},"excerpt":{"rendered":"<p>\u00ab\u00a0Le sport ne peut pas \u00eatre rel\u00e9gu\u00e9 en deuxi\u00e8me division, il doit \u00eatre au centre des d\u00e9bats des \u00e9lections municipales\u00a0\u00bb, ont d\u00e9clar\u00e9 Monsieur Jo\u00ebl Broquet, Pr\u00e9sident du think thank CARREFOUR DES ACTEURS SOCIAUX, ancien \u00e9lu du XI\u00e8me arrondissement de Paris, fondateur du Centre de formation des \u00e9lus locaux&nbsp; et Me Michel Pautot, avocat au barreau [&hellip;]<\/p>\n","protected":false},"author":1,"featured_media":0,"comment_status":"closed","ping_status":"open","sticky":false,"template":"","format":"standard","meta":{"footnotes":""},"categories":[1],"tags":[],"class_list":["post-3711","post","type-post","status-publish","format-standard","hentry","category-uncategorized","basic-color-border"],"yoast_head":"<!-- This site is optimized with the Yoast SEO plugin v17.4 - https:\/\/yoast.com\/wordpress\/plugins\/seo\/ -->\n<meta name=\"robots\" content=\"index, follow, max-snippet:-1, max-image-preview:large, max-video-preview:-1\" \/>\n<link rel=\"canonical\" href=\"https:\/\/legisport.com\/index.php\/2025\/11\/28\/le-sport-ne-peut-pas-etre-relegue-en-deuxieme-division\/\" \/>\n<meta property=\"og:locale\" content=\"fr_FR\" \/>\n<meta property=\"og:type\" content=\"article\" \/>\n<meta property=\"og:title\" content=\"Le sport ne peut pas \u00eatre rel\u00e9gu\u00e9 en deuxi\u00e8me division ! - legisport\" \/>\n<meta property=\"og:description\" content=\"\u00ab\u00a0Le sport ne peut pas \u00eatre rel\u00e9gu\u00e9 en deuxi\u00e8me division, il doit \u00eatre au centre des d\u00e9bats des \u00e9lections municipales\u00a0\u00bb, ont d\u00e9clar\u00e9 Monsieur Jo\u00ebl Broquet, Pr\u00e9sident du think thank CARREFOUR DES ACTEURS SOCIAUX, ancien \u00e9lu du XI\u00e8me arrondissement de Paris, fondateur du Centre de formation des \u00e9lus locaux&nbsp; et Me Michel Pautot, avocat au barreau [&hellip;]\" \/>\n<meta property=\"og:url\" content=\"https:\/\/legisport.com\/index.php\/2025\/11\/28\/le-sport-ne-peut-pas-etre-relegue-en-deuxieme-division\/\" \/>\n<meta property=\"og:site_name\" content=\"legisport\" \/>\n<meta property=\"article:published_time\" content=\"2025-11-28T14:46:27+00:00\" \/>\n<meta property=\"article:modified_time\" content=\"2025-11-28T14:49:55+00:00\" \/>\n<meta property=\"og:image\" content=\"https:\/\/legisport.com\/wp-content\/uploads\/2025\/11\/droitdusport19novembre2025conferencesportetcommunesMeMichelPautotetJoelBroquet-1024x730.jpg\" \/>\n<meta name=\"twitter:card\" content=\"summary_large_image\" \/>\n<meta name=\"twitter:label1\" content=\"\u00c9crit par\" \/>\n\t<meta name=\"twitter:data1\" content=\"admin8312\" \/>\n\t<meta name=\"twitter:label2\" content=\"Dur\u00e9e de lecture est.\" \/>\n\t<meta name=\"twitter:data2\" content=\"2 minutes\" \/>\n<script type=\"application\/ld+json\" class=\"yoast-schema-graph\">{\"@context\":\"https:\/\/schema.org\",\"@graph\":[{\"@type\":\"WebSite\",\"@id\":\"https:\/\/legisport.com\/#website\",\"url\":\"https:\/\/legisport.com\/\",\"name\":\"legisport\",\"description\":\"1991 : fondation de LEGISPORT. 1996 : lancement du bulletin d&#039;informations juridiques sportives LEGISPORT. Tout sur le droit du sport.\",\"potentialAction\":[{\"@type\":\"SearchAction\",\"target\":{\"@type\":\"EntryPoint\",\"urlTemplate\":\"https:\/\/legisport.com\/?s={search_term_string}\"},\"query-input\":\"required name=search_term_string\"}],\"inLanguage\":\"fr-FR\"},{\"@type\":\"ImageObject\",\"@id\":\"https:\/\/legisport.com\/index.php\/2025\/11\/28\/le-sport-ne-peut-pas-etre-relegue-en-deuxieme-division\/#primaryimage\",\"inLanguage\":\"fr-FR\",\"url\":\"https:\/\/legisport.com\/wp-content\/uploads\/2025\/11\/droitdusport19novembre2025conferencesportetcommunesMeMichelPautotetJoelBroquet.jpg\",\"contentUrl\":\"https:\/\/legisport.com\/wp-content\/uploads\/2025\/11\/droitdusport19novembre2025conferencesportetcommunesMeMichelPautotetJoelBroquet.jpg\",\"width\":1065,\"height\":759},{\"@type\":\"WebPage\",\"@id\":\"https:\/\/legisport.com\/index.php\/2025\/11\/28\/le-sport-ne-peut-pas-etre-relegue-en-deuxieme-division\/#webpage\",\"url\":\"https:\/\/legisport.com\/index.php\/2025\/11\/28\/le-sport-ne-peut-pas-etre-relegue-en-deuxieme-division\/\",\"name\":\"Le sport ne peut pas \\u00eatre rel\\u00e9gu\\u00e9 en deuxi\\u00e8me division ! - legisport\",\"isPartOf\":{\"@id\":\"https:\/\/legisport.com\/#website\"},\"primaryImageOfPage\":{\"@id\":\"https:\/\/legisport.com\/index.php\/2025\/11\/28\/le-sport-ne-peut-pas-etre-relegue-en-deuxieme-division\/#primaryimage\"},\"datePublished\":\"2025-11-28T14:46:27+00:00\",\"dateModified\":\"2025-11-28T14:49:55+00:00\",\"author\":{\"@id\":\"https:\/\/legisport.com\/#\/schema\/person\/abccfb880c12073a27d7cb433cf39cf2\"},\"breadcrumb\":{\"@id\":\"https:\/\/legisport.com\/index.php\/2025\/11\/28\/le-sport-ne-peut-pas-etre-relegue-en-deuxieme-division\/#breadcrumb\"},\"inLanguage\":\"fr-FR\",\"potentialAction\":[{\"@type\":\"ReadAction\",\"target\":[\"https:\/\/legisport.com\/index.php\/2025\/11\/28\/le-sport-ne-peut-pas-etre-relegue-en-deuxieme-division\/\"]}]},{\"@type\":\"BreadcrumbList\",\"@id\":\"https:\/\/legisport.com\/index.php\/2025\/11\/28\/le-sport-ne-peut-pas-etre-relegue-en-deuxieme-division\/#breadcrumb\",\"itemListElement\":[{\"@type\":\"ListItem\",\"position\":1,\"name\":\"Accueil\",\"item\":\"https:\/\/legisport.com\/\"},{\"@type\":\"ListItem\",\"position\":2,\"name\":\"Le sport ne peut pas \\u00eatre rel\\u00e9gu\\u00e9 en deuxi\\u00e8me division !\"}]},{\"@type\":\"Person\",\"@id\":\"https:\/\/legisport.com\/#\/schema\/person\/abccfb880c12073a27d7cb433cf39cf2\",\"name\":\"admin8312\",\"image\":{\"@type\":\"ImageObject\",\"@id\":\"https:\/\/legisport.com\/#personlogo\",\"inLanguage\":\"fr-FR\",\"url\":\"https:\/\/secure.gravatar.com\/avatar\/1e990537051617f93586bce114145ae0ff87fb7f69693d7eea4b09eb39a38ee0?s=96&d=mm&r=g\",\"contentUrl\":\"https:\/\/secure.gravatar.com\/avatar\/1e990537051617f93586bce114145ae0ff87fb7f69693d7eea4b09eb39a38ee0?s=96&d=mm&r=g\",\"caption\":\"admin8312\"},\"url\":\"https:\/\/legisport.com\/index.php\/author\/admin8312\/\"}]}<\/script>\n<!-- \/ Yoast SEO plugin. -->","yoast_head_json":{"robots":{"index":"index","follow":"follow","max-snippet":"max-snippet:-1","max-image-preview":"max-image-preview:large","max-video-preview":"max-video-preview:-1"},"canonical":"https:\/\/legisport.com\/index.php\/2025\/11\/28\/le-sport-ne-peut-pas-etre-relegue-en-deuxieme-division\/","og_locale":"fr_FR","og_type":"article","og_title":"Le sport ne peut pas \u00eatre rel\u00e9gu\u00e9 en deuxi\u00e8me division ! - legisport","og_description":"\u00ab\u00a0Le sport ne peut pas \u00eatre rel\u00e9gu\u00e9 en deuxi\u00e8me division, il doit \u00eatre au centre des d\u00e9bats des \u00e9lections municipales\u00a0\u00bb, ont d\u00e9clar\u00e9 Monsieur Jo\u00ebl Broquet, Pr\u00e9sident du think thank CARREFOUR DES ACTEURS SOCIAUX, ancien \u00e9lu du XI\u00e8me arrondissement de Paris, fondateur du Centre de formation des \u00e9lus locaux&nbsp; et Me Michel Pautot, avocat au barreau [&hellip;]","og_url":"https:\/\/legisport.com\/index.php\/2025\/11\/28\/le-sport-ne-peut-pas-etre-relegue-en-deuxieme-division\/","og_site_name":"legisport","article_published_time":"2025-11-28T14:46:27+00:00","article_modified_time":"2025-11-28T14:49:55+00:00","og_image":[{"url":"https:\/\/legisport.com\/wp-content\/uploads\/2025\/11\/droitdusport19novembre2025conferencesportetcommunesMeMichelPautotetJoelBroquet-1024x730.jpg"}],"twitter_card":"summary_large_image","twitter_misc":{"\u00c9crit par":"admin8312","Dur\u00e9e de lecture est.":"2 minutes"},"schema":{"@context":"https:\/\/schema.org","@graph":[{"@type":"WebSite","@id":"https:\/\/legisport.com\/#website","url":"https:\/\/legisport.com\/","name":"legisport","description":"1991 : fondation de LEGISPORT. 1996 : lancement du bulletin d&#039;informations juridiques sportives LEGISPORT. Tout sur le droit du sport.","potentialAction":[{"@type":"SearchAction","target":{"@type":"EntryPoint","urlTemplate":"https:\/\/legisport.com\/?s={search_term_string}"},"query-input":"required name=search_term_string"}],"inLanguage":"fr-FR"},{"@type":"ImageObject","@id":"https:\/\/legisport.com\/index.php\/2025\/11\/28\/le-sport-ne-peut-pas-etre-relegue-en-deuxieme-division\/#primaryimage","inLanguage":"fr-FR","url":"https:\/\/legisport.com\/wp-content\/uploads\/2025\/11\/droitdusport19novembre2025conferencesportetcommunesMeMichelPautotetJoelBroquet.jpg","contentUrl":"https:\/\/legisport.com\/wp-content\/uploads\/2025\/11\/droitdusport19novembre2025conferencesportetcommunesMeMichelPautotetJoelBroquet.jpg","width":1065,"height":759},{"@type":"WebPage","@id":"https:\/\/legisport.com\/index.php\/2025\/11\/28\/le-sport-ne-peut-pas-etre-relegue-en-deuxieme-division\/#webpage","url":"https:\/\/legisport.com\/index.php\/2025\/11\/28\/le-sport-ne-peut-pas-etre-relegue-en-deuxieme-division\/","name":"Le sport ne peut pas \u00eatre rel\u00e9gu\u00e9 en deuxi\u00e8me division ! - legisport","isPartOf":{"@id":"https:\/\/legisport.com\/#website"},"primaryImageOfPage":{"@id":"https:\/\/legisport.com\/index.php\/2025\/11\/28\/le-sport-ne-peut-pas-etre-relegue-en-deuxieme-division\/#primaryimage"},"datePublished":"2025-11-28T14:46:27+00:00","dateModified":"2025-11-28T14:49:55+00:00","author":{"@id":"https:\/\/legisport.com\/#\/schema\/person\/abccfb880c12073a27d7cb433cf39cf2"},"breadcrumb":{"@id":"https:\/\/legisport.com\/index.php\/2025\/11\/28\/le-sport-ne-peut-pas-etre-relegue-en-deuxieme-division\/#breadcrumb"},"inLanguage":"fr-FR","potentialAction":[{"@type":"ReadAction","target":["https:\/\/legisport.com\/index.php\/2025\/11\/28\/le-sport-ne-peut-pas-etre-relegue-en-deuxieme-division\/"]}]},{"@type":"BreadcrumbList","@id":"https:\/\/legisport.com\/index.php\/2025\/11\/28\/le-sport-ne-peut-pas-etre-relegue-en-deuxieme-division\/#breadcrumb","itemListElement":[{"@type":"ListItem","position":1,"name":"Accueil","item":"https:\/\/legisport.com\/"},{"@type":"ListItem","position":2,"name":"Le sport ne peut pas \u00eatre rel\u00e9gu\u00e9 en deuxi\u00e8me division !"}]},{"@type":"Person","@id":"https:\/\/legisport.com\/#\/schema\/person\/abccfb880c12073a27d7cb433cf39cf2","name":"admin8312","image":{"@type":"ImageObject","@id":"https:\/\/legisport.com\/#personlogo","inLanguage":"fr-FR","url":"https:\/\/secure.gravatar.com\/avatar\/1e990537051617f93586bce114145ae0ff87fb7f69693d7eea4b09eb39a38ee0?s=96&d=mm&r=g","contentUrl":"https:\/\/secure.gravatar.com\/avatar\/1e990537051617f93586bce114145ae0ff87fb7f69693d7eea4b09eb39a38ee0?s=96&d=mm&r=g","caption":"admin8312"},"url":"https:\/\/legisport.com\/index.php\/author\/admin8312\/"}]}},"_links":{"self":[{"href":"https:\/\/legisport.com\/index.php\/wp-json\/wp\/v2\/posts\/3711","targetHints":{"allow":["GET"]}}],"collection":[{"href":"https:\/\/legisport.com\/index.php\/wp-json\/wp\/v2\/posts"}],"about":[{"href":"https:\/\/legisport.com\/index.php\/wp-json\/wp\/v2\/types\/post"}],"author":[{"embeddable":true,"href":"https:\/\/legisport.com\/index.php\/wp-json\/wp\/v2\/users\/1"}],"replies":[{"embeddable":true,"href":"https:\/\/legisport.com\/index.php\/wp-json\/wp\/v2\/comments?post=3711"}],"version-history":[{"count":2,"href":"https:\/\/legisport.com\/index.php\/wp-json\/wp\/v2\/posts\/3711\/revisions"}],"predecessor-version":[{"id":3715,"href":"https:\/\/legisport.com\/index.php\/wp-json\/wp\/v2\/posts\/3711\/revisions\/3715"}],"wp:attachment":[{"href":"https:\/\/legisport.com\/index.php\/wp-json\/wp\/v2\/media?parent=3711"}],"wp:term":[{"taxonomy":"category","embeddable":true,"href":"https:\/\/legisport.com\/index.php\/wp-json\/wp\/v2\/categories?post=3711"},{"taxonomy":"post_tag","embeddable":true,"href":"https:\/\/legisport.com\/index.php\/wp-json\/wp\/v2\/tags?post=3711"}],"curies":[{"name":"wp","href":"https:\/\/api.w.org\/{rel}","templated":true}]}}