{"id":3708,"date":"2025-11-24T11:36:31","date_gmt":"2025-11-24T10:36:31","guid":{"rendered":"https:\/\/legisport.com\/?p=3708"},"modified":"2025-11-24T11:36:40","modified_gmt":"2025-11-24T10:36:40","slug":"les-invisibles-du-sport-au-dela-des-trophees-et-des-vedettes-etoiles","status":"publish","type":"post","link":"https:\/\/legisport.com\/index.php\/2025\/11\/24\/les-invisibles-du-sport-au-dela-des-trophees-et-des-vedettes-etoiles\/","title":{"rendered":"Les invisibles du sport, au-del\u00e0 des troph\u00e9es et des vedettes \u00e9toiles"},"content":{"rendered":"\n<p><strong>Par Benoist MALLET Di BENTO<\/strong>,<\/p>\n\n\n\n<p><strong>Consultant Intelligence Culturelle et strat\u00e9gie des territoires<\/strong><\/p>\n\n\n<div class=\"wp-block-image\">\n<figure class=\"aligncenter size-full\"><img loading=\"lazy\" decoding=\"async\" width=\"353\" height=\"61\" src=\"https:\/\/legisport.com\/wp-content\/uploads\/2025\/11\/BenoistMalletDIBento.jpg\" alt=\"\" class=\"wp-image-3685\" srcset=\"https:\/\/legisport.com\/wp-content\/uploads\/2025\/11\/BenoistMalletDIBento.jpg 353w, https:\/\/legisport.com\/wp-content\/uploads\/2025\/11\/BenoistMalletDIBento-300x52.jpg 300w\" sizes=\"auto, (max-width: 353px) 100vw, 353px\" \/><\/figure>\n<\/div>\n\n\n<p>Le sport est universel. Il unit, forme, \u00e9duque et transmet des valeurs telles que l\u2019esprit sportif, l\u2019effort collectif et la r\u00e9silience. Pourtant, le paysage de la reconnaissance internationale pr\u00e9sente un paradoxe\u202f:&nbsp;les r\u00e9compenses mondiales c\u00e9l\u00e8brent surtout la performance et la c\u00e9l\u00e9brit\u00e9, tandis que celles et ceux qui font vivre le sport au quotidien, souvent dans l\u2019ombre, restent largement invisibles.<\/p>\n\n\n\n<p>Au c\u0153ur de cette r\u00e9flexion se trouvent les v\u00e9ritables h\u00e9ros du sport, souvent inconnus du grand public\u202f: l\u2019athl\u00e8te anonyme qui entra\u00eene b\u00e9n\u00e9volement des enfants dans son quartier, la joueuse qui surmonte un handicap pour encadrer une \u00e9quipe, le club rural qui organise des tournois pour rassembler sa communaut\u00e9.&nbsp;Ce sont eux, plus que les vedettes adul\u00e9es par les m\u00e9dias, qui incarnent l\u2019esprit \u00e9thique et \u00e9ducatif du sport. Sans leur engagement quotidien, la gloire des vedettes n\u2019aurait aucun sens.<\/p>\n\n\n\n<p><strong>Les sports traditionnels\u202f: pr\u00e9server la diversit\u00e9 culturelle<\/strong><\/p>\n\n\n\n<p>Au\u2011del\u00e0 des acteurs individuels, il existe un patrimoine sportif mondial trop souvent m\u00e9connu\u202f: les dizaines de sports ou jeux traditionnels qui traversent continents et cultures, des jeux de lutte africains aux arts martiaux asiatiques, en passant par les disciplines autochtones d\u2019Am\u00e9rique ou d\u2019Oc\u00e9anie. Ces pratiques incarnent des valeurs locales, des savoir\u2011faire ancestraux et un respect de la culture propre \u00e0 chaque communaut\u00e9. Leur invisibilit\u00e9 m\u00e9diatique actuelle menace leur survie face \u00e0 la standardisation mondiale domin\u00e9e par les disciplines europ\u00e9ennes ou am\u00e9ricaines. Reconna\u00eetre et diffuser ces sports, c\u2019est affirmer que le sport n\u2019est pas qu\u2019une comp\u00e9tition globale mais aussi un vecteur de&nbsp;diversit\u00e9 culturelle, de solidarit\u00e9 et d\u2019\u00e9ducation citoyenne.<\/p>\n\n\n\n<p><strong>Un paysage de prix d\u00e9j\u00e0 satur\u00e9 et \u00e9litiste<\/strong><\/p>\n\n\n\n<p>Les prix internationaux comme les <em>Laureus World Sports Awards, le Prix Princesse des Asturies des Sports, les ESPY Awards ou le BBC Sports Personality of the Year<\/em> incarnent l\u2019id\u00e9e d\u2019excellence dans le sport. Souvent pr\u00e9sent\u00e9s comme les \u00e9quivalents du Nobel, ils offrent une visibilit\u00e9 mondiale et r\u00e9compensent des performances exceptionnelles. Cependant, leur logique repose sur la notori\u00e9t\u00e9 et la r\u00e9ussite m\u00e9diatique\u202f: l\u2019athl\u00e8te vedette, la super \u00e9toile, l\u2019\u00e9quipe titr\u00e9e.<\/p>\n\n\n\n<p>M\u00eame le <em>Prix Pierre de Coubertin<\/em> ou le <em>Prix du Fair Play<\/em>, plus symboliques dans leur approche, restent largement li\u00e9s aux gestes individuels remarquables et non \u00e0 l\u2019ensemble des initiatives communautaires (b\u00e9n\u00e9voles, \u00e9ducateurs, entra\u00eeneurs, responsables de clubs locaux, mentors ou organisateurs de sports traditionnels) qui font vivre le sport au quotidien. Ainsi, la reconnaissance officielle repose essentiellement sur la performance, laissant en marge l\u2019immense r\u00e9seau de contributions qui structure le sport mondial.<\/p>\n\n\n\n<p><strong>Le paradoxe \u00e9thique\u202f: inclusion proclam\u00e9e vs reconnaissance r\u00e9elle<\/strong><\/p>\n\n\n\n<p>D\u00e8s sa fondation du Comit\u00e9 International Olympique en 1894, Pierre de Coubertin d\u00e9fendait une vision du sport centr\u00e9e sur l\u2019\u00e9ducation, l\u2019effort collectif et la formation du citoyen. Pour lui, le sport devait s\u2019attacher \u00e0 la culture, cr\u00e9er du lien humain et promouvoir des valeurs universelles. Aujourd\u2019hui, cette dimension \u00e9ducative et sociale semble trop souvent \u00e9clips\u00e9e par la m\u00e9diatisation et la valorisation exclusive de la performance. Rappeler cette ambition fondatrice souligne combien la reconnaissance mondiale devrait inclure non seulement les athl\u00e8tes vedettes, mais aussi les acteurs invisibles et les sports traditionnels qui incarnent ces principes au quotidien.<\/p>\n\n\n\n<p>Le document&nbsp;\u00ab<em>\u202fDonner le meilleur de soi\u2011m\u00eame\u202f<\/em>\u00bb&nbsp;du Vatican (2018) rappelle que \u00ab<em>\u202fle sport est un lieu de rencontre o\u00f9 les personnes de tout niveau et de toute condition sociale s\u2019unissent pour obtenir un r\u00e9sultat commun<\/em>\u202f\u00bb. Il souligne que le sport est un&nbsp;milieu privil\u00e9gi\u00e9 pour la formation int\u00e9grale de la personne, le d\u00e9passement de soi, la solidarit\u00e9 et le respect, au\u2011del\u00e0 de la simple performance. Ces principes rejoignent pleinement ma proposition\u202f: reconna\u00eetre et valoriser les acteurs invisibles et les sports traditionnels, qui incarnent ces valeurs dans toutes les communaut\u00e9s.<\/p>\n\n\n\n<p>Le mod\u00e8le am\u00e9ricain du sport, avec ses ligues professionnelles, ses spectacles mondiaux et ses athl\u00e8tes-adul\u00e9s, s\u2019est impos\u00e9 comme&nbsp;r\u00e9f\u00e9rence globale. Son avantage est incontestable\u202f: audience massive, parrainage internationale et visibilit\u00e9 mondiale. Son inconv\u00e9nient est tout aussi clair\u202f: il privil\u00e9gie la notori\u00e9t\u00e9 et la performance, rel\u00e9guant les acteurs communautaires, les sports locaux et traditionnels au second plan. Pour ceux qui cherchent \u00e0 promouvoir un sport plus engag\u00e9, inclusif et \u00e9ducatif, le d\u00e9fi est double\u202f:&nbsp;tirer parti de la puissance de ce mod\u00e8le&nbsp;sans s\u2019y perdre, ni reproduire ses limites.<\/p>\n\n\n\n<p><strong>Vers une forme originale de reconnaissance\u202f: les Rencontres des Invisibles du Sport<\/strong><\/p>\n\n\n\n<p>Plut\u00f4t que de cr\u00e9er un troph\u00e9e suppl\u00e9mentaire, il est propos\u00e9 de mettre en place&nbsp;les Rencontres des Invisibles du Sport, un espace collectif pour valoriser les acteurs et pratiques m\u00e9connus.<\/p>\n\n\n\n<p>&nbsp;&nbsp;&nbsp;&nbsp;&nbsp;&nbsp;&nbsp;&nbsp;&nbsp;&nbsp;&nbsp; \u2022&nbsp;&nbsp;&nbsp;&nbsp;&nbsp;&nbsp;&nbsp;&nbsp;&nbsp;&nbsp; Mission\u202f: mettre en lumi\u00e8re les initiatives locales, \u00e9ducatives et sociales, et pr\u00e9server la diversit\u00e9 des pratiques sportives.<\/p>\n\n\n\n<p>&nbsp;&nbsp;&nbsp;&nbsp;&nbsp;&nbsp;&nbsp;&nbsp;&nbsp;&nbsp;&nbsp; \u2022&nbsp;&nbsp;&nbsp;&nbsp;&nbsp;&nbsp;&nbsp;&nbsp;&nbsp;&nbsp; Participants\u202f: \u00e9ducateurs, b\u00e9n\u00e9voles, entra\u00eeneurs, sportifs en situation de handicap, responsables de sports traditionnels, organisations communautaires.<\/p>\n\n\n\n<p>&nbsp;&nbsp;&nbsp;&nbsp;&nbsp;&nbsp;&nbsp;&nbsp;&nbsp;&nbsp;&nbsp; \u2022&nbsp;&nbsp;&nbsp;&nbsp;&nbsp;&nbsp;&nbsp;&nbsp;&nbsp;&nbsp; Format\u202f: ateliers interactifs, t\u00e9moignages vivants, projections documentaires et \u00e9changes transnationaux.<\/p>\n\n\n\n<p>&nbsp;&nbsp;&nbsp;&nbsp;&nbsp;&nbsp;&nbsp;&nbsp;&nbsp;&nbsp;&nbsp; \u2022&nbsp;&nbsp;&nbsp;&nbsp;&nbsp;&nbsp;&nbsp;&nbsp;&nbsp;&nbsp; D\u00e9centralisation continentale\u202f: chaque continent accueille ses propres Rencontres, adapt\u00e9es aux cultures et pratiques locales, tout en assurant une coordination francophone et une synth\u00e8se mondiale.<\/p>\n\n\n\n<p>&nbsp;&nbsp;&nbsp;&nbsp;&nbsp;&nbsp;&nbsp;&nbsp;&nbsp;&nbsp;&nbsp; \u2022&nbsp;&nbsp;&nbsp;&nbsp;&nbsp;&nbsp;&nbsp;&nbsp;&nbsp;&nbsp; Dimension environnementale\u202f: organisation locale pour r\u00e9duire l\u2019empreinte carbone, utilisation d\u2019infrastructures durables, sensibilisation \u00e0 l\u2019\u00e9ducation environnementale, diffusion num\u00e9rique prioris\u00e9e.<\/p>\n\n\n\n<p>Pour amplifier la reconnaissance et la rendre visible, on peut s\u2019inspirer des \u00e9missions culinaires t\u00e9l\u00e9visuelles \u00e0 succ\u00e8s, telles que&nbsp;<em>Cauchemar en cuisine<\/em>. Chaque \u00e9pisode raconte une histoire, montre les d\u00e9fis du terrain et les efforts pour am\u00e9liorer une situation, tout en captivant l\u2019attention du spectateur. Transpos\u00e9 au sport, ce format permettrait de&nbsp;mettre en lumi\u00e8re les acteurs invisibles et les sports traditionnels, et d\u2019\u00e9duquer le public aux&nbsp;valeurs sociales, \u00e9ducatives et inclusives.<\/p>\n\n\n\n<p><strong>Alignement avec les ODD de l\u2019ONU<\/strong><\/p>\n\n\n\n<p>Les Rencontres s\u2019inscrivent pleinement dans les&nbsp;Objectifs de D\u00e9veloppement Durable&nbsp;:<\/p>\n\n\n\n<p>&nbsp;&nbsp;&nbsp;&nbsp;&nbsp;&nbsp;&nbsp;&nbsp;&nbsp;&nbsp;&nbsp; \u2022&nbsp;&nbsp;&nbsp;&nbsp;&nbsp;&nbsp;&nbsp;&nbsp;&nbsp;&nbsp; ODD\u202f03 \u2013 Bonne sant\u00e9 et bien\u2011\u00eatre<\/p>\n\n\n\n<p>&nbsp;&nbsp;&nbsp;&nbsp;&nbsp;&nbsp;&nbsp;&nbsp;&nbsp;&nbsp;&nbsp; \u2022&nbsp;&nbsp;&nbsp;&nbsp;&nbsp;&nbsp;&nbsp;&nbsp;&nbsp;&nbsp; ODD\u202f04 \u2013 \u00c9ducation de qualit\u00e9<\/p>\n\n\n\n<p>&nbsp;&nbsp;&nbsp;&nbsp;&nbsp;&nbsp;&nbsp;&nbsp;&nbsp;&nbsp;&nbsp; \u2022&nbsp;&nbsp;&nbsp;&nbsp;&nbsp;&nbsp;&nbsp;&nbsp;&nbsp;&nbsp; ODD\u202f05 \u2013 \u00c9galit\u00e9 entre les sexes<\/p>\n\n\n\n<p>&nbsp;&nbsp;&nbsp;&nbsp;&nbsp;&nbsp;&nbsp;&nbsp;&nbsp;&nbsp;&nbsp; \u2022&nbsp;&nbsp;&nbsp;&nbsp;&nbsp;&nbsp;&nbsp;&nbsp;&nbsp;&nbsp; ODD\u202f10 \u2013 R\u00e9duction des in\u00e9galit\u00e9s<\/p>\n\n\n\n<p>&nbsp;&nbsp;&nbsp;&nbsp;&nbsp;&nbsp;&nbsp;&nbsp;&nbsp;&nbsp;&nbsp; \u2022&nbsp;&nbsp;&nbsp;&nbsp;&nbsp;&nbsp;&nbsp;&nbsp;&nbsp;&nbsp; ODD\u202f12 \u2013 Consommation et production responsables<\/p>\n\n\n\n<p>&nbsp;&nbsp;&nbsp;&nbsp;&nbsp;&nbsp;&nbsp;&nbsp;&nbsp;&nbsp;&nbsp; \u2022&nbsp;&nbsp;&nbsp;&nbsp;&nbsp;&nbsp;&nbsp;&nbsp;&nbsp;&nbsp; ODD\u202f13 \u2013 Action pour le climat<\/p>\n\n\n\n<p>&nbsp;&nbsp;&nbsp;&nbsp;&nbsp;&nbsp;&nbsp;&nbsp;&nbsp;&nbsp;&nbsp; \u2022&nbsp;&nbsp;&nbsp;&nbsp;&nbsp;&nbsp;&nbsp;&nbsp;&nbsp;&nbsp; ODD\u202f16 \u2013 Paix, justice et institutions efficaces<\/p>\n\n\n\n<p>Cette approche allie inclusion, diversit\u00e9 culturelle, impact social et respect de l\u2019environnement.<\/p>\n\n\n\n<p><strong>La francophonie comme levier universel.<\/strong><\/p>\n\n\n\n<p>Inspir\u00e9 par les valeurs de la francophonie \u2014 diversit\u00e9, inclusion, dialogue et transmission culturelle \u2014 le projet ouvre un cadre universel, capable de dialoguer avec les mod\u00e8les anglo-am\u00e9ricains et de leur apporter une dimension p\u00e9dagogique et culturelle. Les Rencontres&nbsp;compl\u00e8tent le syst\u00e8me global, valorisant la diversit\u00e9 des sports et des acteurs, tout en offrant une plateforme universelle de reconnaissance.<\/p>\n\n\n\n<p><strong>Les Jeux de la francophonie et les ODD&nbsp;: un appel \u00e0 l\u2019engagement pour le sport inclusif<\/strong><\/p>\n\n\n\n<p>\u00ab&nbsp;Les Rencontres des Invisibles du Sport&nbsp;\u00bb pourraient,&nbsp;en compl\u00e9ment des Jeux de la francophonie, offrir un second souffle \u00e9ducatif, culturel et environnemental, mettant en lumi\u00e8re les acteurs de terrain et les sports traditionnels. Elles offriraient une&nbsp;visibilit\u00e9 mondiale, d\u00e9centralis\u00e9e et respectueuse de l\u2019environnement, tout en incarnant les valeurs fondatrices du mouvement sportif et les Objectifs de D\u00e9veloppement Durable.<\/p>\n\n\n\n<p>Il serait pr\u00e9cieux que des figures engag\u00e9es \u00e0 l\u2019\u00e9chelle internationale, telles que&nbsp;Son Altesse S\u00e9r\u00e9nissime le Prince Albert II de Monaco, puissent soutenir et accompagner cette initiative, renfor\u00e7ant la visibilit\u00e9 et l\u2019impact des acteurs invisibles du sport dans le monde francophone et au-del\u00e0.<\/p>\n\n\n\n<p><em>Le vrai prix du sport ne se mesure pas en troph\u00e9es, mais en vies transform\u00e9es, en cultures pr\u00e9serv\u00e9es et en valeurs partag\u00e9es.<\/em><\/p>\n","protected":false},"excerpt":{"rendered":"<p>Par Benoist MALLET Di BENTO, Consultant Intelligence Culturelle et strat\u00e9gie des territoires Le sport est universel. Il unit, forme, \u00e9duque et transmet des valeurs telles que l\u2019esprit sportif, l\u2019effort collectif et la r\u00e9silience. Pourtant, le paysage de la reconnaissance internationale pr\u00e9sente un paradoxe\u202f:&nbsp;les r\u00e9compenses mondiales c\u00e9l\u00e8brent surtout la performance et la c\u00e9l\u00e9brit\u00e9, tandis que celles [&hellip;]<\/p>\n","protected":false},"author":1,"featured_media":0,"comment_status":"closed","ping_status":"open","sticky":false,"template":"","format":"standard","meta":{"footnotes":""},"categories":[1],"tags":[],"class_list":["post-3708","post","type-post","status-publish","format-standard","hentry","category-uncategorized","basic-color-border"],"yoast_head":"<!-- This site is optimized with the Yoast SEO plugin v17.4 - https:\/\/yoast.com\/wordpress\/plugins\/seo\/ -->\n<meta name=\"robots\" content=\"index, follow, max-snippet:-1, max-image-preview:large, max-video-preview:-1\" \/>\n<link rel=\"canonical\" href=\"https:\/\/legisport.com\/index.php\/2025\/11\/24\/les-invisibles-du-sport-au-dela-des-trophees-et-des-vedettes-etoiles\/\" \/>\n<meta property=\"og:locale\" content=\"fr_FR\" \/>\n<meta property=\"og:type\" content=\"article\" \/>\n<meta property=\"og:title\" content=\"Les invisibles du sport, au-del\u00e0 des troph\u00e9es et des vedettes \u00e9toiles - legisport\" \/>\n<meta property=\"og:description\" content=\"Par Benoist MALLET Di BENTO, Consultant Intelligence Culturelle et strat\u00e9gie des territoires Le sport est universel. Il unit, forme, \u00e9duque et transmet des valeurs telles que l\u2019esprit sportif, l\u2019effort collectif et la r\u00e9silience. Pourtant, le paysage de la reconnaissance internationale pr\u00e9sente un paradoxe\u202f:&nbsp;les r\u00e9compenses mondiales c\u00e9l\u00e8brent surtout la performance et la c\u00e9l\u00e9brit\u00e9, tandis que celles [&hellip;]\" \/>\n<meta property=\"og:url\" content=\"https:\/\/legisport.com\/index.php\/2025\/11\/24\/les-invisibles-du-sport-au-dela-des-trophees-et-des-vedettes-etoiles\/\" \/>\n<meta property=\"og:site_name\" content=\"legisport\" \/>\n<meta property=\"article:published_time\" content=\"2025-11-24T10:36:31+00:00\" \/>\n<meta property=\"article:modified_time\" content=\"2025-11-24T10:36:40+00:00\" \/>\n<meta property=\"og:image\" content=\"https:\/\/legisport.com\/wp-content\/uploads\/2025\/11\/BenoistMalletDIBento.jpg\" \/>\n<meta name=\"twitter:card\" content=\"summary_large_image\" \/>\n<meta name=\"twitter:label1\" content=\"\u00c9crit par\" \/>\n\t<meta name=\"twitter:data1\" content=\"admin8312\" \/>\n\t<meta name=\"twitter:label2\" content=\"Dur\u00e9e de lecture est.\" \/>\n\t<meta name=\"twitter:data2\" content=\"8 minutes\" \/>\n<script type=\"application\/ld+json\" class=\"yoast-schema-graph\">{\"@context\":\"https:\/\/schema.org\",\"@graph\":[{\"@type\":\"WebSite\",\"@id\":\"https:\/\/legisport.com\/#website\",\"url\":\"https:\/\/legisport.com\/\",\"name\":\"legisport\",\"description\":\"1991 : fondation de LEGISPORT. 1996 : lancement du bulletin d&#039;informations juridiques sportives LEGISPORT. Tout sur le droit du sport.\",\"potentialAction\":[{\"@type\":\"SearchAction\",\"target\":{\"@type\":\"EntryPoint\",\"urlTemplate\":\"https:\/\/legisport.com\/?s={search_term_string}\"},\"query-input\":\"required name=search_term_string\"}],\"inLanguage\":\"fr-FR\"},{\"@type\":\"ImageObject\",\"@id\":\"https:\/\/legisport.com\/index.php\/2025\/11\/24\/les-invisibles-du-sport-au-dela-des-trophees-et-des-vedettes-etoiles\/#primaryimage\",\"inLanguage\":\"fr-FR\",\"url\":\"https:\/\/legisport.com\/wp-content\/uploads\/2025\/11\/BenoistMalletDIBento.jpg\",\"contentUrl\":\"https:\/\/legisport.com\/wp-content\/uploads\/2025\/11\/BenoistMalletDIBento.jpg\",\"width\":353,\"height\":61},{\"@type\":\"WebPage\",\"@id\":\"https:\/\/legisport.com\/index.php\/2025\/11\/24\/les-invisibles-du-sport-au-dela-des-trophees-et-des-vedettes-etoiles\/#webpage\",\"url\":\"https:\/\/legisport.com\/index.php\/2025\/11\/24\/les-invisibles-du-sport-au-dela-des-trophees-et-des-vedettes-etoiles\/\",\"name\":\"Les invisibles du sport, au-del\\u00e0 des troph\\u00e9es et des vedettes \\u00e9toiles - legisport\",\"isPartOf\":{\"@id\":\"https:\/\/legisport.com\/#website\"},\"primaryImageOfPage\":{\"@id\":\"https:\/\/legisport.com\/index.php\/2025\/11\/24\/les-invisibles-du-sport-au-dela-des-trophees-et-des-vedettes-etoiles\/#primaryimage\"},\"datePublished\":\"2025-11-24T10:36:31+00:00\",\"dateModified\":\"2025-11-24T10:36:40+00:00\",\"author\":{\"@id\":\"https:\/\/legisport.com\/#\/schema\/person\/abccfb880c12073a27d7cb433cf39cf2\"},\"breadcrumb\":{\"@id\":\"https:\/\/legisport.com\/index.php\/2025\/11\/24\/les-invisibles-du-sport-au-dela-des-trophees-et-des-vedettes-etoiles\/#breadcrumb\"},\"inLanguage\":\"fr-FR\",\"potentialAction\":[{\"@type\":\"ReadAction\",\"target\":[\"https:\/\/legisport.com\/index.php\/2025\/11\/24\/les-invisibles-du-sport-au-dela-des-trophees-et-des-vedettes-etoiles\/\"]}]},{\"@type\":\"BreadcrumbList\",\"@id\":\"https:\/\/legisport.com\/index.php\/2025\/11\/24\/les-invisibles-du-sport-au-dela-des-trophees-et-des-vedettes-etoiles\/#breadcrumb\",\"itemListElement\":[{\"@type\":\"ListItem\",\"position\":1,\"name\":\"Accueil\",\"item\":\"https:\/\/legisport.com\/\"},{\"@type\":\"ListItem\",\"position\":2,\"name\":\"Les invisibles du sport, au-del\\u00e0 des troph\\u00e9es et des vedettes \\u00e9toiles\"}]},{\"@type\":\"Person\",\"@id\":\"https:\/\/legisport.com\/#\/schema\/person\/abccfb880c12073a27d7cb433cf39cf2\",\"name\":\"admin8312\",\"image\":{\"@type\":\"ImageObject\",\"@id\":\"https:\/\/legisport.com\/#personlogo\",\"inLanguage\":\"fr-FR\",\"url\":\"https:\/\/secure.gravatar.com\/avatar\/1e990537051617f93586bce114145ae0ff87fb7f69693d7eea4b09eb39a38ee0?s=96&d=mm&r=g\",\"contentUrl\":\"https:\/\/secure.gravatar.com\/avatar\/1e990537051617f93586bce114145ae0ff87fb7f69693d7eea4b09eb39a38ee0?s=96&d=mm&r=g\",\"caption\":\"admin8312\"},\"url\":\"https:\/\/legisport.com\/index.php\/author\/admin8312\/\"}]}<\/script>\n<!-- \/ Yoast SEO plugin. -->","yoast_head_json":{"robots":{"index":"index","follow":"follow","max-snippet":"max-snippet:-1","max-image-preview":"max-image-preview:large","max-video-preview":"max-video-preview:-1"},"canonical":"https:\/\/legisport.com\/index.php\/2025\/11\/24\/les-invisibles-du-sport-au-dela-des-trophees-et-des-vedettes-etoiles\/","og_locale":"fr_FR","og_type":"article","og_title":"Les invisibles du sport, au-del\u00e0 des troph\u00e9es et des vedettes \u00e9toiles - legisport","og_description":"Par Benoist MALLET Di BENTO, Consultant Intelligence Culturelle et strat\u00e9gie des territoires Le sport est universel. Il unit, forme, \u00e9duque et transmet des valeurs telles que l\u2019esprit sportif, l\u2019effort collectif et la r\u00e9silience. Pourtant, le paysage de la reconnaissance internationale pr\u00e9sente un paradoxe\u202f:&nbsp;les r\u00e9compenses mondiales c\u00e9l\u00e8brent surtout la performance et la c\u00e9l\u00e9brit\u00e9, tandis que celles [&hellip;]","og_url":"https:\/\/legisport.com\/index.php\/2025\/11\/24\/les-invisibles-du-sport-au-dela-des-trophees-et-des-vedettes-etoiles\/","og_site_name":"legisport","article_published_time":"2025-11-24T10:36:31+00:00","article_modified_time":"2025-11-24T10:36:40+00:00","og_image":[{"url":"https:\/\/legisport.com\/wp-content\/uploads\/2025\/11\/BenoistMalletDIBento.jpg"}],"twitter_card":"summary_large_image","twitter_misc":{"\u00c9crit par":"admin8312","Dur\u00e9e de lecture est.":"8 minutes"},"schema":{"@context":"https:\/\/schema.org","@graph":[{"@type":"WebSite","@id":"https:\/\/legisport.com\/#website","url":"https:\/\/legisport.com\/","name":"legisport","description":"1991 : fondation de LEGISPORT. 1996 : lancement du bulletin d&#039;informations juridiques sportives LEGISPORT. Tout sur le droit du sport.","potentialAction":[{"@type":"SearchAction","target":{"@type":"EntryPoint","urlTemplate":"https:\/\/legisport.com\/?s={search_term_string}"},"query-input":"required name=search_term_string"}],"inLanguage":"fr-FR"},{"@type":"ImageObject","@id":"https:\/\/legisport.com\/index.php\/2025\/11\/24\/les-invisibles-du-sport-au-dela-des-trophees-et-des-vedettes-etoiles\/#primaryimage","inLanguage":"fr-FR","url":"https:\/\/legisport.com\/wp-content\/uploads\/2025\/11\/BenoistMalletDIBento.jpg","contentUrl":"https:\/\/legisport.com\/wp-content\/uploads\/2025\/11\/BenoistMalletDIBento.jpg","width":353,"height":61},{"@type":"WebPage","@id":"https:\/\/legisport.com\/index.php\/2025\/11\/24\/les-invisibles-du-sport-au-dela-des-trophees-et-des-vedettes-etoiles\/#webpage","url":"https:\/\/legisport.com\/index.php\/2025\/11\/24\/les-invisibles-du-sport-au-dela-des-trophees-et-des-vedettes-etoiles\/","name":"Les invisibles du sport, au-del\u00e0 des troph\u00e9es et des vedettes \u00e9toiles - legisport","isPartOf":{"@id":"https:\/\/legisport.com\/#website"},"primaryImageOfPage":{"@id":"https:\/\/legisport.com\/index.php\/2025\/11\/24\/les-invisibles-du-sport-au-dela-des-trophees-et-des-vedettes-etoiles\/#primaryimage"},"datePublished":"2025-11-24T10:36:31+00:00","dateModified":"2025-11-24T10:36:40+00:00","author":{"@id":"https:\/\/legisport.com\/#\/schema\/person\/abccfb880c12073a27d7cb433cf39cf2"},"breadcrumb":{"@id":"https:\/\/legisport.com\/index.php\/2025\/11\/24\/les-invisibles-du-sport-au-dela-des-trophees-et-des-vedettes-etoiles\/#breadcrumb"},"inLanguage":"fr-FR","potentialAction":[{"@type":"ReadAction","target":["https:\/\/legisport.com\/index.php\/2025\/11\/24\/les-invisibles-du-sport-au-dela-des-trophees-et-des-vedettes-etoiles\/"]}]},{"@type":"BreadcrumbList","@id":"https:\/\/legisport.com\/index.php\/2025\/11\/24\/les-invisibles-du-sport-au-dela-des-trophees-et-des-vedettes-etoiles\/#breadcrumb","itemListElement":[{"@type":"ListItem","position":1,"name":"Accueil","item":"https:\/\/legisport.com\/"},{"@type":"ListItem","position":2,"name":"Les invisibles du sport, au-del\u00e0 des troph\u00e9es et des vedettes \u00e9toiles"}]},{"@type":"Person","@id":"https:\/\/legisport.com\/#\/schema\/person\/abccfb880c12073a27d7cb433cf39cf2","name":"admin8312","image":{"@type":"ImageObject","@id":"https:\/\/legisport.com\/#personlogo","inLanguage":"fr-FR","url":"https:\/\/secure.gravatar.com\/avatar\/1e990537051617f93586bce114145ae0ff87fb7f69693d7eea4b09eb39a38ee0?s=96&d=mm&r=g","contentUrl":"https:\/\/secure.gravatar.com\/avatar\/1e990537051617f93586bce114145ae0ff87fb7f69693d7eea4b09eb39a38ee0?s=96&d=mm&r=g","caption":"admin8312"},"url":"https:\/\/legisport.com\/index.php\/author\/admin8312\/"}]}},"_links":{"self":[{"href":"https:\/\/legisport.com\/index.php\/wp-json\/wp\/v2\/posts\/3708","targetHints":{"allow":["GET"]}}],"collection":[{"href":"https:\/\/legisport.com\/index.php\/wp-json\/wp\/v2\/posts"}],"about":[{"href":"https:\/\/legisport.com\/index.php\/wp-json\/wp\/v2\/types\/post"}],"author":[{"embeddable":true,"href":"https:\/\/legisport.com\/index.php\/wp-json\/wp\/v2\/users\/1"}],"replies":[{"embeddable":true,"href":"https:\/\/legisport.com\/index.php\/wp-json\/wp\/v2\/comments?post=3708"}],"version-history":[{"count":1,"href":"https:\/\/legisport.com\/index.php\/wp-json\/wp\/v2\/posts\/3708\/revisions"}],"predecessor-version":[{"id":3709,"href":"https:\/\/legisport.com\/index.php\/wp-json\/wp\/v2\/posts\/3708\/revisions\/3709"}],"wp:attachment":[{"href":"https:\/\/legisport.com\/index.php\/wp-json\/wp\/v2\/media?parent=3708"}],"wp:term":[{"taxonomy":"category","embeddable":true,"href":"https:\/\/legisport.com\/index.php\/wp-json\/wp\/v2\/categories?post=3708"},{"taxonomy":"post_tag","embeddable":true,"href":"https:\/\/legisport.com\/index.php\/wp-json\/wp\/v2\/tags?post=3708"}],"curies":[{"name":"wp","href":"https:\/\/api.w.org\/{rel}","templated":true}]}}