{"id":3703,"date":"2025-11-19T22:27:32","date_gmt":"2025-11-19T21:27:32","guid":{"rendered":"https:\/\/legisport.com\/?p=3703"},"modified":"2025-11-19T22:33:26","modified_gmt":"2025-11-19T21:33:26","slug":"plus-de-sport-pour-plus-de-liens-entre-les-nations","status":"publish","type":"post","link":"https:\/\/legisport.com\/index.php\/2025\/11\/19\/plus-de-sport-pour-plus-de-liens-entre-les-nations\/","title":{"rendered":"Plus de sport pour plus de liens entre les nations"},"content":{"rendered":"<div class=\"wp-block-image\">\n<figure class=\"aligncenter size-large\"><img loading=\"lazy\" decoding=\"async\" width=\"628\" height=\"1024\" src=\"https:\/\/legisport.com\/wp-content\/uploads\/2025\/11\/Michel-Pautot-DROITDUSPORT-628x1024.jpg\" alt=\"\" class=\"wp-image-3706\" srcset=\"https:\/\/legisport.com\/wp-content\/uploads\/2025\/11\/Michel-Pautot-DROITDUSPORT-628x1024.jpg 628w, https:\/\/legisport.com\/wp-content\/uploads\/2025\/11\/Michel-Pautot-DROITDUSPORT-184x300.jpg 184w, https:\/\/legisport.com\/wp-content\/uploads\/2025\/11\/Michel-Pautot-DROITDUSPORT-768x1252.jpg 768w, https:\/\/legisport.com\/wp-content\/uploads\/2025\/11\/Michel-Pautot-DROITDUSPORT-942x1536.jpg 942w, https:\/\/legisport.com\/wp-content\/uploads\/2025\/11\/Michel-Pautot-DROITDUSPORT-1256x2048.jpg 1256w, https:\/\/legisport.com\/wp-content\/uploads\/2025\/11\/Michel-Pautot-DROITDUSPORT.jpg 1408w\" sizes=\"auto, (max-width: 628px) 100vw, 628px\" \/><\/figure>\n<\/div>\n\n\n<p><strong>Tribune de Me Michel Pautot, r\u00e9dacteur en chef de LEGISPORT, avocat<\/strong><\/p>\n\n\n\n<p>Les relations bilat\u00e9rales n\u2019ont pas d\u2019\u00e9quivalent, le sport m\u00e9rite d\u2019y prendre sa place. D\u2019abord sur les terrains. Lors des grandes comp\u00e9titions internationales, l\u2019intensit\u00e9 des matches de football entre la France et l\u2019Allemagneen t\u00e9moigne. A S\u00e9ville en 1982, \u00e0 l\u2019occasion du Mondial, la dramaturgie de la demi-finale France-RFA reste dans les m\u00e9moires. En juillet \u00e0 B\u00e2le, lors de l\u2019Euro f\u00e9minin 2025, l\u2019opposition entre la France et l\u2019Allemagne a tenu en haleine les supporters.<\/p>\n\n\n\n<p>Et en dehors des terrains ? Plusieurs r\u00e9cents accords bilat\u00e9raux ou d\u00e9clarations communes soulignent la n\u00e9cessit\u00e9 de s\u2019appuyer sur le sport pour d\u00e9velopper les relations entre pays. Ce fut le cas avec l\u2019Allemagne, l\u2019Italie et la Pologne. La relance du tandem franco-allemand par le sport constitue une belle opportunit\u00e9 surtout que le Trait\u00e9 d\u2019Aix-la-Chapelle sign\u00e9 le 22 janvier 2019 indique : <em>\u00ab Le temps est venu d\u2019\u00e9lever les relations bilat\u00e9rales \u00e0 un niveau sup\u00e9rieur\u2026\u00bb<\/em>.&nbsp; Les projets de rencontres pr\u00e9conis\u00e9es par LEGISPORT dans les diff\u00e9rents sports \u00e0 l\u2019occasion de la \u00ab journ\u00e9e franco-allemande \u00bb s\u2019affirme comme une piste int\u00e9ressante qui ne demande qu&rsquo;\u00e0 germer. Des lieux symboliques sont propices \u00e0 ces \u00e9changes comme les villes jumel\u00e9es (les premi\u00e8res furent en 1950, Montb\u00e9liard et Ludwigsburg), les villes fronti\u00e8res. <em>\u00ab Bien qu\u2019absent des trait\u00e9s franco-allemands, le sport a toute sa place dans la coop\u00e9ration franco-allemande. Son r\u00f4le est appel\u00e9 \u00e0 cro\u00eetre dans les ann\u00e9es \u00e0 venir \u00bb<\/em>, nous expliquait r\u00e9cemment Ya\u00ebl Braun-Pivet, Pr\u00e9sidente de l\u2019Assembl\u00e9e Nationale.&nbsp;<\/p>\n\n\n\n<p>Dans le texte m\u00eame du Trait\u00e9 entre la France et la Pologne pour une coop\u00e9ration et une amiti\u00e9 renforc\u00e9es, sign\u00e9 entre le Pr\u00e9sident fran\u00e7ais Emmanuel Macron et le Premier ministre polonais Donald Tusk le 9 mai 2025, le sport trouve sa place. L\u2019article 13 pr\u00e9cise : <em>\u00ab&nbsp; Les Parties continueront \u00e0 coop\u00e9rer dans le domaine du sport, notamment en accueillant des athl\u00e8tes de haut niveau, &nbsp;en promouvant les valeurs sportives aupr\u00e8s de la jeune g\u00e9n\u00e9ration et en encourageant les principes de bonne gouvernance dans les organisations sportives&#8230; \u00bb<\/em>.&nbsp; Une initiative fort encourageante. N&rsquo;oublions pas le formidable parcours de la star des Bleus Raymond Kopa &#8211; de son vrai nom&nbsp;Raymond Kopaszewski <strong>&#8211;<\/strong>&nbsp;d&rsquo;origine polonaise, ou le combat en justice men\u00e9 par la basketteuse polonaise Lilia Malaja, interdite de jeu en France, qui a permis d\u2019\u00e9largir les fronti\u00e8res du sport en Europe.<\/p>\n\n\n\n<p>Me Serge Pautot, pr\u00e9sident de Legisport, n\u2019avait pas manqu\u00e9 lors du Colloque \u00ab Sport et M\u00e9diterran\u00e9e \u00bb de r\u00e9concilier divers acteurs du sport de l\u2019Egypte et d\u2019Alg\u00e9rie. Les d\u00e9bats avaient aussi permis le projet d\u2019organisation en Alg\u00e9rie de matches entre les s\u00e9lections fran\u00e7aise et alg\u00e9rienne, dont le football mais la situation actuelle ne permet pas de concr\u00e9tiser cette initiative alors que ces deux pays ont tant \u00e0 partager.<\/p>\n\n\n\n<p>La jeunesse doit s\u2019imposer comme un axe des relations bilat\u00e9rales. Le 1<sup>er<\/sup> juillet 2025, la ministre Marie Barsacq et son homologue italien Andrea Abodi ont copr\u00e9sid\u00e9 le second conseil pour la jeunesse \u00e0 Paris, s\u2019engageant \u00e0 renforcer la coop\u00e9ration bilat\u00e9rale. Le trait\u00e9 du Quirinal sign\u00e9 le 26 novembre 2021 entre le pr\u00e9sident du Conseil italien et le pr\u00e9sident de la R\u00e9publique fran\u00e7aise est toujours d\u2019actualit\u00e9.<\/p>\n\n\n\n<p>Pourquoi ne pas cr\u00e9er \u00e9galement un Office franco-britannique de la jeunesse \u00e0 l\u2019image de l\u2019Office franco-allemand ? Tant de jeunes fran\u00e7ais et fran\u00e7aises vont en Angleterre apprendre la langue de Shakespeare\u2026 Le sport pourrait l\u00e0 \u00e9galement \u00eatre un vecteur de rassemblement.&nbsp;Il y a l\u00e0 tant de terrains favorables pour avancer plus vite, porter nos valeurs plus haut et nous resserrer nos liens.<\/p>\n\n\n\n<p><strong>Cette tribune a \u00e9t\u00e9 publi\u00e9e dans le quotidien LA PROVENCE le dimanche 9 novembre 2025<\/strong><\/p>\n","protected":false},"excerpt":{"rendered":"<p>Tribune de Me Michel Pautot, r\u00e9dacteur en chef de LEGISPORT, avocat Les relations bilat\u00e9rales n\u2019ont pas d\u2019\u00e9quivalent, le sport m\u00e9rite d\u2019y prendre sa place. D\u2019abord sur les terrains. Lors des grandes comp\u00e9titions internationales, l\u2019intensit\u00e9 des matches de football entre la France et l\u2019Allemagneen t\u00e9moigne. A S\u00e9ville en 1982, \u00e0 l\u2019occasion du Mondial, la dramaturgie de [&hellip;]<\/p>\n","protected":false},"author":1,"featured_media":0,"comment_status":"closed","ping_status":"open","sticky":false,"template":"","format":"standard","meta":{"footnotes":""},"categories":[1],"tags":[],"class_list":["post-3703","post","type-post","status-publish","format-standard","hentry","category-uncategorized","basic-color-border"],"yoast_head":"<!-- This site is optimized with the Yoast SEO plugin v17.4 - https:\/\/yoast.com\/wordpress\/plugins\/seo\/ -->\n<meta name=\"robots\" content=\"index, follow, max-snippet:-1, max-image-preview:large, max-video-preview:-1\" \/>\n<link rel=\"canonical\" href=\"https:\/\/legisport.com\/index.php\/2025\/11\/19\/plus-de-sport-pour-plus-de-liens-entre-les-nations\/\" \/>\n<meta property=\"og:locale\" content=\"fr_FR\" \/>\n<meta property=\"og:type\" content=\"article\" \/>\n<meta property=\"og:title\" content=\"Plus de sport pour plus de liens entre les nations - legisport\" \/>\n<meta property=\"og:description\" content=\"Tribune de Me Michel Pautot, r\u00e9dacteur en chef de LEGISPORT, avocat Les relations bilat\u00e9rales n\u2019ont pas d\u2019\u00e9quivalent, le sport m\u00e9rite d\u2019y prendre sa place. D\u2019abord sur les terrains. Lors des grandes comp\u00e9titions internationales, l\u2019intensit\u00e9 des matches de football entre la France et l\u2019Allemagneen t\u00e9moigne. A S\u00e9ville en 1982, \u00e0 l\u2019occasion du Mondial, la dramaturgie de [&hellip;]\" \/>\n<meta property=\"og:url\" content=\"https:\/\/legisport.com\/index.php\/2025\/11\/19\/plus-de-sport-pour-plus-de-liens-entre-les-nations\/\" \/>\n<meta property=\"og:site_name\" content=\"legisport\" \/>\n<meta property=\"article:published_time\" content=\"2025-11-19T21:27:32+00:00\" \/>\n<meta property=\"article:modified_time\" content=\"2025-11-19T21:33:26+00:00\" \/>\n<meta property=\"og:image\" content=\"https:\/\/legisport.com\/wp-content\/uploads\/2025\/11\/Michel-Pautot-DROITDUSPORT-628x1024.jpg\" \/>\n<meta name=\"twitter:card\" content=\"summary_large_image\" \/>\n<meta name=\"twitter:label1\" content=\"\u00c9crit par\" \/>\n\t<meta name=\"twitter:data1\" content=\"admin8312\" \/>\n\t<meta name=\"twitter:label2\" content=\"Dur\u00e9e de lecture est.\" \/>\n\t<meta name=\"twitter:data2\" content=\"3 minutes\" \/>\n<script type=\"application\/ld+json\" class=\"yoast-schema-graph\">{\"@context\":\"https:\/\/schema.org\",\"@graph\":[{\"@type\":\"WebSite\",\"@id\":\"https:\/\/legisport.com\/#website\",\"url\":\"https:\/\/legisport.com\/\",\"name\":\"legisport\",\"description\":\"1991 : fondation de LEGISPORT. 1996 : lancement du bulletin d&#039;informations juridiques sportives LEGISPORT. Tout sur le droit du sport.\",\"potentialAction\":[{\"@type\":\"SearchAction\",\"target\":{\"@type\":\"EntryPoint\",\"urlTemplate\":\"https:\/\/legisport.com\/?s={search_term_string}\"},\"query-input\":\"required name=search_term_string\"}],\"inLanguage\":\"fr-FR\"},{\"@type\":\"ImageObject\",\"@id\":\"https:\/\/legisport.com\/index.php\/2025\/11\/19\/plus-de-sport-pour-plus-de-liens-entre-les-nations\/#primaryimage\",\"inLanguage\":\"fr-FR\",\"url\":\"https:\/\/legisport.com\/wp-content\/uploads\/2025\/11\/Michel-Pautot-DROITDUSPORT.jpg\",\"contentUrl\":\"https:\/\/legisport.com\/wp-content\/uploads\/2025\/11\/Michel-Pautot-DROITDUSPORT.jpg\",\"width\":1408,\"height\":2296},{\"@type\":\"WebPage\",\"@id\":\"https:\/\/legisport.com\/index.php\/2025\/11\/19\/plus-de-sport-pour-plus-de-liens-entre-les-nations\/#webpage\",\"url\":\"https:\/\/legisport.com\/index.php\/2025\/11\/19\/plus-de-sport-pour-plus-de-liens-entre-les-nations\/\",\"name\":\"Plus de sport pour plus de liens entre les nations - legisport\",\"isPartOf\":{\"@id\":\"https:\/\/legisport.com\/#website\"},\"primaryImageOfPage\":{\"@id\":\"https:\/\/legisport.com\/index.php\/2025\/11\/19\/plus-de-sport-pour-plus-de-liens-entre-les-nations\/#primaryimage\"},\"datePublished\":\"2025-11-19T21:27:32+00:00\",\"dateModified\":\"2025-11-19T21:33:26+00:00\",\"author\":{\"@id\":\"https:\/\/legisport.com\/#\/schema\/person\/abccfb880c12073a27d7cb433cf39cf2\"},\"breadcrumb\":{\"@id\":\"https:\/\/legisport.com\/index.php\/2025\/11\/19\/plus-de-sport-pour-plus-de-liens-entre-les-nations\/#breadcrumb\"},\"inLanguage\":\"fr-FR\",\"potentialAction\":[{\"@type\":\"ReadAction\",\"target\":[\"https:\/\/legisport.com\/index.php\/2025\/11\/19\/plus-de-sport-pour-plus-de-liens-entre-les-nations\/\"]}]},{\"@type\":\"BreadcrumbList\",\"@id\":\"https:\/\/legisport.com\/index.php\/2025\/11\/19\/plus-de-sport-pour-plus-de-liens-entre-les-nations\/#breadcrumb\",\"itemListElement\":[{\"@type\":\"ListItem\",\"position\":1,\"name\":\"Accueil\",\"item\":\"https:\/\/legisport.com\/\"},{\"@type\":\"ListItem\",\"position\":2,\"name\":\"Plus de sport pour plus de liens entre les nations\"}]},{\"@type\":\"Person\",\"@id\":\"https:\/\/legisport.com\/#\/schema\/person\/abccfb880c12073a27d7cb433cf39cf2\",\"name\":\"admin8312\",\"image\":{\"@type\":\"ImageObject\",\"@id\":\"https:\/\/legisport.com\/#personlogo\",\"inLanguage\":\"fr-FR\",\"url\":\"https:\/\/secure.gravatar.com\/avatar\/1e990537051617f93586bce114145ae0ff87fb7f69693d7eea4b09eb39a38ee0?s=96&d=mm&r=g\",\"contentUrl\":\"https:\/\/secure.gravatar.com\/avatar\/1e990537051617f93586bce114145ae0ff87fb7f69693d7eea4b09eb39a38ee0?s=96&d=mm&r=g\",\"caption\":\"admin8312\"},\"url\":\"https:\/\/legisport.com\/index.php\/author\/admin8312\/\"}]}<\/script>\n<!-- \/ Yoast SEO plugin. -->","yoast_head_json":{"robots":{"index":"index","follow":"follow","max-snippet":"max-snippet:-1","max-image-preview":"max-image-preview:large","max-video-preview":"max-video-preview:-1"},"canonical":"https:\/\/legisport.com\/index.php\/2025\/11\/19\/plus-de-sport-pour-plus-de-liens-entre-les-nations\/","og_locale":"fr_FR","og_type":"article","og_title":"Plus de sport pour plus de liens entre les nations - legisport","og_description":"Tribune de Me Michel Pautot, r\u00e9dacteur en chef de LEGISPORT, avocat Les relations bilat\u00e9rales n\u2019ont pas d\u2019\u00e9quivalent, le sport m\u00e9rite d\u2019y prendre sa place. D\u2019abord sur les terrains. Lors des grandes comp\u00e9titions internationales, l\u2019intensit\u00e9 des matches de football entre la France et l\u2019Allemagneen t\u00e9moigne. A S\u00e9ville en 1982, \u00e0 l\u2019occasion du Mondial, la dramaturgie de [&hellip;]","og_url":"https:\/\/legisport.com\/index.php\/2025\/11\/19\/plus-de-sport-pour-plus-de-liens-entre-les-nations\/","og_site_name":"legisport","article_published_time":"2025-11-19T21:27:32+00:00","article_modified_time":"2025-11-19T21:33:26+00:00","og_image":[{"url":"https:\/\/legisport.com\/wp-content\/uploads\/2025\/11\/Michel-Pautot-DROITDUSPORT-628x1024.jpg"}],"twitter_card":"summary_large_image","twitter_misc":{"\u00c9crit par":"admin8312","Dur\u00e9e de lecture est.":"3 minutes"},"schema":{"@context":"https:\/\/schema.org","@graph":[{"@type":"WebSite","@id":"https:\/\/legisport.com\/#website","url":"https:\/\/legisport.com\/","name":"legisport","description":"1991 : fondation de LEGISPORT. 1996 : lancement du bulletin d&#039;informations juridiques sportives LEGISPORT. Tout sur le droit du sport.","potentialAction":[{"@type":"SearchAction","target":{"@type":"EntryPoint","urlTemplate":"https:\/\/legisport.com\/?s={search_term_string}"},"query-input":"required name=search_term_string"}],"inLanguage":"fr-FR"},{"@type":"ImageObject","@id":"https:\/\/legisport.com\/index.php\/2025\/11\/19\/plus-de-sport-pour-plus-de-liens-entre-les-nations\/#primaryimage","inLanguage":"fr-FR","url":"https:\/\/legisport.com\/wp-content\/uploads\/2025\/11\/Michel-Pautot-DROITDUSPORT.jpg","contentUrl":"https:\/\/legisport.com\/wp-content\/uploads\/2025\/11\/Michel-Pautot-DROITDUSPORT.jpg","width":1408,"height":2296},{"@type":"WebPage","@id":"https:\/\/legisport.com\/index.php\/2025\/11\/19\/plus-de-sport-pour-plus-de-liens-entre-les-nations\/#webpage","url":"https:\/\/legisport.com\/index.php\/2025\/11\/19\/plus-de-sport-pour-plus-de-liens-entre-les-nations\/","name":"Plus de sport pour plus de liens entre les nations - legisport","isPartOf":{"@id":"https:\/\/legisport.com\/#website"},"primaryImageOfPage":{"@id":"https:\/\/legisport.com\/index.php\/2025\/11\/19\/plus-de-sport-pour-plus-de-liens-entre-les-nations\/#primaryimage"},"datePublished":"2025-11-19T21:27:32+00:00","dateModified":"2025-11-19T21:33:26+00:00","author":{"@id":"https:\/\/legisport.com\/#\/schema\/person\/abccfb880c12073a27d7cb433cf39cf2"},"breadcrumb":{"@id":"https:\/\/legisport.com\/index.php\/2025\/11\/19\/plus-de-sport-pour-plus-de-liens-entre-les-nations\/#breadcrumb"},"inLanguage":"fr-FR","potentialAction":[{"@type":"ReadAction","target":["https:\/\/legisport.com\/index.php\/2025\/11\/19\/plus-de-sport-pour-plus-de-liens-entre-les-nations\/"]}]},{"@type":"BreadcrumbList","@id":"https:\/\/legisport.com\/index.php\/2025\/11\/19\/plus-de-sport-pour-plus-de-liens-entre-les-nations\/#breadcrumb","itemListElement":[{"@type":"ListItem","position":1,"name":"Accueil","item":"https:\/\/legisport.com\/"},{"@type":"ListItem","position":2,"name":"Plus de sport pour plus de liens entre les nations"}]},{"@type":"Person","@id":"https:\/\/legisport.com\/#\/schema\/person\/abccfb880c12073a27d7cb433cf39cf2","name":"admin8312","image":{"@type":"ImageObject","@id":"https:\/\/legisport.com\/#personlogo","inLanguage":"fr-FR","url":"https:\/\/secure.gravatar.com\/avatar\/1e990537051617f93586bce114145ae0ff87fb7f69693d7eea4b09eb39a38ee0?s=96&d=mm&r=g","contentUrl":"https:\/\/secure.gravatar.com\/avatar\/1e990537051617f93586bce114145ae0ff87fb7f69693d7eea4b09eb39a38ee0?s=96&d=mm&r=g","caption":"admin8312"},"url":"https:\/\/legisport.com\/index.php\/author\/admin8312\/"}]}},"_links":{"self":[{"href":"https:\/\/legisport.com\/index.php\/wp-json\/wp\/v2\/posts\/3703","targetHints":{"allow":["GET"]}}],"collection":[{"href":"https:\/\/legisport.com\/index.php\/wp-json\/wp\/v2\/posts"}],"about":[{"href":"https:\/\/legisport.com\/index.php\/wp-json\/wp\/v2\/types\/post"}],"author":[{"embeddable":true,"href":"https:\/\/legisport.com\/index.php\/wp-json\/wp\/v2\/users\/1"}],"replies":[{"embeddable":true,"href":"https:\/\/legisport.com\/index.php\/wp-json\/wp\/v2\/comments?post=3703"}],"version-history":[{"count":3,"href":"https:\/\/legisport.com\/index.php\/wp-json\/wp\/v2\/posts\/3703\/revisions"}],"predecessor-version":[{"id":3707,"href":"https:\/\/legisport.com\/index.php\/wp-json\/wp\/v2\/posts\/3703\/revisions\/3707"}],"wp:attachment":[{"href":"https:\/\/legisport.com\/index.php\/wp-json\/wp\/v2\/media?parent=3703"}],"wp:term":[{"taxonomy":"category","embeddable":true,"href":"https:\/\/legisport.com\/index.php\/wp-json\/wp\/v2\/categories?post=3703"},{"taxonomy":"post_tag","embeddable":true,"href":"https:\/\/legisport.com\/index.php\/wp-json\/wp\/v2\/tags?post=3703"}],"curies":[{"name":"wp","href":"https:\/\/api.w.org\/{rel}","templated":true}]}}