{"id":3701,"date":"2025-11-19T12:02:43","date_gmt":"2025-11-19T11:02:43","guid":{"rendered":"https:\/\/legisport.com\/?p=3701"},"modified":"2025-11-19T12:02:52","modified_gmt":"2025-11-19T11:02:52","slug":"municipales-ne-pas-oublier-le-sport","status":"publish","type":"post","link":"https:\/\/legisport.com\/index.php\/2025\/11\/19\/municipales-ne-pas-oublier-le-sport\/","title":{"rendered":"Municipales : ne pas oublier le sport !"},"content":{"rendered":"\n<p><em>\u00ab\u00a0Le sport ne doit pas \u00eatre le grand oubli\u00e9 des \u00e9lections municipales\u00a0\u00bb,<\/em> ont soulign\u00e9 Monsieur Jo\u00ebl Broquet, Pr\u00e9sident du think thank CARREFOUR DES ACTEURS SOCIAUX et Me Michel Pautot, avocat au barreau de Marseille et r\u00e9dacteur en chef de LEGISPORT dans une conf\u00e9rence le 19 novembre 2025 \u00e0 Paris.<\/p>\n\n\n\n<p><em>\u00ab\u00a0Absent d\u00e9j\u00e0 des derni\u00e8res \u00e9lections pr\u00e9sidentielles alors que se profilait l&rsquo;organisation du si\u00e8cle en France, les Jeux Olympiques et Paralympiques 2024, le sport n&rsquo;a pas \u00e9t\u00e9 d\u00e9battu lors des derniers scrutins europ\u00e9en et l\u00e9gislatif. \u00a0Le sport ne doit pas \u00eatre d\u00e9connect\u00e9 des enjeux municipaux qui s&rsquo;annoncent alors qu&rsquo;il est un vecteur important de rapprochement, de communion, de sant\u00e9 et de d\u00e9veloppement. Il serait irresponsable de ne pas se positionner sur le sport, ses pratiques, son d\u00e9veloppement et ses \u00e9quipements alors m\u00eame\u00a0que les Jeux ont cr\u00e9\u00e9 un formidable \u00e9lan en faveur de la pratique sportive, sans cesse croissante\u00a0\u00bb<\/em>.<\/p>\n\n\n<div class=\"wp-block-image\">\n<figure class=\"aligncenter size-large\"><img loading=\"lazy\" decoding=\"async\" width=\"1024\" height=\"768\" src=\"https:\/\/legisport.com\/wp-content\/uploads\/2025\/11\/sportetcommunesMichelPautotJoelBroquet19novembre2025-1024x768.jpg\" alt=\"\" class=\"wp-image-3700\" srcset=\"https:\/\/legisport.com\/wp-content\/uploads\/2025\/11\/sportetcommunesMichelPautotJoelBroquet19novembre2025-1024x768.jpg 1024w, https:\/\/legisport.com\/wp-content\/uploads\/2025\/11\/sportetcommunesMichelPautotJoelBroquet19novembre2025-300x225.jpg 300w, https:\/\/legisport.com\/wp-content\/uploads\/2025\/11\/sportetcommunesMichelPautotJoelBroquet19novembre2025-768x576.jpg 768w, https:\/\/legisport.com\/wp-content\/uploads\/2025\/11\/sportetcommunesMichelPautotJoelBroquet19novembre2025.jpg 1156w\" sizes=\"auto, (max-width: 1024px) 100vw, 1024px\" \/><figcaption class=\"wp-element-caption\"><strong>Me Michel Pautot et M.Jo\u00ebl Broquet lors de la conf\u00e9rence<\/strong><\/figcaption><\/figure>\n<\/div>\n\n\n<p><em>\u00ab\u00a0Ces \u00e9lections (mars 2026) sont la prochaine \u00e9ch\u00e9ance d&rsquo;autant plus majeure qu&rsquo;au del\u00e0 de leurs comp\u00e9tences traditionnelles, les communes (et leur groupement) devront faire face aux nouveaux d\u00e9fis et se pencher sur la r\u00e9industrialisation des territoires, la promotion des repr\u00e9sentants de diasporas et du r\u00e9gionalisme, sans oublier la restauration du civisme par le biais des politiques de\u00a0 sant\u00e9 publique, sportive, m\u00e9morielle&#8230;et c&rsquo;est justement l\u00e0 que le sport prend\u00a0tout son sens car il est \u00e0 la crois\u00e9e des probl\u00e9matiques de sant\u00e9 publique, de pacification sociale, d&rsquo;\u00e9ducation civique et de citoyennet\u00e9\u00a0\u00bb<\/em>, a indiqu\u00e9 Jo\u00ebl Broquet, Pr\u00e9sident du CARREFOUR DES ACTEURS SOCIAUX.\u00a0<\/p>\n\n\n\n<p><em>\u00ab\u00a0Les politiques en faveur du sport doivent s&rsquo;adapter \u00e0 l&rsquo;\u00e9cologie et \u00e0 l&rsquo;intelligence artificielle et s&rsquo;intensifier dans tous les territoires quel que soit la taille des communes et personne ne doit \u00eatre exclu. Les \u00e9quipements sportifs sont au c\u0153ur des politiques sportives et sont en tr\u00e8s grande partie la propri\u00e9t\u00e9 des communes. Ils doivent \u00eatre renforc\u00e9s partout car sans \u00e9quipements sportifs, il n&rsquo;y a pas de sport\u00a0\u00bb<\/em>, a d\u00e9clar\u00e9 Me Michel Pautot, r\u00e9dacteur en chef de LEGISPORT.<\/p>\n\n\n\n<p><em>\u00a0\u00ab\u00a0Sport et communes sont indissociablement li\u00e9s, les \u00e9lections municipales ne peuvent pas \u00eatre muettes sur le sport\u00a0\u00bb<\/em>, ont conclu Jo\u00ebl Broquet et Michel Pautot.<\/p>\n","protected":false},"excerpt":{"rendered":"<p>\u00ab\u00a0Le sport ne doit pas \u00eatre le grand oubli\u00e9 des \u00e9lections municipales\u00a0\u00bb, ont soulign\u00e9 Monsieur Jo\u00ebl Broquet, Pr\u00e9sident du think thank CARREFOUR DES ACTEURS SOCIAUX et Me Michel Pautot, avocat au barreau de Marseille et r\u00e9dacteur en chef de LEGISPORT dans une conf\u00e9rence le 19 novembre 2025 \u00e0 Paris. \u00ab\u00a0Absent d\u00e9j\u00e0 des derni\u00e8res \u00e9lections pr\u00e9sidentielles [&hellip;]<\/p>\n","protected":false},"author":1,"featured_media":0,"comment_status":"closed","ping_status":"open","sticky":false,"template":"","format":"standard","meta":{"footnotes":""},"categories":[1],"tags":[],"class_list":["post-3701","post","type-post","status-publish","format-standard","hentry","category-uncategorized","basic-color-border"],"yoast_head":"<!-- This site is optimized with the Yoast SEO plugin v17.4 - https:\/\/yoast.com\/wordpress\/plugins\/seo\/ -->\n<meta name=\"robots\" content=\"index, follow, max-snippet:-1, max-image-preview:large, max-video-preview:-1\" \/>\n<link rel=\"canonical\" href=\"https:\/\/legisport.com\/index.php\/2025\/11\/19\/municipales-ne-pas-oublier-le-sport\/\" \/>\n<meta property=\"og:locale\" content=\"fr_FR\" \/>\n<meta property=\"og:type\" content=\"article\" \/>\n<meta property=\"og:title\" content=\"Municipales : ne pas oublier le sport ! - legisport\" \/>\n<meta property=\"og:description\" content=\"\u00ab\u00a0Le sport ne doit pas \u00eatre le grand oubli\u00e9 des \u00e9lections municipales\u00a0\u00bb, ont soulign\u00e9 Monsieur Jo\u00ebl Broquet, Pr\u00e9sident du think thank CARREFOUR DES ACTEURS SOCIAUX et Me Michel Pautot, avocat au barreau de Marseille et r\u00e9dacteur en chef de LEGISPORT dans une conf\u00e9rence le 19 novembre 2025 \u00e0 Paris. \u00ab\u00a0Absent d\u00e9j\u00e0 des derni\u00e8res \u00e9lections pr\u00e9sidentielles [&hellip;]\" \/>\n<meta property=\"og:url\" content=\"https:\/\/legisport.com\/index.php\/2025\/11\/19\/municipales-ne-pas-oublier-le-sport\/\" \/>\n<meta property=\"og:site_name\" content=\"legisport\" \/>\n<meta property=\"article:published_time\" content=\"2025-11-19T11:02:43+00:00\" \/>\n<meta property=\"article:modified_time\" content=\"2025-11-19T11:02:52+00:00\" \/>\n<meta property=\"og:image\" content=\"https:\/\/legisport.com\/wp-content\/uploads\/2025\/11\/sportetcommunesMichelPautotJoelBroquet19novembre2025-1024x768.jpg\" \/>\n<meta name=\"twitter:card\" content=\"summary_large_image\" \/>\n<meta name=\"twitter:label1\" content=\"\u00c9crit par\" \/>\n\t<meta name=\"twitter:data1\" content=\"admin8312\" \/>\n\t<meta name=\"twitter:label2\" content=\"Dur\u00e9e de lecture est.\" \/>\n\t<meta name=\"twitter:data2\" content=\"2 minutes\" \/>\n<script type=\"application\/ld+json\" class=\"yoast-schema-graph\">{\"@context\":\"https:\/\/schema.org\",\"@graph\":[{\"@type\":\"WebSite\",\"@id\":\"https:\/\/legisport.com\/#website\",\"url\":\"https:\/\/legisport.com\/\",\"name\":\"legisport\",\"description\":\"1991 : fondation de LEGISPORT. 1996 : lancement du bulletin d&#039;informations juridiques sportives LEGISPORT. Tout sur le droit du sport.\",\"potentialAction\":[{\"@type\":\"SearchAction\",\"target\":{\"@type\":\"EntryPoint\",\"urlTemplate\":\"https:\/\/legisport.com\/?s={search_term_string}\"},\"query-input\":\"required name=search_term_string\"}],\"inLanguage\":\"fr-FR\"},{\"@type\":\"ImageObject\",\"@id\":\"https:\/\/legisport.com\/index.php\/2025\/11\/19\/municipales-ne-pas-oublier-le-sport\/#primaryimage\",\"inLanguage\":\"fr-FR\",\"url\":\"https:\/\/legisport.com\/wp-content\/uploads\/2025\/11\/sportetcommunesMichelPautotJoelBroquet19novembre2025.jpg\",\"contentUrl\":\"https:\/\/legisport.com\/wp-content\/uploads\/2025\/11\/sportetcommunesMichelPautotJoelBroquet19novembre2025.jpg\",\"width\":1156,\"height\":867},{\"@type\":\"WebPage\",\"@id\":\"https:\/\/legisport.com\/index.php\/2025\/11\/19\/municipales-ne-pas-oublier-le-sport\/#webpage\",\"url\":\"https:\/\/legisport.com\/index.php\/2025\/11\/19\/municipales-ne-pas-oublier-le-sport\/\",\"name\":\"Municipales : ne pas oublier le sport ! - legisport\",\"isPartOf\":{\"@id\":\"https:\/\/legisport.com\/#website\"},\"primaryImageOfPage\":{\"@id\":\"https:\/\/legisport.com\/index.php\/2025\/11\/19\/municipales-ne-pas-oublier-le-sport\/#primaryimage\"},\"datePublished\":\"2025-11-19T11:02:43+00:00\",\"dateModified\":\"2025-11-19T11:02:52+00:00\",\"author\":{\"@id\":\"https:\/\/legisport.com\/#\/schema\/person\/abccfb880c12073a27d7cb433cf39cf2\"},\"breadcrumb\":{\"@id\":\"https:\/\/legisport.com\/index.php\/2025\/11\/19\/municipales-ne-pas-oublier-le-sport\/#breadcrumb\"},\"inLanguage\":\"fr-FR\",\"potentialAction\":[{\"@type\":\"ReadAction\",\"target\":[\"https:\/\/legisport.com\/index.php\/2025\/11\/19\/municipales-ne-pas-oublier-le-sport\/\"]}]},{\"@type\":\"BreadcrumbList\",\"@id\":\"https:\/\/legisport.com\/index.php\/2025\/11\/19\/municipales-ne-pas-oublier-le-sport\/#breadcrumb\",\"itemListElement\":[{\"@type\":\"ListItem\",\"position\":1,\"name\":\"Accueil\",\"item\":\"https:\/\/legisport.com\/\"},{\"@type\":\"ListItem\",\"position\":2,\"name\":\"Municipales : ne pas oublier le sport !\"}]},{\"@type\":\"Person\",\"@id\":\"https:\/\/legisport.com\/#\/schema\/person\/abccfb880c12073a27d7cb433cf39cf2\",\"name\":\"admin8312\",\"image\":{\"@type\":\"ImageObject\",\"@id\":\"https:\/\/legisport.com\/#personlogo\",\"inLanguage\":\"fr-FR\",\"url\":\"https:\/\/secure.gravatar.com\/avatar\/1e990537051617f93586bce114145ae0ff87fb7f69693d7eea4b09eb39a38ee0?s=96&d=mm&r=g\",\"contentUrl\":\"https:\/\/secure.gravatar.com\/avatar\/1e990537051617f93586bce114145ae0ff87fb7f69693d7eea4b09eb39a38ee0?s=96&d=mm&r=g\",\"caption\":\"admin8312\"},\"url\":\"https:\/\/legisport.com\/index.php\/author\/admin8312\/\"}]}<\/script>\n<!-- \/ Yoast SEO plugin. -->","yoast_head_json":{"robots":{"index":"index","follow":"follow","max-snippet":"max-snippet:-1","max-image-preview":"max-image-preview:large","max-video-preview":"max-video-preview:-1"},"canonical":"https:\/\/legisport.com\/index.php\/2025\/11\/19\/municipales-ne-pas-oublier-le-sport\/","og_locale":"fr_FR","og_type":"article","og_title":"Municipales : ne pas oublier le sport ! - legisport","og_description":"\u00ab\u00a0Le sport ne doit pas \u00eatre le grand oubli\u00e9 des \u00e9lections municipales\u00a0\u00bb, ont soulign\u00e9 Monsieur Jo\u00ebl Broquet, Pr\u00e9sident du think thank CARREFOUR DES ACTEURS SOCIAUX et Me Michel Pautot, avocat au barreau de Marseille et r\u00e9dacteur en chef de LEGISPORT dans une conf\u00e9rence le 19 novembre 2025 \u00e0 Paris. \u00ab\u00a0Absent d\u00e9j\u00e0 des derni\u00e8res \u00e9lections pr\u00e9sidentielles [&hellip;]","og_url":"https:\/\/legisport.com\/index.php\/2025\/11\/19\/municipales-ne-pas-oublier-le-sport\/","og_site_name":"legisport","article_published_time":"2025-11-19T11:02:43+00:00","article_modified_time":"2025-11-19T11:02:52+00:00","og_image":[{"url":"https:\/\/legisport.com\/wp-content\/uploads\/2025\/11\/sportetcommunesMichelPautotJoelBroquet19novembre2025-1024x768.jpg"}],"twitter_card":"summary_large_image","twitter_misc":{"\u00c9crit par":"admin8312","Dur\u00e9e de lecture est.":"2 minutes"},"schema":{"@context":"https:\/\/schema.org","@graph":[{"@type":"WebSite","@id":"https:\/\/legisport.com\/#website","url":"https:\/\/legisport.com\/","name":"legisport","description":"1991 : fondation de LEGISPORT. 1996 : lancement du bulletin d&#039;informations juridiques sportives LEGISPORT. Tout sur le droit du sport.","potentialAction":[{"@type":"SearchAction","target":{"@type":"EntryPoint","urlTemplate":"https:\/\/legisport.com\/?s={search_term_string}"},"query-input":"required name=search_term_string"}],"inLanguage":"fr-FR"},{"@type":"ImageObject","@id":"https:\/\/legisport.com\/index.php\/2025\/11\/19\/municipales-ne-pas-oublier-le-sport\/#primaryimage","inLanguage":"fr-FR","url":"https:\/\/legisport.com\/wp-content\/uploads\/2025\/11\/sportetcommunesMichelPautotJoelBroquet19novembre2025.jpg","contentUrl":"https:\/\/legisport.com\/wp-content\/uploads\/2025\/11\/sportetcommunesMichelPautotJoelBroquet19novembre2025.jpg","width":1156,"height":867},{"@type":"WebPage","@id":"https:\/\/legisport.com\/index.php\/2025\/11\/19\/municipales-ne-pas-oublier-le-sport\/#webpage","url":"https:\/\/legisport.com\/index.php\/2025\/11\/19\/municipales-ne-pas-oublier-le-sport\/","name":"Municipales : ne pas oublier le sport ! - legisport","isPartOf":{"@id":"https:\/\/legisport.com\/#website"},"primaryImageOfPage":{"@id":"https:\/\/legisport.com\/index.php\/2025\/11\/19\/municipales-ne-pas-oublier-le-sport\/#primaryimage"},"datePublished":"2025-11-19T11:02:43+00:00","dateModified":"2025-11-19T11:02:52+00:00","author":{"@id":"https:\/\/legisport.com\/#\/schema\/person\/abccfb880c12073a27d7cb433cf39cf2"},"breadcrumb":{"@id":"https:\/\/legisport.com\/index.php\/2025\/11\/19\/municipales-ne-pas-oublier-le-sport\/#breadcrumb"},"inLanguage":"fr-FR","potentialAction":[{"@type":"ReadAction","target":["https:\/\/legisport.com\/index.php\/2025\/11\/19\/municipales-ne-pas-oublier-le-sport\/"]}]},{"@type":"BreadcrumbList","@id":"https:\/\/legisport.com\/index.php\/2025\/11\/19\/municipales-ne-pas-oublier-le-sport\/#breadcrumb","itemListElement":[{"@type":"ListItem","position":1,"name":"Accueil","item":"https:\/\/legisport.com\/"},{"@type":"ListItem","position":2,"name":"Municipales : ne pas oublier le sport !"}]},{"@type":"Person","@id":"https:\/\/legisport.com\/#\/schema\/person\/abccfb880c12073a27d7cb433cf39cf2","name":"admin8312","image":{"@type":"ImageObject","@id":"https:\/\/legisport.com\/#personlogo","inLanguage":"fr-FR","url":"https:\/\/secure.gravatar.com\/avatar\/1e990537051617f93586bce114145ae0ff87fb7f69693d7eea4b09eb39a38ee0?s=96&d=mm&r=g","contentUrl":"https:\/\/secure.gravatar.com\/avatar\/1e990537051617f93586bce114145ae0ff87fb7f69693d7eea4b09eb39a38ee0?s=96&d=mm&r=g","caption":"admin8312"},"url":"https:\/\/legisport.com\/index.php\/author\/admin8312\/"}]}},"_links":{"self":[{"href":"https:\/\/legisport.com\/index.php\/wp-json\/wp\/v2\/posts\/3701","targetHints":{"allow":["GET"]}}],"collection":[{"href":"https:\/\/legisport.com\/index.php\/wp-json\/wp\/v2\/posts"}],"about":[{"href":"https:\/\/legisport.com\/index.php\/wp-json\/wp\/v2\/types\/post"}],"author":[{"embeddable":true,"href":"https:\/\/legisport.com\/index.php\/wp-json\/wp\/v2\/users\/1"}],"replies":[{"embeddable":true,"href":"https:\/\/legisport.com\/index.php\/wp-json\/wp\/v2\/comments?post=3701"}],"version-history":[{"count":1,"href":"https:\/\/legisport.com\/index.php\/wp-json\/wp\/v2\/posts\/3701\/revisions"}],"predecessor-version":[{"id":3702,"href":"https:\/\/legisport.com\/index.php\/wp-json\/wp\/v2\/posts\/3701\/revisions\/3702"}],"wp:attachment":[{"href":"https:\/\/legisport.com\/index.php\/wp-json\/wp\/v2\/media?parent=3701"}],"wp:term":[{"taxonomy":"category","embeddable":true,"href":"https:\/\/legisport.com\/index.php\/wp-json\/wp\/v2\/categories?post=3701"},{"taxonomy":"post_tag","embeddable":true,"href":"https:\/\/legisport.com\/index.php\/wp-json\/wp\/v2\/tags?post=3701"}],"curies":[{"name":"wp","href":"https:\/\/api.w.org\/{rel}","templated":true}]}}