{"id":3388,"date":"2024-09-15T15:58:02","date_gmt":"2024-09-15T13:58:02","guid":{"rendered":"https:\/\/legisport.com\/?p=3388"},"modified":"2024-09-15T16:00:07","modified_gmt":"2024-09-15T14:00:07","slug":"coubertin-loublie-du-nobel-de-la-paix","status":"publish","type":"post","link":"https:\/\/legisport.com\/index.php\/2024\/09\/15\/coubertin-loublie-du-nobel-de-la-paix\/","title":{"rendered":"Coubertin, l&rsquo;oubli\u00e9 du Nobel de la Paix"},"content":{"rendered":"\n<p><strong>TRIBUNE DE ME MICHEL PAUTOT, AVOCAT, REDACTEUR EN CHEF DE LEGISPORT PUBLIEE DANS LE QUOTIDIEN \u00ab\u00a0LA PROVENCE\u00a0\u00bb LE 15 SEPTEMBRE 2024<\/strong><\/p>\n\n\n\n<p>Le monde a vibr\u00e9 au rythme des Jeux Olympiques de Paris face \u00e0 un monde de plus en plus bellig\u00e9rant.&nbsp;Le succ\u00e8s de ces Jeux a \u00e9t\u00e9 un pari gagn\u00e9 et \u00e9galement celui de l&rsquo;image de la paix et de la concorde. Gr\u00e2ce \u00e0 Pierre de Coubertin, le r\u00e9novateur des Jeux, nous avons assist\u00e9, une nouvelle fois, \u00e0 l\u2019\u00e9dification d\u2019un monde pacifique et meilleur gr\u00e2ce au sport et \u00e0 l\u2019id\u00e9al olympique.&nbsp; Quitte \u00e0 modifier les conditions d&rsquo;attribution, pourquoi ne pas attribuer \u00e0 Pierre de Coubertin le Prix Nobel de la Paix \u00e0 titre posthume ! Gr\u00e2ce \u00e0 lui, les Jeux ont&nbsp;permis aux peuples du monde entier de se rassembler, de se respecter mutuellement comme le proclame r\u00e9guli\u00e8rement la Charte du Comit\u00e9 International Olympique.<\/p>\n\n\n\n<p>Pour ceux qui en doutaient, la paix a toujours \u00e9t\u00e9 dans les g\u00eanes de l&rsquo;olympisme. Dans ses m\u00e9moires, Pierre de Coubertin indiquait : \u00ab\u00a0la noblesse des sentiments, le culte du d\u00e9sint\u00e9ressement et de l&rsquo;honneur, l&rsquo;esprit chevaleresque, l&rsquo;\u00e9nergie virile et la paix sont les premiers besoins des d\u00e9mocrates modernes\u00a0\u00bb. Le Pr\u00e9sident du Comit\u00e9 International Olympique Juan Antonio Samaranch, nous&nbsp; adressait il y a quelques ann\u00e9es un message de soutien en expliquant encore l&rsquo;essence de l&rsquo;olympisme :&nbsp; \u00ab\u00a0Conform\u00e9ment aux principes fondamentaux de la Charte olympique, le but de l\u2019olympisme est de mettre partout le sport au d\u00e9veloppement harmonieux de l&rsquo;homme en vue d&rsquo;encourager l\u2019\u00e9tablissement d\u2019une soci\u00e9t\u00e9 pacifique, soucieuse de pr\u00e9server la dignit\u00e9 humaine.&nbsp;Le mouvement olympique a pour but de contribuer \u00e0 b\u00e2tir un monde pacifique et meilleur&#8230;\u00a0\u00bb.<\/p>\n\n\n\n<p>Avec notre publication Legisport, nous avons lanc\u00e9 une p\u00e9tition en faveur de ce b\u00e2tisseur de la paix.&nbsp;&nbsp;Il est \u00e0 l&rsquo;origine de la r\u00e9novation des Jeux Olympiques dans son c\u00e9l\u00e8bre discours \u00e0 la Sorbonne le 16 juin 1894 et&nbsp; des anneaux olympiques, symbole d\u2019union et de concorde. Anneaux qui figurent sur le drapeau olympique qui, pour la premi\u00e8re fois, \u00e9tait d\u00e9voil\u00e9 lors des Jeux d\u2019Anvers 1920 (les \u00ab&nbsp;Jeux de la paix&nbsp;\u00bb).&nbsp; Ces anneaux symbolisent l\u2019union des &nbsp;cinq continents avec les couleurs&nbsp; : le bleu&nbsp;pour l\u2019Europe, le jaune pour l\u2019Asie, le noir&nbsp;pour l\u2019Afrique, le vert&nbsp;pour l\u2019Oc\u00e9anie et le rouge&nbsp;: l\u2019Am\u00e9rique.<\/p>\n\n\n\n<p>Au fil des d\u00e9cennies, le nombre de pays s\u2019est accru avec plus de 200 d\u00e9l\u00e9gations d\u2019athl\u00e8tes et la c\u00e9r\u00e9monie inaugurale des Jeux de Paris montrait combien le sport est rassembleur avec la procession de toutes ces d\u00e9l\u00e9gations sur la Seine, une innovation. La c\u00e9r\u00e9monie de cl\u00f4ture apportait \u00e0 merveille l\u2019esprit de paix et d\u2019union entre les peuples,&nbsp; les sportifs et sportives du monde entier en \u00e9tant tous les acteurs de la c\u00e9r\u00e9monie au Stade de France. Sans oublier les anneaux, chers au baron Pierre de Coubertin qui se sont \u00e9lev\u00e9s dans le ciel au-dessus de la repr\u00e9sentation des continents&nbsp;!&nbsp;Il ne pouvait pas y avoir plus belle image de paix. Le comte Jean de Beaumont, grand dirigeant du sport (pr\u00e9sident du comit\u00e9 olympique fran\u00e7ais et vice-pr\u00e9sident du comit\u00e9 international olympique) avait demand\u00e9 en 1968 le transfert de la d\u00e9pouille de Pierre de Coubertin au Panth\u00e9on. Cette demande n&rsquo;avait pas abouti. Aujourd\u2019hui, le temps est venu \u00e0 pr\u00e9sent d\u2019attribuer \u00e0 Pierre de Coubertin le Prix Nobel de la Paix \u00e0 titre posthume. Il m\u00e9rite cette reconnaissance qui est attribu\u00e9e aux grands hommes. Il conviendra alors de modifier les r\u00e8gles d&rsquo;attribution.<\/p>\n","protected":false},"excerpt":{"rendered":"<p>TRIBUNE DE ME MICHEL PAUTOT, AVOCAT, REDACTEUR EN CHEF DE LEGISPORT PUBLIEE DANS LE QUOTIDIEN \u00ab\u00a0LA PROVENCE\u00a0\u00bb LE 15 SEPTEMBRE 2024 Le monde a vibr\u00e9 au rythme des Jeux Olympiques de Paris face \u00e0 un monde de plus en plus bellig\u00e9rant.&nbsp;Le succ\u00e8s de ces Jeux a \u00e9t\u00e9 un pari gagn\u00e9 et \u00e9galement celui de l&rsquo;image [&hellip;]<\/p>\n","protected":false},"author":1,"featured_media":0,"comment_status":"closed","ping_status":"open","sticky":false,"template":"","format":"standard","meta":{"footnotes":""},"categories":[1],"tags":[],"class_list":["post-3388","post","type-post","status-publish","format-standard","hentry","category-uncategorized","basic-color-border"],"yoast_head":"<!-- This site is optimized with the Yoast SEO plugin v17.4 - https:\/\/yoast.com\/wordpress\/plugins\/seo\/ -->\n<meta name=\"robots\" content=\"index, follow, max-snippet:-1, max-image-preview:large, max-video-preview:-1\" \/>\n<link rel=\"canonical\" href=\"https:\/\/legisport.com\/index.php\/2024\/09\/15\/coubertin-loublie-du-nobel-de-la-paix\/\" \/>\n<meta property=\"og:locale\" content=\"fr_FR\" \/>\n<meta property=\"og:type\" content=\"article\" \/>\n<meta property=\"og:title\" content=\"Coubertin, l&#039;oubli\u00e9 du Nobel de la Paix - legisport\" \/>\n<meta property=\"og:description\" content=\"TRIBUNE DE ME MICHEL PAUTOT, AVOCAT, REDACTEUR EN CHEF DE LEGISPORT PUBLIEE DANS LE QUOTIDIEN \u00ab\u00a0LA PROVENCE\u00a0\u00bb LE 15 SEPTEMBRE 2024 Le monde a vibr\u00e9 au rythme des Jeux Olympiques de Paris face \u00e0 un monde de plus en plus bellig\u00e9rant.&nbsp;Le succ\u00e8s de ces Jeux a \u00e9t\u00e9 un pari gagn\u00e9 et \u00e9galement celui de l&rsquo;image [&hellip;]\" \/>\n<meta property=\"og:url\" content=\"https:\/\/legisport.com\/index.php\/2024\/09\/15\/coubertin-loublie-du-nobel-de-la-paix\/\" \/>\n<meta property=\"og:site_name\" content=\"legisport\" \/>\n<meta property=\"article:published_time\" content=\"2024-09-15T13:58:02+00:00\" \/>\n<meta property=\"article:modified_time\" content=\"2024-09-15T14:00:07+00:00\" \/>\n<meta name=\"twitter:card\" content=\"summary_large_image\" \/>\n<meta name=\"twitter:label1\" content=\"\u00c9crit par\" \/>\n\t<meta name=\"twitter:data1\" content=\"admin8312\" \/>\n\t<meta name=\"twitter:label2\" content=\"Dur\u00e9e de lecture est.\" \/>\n\t<meta name=\"twitter:data2\" content=\"3 minutes\" \/>\n<script type=\"application\/ld+json\" class=\"yoast-schema-graph\">{\"@context\":\"https:\/\/schema.org\",\"@graph\":[{\"@type\":\"WebSite\",\"@id\":\"https:\/\/legisport.com\/#website\",\"url\":\"https:\/\/legisport.com\/\",\"name\":\"legisport\",\"description\":\"1991 : fondation de LEGISPORT. 1996 : lancement du bulletin d&#039;informations juridiques sportives LEGISPORT. Tout sur le droit du sport.\",\"potentialAction\":[{\"@type\":\"SearchAction\",\"target\":{\"@type\":\"EntryPoint\",\"urlTemplate\":\"https:\/\/legisport.com\/?s={search_term_string}\"},\"query-input\":\"required name=search_term_string\"}],\"inLanguage\":\"fr-FR\"},{\"@type\":\"WebPage\",\"@id\":\"https:\/\/legisport.com\/index.php\/2024\/09\/15\/coubertin-loublie-du-nobel-de-la-paix\/#webpage\",\"url\":\"https:\/\/legisport.com\/index.php\/2024\/09\/15\/coubertin-loublie-du-nobel-de-la-paix\/\",\"name\":\"Coubertin, l'oubli\\u00e9 du Nobel de la Paix - legisport\",\"isPartOf\":{\"@id\":\"https:\/\/legisport.com\/#website\"},\"datePublished\":\"2024-09-15T13:58:02+00:00\",\"dateModified\":\"2024-09-15T14:00:07+00:00\",\"author\":{\"@id\":\"https:\/\/legisport.com\/#\/schema\/person\/abccfb880c12073a27d7cb433cf39cf2\"},\"breadcrumb\":{\"@id\":\"https:\/\/legisport.com\/index.php\/2024\/09\/15\/coubertin-loublie-du-nobel-de-la-paix\/#breadcrumb\"},\"inLanguage\":\"fr-FR\",\"potentialAction\":[{\"@type\":\"ReadAction\",\"target\":[\"https:\/\/legisport.com\/index.php\/2024\/09\/15\/coubertin-loublie-du-nobel-de-la-paix\/\"]}]},{\"@type\":\"BreadcrumbList\",\"@id\":\"https:\/\/legisport.com\/index.php\/2024\/09\/15\/coubertin-loublie-du-nobel-de-la-paix\/#breadcrumb\",\"itemListElement\":[{\"@type\":\"ListItem\",\"position\":1,\"name\":\"Accueil\",\"item\":\"https:\/\/legisport.com\/\"},{\"@type\":\"ListItem\",\"position\":2,\"name\":\"Coubertin, l&rsquo;oubli\\u00e9 du Nobel de la Paix\"}]},{\"@type\":\"Person\",\"@id\":\"https:\/\/legisport.com\/#\/schema\/person\/abccfb880c12073a27d7cb433cf39cf2\",\"name\":\"admin8312\",\"image\":{\"@type\":\"ImageObject\",\"@id\":\"https:\/\/legisport.com\/#personlogo\",\"inLanguage\":\"fr-FR\",\"url\":\"https:\/\/secure.gravatar.com\/avatar\/1e990537051617f93586bce114145ae0ff87fb7f69693d7eea4b09eb39a38ee0?s=96&d=mm&r=g\",\"contentUrl\":\"https:\/\/secure.gravatar.com\/avatar\/1e990537051617f93586bce114145ae0ff87fb7f69693d7eea4b09eb39a38ee0?s=96&d=mm&r=g\",\"caption\":\"admin8312\"},\"url\":\"https:\/\/legisport.com\/index.php\/author\/admin8312\/\"}]}<\/script>\n<!-- \/ Yoast SEO plugin. -->","yoast_head_json":{"robots":{"index":"index","follow":"follow","max-snippet":"max-snippet:-1","max-image-preview":"max-image-preview:large","max-video-preview":"max-video-preview:-1"},"canonical":"https:\/\/legisport.com\/index.php\/2024\/09\/15\/coubertin-loublie-du-nobel-de-la-paix\/","og_locale":"fr_FR","og_type":"article","og_title":"Coubertin, l'oubli\u00e9 du Nobel de la Paix - legisport","og_description":"TRIBUNE DE ME MICHEL PAUTOT, AVOCAT, REDACTEUR EN CHEF DE LEGISPORT PUBLIEE DANS LE QUOTIDIEN \u00ab\u00a0LA PROVENCE\u00a0\u00bb LE 15 SEPTEMBRE 2024 Le monde a vibr\u00e9 au rythme des Jeux Olympiques de Paris face \u00e0 un monde de plus en plus bellig\u00e9rant.&nbsp;Le succ\u00e8s de ces Jeux a \u00e9t\u00e9 un pari gagn\u00e9 et \u00e9galement celui de l&rsquo;image [&hellip;]","og_url":"https:\/\/legisport.com\/index.php\/2024\/09\/15\/coubertin-loublie-du-nobel-de-la-paix\/","og_site_name":"legisport","article_published_time":"2024-09-15T13:58:02+00:00","article_modified_time":"2024-09-15T14:00:07+00:00","twitter_card":"summary_large_image","twitter_misc":{"\u00c9crit par":"admin8312","Dur\u00e9e de lecture est.":"3 minutes"},"schema":{"@context":"https:\/\/schema.org","@graph":[{"@type":"WebSite","@id":"https:\/\/legisport.com\/#website","url":"https:\/\/legisport.com\/","name":"legisport","description":"1991 : fondation de LEGISPORT. 1996 : lancement du bulletin d&#039;informations juridiques sportives LEGISPORT. Tout sur le droit du sport.","potentialAction":[{"@type":"SearchAction","target":{"@type":"EntryPoint","urlTemplate":"https:\/\/legisport.com\/?s={search_term_string}"},"query-input":"required name=search_term_string"}],"inLanguage":"fr-FR"},{"@type":"WebPage","@id":"https:\/\/legisport.com\/index.php\/2024\/09\/15\/coubertin-loublie-du-nobel-de-la-paix\/#webpage","url":"https:\/\/legisport.com\/index.php\/2024\/09\/15\/coubertin-loublie-du-nobel-de-la-paix\/","name":"Coubertin, l'oubli\u00e9 du Nobel de la Paix - legisport","isPartOf":{"@id":"https:\/\/legisport.com\/#website"},"datePublished":"2024-09-15T13:58:02+00:00","dateModified":"2024-09-15T14:00:07+00:00","author":{"@id":"https:\/\/legisport.com\/#\/schema\/person\/abccfb880c12073a27d7cb433cf39cf2"},"breadcrumb":{"@id":"https:\/\/legisport.com\/index.php\/2024\/09\/15\/coubertin-loublie-du-nobel-de-la-paix\/#breadcrumb"},"inLanguage":"fr-FR","potentialAction":[{"@type":"ReadAction","target":["https:\/\/legisport.com\/index.php\/2024\/09\/15\/coubertin-loublie-du-nobel-de-la-paix\/"]}]},{"@type":"BreadcrumbList","@id":"https:\/\/legisport.com\/index.php\/2024\/09\/15\/coubertin-loublie-du-nobel-de-la-paix\/#breadcrumb","itemListElement":[{"@type":"ListItem","position":1,"name":"Accueil","item":"https:\/\/legisport.com\/"},{"@type":"ListItem","position":2,"name":"Coubertin, l&rsquo;oubli\u00e9 du Nobel de la Paix"}]},{"@type":"Person","@id":"https:\/\/legisport.com\/#\/schema\/person\/abccfb880c12073a27d7cb433cf39cf2","name":"admin8312","image":{"@type":"ImageObject","@id":"https:\/\/legisport.com\/#personlogo","inLanguage":"fr-FR","url":"https:\/\/secure.gravatar.com\/avatar\/1e990537051617f93586bce114145ae0ff87fb7f69693d7eea4b09eb39a38ee0?s=96&d=mm&r=g","contentUrl":"https:\/\/secure.gravatar.com\/avatar\/1e990537051617f93586bce114145ae0ff87fb7f69693d7eea4b09eb39a38ee0?s=96&d=mm&r=g","caption":"admin8312"},"url":"https:\/\/legisport.com\/index.php\/author\/admin8312\/"}]}},"_links":{"self":[{"href":"https:\/\/legisport.com\/index.php\/wp-json\/wp\/v2\/posts\/3388","targetHints":{"allow":["GET"]}}],"collection":[{"href":"https:\/\/legisport.com\/index.php\/wp-json\/wp\/v2\/posts"}],"about":[{"href":"https:\/\/legisport.com\/index.php\/wp-json\/wp\/v2\/types\/post"}],"author":[{"embeddable":true,"href":"https:\/\/legisport.com\/index.php\/wp-json\/wp\/v2\/users\/1"}],"replies":[{"embeddable":true,"href":"https:\/\/legisport.com\/index.php\/wp-json\/wp\/v2\/comments?post=3388"}],"version-history":[{"count":2,"href":"https:\/\/legisport.com\/index.php\/wp-json\/wp\/v2\/posts\/3388\/revisions"}],"predecessor-version":[{"id":3390,"href":"https:\/\/legisport.com\/index.php\/wp-json\/wp\/v2\/posts\/3388\/revisions\/3390"}],"wp:attachment":[{"href":"https:\/\/legisport.com\/index.php\/wp-json\/wp\/v2\/media?parent=3388"}],"wp:term":[{"taxonomy":"category","embeddable":true,"href":"https:\/\/legisport.com\/index.php\/wp-json\/wp\/v2\/categories?post=3388"},{"taxonomy":"post_tag","embeddable":true,"href":"https:\/\/legisport.com\/index.php\/wp-json\/wp\/v2\/tags?post=3388"}],"curies":[{"name":"wp","href":"https:\/\/api.w.org\/{rel}","templated":true}]}}