{"id":3111,"date":"2024-01-14T16:08:23","date_gmt":"2024-01-14T15:08:23","guid":{"rendered":"https:\/\/legisport.com\/?p=3111"},"modified":"2024-01-14T16:12:12","modified_gmt":"2024-01-14T15:12:12","slug":"cours-sur-le-droit-social-du-sport","status":"publish","type":"post","link":"https:\/\/legisport.com\/index.php\/2024\/01\/14\/cours-sur-le-droit-social-du-sport\/","title":{"rendered":"Cours sur le droit social du sport"},"content":{"rendered":"\n<p>Le 8 janvier 2024, Michel Pautot, avocat au barreau de Marseille a fait cours \u00e0 la promotion Master 2 Droit du sport (Universit\u00e9 de Panth\u00e9on &#8211; Sorbonne) sur le droit social du sport et a d\u00e9taill\u00e9 le syndicalisme dans le sport, les conventions collectives, les contrats de travail et les fronti\u00e8res b\u00e9n\u00e9volat &#8211; salariat.<\/p>\n\n\n<div class=\"wp-block-image\">\n<figure class=\"aligncenter size-full\"><img loading=\"lazy\" decoding=\"async\" width=\"443\" height=\"223\" src=\"https:\/\/legisport.com\/wp-content\/uploads\/2024\/01\/coursdroitdusportdroitsocialdusportMichelPautot8janvier2024.jpg\" alt=\"\" class=\"wp-image-3113\" srcset=\"https:\/\/legisport.com\/wp-content\/uploads\/2024\/01\/coursdroitdusportdroitsocialdusportMichelPautot8janvier2024.jpg 443w, https:\/\/legisport.com\/wp-content\/uploads\/2024\/01\/coursdroitdusportdroitsocialdusportMichelPautot8janvier2024-300x151.jpg 300w, https:\/\/legisport.com\/wp-content\/uploads\/2024\/01\/coursdroitdusportdroitsocialdusportMichelPautot8janvier2024-400x200.jpg 400w\" sizes=\"auto, (max-width: 443px) 100vw, 443px\" \/><\/figure>\n<\/div>","protected":false},"excerpt":{"rendered":"<p>Le 8 janvier 2024, Michel Pautot, avocat au barreau de Marseille a fait cours \u00e0 la promotion Master 2 Droit du sport (Universit\u00e9 de Panth\u00e9on &#8211; Sorbonne) sur le droit social du sport et a d\u00e9taill\u00e9 le syndicalisme dans le sport, les conventions collectives, les contrats de travail et les fronti\u00e8res b\u00e9n\u00e9volat &#8211; salariat.<\/p>\n","protected":false},"author":1,"featured_media":0,"comment_status":"closed","ping_status":"open","sticky":false,"template":"","format":"standard","meta":{"footnotes":""},"categories":[1],"tags":[],"class_list":["post-3111","post","type-post","status-publish","format-standard","hentry","category-uncategorized","basic-color-border"],"yoast_head":"<!-- This site is optimized with the Yoast SEO plugin v17.4 - https:\/\/yoast.com\/wordpress\/plugins\/seo\/ -->\n<meta name=\"robots\" content=\"index, follow, max-snippet:-1, max-image-preview:large, max-video-preview:-1\" \/>\n<link rel=\"canonical\" href=\"https:\/\/legisport.com\/index.php\/2024\/01\/14\/cours-sur-le-droit-social-du-sport\/\" \/>\n<meta property=\"og:locale\" content=\"fr_FR\" \/>\n<meta property=\"og:type\" content=\"article\" \/>\n<meta property=\"og:title\" content=\"Cours sur le droit social du sport - legisport\" \/>\n<meta property=\"og:description\" content=\"Le 8 janvier 2024, Michel Pautot, avocat au barreau de Marseille a fait cours \u00e0 la promotion Master 2 Droit du sport (Universit\u00e9 de Panth\u00e9on &#8211; Sorbonne) sur le droit social du sport et a d\u00e9taill\u00e9 le syndicalisme dans le sport, les conventions collectives, les contrats de travail et les fronti\u00e8res b\u00e9n\u00e9volat &#8211; salariat.\" \/>\n<meta property=\"og:url\" content=\"https:\/\/legisport.com\/index.php\/2024\/01\/14\/cours-sur-le-droit-social-du-sport\/\" \/>\n<meta property=\"og:site_name\" content=\"legisport\" \/>\n<meta property=\"article:published_time\" content=\"2024-01-14T15:08:23+00:00\" \/>\n<meta property=\"article:modified_time\" content=\"2024-01-14T15:12:12+00:00\" \/>\n<meta property=\"og:image\" content=\"https:\/\/legisport.com\/wp-content\/uploads\/2024\/01\/coursdroitdusportdroitsocialdusportMichelPautot8janvier2024.jpg\" \/>\n<meta name=\"twitter:card\" content=\"summary_large_image\" \/>\n<meta name=\"twitter:label1\" content=\"\u00c9crit par\" \/>\n\t<meta name=\"twitter:data1\" content=\"admin8312\" \/>\n<script type=\"application\/ld+json\" class=\"yoast-schema-graph\">{\"@context\":\"https:\/\/schema.org\",\"@graph\":[{\"@type\":\"WebSite\",\"@id\":\"https:\/\/legisport.com\/#website\",\"url\":\"https:\/\/legisport.com\/\",\"name\":\"legisport\",\"description\":\"1991 : fondation de LEGISPORT. 1996 : lancement du bulletin d&#039;informations juridiques sportives LEGISPORT. Tout sur le droit du sport.\",\"potentialAction\":[{\"@type\":\"SearchAction\",\"target\":{\"@type\":\"EntryPoint\",\"urlTemplate\":\"https:\/\/legisport.com\/?s={search_term_string}\"},\"query-input\":\"required name=search_term_string\"}],\"inLanguage\":\"fr-FR\"},{\"@type\":\"ImageObject\",\"@id\":\"https:\/\/legisport.com\/index.php\/2024\/01\/14\/cours-sur-le-droit-social-du-sport\/#primaryimage\",\"inLanguage\":\"fr-FR\",\"url\":\"https:\/\/legisport.com\/wp-content\/uploads\/2024\/01\/coursdroitdusportdroitsocialdusportMichelPautot8janvier2024.jpg\",\"contentUrl\":\"https:\/\/legisport.com\/wp-content\/uploads\/2024\/01\/coursdroitdusportdroitsocialdusportMichelPautot8janvier2024.jpg\",\"width\":443,\"height\":223},{\"@type\":\"WebPage\",\"@id\":\"https:\/\/legisport.com\/index.php\/2024\/01\/14\/cours-sur-le-droit-social-du-sport\/#webpage\",\"url\":\"https:\/\/legisport.com\/index.php\/2024\/01\/14\/cours-sur-le-droit-social-du-sport\/\",\"name\":\"Cours sur le droit social du sport - legisport\",\"isPartOf\":{\"@id\":\"https:\/\/legisport.com\/#website\"},\"primaryImageOfPage\":{\"@id\":\"https:\/\/legisport.com\/index.php\/2024\/01\/14\/cours-sur-le-droit-social-du-sport\/#primaryimage\"},\"datePublished\":\"2024-01-14T15:08:23+00:00\",\"dateModified\":\"2024-01-14T15:12:12+00:00\",\"author\":{\"@id\":\"https:\/\/legisport.com\/#\/schema\/person\/abccfb880c12073a27d7cb433cf39cf2\"},\"breadcrumb\":{\"@id\":\"https:\/\/legisport.com\/index.php\/2024\/01\/14\/cours-sur-le-droit-social-du-sport\/#breadcrumb\"},\"inLanguage\":\"fr-FR\",\"potentialAction\":[{\"@type\":\"ReadAction\",\"target\":[\"https:\/\/legisport.com\/index.php\/2024\/01\/14\/cours-sur-le-droit-social-du-sport\/\"]}]},{\"@type\":\"BreadcrumbList\",\"@id\":\"https:\/\/legisport.com\/index.php\/2024\/01\/14\/cours-sur-le-droit-social-du-sport\/#breadcrumb\",\"itemListElement\":[{\"@type\":\"ListItem\",\"position\":1,\"name\":\"Accueil\",\"item\":\"https:\/\/legisport.com\/\"},{\"@type\":\"ListItem\",\"position\":2,\"name\":\"Cours sur le droit social du sport\"}]},{\"@type\":\"Person\",\"@id\":\"https:\/\/legisport.com\/#\/schema\/person\/abccfb880c12073a27d7cb433cf39cf2\",\"name\":\"admin8312\",\"image\":{\"@type\":\"ImageObject\",\"@id\":\"https:\/\/legisport.com\/#personlogo\",\"inLanguage\":\"fr-FR\",\"url\":\"https:\/\/secure.gravatar.com\/avatar\/1e990537051617f93586bce114145ae0ff87fb7f69693d7eea4b09eb39a38ee0?s=96&d=mm&r=g\",\"contentUrl\":\"https:\/\/secure.gravatar.com\/avatar\/1e990537051617f93586bce114145ae0ff87fb7f69693d7eea4b09eb39a38ee0?s=96&d=mm&r=g\",\"caption\":\"admin8312\"},\"url\":\"https:\/\/legisport.com\/index.php\/author\/admin8312\/\"}]}<\/script>\n<!-- \/ Yoast SEO plugin. -->","yoast_head_json":{"robots":{"index":"index","follow":"follow","max-snippet":"max-snippet:-1","max-image-preview":"max-image-preview:large","max-video-preview":"max-video-preview:-1"},"canonical":"https:\/\/legisport.com\/index.php\/2024\/01\/14\/cours-sur-le-droit-social-du-sport\/","og_locale":"fr_FR","og_type":"article","og_title":"Cours sur le droit social du sport - legisport","og_description":"Le 8 janvier 2024, Michel Pautot, avocat au barreau de Marseille a fait cours \u00e0 la promotion Master 2 Droit du sport (Universit\u00e9 de Panth\u00e9on &#8211; Sorbonne) sur le droit social du sport et a d\u00e9taill\u00e9 le syndicalisme dans le sport, les conventions collectives, les contrats de travail et les fronti\u00e8res b\u00e9n\u00e9volat &#8211; salariat.","og_url":"https:\/\/legisport.com\/index.php\/2024\/01\/14\/cours-sur-le-droit-social-du-sport\/","og_site_name":"legisport","article_published_time":"2024-01-14T15:08:23+00:00","article_modified_time":"2024-01-14T15:12:12+00:00","og_image":[{"url":"https:\/\/legisport.com\/wp-content\/uploads\/2024\/01\/coursdroitdusportdroitsocialdusportMichelPautot8janvier2024.jpg"}],"twitter_card":"summary_large_image","twitter_misc":{"\u00c9crit par":"admin8312"},"schema":{"@context":"https:\/\/schema.org","@graph":[{"@type":"WebSite","@id":"https:\/\/legisport.com\/#website","url":"https:\/\/legisport.com\/","name":"legisport","description":"1991 : fondation de LEGISPORT. 1996 : lancement du bulletin d&#039;informations juridiques sportives LEGISPORT. Tout sur le droit du sport.","potentialAction":[{"@type":"SearchAction","target":{"@type":"EntryPoint","urlTemplate":"https:\/\/legisport.com\/?s={search_term_string}"},"query-input":"required name=search_term_string"}],"inLanguage":"fr-FR"},{"@type":"ImageObject","@id":"https:\/\/legisport.com\/index.php\/2024\/01\/14\/cours-sur-le-droit-social-du-sport\/#primaryimage","inLanguage":"fr-FR","url":"https:\/\/legisport.com\/wp-content\/uploads\/2024\/01\/coursdroitdusportdroitsocialdusportMichelPautot8janvier2024.jpg","contentUrl":"https:\/\/legisport.com\/wp-content\/uploads\/2024\/01\/coursdroitdusportdroitsocialdusportMichelPautot8janvier2024.jpg","width":443,"height":223},{"@type":"WebPage","@id":"https:\/\/legisport.com\/index.php\/2024\/01\/14\/cours-sur-le-droit-social-du-sport\/#webpage","url":"https:\/\/legisport.com\/index.php\/2024\/01\/14\/cours-sur-le-droit-social-du-sport\/","name":"Cours sur le droit social du sport - legisport","isPartOf":{"@id":"https:\/\/legisport.com\/#website"},"primaryImageOfPage":{"@id":"https:\/\/legisport.com\/index.php\/2024\/01\/14\/cours-sur-le-droit-social-du-sport\/#primaryimage"},"datePublished":"2024-01-14T15:08:23+00:00","dateModified":"2024-01-14T15:12:12+00:00","author":{"@id":"https:\/\/legisport.com\/#\/schema\/person\/abccfb880c12073a27d7cb433cf39cf2"},"breadcrumb":{"@id":"https:\/\/legisport.com\/index.php\/2024\/01\/14\/cours-sur-le-droit-social-du-sport\/#breadcrumb"},"inLanguage":"fr-FR","potentialAction":[{"@type":"ReadAction","target":["https:\/\/legisport.com\/index.php\/2024\/01\/14\/cours-sur-le-droit-social-du-sport\/"]}]},{"@type":"BreadcrumbList","@id":"https:\/\/legisport.com\/index.php\/2024\/01\/14\/cours-sur-le-droit-social-du-sport\/#breadcrumb","itemListElement":[{"@type":"ListItem","position":1,"name":"Accueil","item":"https:\/\/legisport.com\/"},{"@type":"ListItem","position":2,"name":"Cours sur le droit social du sport"}]},{"@type":"Person","@id":"https:\/\/legisport.com\/#\/schema\/person\/abccfb880c12073a27d7cb433cf39cf2","name":"admin8312","image":{"@type":"ImageObject","@id":"https:\/\/legisport.com\/#personlogo","inLanguage":"fr-FR","url":"https:\/\/secure.gravatar.com\/avatar\/1e990537051617f93586bce114145ae0ff87fb7f69693d7eea4b09eb39a38ee0?s=96&d=mm&r=g","contentUrl":"https:\/\/secure.gravatar.com\/avatar\/1e990537051617f93586bce114145ae0ff87fb7f69693d7eea4b09eb39a38ee0?s=96&d=mm&r=g","caption":"admin8312"},"url":"https:\/\/legisport.com\/index.php\/author\/admin8312\/"}]}},"_links":{"self":[{"href":"https:\/\/legisport.com\/index.php\/wp-json\/wp\/v2\/posts\/3111","targetHints":{"allow":["GET"]}}],"collection":[{"href":"https:\/\/legisport.com\/index.php\/wp-json\/wp\/v2\/posts"}],"about":[{"href":"https:\/\/legisport.com\/index.php\/wp-json\/wp\/v2\/types\/post"}],"author":[{"embeddable":true,"href":"https:\/\/legisport.com\/index.php\/wp-json\/wp\/v2\/users\/1"}],"replies":[{"embeddable":true,"href":"https:\/\/legisport.com\/index.php\/wp-json\/wp\/v2\/comments?post=3111"}],"version-history":[{"count":2,"href":"https:\/\/legisport.com\/index.php\/wp-json\/wp\/v2\/posts\/3111\/revisions"}],"predecessor-version":[{"id":3114,"href":"https:\/\/legisport.com\/index.php\/wp-json\/wp\/v2\/posts\/3111\/revisions\/3114"}],"wp:attachment":[{"href":"https:\/\/legisport.com\/index.php\/wp-json\/wp\/v2\/media?parent=3111"}],"wp:term":[{"taxonomy":"category","embeddable":true,"href":"https:\/\/legisport.com\/index.php\/wp-json\/wp\/v2\/categories?post=3111"},{"taxonomy":"post_tag","embeddable":true,"href":"https:\/\/legisport.com\/index.php\/wp-json\/wp\/v2\/tags?post=3111"}],"curies":[{"name":"wp","href":"https:\/\/api.w.org\/{rel}","templated":true}]}}