{"id":3109,"date":"2024-01-14T14:58:40","date_gmt":"2024-01-14T13:58:40","guid":{"rendered":"https:\/\/legisport.com\/?p=3109"},"modified":"2024-01-15T13:33:49","modified_gmt":"2024-01-15T12:33:49","slug":"grands-evenements-sportifs-labsence-de-candidature-franco-allemande","status":"publish","type":"post","link":"https:\/\/legisport.com\/index.php\/2024\/01\/14\/grands-evenements-sportifs-labsence-de-candidature-franco-allemande\/","title":{"rendered":"Grands \u00e9v\u00e8nements sportifs : l&rsquo;absence de candidature franco-allemande"},"content":{"rendered":"\n<p>En 2024, se tiendront les jeux Olympiques et paralympiques \u00e0 Paris et l\u2019Euro de football en Allemagne. Dommage de ne pas avoir tent\u00e9 une candidature franco-allemande&nbsp;!<\/p>\n\n\n\n<p>La Belgique et les Pays-Bas avaient organis\u00e9 l\u2019Euro de foot en 2000, le Japon et la Cor\u00e9e du Sud le Mondial 2002. Des initiatives marquantes. Les USA, le Canada et le Mexique vont organiser le Mondial 2026 et le Portugal et l\u2019Espagne se sont associ\u00e9s avec le Maroc pour organiser le Mondial 2030. Berlin souhaite candidater avec Tel-Aviv pour les JO de 2036. Une occasion manqu\u00e9e pour l\u2019axe France-Allemagne ! En 2017, France et Allemagne avaient organis\u00e9 le Mondial de hockey sur glace.<\/p>\n\n\n\n<p>Avec LEGISPORT, nous avons lanc\u00e9 l\u2019id\u00e9e d\u2019un match amical de football entre les s\u00e9lections de France et d\u2019Allemagne qui se tiendrait chaque ann\u00e9e lors de la journ\u00e9e franco-allemande (23 janvier).&nbsp;Match qui pourrait se jouer chez les jeunes, les f\u00e9minines ou dans d\u2019autres sports collectifs (basket, volley, handball, rugby\u2026), voire m\u00eame organiser lors de cette Journ\u00e9e des challenges sportifs franco-allemands dans diff\u00e9rentes disciplines&nbsp;(tennis, cyclisme, natation, aviron, athl\u00e9tisme, tennis de table, pentathlon moderne, judo\u2026).<\/p>\n\n\n\n<p>Et la Chancellerie allemande nous r\u00e9pondait\u00a0il y a quelques semaines\u00a0: \u00ab Le chancelier vous remercie pour votre engagement pour l&rsquo;entente entre les peuples fran\u00e7ais et allemands. En raison de l&rsquo;autonomie du sport, ce sont les f\u00e9d\u00e9rations sportives qui sont responsables de l&rsquo;organisation des matches amicaux\u2026\u00a0\u00bb. A nous donc, Fran\u00e7ais et Allemands, d\u2019amplifier l\u2019amiti\u00e9 franco-allemande par le sport\u2026<\/p>\n\n\n<div class=\"wp-block-image\">\n<figure class=\"aligncenter size-full\"><img loading=\"lazy\" decoding=\"async\" width=\"717\" height=\"635\" src=\"https:\/\/legisport.com\/wp-content\/uploads\/2024\/01\/presentationouvrageMichelPautotdroitdusport.jpg\" alt=\"\" class=\"wp-image-3100\" srcset=\"https:\/\/legisport.com\/wp-content\/uploads\/2024\/01\/presentationouvrageMichelPautotdroitdusport.jpg 717w, https:\/\/legisport.com\/wp-content\/uploads\/2024\/01\/presentationouvrageMichelPautotdroitdusport-300x266.jpg 300w\" sizes=\"auto, (max-width: 717px) 100vw, 717px\" \/><\/figure>\n<\/div>\n\n\n<p class=\"has-text-align-center\"><em>Me Michel Pautot a lanc\u00e9 avec LEGISPORT l\u2019id\u00e9e d\u2019un match amical de football entre les s\u00e9lections de France et d\u2019Allemagne qui se tiendrait chaque ann\u00e9e lors de la journ\u00e9e franco-allemande (23 janvier).&nbsp;Match qui pourrait se jouer chez les jeunes, les f\u00e9minines ou dans d\u2019autres sports collectifs (basket, volley, handball, rugby\u2026), voire m\u00eame organiser lors de cette Journ\u00e9e des challenges sportifs franco-allemands dans diff\u00e9rentes disciplines&nbsp;(tennis, cyclisme, natation, aviron, athl\u00e9tisme, tennis de table, pentathlon moderne, judo\u2026)<\/em><\/p>\n","protected":false},"excerpt":{"rendered":"<p>En 2024, se tiendront les jeux Olympiques et paralympiques \u00e0 Paris et l\u2019Euro de football en Allemagne. Dommage de ne pas avoir tent\u00e9 une candidature franco-allemande&nbsp;! La Belgique et les Pays-Bas avaient organis\u00e9 l\u2019Euro de foot en 2000, le Japon et la Cor\u00e9e du Sud le Mondial 2002. Des initiatives marquantes. Les USA, le Canada [&hellip;]<\/p>\n","protected":false},"author":1,"featured_media":0,"comment_status":"closed","ping_status":"open","sticky":false,"template":"","format":"standard","meta":{"footnotes":""},"categories":[1],"tags":[],"class_list":["post-3109","post","type-post","status-publish","format-standard","hentry","category-uncategorized","basic-color-border"],"yoast_head":"<!-- This site is optimized with the Yoast SEO plugin v17.4 - https:\/\/yoast.com\/wordpress\/plugins\/seo\/ -->\n<meta name=\"robots\" content=\"index, follow, max-snippet:-1, max-image-preview:large, max-video-preview:-1\" \/>\n<link rel=\"canonical\" href=\"https:\/\/legisport.com\/index.php\/2024\/01\/14\/grands-evenements-sportifs-labsence-de-candidature-franco-allemande\/\" \/>\n<meta property=\"og:locale\" content=\"fr_FR\" \/>\n<meta property=\"og:type\" content=\"article\" \/>\n<meta property=\"og:title\" content=\"Grands \u00e9v\u00e8nements sportifs : l&#039;absence de candidature franco-allemande - legisport\" \/>\n<meta property=\"og:description\" content=\"En 2024, se tiendront les jeux Olympiques et paralympiques \u00e0 Paris et l\u2019Euro de football en Allemagne. Dommage de ne pas avoir tent\u00e9 une candidature franco-allemande&nbsp;! La Belgique et les Pays-Bas avaient organis\u00e9 l\u2019Euro de foot en 2000, le Japon et la Cor\u00e9e du Sud le Mondial 2002. Des initiatives marquantes. Les USA, le Canada [&hellip;]\" \/>\n<meta property=\"og:url\" content=\"https:\/\/legisport.com\/index.php\/2024\/01\/14\/grands-evenements-sportifs-labsence-de-candidature-franco-allemande\/\" \/>\n<meta property=\"og:site_name\" content=\"legisport\" \/>\n<meta property=\"article:published_time\" content=\"2024-01-14T13:58:40+00:00\" \/>\n<meta property=\"article:modified_time\" content=\"2024-01-15T12:33:49+00:00\" \/>\n<meta property=\"og:image\" content=\"https:\/\/legisport.com\/wp-content\/uploads\/2024\/01\/presentationouvrageMichelPautotdroitdusport.jpg\" \/>\n<meta name=\"twitter:card\" content=\"summary_large_image\" \/>\n<meta name=\"twitter:label1\" content=\"\u00c9crit par\" \/>\n\t<meta name=\"twitter:data1\" content=\"admin8312\" \/>\n\t<meta name=\"twitter:label2\" content=\"Dur\u00e9e de lecture est.\" \/>\n\t<meta name=\"twitter:data2\" content=\"2 minutes\" \/>\n<script type=\"application\/ld+json\" class=\"yoast-schema-graph\">{\"@context\":\"https:\/\/schema.org\",\"@graph\":[{\"@type\":\"WebSite\",\"@id\":\"https:\/\/legisport.com\/#website\",\"url\":\"https:\/\/legisport.com\/\",\"name\":\"legisport\",\"description\":\"1991 : fondation de LEGISPORT. 1996 : lancement du bulletin d&#039;informations juridiques sportives LEGISPORT. Tout sur le droit du sport.\",\"potentialAction\":[{\"@type\":\"SearchAction\",\"target\":{\"@type\":\"EntryPoint\",\"urlTemplate\":\"https:\/\/legisport.com\/?s={search_term_string}\"},\"query-input\":\"required name=search_term_string\"}],\"inLanguage\":\"fr-FR\"},{\"@type\":\"ImageObject\",\"@id\":\"https:\/\/legisport.com\/index.php\/2024\/01\/14\/grands-evenements-sportifs-labsence-de-candidature-franco-allemande\/#primaryimage\",\"inLanguage\":\"fr-FR\",\"url\":\"https:\/\/legisport.com\/wp-content\/uploads\/2024\/01\/presentationouvrageMichelPautotdroitdusport.jpg\",\"contentUrl\":\"https:\/\/legisport.com\/wp-content\/uploads\/2024\/01\/presentationouvrageMichelPautotdroitdusport.jpg\",\"width\":717,\"height\":635},{\"@type\":\"WebPage\",\"@id\":\"https:\/\/legisport.com\/index.php\/2024\/01\/14\/grands-evenements-sportifs-labsence-de-candidature-franco-allemande\/#webpage\",\"url\":\"https:\/\/legisport.com\/index.php\/2024\/01\/14\/grands-evenements-sportifs-labsence-de-candidature-franco-allemande\/\",\"name\":\"Grands \\u00e9v\\u00e8nements sportifs : l'absence de candidature franco-allemande - legisport\",\"isPartOf\":{\"@id\":\"https:\/\/legisport.com\/#website\"},\"primaryImageOfPage\":{\"@id\":\"https:\/\/legisport.com\/index.php\/2024\/01\/14\/grands-evenements-sportifs-labsence-de-candidature-franco-allemande\/#primaryimage\"},\"datePublished\":\"2024-01-14T13:58:40+00:00\",\"dateModified\":\"2024-01-15T12:33:49+00:00\",\"author\":{\"@id\":\"https:\/\/legisport.com\/#\/schema\/person\/abccfb880c12073a27d7cb433cf39cf2\"},\"breadcrumb\":{\"@id\":\"https:\/\/legisport.com\/index.php\/2024\/01\/14\/grands-evenements-sportifs-labsence-de-candidature-franco-allemande\/#breadcrumb\"},\"inLanguage\":\"fr-FR\",\"potentialAction\":[{\"@type\":\"ReadAction\",\"target\":[\"https:\/\/legisport.com\/index.php\/2024\/01\/14\/grands-evenements-sportifs-labsence-de-candidature-franco-allemande\/\"]}]},{\"@type\":\"BreadcrumbList\",\"@id\":\"https:\/\/legisport.com\/index.php\/2024\/01\/14\/grands-evenements-sportifs-labsence-de-candidature-franco-allemande\/#breadcrumb\",\"itemListElement\":[{\"@type\":\"ListItem\",\"position\":1,\"name\":\"Accueil\",\"item\":\"https:\/\/legisport.com\/\"},{\"@type\":\"ListItem\",\"position\":2,\"name\":\"Grands \\u00e9v\\u00e8nements sportifs : l&rsquo;absence de candidature franco-allemande\"}]},{\"@type\":\"Person\",\"@id\":\"https:\/\/legisport.com\/#\/schema\/person\/abccfb880c12073a27d7cb433cf39cf2\",\"name\":\"admin8312\",\"image\":{\"@type\":\"ImageObject\",\"@id\":\"https:\/\/legisport.com\/#personlogo\",\"inLanguage\":\"fr-FR\",\"url\":\"https:\/\/secure.gravatar.com\/avatar\/1e990537051617f93586bce114145ae0ff87fb7f69693d7eea4b09eb39a38ee0?s=96&d=mm&r=g\",\"contentUrl\":\"https:\/\/secure.gravatar.com\/avatar\/1e990537051617f93586bce114145ae0ff87fb7f69693d7eea4b09eb39a38ee0?s=96&d=mm&r=g\",\"caption\":\"admin8312\"},\"url\":\"https:\/\/legisport.com\/index.php\/author\/admin8312\/\"}]}<\/script>\n<!-- \/ Yoast SEO plugin. -->","yoast_head_json":{"robots":{"index":"index","follow":"follow","max-snippet":"max-snippet:-1","max-image-preview":"max-image-preview:large","max-video-preview":"max-video-preview:-1"},"canonical":"https:\/\/legisport.com\/index.php\/2024\/01\/14\/grands-evenements-sportifs-labsence-de-candidature-franco-allemande\/","og_locale":"fr_FR","og_type":"article","og_title":"Grands \u00e9v\u00e8nements sportifs : l'absence de candidature franco-allemande - legisport","og_description":"En 2024, se tiendront les jeux Olympiques et paralympiques \u00e0 Paris et l\u2019Euro de football en Allemagne. Dommage de ne pas avoir tent\u00e9 une candidature franco-allemande&nbsp;! La Belgique et les Pays-Bas avaient organis\u00e9 l\u2019Euro de foot en 2000, le Japon et la Cor\u00e9e du Sud le Mondial 2002. Des initiatives marquantes. Les USA, le Canada [&hellip;]","og_url":"https:\/\/legisport.com\/index.php\/2024\/01\/14\/grands-evenements-sportifs-labsence-de-candidature-franco-allemande\/","og_site_name":"legisport","article_published_time":"2024-01-14T13:58:40+00:00","article_modified_time":"2024-01-15T12:33:49+00:00","og_image":[{"url":"https:\/\/legisport.com\/wp-content\/uploads\/2024\/01\/presentationouvrageMichelPautotdroitdusport.jpg"}],"twitter_card":"summary_large_image","twitter_misc":{"\u00c9crit par":"admin8312","Dur\u00e9e de lecture est.":"2 minutes"},"schema":{"@context":"https:\/\/schema.org","@graph":[{"@type":"WebSite","@id":"https:\/\/legisport.com\/#website","url":"https:\/\/legisport.com\/","name":"legisport","description":"1991 : fondation de LEGISPORT. 1996 : lancement du bulletin d&#039;informations juridiques sportives LEGISPORT. Tout sur le droit du sport.","potentialAction":[{"@type":"SearchAction","target":{"@type":"EntryPoint","urlTemplate":"https:\/\/legisport.com\/?s={search_term_string}"},"query-input":"required name=search_term_string"}],"inLanguage":"fr-FR"},{"@type":"ImageObject","@id":"https:\/\/legisport.com\/index.php\/2024\/01\/14\/grands-evenements-sportifs-labsence-de-candidature-franco-allemande\/#primaryimage","inLanguage":"fr-FR","url":"https:\/\/legisport.com\/wp-content\/uploads\/2024\/01\/presentationouvrageMichelPautotdroitdusport.jpg","contentUrl":"https:\/\/legisport.com\/wp-content\/uploads\/2024\/01\/presentationouvrageMichelPautotdroitdusport.jpg","width":717,"height":635},{"@type":"WebPage","@id":"https:\/\/legisport.com\/index.php\/2024\/01\/14\/grands-evenements-sportifs-labsence-de-candidature-franco-allemande\/#webpage","url":"https:\/\/legisport.com\/index.php\/2024\/01\/14\/grands-evenements-sportifs-labsence-de-candidature-franco-allemande\/","name":"Grands \u00e9v\u00e8nements sportifs : l'absence de candidature franco-allemande - legisport","isPartOf":{"@id":"https:\/\/legisport.com\/#website"},"primaryImageOfPage":{"@id":"https:\/\/legisport.com\/index.php\/2024\/01\/14\/grands-evenements-sportifs-labsence-de-candidature-franco-allemande\/#primaryimage"},"datePublished":"2024-01-14T13:58:40+00:00","dateModified":"2024-01-15T12:33:49+00:00","author":{"@id":"https:\/\/legisport.com\/#\/schema\/person\/abccfb880c12073a27d7cb433cf39cf2"},"breadcrumb":{"@id":"https:\/\/legisport.com\/index.php\/2024\/01\/14\/grands-evenements-sportifs-labsence-de-candidature-franco-allemande\/#breadcrumb"},"inLanguage":"fr-FR","potentialAction":[{"@type":"ReadAction","target":["https:\/\/legisport.com\/index.php\/2024\/01\/14\/grands-evenements-sportifs-labsence-de-candidature-franco-allemande\/"]}]},{"@type":"BreadcrumbList","@id":"https:\/\/legisport.com\/index.php\/2024\/01\/14\/grands-evenements-sportifs-labsence-de-candidature-franco-allemande\/#breadcrumb","itemListElement":[{"@type":"ListItem","position":1,"name":"Accueil","item":"https:\/\/legisport.com\/"},{"@type":"ListItem","position":2,"name":"Grands \u00e9v\u00e8nements sportifs : l&rsquo;absence de candidature franco-allemande"}]},{"@type":"Person","@id":"https:\/\/legisport.com\/#\/schema\/person\/abccfb880c12073a27d7cb433cf39cf2","name":"admin8312","image":{"@type":"ImageObject","@id":"https:\/\/legisport.com\/#personlogo","inLanguage":"fr-FR","url":"https:\/\/secure.gravatar.com\/avatar\/1e990537051617f93586bce114145ae0ff87fb7f69693d7eea4b09eb39a38ee0?s=96&d=mm&r=g","contentUrl":"https:\/\/secure.gravatar.com\/avatar\/1e990537051617f93586bce114145ae0ff87fb7f69693d7eea4b09eb39a38ee0?s=96&d=mm&r=g","caption":"admin8312"},"url":"https:\/\/legisport.com\/index.php\/author\/admin8312\/"}]}},"_links":{"self":[{"href":"https:\/\/legisport.com\/index.php\/wp-json\/wp\/v2\/posts\/3109","targetHints":{"allow":["GET"]}}],"collection":[{"href":"https:\/\/legisport.com\/index.php\/wp-json\/wp\/v2\/posts"}],"about":[{"href":"https:\/\/legisport.com\/index.php\/wp-json\/wp\/v2\/types\/post"}],"author":[{"embeddable":true,"href":"https:\/\/legisport.com\/index.php\/wp-json\/wp\/v2\/users\/1"}],"replies":[{"embeddable":true,"href":"https:\/\/legisport.com\/index.php\/wp-json\/wp\/v2\/comments?post=3109"}],"version-history":[{"count":2,"href":"https:\/\/legisport.com\/index.php\/wp-json\/wp\/v2\/posts\/3109\/revisions"}],"predecessor-version":[{"id":3115,"href":"https:\/\/legisport.com\/index.php\/wp-json\/wp\/v2\/posts\/3109\/revisions\/3115"}],"wp:attachment":[{"href":"https:\/\/legisport.com\/index.php\/wp-json\/wp\/v2\/media?parent=3109"}],"wp:term":[{"taxonomy":"category","embeddable":true,"href":"https:\/\/legisport.com\/index.php\/wp-json\/wp\/v2\/categories?post=3109"},{"taxonomy":"post_tag","embeddable":true,"href":"https:\/\/legisport.com\/index.php\/wp-json\/wp\/v2\/tags?post=3109"}],"curies":[{"name":"wp","href":"https:\/\/api.w.org\/{rel}","templated":true}]}}