{"id":3008,"date":"2023-09-16T15:07:24","date_gmt":"2023-09-16T13:07:24","guid":{"rendered":"https:\/\/legisport.com\/?p=3008"},"modified":"2023-09-16T15:07:34","modified_gmt":"2023-09-16T13:07:34","slug":"parution-du-n163-de-legisport-lechappee-mondiale","status":"publish","type":"post","link":"https:\/\/legisport.com\/index.php\/2023\/09\/16\/parution-du-n163-de-legisport-lechappee-mondiale\/","title":{"rendered":"Parution du n\u00b0163 de LEGISPORT  \u00ab\u00a0L&rsquo;\u00e9chapp\u00e9e mondiale !\u00a0\u00bb"},"content":{"rendered":"\n<p>Chers lecteurs, Ch\u00e8res lectrices,<\/p>\n\n\n\n<p>Le dernier num\u00e9ro de LEGISPORT vient de para\u00eetre. Intitul\u00e9 \u00ab\u00a021\u00e8me \u00e9tude Sport et Nationalit\u00e9s &#8211; L&rsquo;\u00e9chapp\u00e9e mondiale !\u00a0\u00bb (septembre-octobre 2023), il ne manque pas d&rsquo;int\u00e9r\u00eat avec les questions li\u00e9es \u00e0 l\u2019immigration des joueurs qui n\u2019ont jamais \u00e9t\u00e9 autant d\u2019actualit\u00e9.\u00a0<\/p>\n\n\n\n<p>Il est vrai que cette question n\u2019est pas rest\u00e9e \u00e9trang\u00e8re \u00e0 la construction de l\u2019Europe, en particulier avec l\u2019application de ses principes fondateurs dont celui de la libert\u00e9 de circulation.&nbsp;Diverses d\u00e9cisions de justice ont \u00e9t\u00e9 n\u00e9cessaires pour r\u00e9affirmer l\u2019application de ce principe. D\u2019abord avec l\u2019arr\u00eat Bosman du nom du footballeur belge pour les joueurs communautaires et, plus encore, les dispositions favorables aux travailleurs venus d\u2019autres pays gr\u00e2ce aux Accords europ\u00e9ens sign\u00e9s par l\u2019Union europ\u00e9enne avec des Etats tiers (une centaine) avec l\u2019interdiction de la discrimination en raison de la nationalit\u00e9 en ce qui concerne les conditions de travail.&nbsp;D\u2019o\u00f9 la jurisprudence Malaja (d\u00e9cembre 2002), nom de la basketteuse polonaise, interdite de jeu, que nous avons d\u00e9fendue avec succ\u00e8s. L\u2019application de ces Accords a r\u00e9volutionn\u00e9 le sport avec la possibilit\u00e9 accrue du recrutement de joueurs \u00e9trangers ou expatri\u00e9s. D\u2019ailleurs, votre publication n\u2019avait pas manqu\u00e9 de relater \u00e0 cette \u00e9poque l\u2019explosion pr\u00e9visible des fronti\u00e8res avec la jurisprudence Malaja.&nbsp;Vingt ann\u00e9es se sont \u00e9coul\u00e9es depuis le prononc\u00e9 de l&rsquo;arr\u00eat Malaja et le dernier bulletin d&rsquo;informations LEGISPORT relate, discipline par discipline, l\u2019\u00e9volution du recrutement des joueurs \u00e9trangers ayant conduit \u00e0 la mondialisation de la composition des \u00e9quipes et dresse un compte-rendu de l&rsquo;instructive conf\u00e9rence \u00ab\u00a0sport et Europe &#8211; des \u00e9quipes sans fronti\u00e8res\u00a0\u00bb anim\u00e9e par moi-m\u00eame et Didier B\u00e9outis, qui s&rsquo;est d\u00e9roul\u00e9e le 13 avril 2023 \u00e0 Paris \u00e0 la Mairie du 7\u00e8me, en pr\u00e9sence pr\u00e9sidents de F\u00e9d\u00e9rations, clubs et repr\u00e9sentants de syndicats de sportifs et entra\u00eeneurs.<\/p>\n\n\n\n<p>Merci de votre fid\u00e9lit\u00e9, chers lecteurs et ch\u00e8res lectrices, \u00e0 lire notre publication LEGISPORT et nous vous renouvelons tous nos voeux d&rsquo;excellente rentr\u00e9e.<\/p>\n\n\n\n<p><strong>Contact : legisport@wanadoo.fr<\/strong><\/p>\n","protected":false},"excerpt":{"rendered":"<p>Chers lecteurs, Ch\u00e8res lectrices, Le dernier num\u00e9ro de LEGISPORT vient de para\u00eetre. Intitul\u00e9 \u00ab\u00a021\u00e8me \u00e9tude Sport et Nationalit\u00e9s &#8211; L&rsquo;\u00e9chapp\u00e9e mondiale !\u00a0\u00bb (septembre-octobre 2023), il ne manque pas d&rsquo;int\u00e9r\u00eat avec les questions li\u00e9es \u00e0 l\u2019immigration des joueurs qui n\u2019ont jamais \u00e9t\u00e9 autant d\u2019actualit\u00e9.\u00a0 Il est vrai que cette question n\u2019est pas rest\u00e9e \u00e9trang\u00e8re \u00e0 la [&hellip;]<\/p>\n","protected":false},"author":1,"featured_media":0,"comment_status":"closed","ping_status":"open","sticky":false,"template":"","format":"standard","meta":{"footnotes":""},"categories":[1],"tags":[],"class_list":["post-3008","post","type-post","status-publish","format-standard","hentry","category-uncategorized","basic-color-border"],"yoast_head":"<!-- This site is optimized with the Yoast SEO plugin v17.4 - https:\/\/yoast.com\/wordpress\/plugins\/seo\/ -->\n<meta name=\"robots\" content=\"index, follow, max-snippet:-1, max-image-preview:large, max-video-preview:-1\" \/>\n<link rel=\"canonical\" href=\"https:\/\/legisport.com\/index.php\/2023\/09\/16\/parution-du-n163-de-legisport-lechappee-mondiale\/\" \/>\n<meta property=\"og:locale\" content=\"fr_FR\" \/>\n<meta property=\"og:type\" content=\"article\" \/>\n<meta property=\"og:title\" content=\"Parution du n\u00b0163 de LEGISPORT &quot;L&#039;\u00e9chapp\u00e9e mondiale !&quot; - legisport\" \/>\n<meta property=\"og:description\" content=\"Chers lecteurs, Ch\u00e8res lectrices, Le dernier num\u00e9ro de LEGISPORT vient de para\u00eetre. Intitul\u00e9 \u00ab\u00a021\u00e8me \u00e9tude Sport et Nationalit\u00e9s &#8211; L&rsquo;\u00e9chapp\u00e9e mondiale !\u00a0\u00bb (septembre-octobre 2023), il ne manque pas d&rsquo;int\u00e9r\u00eat avec les questions li\u00e9es \u00e0 l\u2019immigration des joueurs qui n\u2019ont jamais \u00e9t\u00e9 autant d\u2019actualit\u00e9.\u00a0 Il est vrai que cette question n\u2019est pas rest\u00e9e \u00e9trang\u00e8re \u00e0 la [&hellip;]\" \/>\n<meta property=\"og:url\" content=\"https:\/\/legisport.com\/index.php\/2023\/09\/16\/parution-du-n163-de-legisport-lechappee-mondiale\/\" \/>\n<meta property=\"og:site_name\" content=\"legisport\" \/>\n<meta property=\"article:published_time\" content=\"2023-09-16T13:07:24+00:00\" \/>\n<meta property=\"article:modified_time\" content=\"2023-09-16T13:07:34+00:00\" \/>\n<meta name=\"twitter:card\" content=\"summary_large_image\" \/>\n<meta name=\"twitter:label1\" content=\"\u00c9crit par\" \/>\n\t<meta name=\"twitter:data1\" content=\"admin8312\" \/>\n\t<meta name=\"twitter:label2\" content=\"Dur\u00e9e de lecture est.\" \/>\n\t<meta name=\"twitter:data2\" content=\"2 minutes\" \/>\n<script type=\"application\/ld+json\" class=\"yoast-schema-graph\">{\"@context\":\"https:\/\/schema.org\",\"@graph\":[{\"@type\":\"WebSite\",\"@id\":\"https:\/\/legisport.com\/#website\",\"url\":\"https:\/\/legisport.com\/\",\"name\":\"legisport\",\"description\":\"1991 : fondation de LEGISPORT. 1996 : lancement du bulletin d&#039;informations juridiques sportives LEGISPORT. Tout sur le droit du sport.\",\"potentialAction\":[{\"@type\":\"SearchAction\",\"target\":{\"@type\":\"EntryPoint\",\"urlTemplate\":\"https:\/\/legisport.com\/?s={search_term_string}\"},\"query-input\":\"required name=search_term_string\"}],\"inLanguage\":\"fr-FR\"},{\"@type\":\"WebPage\",\"@id\":\"https:\/\/legisport.com\/index.php\/2023\/09\/16\/parution-du-n163-de-legisport-lechappee-mondiale\/#webpage\",\"url\":\"https:\/\/legisport.com\/index.php\/2023\/09\/16\/parution-du-n163-de-legisport-lechappee-mondiale\/\",\"name\":\"Parution du n\\u00b0163 de LEGISPORT \\\"L'\\u00e9chapp\\u00e9e mondiale !\\\" - legisport\",\"isPartOf\":{\"@id\":\"https:\/\/legisport.com\/#website\"},\"datePublished\":\"2023-09-16T13:07:24+00:00\",\"dateModified\":\"2023-09-16T13:07:34+00:00\",\"author\":{\"@id\":\"https:\/\/legisport.com\/#\/schema\/person\/abccfb880c12073a27d7cb433cf39cf2\"},\"breadcrumb\":{\"@id\":\"https:\/\/legisport.com\/index.php\/2023\/09\/16\/parution-du-n163-de-legisport-lechappee-mondiale\/#breadcrumb\"},\"inLanguage\":\"fr-FR\",\"potentialAction\":[{\"@type\":\"ReadAction\",\"target\":[\"https:\/\/legisport.com\/index.php\/2023\/09\/16\/parution-du-n163-de-legisport-lechappee-mondiale\/\"]}]},{\"@type\":\"BreadcrumbList\",\"@id\":\"https:\/\/legisport.com\/index.php\/2023\/09\/16\/parution-du-n163-de-legisport-lechappee-mondiale\/#breadcrumb\",\"itemListElement\":[{\"@type\":\"ListItem\",\"position\":1,\"name\":\"Accueil\",\"item\":\"https:\/\/legisport.com\/\"},{\"@type\":\"ListItem\",\"position\":2,\"name\":\"Parution du n\\u00b0163 de LEGISPORT \\u00ab\\u00a0L&rsquo;\\u00e9chapp\\u00e9e mondiale !\\u00a0\\u00bb\"}]},{\"@type\":\"Person\",\"@id\":\"https:\/\/legisport.com\/#\/schema\/person\/abccfb880c12073a27d7cb433cf39cf2\",\"name\":\"admin8312\",\"image\":{\"@type\":\"ImageObject\",\"@id\":\"https:\/\/legisport.com\/#personlogo\",\"inLanguage\":\"fr-FR\",\"url\":\"https:\/\/secure.gravatar.com\/avatar\/1e990537051617f93586bce114145ae0ff87fb7f69693d7eea4b09eb39a38ee0?s=96&d=mm&r=g\",\"contentUrl\":\"https:\/\/secure.gravatar.com\/avatar\/1e990537051617f93586bce114145ae0ff87fb7f69693d7eea4b09eb39a38ee0?s=96&d=mm&r=g\",\"caption\":\"admin8312\"},\"url\":\"https:\/\/legisport.com\/index.php\/author\/admin8312\/\"}]}<\/script>\n<!-- \/ Yoast SEO plugin. -->","yoast_head_json":{"robots":{"index":"index","follow":"follow","max-snippet":"max-snippet:-1","max-image-preview":"max-image-preview:large","max-video-preview":"max-video-preview:-1"},"canonical":"https:\/\/legisport.com\/index.php\/2023\/09\/16\/parution-du-n163-de-legisport-lechappee-mondiale\/","og_locale":"fr_FR","og_type":"article","og_title":"Parution du n\u00b0163 de LEGISPORT \"L'\u00e9chapp\u00e9e mondiale !\" - legisport","og_description":"Chers lecteurs, Ch\u00e8res lectrices, Le dernier num\u00e9ro de LEGISPORT vient de para\u00eetre. Intitul\u00e9 \u00ab\u00a021\u00e8me \u00e9tude Sport et Nationalit\u00e9s &#8211; L&rsquo;\u00e9chapp\u00e9e mondiale !\u00a0\u00bb (septembre-octobre 2023), il ne manque pas d&rsquo;int\u00e9r\u00eat avec les questions li\u00e9es \u00e0 l\u2019immigration des joueurs qui n\u2019ont jamais \u00e9t\u00e9 autant d\u2019actualit\u00e9.\u00a0 Il est vrai que cette question n\u2019est pas rest\u00e9e \u00e9trang\u00e8re \u00e0 la [&hellip;]","og_url":"https:\/\/legisport.com\/index.php\/2023\/09\/16\/parution-du-n163-de-legisport-lechappee-mondiale\/","og_site_name":"legisport","article_published_time":"2023-09-16T13:07:24+00:00","article_modified_time":"2023-09-16T13:07:34+00:00","twitter_card":"summary_large_image","twitter_misc":{"\u00c9crit par":"admin8312","Dur\u00e9e de lecture est.":"2 minutes"},"schema":{"@context":"https:\/\/schema.org","@graph":[{"@type":"WebSite","@id":"https:\/\/legisport.com\/#website","url":"https:\/\/legisport.com\/","name":"legisport","description":"1991 : fondation de LEGISPORT. 1996 : lancement du bulletin d&#039;informations juridiques sportives LEGISPORT. Tout sur le droit du sport.","potentialAction":[{"@type":"SearchAction","target":{"@type":"EntryPoint","urlTemplate":"https:\/\/legisport.com\/?s={search_term_string}"},"query-input":"required name=search_term_string"}],"inLanguage":"fr-FR"},{"@type":"WebPage","@id":"https:\/\/legisport.com\/index.php\/2023\/09\/16\/parution-du-n163-de-legisport-lechappee-mondiale\/#webpage","url":"https:\/\/legisport.com\/index.php\/2023\/09\/16\/parution-du-n163-de-legisport-lechappee-mondiale\/","name":"Parution du n\u00b0163 de LEGISPORT \"L'\u00e9chapp\u00e9e mondiale !\" - legisport","isPartOf":{"@id":"https:\/\/legisport.com\/#website"},"datePublished":"2023-09-16T13:07:24+00:00","dateModified":"2023-09-16T13:07:34+00:00","author":{"@id":"https:\/\/legisport.com\/#\/schema\/person\/abccfb880c12073a27d7cb433cf39cf2"},"breadcrumb":{"@id":"https:\/\/legisport.com\/index.php\/2023\/09\/16\/parution-du-n163-de-legisport-lechappee-mondiale\/#breadcrumb"},"inLanguage":"fr-FR","potentialAction":[{"@type":"ReadAction","target":["https:\/\/legisport.com\/index.php\/2023\/09\/16\/parution-du-n163-de-legisport-lechappee-mondiale\/"]}]},{"@type":"BreadcrumbList","@id":"https:\/\/legisport.com\/index.php\/2023\/09\/16\/parution-du-n163-de-legisport-lechappee-mondiale\/#breadcrumb","itemListElement":[{"@type":"ListItem","position":1,"name":"Accueil","item":"https:\/\/legisport.com\/"},{"@type":"ListItem","position":2,"name":"Parution du n\u00b0163 de LEGISPORT \u00ab\u00a0L&rsquo;\u00e9chapp\u00e9e mondiale !\u00a0\u00bb"}]},{"@type":"Person","@id":"https:\/\/legisport.com\/#\/schema\/person\/abccfb880c12073a27d7cb433cf39cf2","name":"admin8312","image":{"@type":"ImageObject","@id":"https:\/\/legisport.com\/#personlogo","inLanguage":"fr-FR","url":"https:\/\/secure.gravatar.com\/avatar\/1e990537051617f93586bce114145ae0ff87fb7f69693d7eea4b09eb39a38ee0?s=96&d=mm&r=g","contentUrl":"https:\/\/secure.gravatar.com\/avatar\/1e990537051617f93586bce114145ae0ff87fb7f69693d7eea4b09eb39a38ee0?s=96&d=mm&r=g","caption":"admin8312"},"url":"https:\/\/legisport.com\/index.php\/author\/admin8312\/"}]}},"_links":{"self":[{"href":"https:\/\/legisport.com\/index.php\/wp-json\/wp\/v2\/posts\/3008","targetHints":{"allow":["GET"]}}],"collection":[{"href":"https:\/\/legisport.com\/index.php\/wp-json\/wp\/v2\/posts"}],"about":[{"href":"https:\/\/legisport.com\/index.php\/wp-json\/wp\/v2\/types\/post"}],"author":[{"embeddable":true,"href":"https:\/\/legisport.com\/index.php\/wp-json\/wp\/v2\/users\/1"}],"replies":[{"embeddable":true,"href":"https:\/\/legisport.com\/index.php\/wp-json\/wp\/v2\/comments?post=3008"}],"version-history":[{"count":1,"href":"https:\/\/legisport.com\/index.php\/wp-json\/wp\/v2\/posts\/3008\/revisions"}],"predecessor-version":[{"id":3009,"href":"https:\/\/legisport.com\/index.php\/wp-json\/wp\/v2\/posts\/3008\/revisions\/3009"}],"wp:attachment":[{"href":"https:\/\/legisport.com\/index.php\/wp-json\/wp\/v2\/media?parent=3008"}],"wp:term":[{"taxonomy":"category","embeddable":true,"href":"https:\/\/legisport.com\/index.php\/wp-json\/wp\/v2\/categories?post=3008"},{"taxonomy":"post_tag","embeddable":true,"href":"https:\/\/legisport.com\/index.php\/wp-json\/wp\/v2\/tags?post=3008"}],"curies":[{"name":"wp","href":"https:\/\/api.w.org\/{rel}","templated":true}]}}