{"id":2975,"date":"2023-05-15T09:54:48","date_gmt":"2023-05-15T07:54:48","guid":{"rendered":"https:\/\/legisport.com\/?p=2975"},"modified":"2023-05-15T10:01:34","modified_gmt":"2023-05-15T08:01:34","slug":"le-burn-out-les-athletes-professionnels-profesionnels-laboratoires-dessai","status":"publish","type":"post","link":"https:\/\/legisport.com\/index.php\/2023\/05\/15\/le-burn-out-les-athletes-professionnels-profesionnels-laboratoires-dessai\/","title":{"rendered":"Le burn-out, les athl\u00e8tes professionnels professionnels laboratoires d&rsquo;essai ?"},"content":{"rendered":"\n<p>Le Professeur G\u00e9rard DINE, m\u00e9decin biologiste honoraire des h\u00f4pitaux, Professeur associ\u00e9 \u00e0 Centrale Supelec Exed Paris Saclay, est interrog\u00e9 sur le burn-out dans le dernier num\u00e9ro de LEGISPORT, n\u00b0160 (mars-avril 2023).<\/p>\n\n\n\n<p>Un entretien qui fera date.<\/p>\n\n\n\n<p>Vous pouvez vous abonner \u00e0 LEGISPORT. Le prix de l\u2019abonnement est de 30 euros pour six num\u00e9ros annuels.<\/p>\n\n\n\n<p><strong>Contact : LEGISPORT \/ Mail : legisport@wanadoo.fr<\/strong><\/p>\n","protected":false},"excerpt":{"rendered":"<p>Le Professeur G\u00e9rard DINE, m\u00e9decin biologiste honoraire des h\u00f4pitaux, Professeur associ\u00e9 \u00e0 Centrale Supelec Exed Paris Saclay, est interrog\u00e9 sur le burn-out dans le dernier num\u00e9ro de LEGISPORT, n\u00b0160 (mars-avril 2023). Un entretien qui fera date. Vous pouvez vous abonner \u00e0 LEGISPORT. Le prix de l\u2019abonnement est de 30 euros pour six num\u00e9ros annuels. Contact [&hellip;]<\/p>\n","protected":false},"author":1,"featured_media":0,"comment_status":"closed","ping_status":"open","sticky":false,"template":"","format":"standard","meta":{"footnotes":""},"categories":[1],"tags":[],"class_list":["post-2975","post","type-post","status-publish","format-standard","hentry","category-uncategorized","basic-color-border"],"yoast_head":"<!-- This site is optimized with the Yoast SEO plugin v17.4 - https:\/\/yoast.com\/wordpress\/plugins\/seo\/ -->\n<meta name=\"robots\" content=\"index, follow, max-snippet:-1, max-image-preview:large, max-video-preview:-1\" \/>\n<link rel=\"canonical\" href=\"https:\/\/legisport.com\/index.php\/2023\/05\/15\/le-burn-out-les-athletes-professionnels-profesionnels-laboratoires-dessai\/\" \/>\n<meta property=\"og:locale\" content=\"fr_FR\" \/>\n<meta property=\"og:type\" content=\"article\" \/>\n<meta property=\"og:title\" content=\"Le burn-out, les athl\u00e8tes professionnels professionnels laboratoires d&#039;essai ? - legisport\" \/>\n<meta property=\"og:description\" content=\"Le Professeur G\u00e9rard DINE, m\u00e9decin biologiste honoraire des h\u00f4pitaux, Professeur associ\u00e9 \u00e0 Centrale Supelec Exed Paris Saclay, est interrog\u00e9 sur le burn-out dans le dernier num\u00e9ro de LEGISPORT, n\u00b0160 (mars-avril 2023). Un entretien qui fera date. Vous pouvez vous abonner \u00e0 LEGISPORT. Le prix de l\u2019abonnement est de 30 euros pour six num\u00e9ros annuels. Contact [&hellip;]\" \/>\n<meta property=\"og:url\" content=\"https:\/\/legisport.com\/index.php\/2023\/05\/15\/le-burn-out-les-athletes-professionnels-profesionnels-laboratoires-dessai\/\" \/>\n<meta property=\"og:site_name\" content=\"legisport\" \/>\n<meta property=\"article:published_time\" content=\"2023-05-15T07:54:48+00:00\" \/>\n<meta property=\"article:modified_time\" content=\"2023-05-15T08:01:34+00:00\" \/>\n<meta name=\"twitter:card\" content=\"summary_large_image\" \/>\n<meta name=\"twitter:label1\" content=\"\u00c9crit par\" \/>\n\t<meta name=\"twitter:data1\" content=\"admin8312\" \/>\n\t<meta name=\"twitter:label2\" content=\"Dur\u00e9e de lecture est.\" \/>\n\t<meta name=\"twitter:data2\" content=\"1 minute\" \/>\n<script type=\"application\/ld+json\" class=\"yoast-schema-graph\">{\"@context\":\"https:\/\/schema.org\",\"@graph\":[{\"@type\":\"WebSite\",\"@id\":\"https:\/\/legisport.com\/#website\",\"url\":\"https:\/\/legisport.com\/\",\"name\":\"legisport\",\"description\":\"1991 : fondation de LEGISPORT. 1996 : lancement du bulletin d&#039;informations juridiques sportives LEGISPORT. Tout sur le droit du sport.\",\"potentialAction\":[{\"@type\":\"SearchAction\",\"target\":{\"@type\":\"EntryPoint\",\"urlTemplate\":\"https:\/\/legisport.com\/?s={search_term_string}\"},\"query-input\":\"required name=search_term_string\"}],\"inLanguage\":\"fr-FR\"},{\"@type\":\"WebPage\",\"@id\":\"https:\/\/legisport.com\/index.php\/2023\/05\/15\/le-burn-out-les-athletes-professionnels-profesionnels-laboratoires-dessai\/#webpage\",\"url\":\"https:\/\/legisport.com\/index.php\/2023\/05\/15\/le-burn-out-les-athletes-professionnels-profesionnels-laboratoires-dessai\/\",\"name\":\"Le burn-out, les athl\\u00e8tes professionnels professionnels laboratoires d'essai ? - legisport\",\"isPartOf\":{\"@id\":\"https:\/\/legisport.com\/#website\"},\"datePublished\":\"2023-05-15T07:54:48+00:00\",\"dateModified\":\"2023-05-15T08:01:34+00:00\",\"author\":{\"@id\":\"https:\/\/legisport.com\/#\/schema\/person\/abccfb880c12073a27d7cb433cf39cf2\"},\"breadcrumb\":{\"@id\":\"https:\/\/legisport.com\/index.php\/2023\/05\/15\/le-burn-out-les-athletes-professionnels-profesionnels-laboratoires-dessai\/#breadcrumb\"},\"inLanguage\":\"fr-FR\",\"potentialAction\":[{\"@type\":\"ReadAction\",\"target\":[\"https:\/\/legisport.com\/index.php\/2023\/05\/15\/le-burn-out-les-athletes-professionnels-profesionnels-laboratoires-dessai\/\"]}]},{\"@type\":\"BreadcrumbList\",\"@id\":\"https:\/\/legisport.com\/index.php\/2023\/05\/15\/le-burn-out-les-athletes-professionnels-profesionnels-laboratoires-dessai\/#breadcrumb\",\"itemListElement\":[{\"@type\":\"ListItem\",\"position\":1,\"name\":\"Accueil\",\"item\":\"https:\/\/legisport.com\/\"},{\"@type\":\"ListItem\",\"position\":2,\"name\":\"Le burn-out, les athl\\u00e8tes professionnels professionnels laboratoires d&rsquo;essai ?\"}]},{\"@type\":\"Person\",\"@id\":\"https:\/\/legisport.com\/#\/schema\/person\/abccfb880c12073a27d7cb433cf39cf2\",\"name\":\"admin8312\",\"image\":{\"@type\":\"ImageObject\",\"@id\":\"https:\/\/legisport.com\/#personlogo\",\"inLanguage\":\"fr-FR\",\"url\":\"https:\/\/secure.gravatar.com\/avatar\/1e990537051617f93586bce114145ae0ff87fb7f69693d7eea4b09eb39a38ee0?s=96&d=mm&r=g\",\"contentUrl\":\"https:\/\/secure.gravatar.com\/avatar\/1e990537051617f93586bce114145ae0ff87fb7f69693d7eea4b09eb39a38ee0?s=96&d=mm&r=g\",\"caption\":\"admin8312\"},\"url\":\"https:\/\/legisport.com\/index.php\/author\/admin8312\/\"}]}<\/script>\n<!-- \/ Yoast SEO plugin. -->","yoast_head_json":{"robots":{"index":"index","follow":"follow","max-snippet":"max-snippet:-1","max-image-preview":"max-image-preview:large","max-video-preview":"max-video-preview:-1"},"canonical":"https:\/\/legisport.com\/index.php\/2023\/05\/15\/le-burn-out-les-athletes-professionnels-profesionnels-laboratoires-dessai\/","og_locale":"fr_FR","og_type":"article","og_title":"Le burn-out, les athl\u00e8tes professionnels professionnels laboratoires d'essai ? - legisport","og_description":"Le Professeur G\u00e9rard DINE, m\u00e9decin biologiste honoraire des h\u00f4pitaux, Professeur associ\u00e9 \u00e0 Centrale Supelec Exed Paris Saclay, est interrog\u00e9 sur le burn-out dans le dernier num\u00e9ro de LEGISPORT, n\u00b0160 (mars-avril 2023). Un entretien qui fera date. Vous pouvez vous abonner \u00e0 LEGISPORT. Le prix de l\u2019abonnement est de 30 euros pour six num\u00e9ros annuels. Contact [&hellip;]","og_url":"https:\/\/legisport.com\/index.php\/2023\/05\/15\/le-burn-out-les-athletes-professionnels-profesionnels-laboratoires-dessai\/","og_site_name":"legisport","article_published_time":"2023-05-15T07:54:48+00:00","article_modified_time":"2023-05-15T08:01:34+00:00","twitter_card":"summary_large_image","twitter_misc":{"\u00c9crit par":"admin8312","Dur\u00e9e de lecture est.":"1 minute"},"schema":{"@context":"https:\/\/schema.org","@graph":[{"@type":"WebSite","@id":"https:\/\/legisport.com\/#website","url":"https:\/\/legisport.com\/","name":"legisport","description":"1991 : fondation de LEGISPORT. 1996 : lancement du bulletin d&#039;informations juridiques sportives LEGISPORT. Tout sur le droit du sport.","potentialAction":[{"@type":"SearchAction","target":{"@type":"EntryPoint","urlTemplate":"https:\/\/legisport.com\/?s={search_term_string}"},"query-input":"required name=search_term_string"}],"inLanguage":"fr-FR"},{"@type":"WebPage","@id":"https:\/\/legisport.com\/index.php\/2023\/05\/15\/le-burn-out-les-athletes-professionnels-profesionnels-laboratoires-dessai\/#webpage","url":"https:\/\/legisport.com\/index.php\/2023\/05\/15\/le-burn-out-les-athletes-professionnels-profesionnels-laboratoires-dessai\/","name":"Le burn-out, les athl\u00e8tes professionnels professionnels laboratoires d'essai ? - legisport","isPartOf":{"@id":"https:\/\/legisport.com\/#website"},"datePublished":"2023-05-15T07:54:48+00:00","dateModified":"2023-05-15T08:01:34+00:00","author":{"@id":"https:\/\/legisport.com\/#\/schema\/person\/abccfb880c12073a27d7cb433cf39cf2"},"breadcrumb":{"@id":"https:\/\/legisport.com\/index.php\/2023\/05\/15\/le-burn-out-les-athletes-professionnels-profesionnels-laboratoires-dessai\/#breadcrumb"},"inLanguage":"fr-FR","potentialAction":[{"@type":"ReadAction","target":["https:\/\/legisport.com\/index.php\/2023\/05\/15\/le-burn-out-les-athletes-professionnels-profesionnels-laboratoires-dessai\/"]}]},{"@type":"BreadcrumbList","@id":"https:\/\/legisport.com\/index.php\/2023\/05\/15\/le-burn-out-les-athletes-professionnels-profesionnels-laboratoires-dessai\/#breadcrumb","itemListElement":[{"@type":"ListItem","position":1,"name":"Accueil","item":"https:\/\/legisport.com\/"},{"@type":"ListItem","position":2,"name":"Le burn-out, les athl\u00e8tes professionnels professionnels laboratoires d&rsquo;essai ?"}]},{"@type":"Person","@id":"https:\/\/legisport.com\/#\/schema\/person\/abccfb880c12073a27d7cb433cf39cf2","name":"admin8312","image":{"@type":"ImageObject","@id":"https:\/\/legisport.com\/#personlogo","inLanguage":"fr-FR","url":"https:\/\/secure.gravatar.com\/avatar\/1e990537051617f93586bce114145ae0ff87fb7f69693d7eea4b09eb39a38ee0?s=96&d=mm&r=g","contentUrl":"https:\/\/secure.gravatar.com\/avatar\/1e990537051617f93586bce114145ae0ff87fb7f69693d7eea4b09eb39a38ee0?s=96&d=mm&r=g","caption":"admin8312"},"url":"https:\/\/legisport.com\/index.php\/author\/admin8312\/"}]}},"_links":{"self":[{"href":"https:\/\/legisport.com\/index.php\/wp-json\/wp\/v2\/posts\/2975","targetHints":{"allow":["GET"]}}],"collection":[{"href":"https:\/\/legisport.com\/index.php\/wp-json\/wp\/v2\/posts"}],"about":[{"href":"https:\/\/legisport.com\/index.php\/wp-json\/wp\/v2\/types\/post"}],"author":[{"embeddable":true,"href":"https:\/\/legisport.com\/index.php\/wp-json\/wp\/v2\/users\/1"}],"replies":[{"embeddable":true,"href":"https:\/\/legisport.com\/index.php\/wp-json\/wp\/v2\/comments?post=2975"}],"version-history":[{"count":2,"href":"https:\/\/legisport.com\/index.php\/wp-json\/wp\/v2\/posts\/2975\/revisions"}],"predecessor-version":[{"id":2977,"href":"https:\/\/legisport.com\/index.php\/wp-json\/wp\/v2\/posts\/2975\/revisions\/2977"}],"wp:attachment":[{"href":"https:\/\/legisport.com\/index.php\/wp-json\/wp\/v2\/media?parent=2975"}],"wp:term":[{"taxonomy":"category","embeddable":true,"href":"https:\/\/legisport.com\/index.php\/wp-json\/wp\/v2\/categories?post=2975"},{"taxonomy":"post_tag","embeddable":true,"href":"https:\/\/legisport.com\/index.php\/wp-json\/wp\/v2\/tags?post=2975"}],"curies":[{"name":"wp","href":"https:\/\/api.w.org\/{rel}","templated":true}]}}