{"id":2889,"date":"2023-01-26T11:06:36","date_gmt":"2023-01-26T10:06:36","guid":{"rendered":"https:\/\/legisport.com\/?p=2889"},"modified":"2023-01-26T11:06:49","modified_gmt":"2023-01-26T10:06:49","slug":"les-lecons-dun-mondial-vraiment-mondial","status":"publish","type":"post","link":"https:\/\/legisport.com\/index.php\/2023\/01\/26\/les-lecons-dun-mondial-vraiment-mondial\/","title":{"rendered":"Les le\u00e7ons d&rsquo;un Mondial vraiment Mondial"},"content":{"rendered":"\n<p><strong>Par Me Michel Pautot, avocat au barreau de Marseille, r\u00e9dacteur en chef de LEGISPORT<\/strong><\/p>\n\n\n\n<p>Avec tous les continents repr\u00e9sent\u00e9s lors des 8\u00e8mes de finale de la Coupe du Monde au Qatar, la mondialisation est arriv\u00e9e en t\u00eate de la comp\u00e9tition, concr\u00e9tis\u00e9e par un magnifique et haletant duel final Am\u00e9rique du Sud-Europe avec Argentine-France. Avaient en effet pass\u00e9 le 1er tour huit s\u00e9lections europ\u00e9ennes (Pays-Bas, Croatie, Angleterre, Pologne, France, Espagne, Portugal, Suisse), deux sud-am\u00e9ricaines (Argentine, Br\u00e9sil), deux asiatiques (Japon, Cor\u00e9e du Sud), deux africaines (S\u00e9n\u00e9gal, Maroc), une nord-am\u00e9ricaine (Etats-Unis) et une oc\u00e9anienne (Australie).<\/p>\n\n\n\n<p><strong>La mont\u00e9e des s\u00e9lections arabes<\/strong><\/p>\n\n\n\n<p>Depuis plusieurs d\u00e9cennies, le football arabe monte en puissance. En 1982, en poule, l&rsquo;Alg\u00e9rie avait marqu\u00e9 les esprits en battant la RFA, double Champion du monde mais n\u2019avait pas pu aller plus loin en raison de ce qui a \u00e9t\u00e9 appel\u00e9 le \u00ab&nbsp;match de la honte&nbsp;\u00bb RFA-Autriche. En 1986, le Maroc avait atteint les 8\u00e8mes de finale. En 2022, en poules, l\u2019Arabie Saoudite bat l\u2019Argentine et la France perd contre la Tunisie. Et surtout, le Maroc atteint la demi-finale, une grande premi\u00e8re. Lors de son premier match contre la Croatie, au coup d\u2019envoi, les onze Lions de l\u2019Atlas \u00e9voluent dans sept championnats europ\u00e9ens diff\u00e9rents, l&rsquo;arr\u00eat Malaja \u00e9tant pass\u00e9 par l\u00e0\u2026<\/p>\n\n\n\n<p><strong>Messi et Mbapp\u00e9, les stars du PSG et Di Maria, le \u00ab&nbsp;troisi\u00e8me homme&nbsp;\u00bb<\/strong><\/p>\n\n\n\n<p>La finale a \u00e9t\u00e9 marqu\u00e9e par le duel entre les deux stars du PSG, Lionel Messi et Kylian Mbapp\u00e9, qui ont \u00e9t\u00e9 imp\u00e9riaux. Mais c\u2019est sans doute un coup tactique du s\u00e9lectionneur argentin Lionel Scaloni qui a \u00ab&nbsp;pes\u00e9&nbsp;\u00bb dans l\u2019issue du match (3-3, tirs au but 4-2). La titularisation d\u2019entr\u00e9e du joueur de la Juventus Angel Di Maria, un ancien du\u2026PSG dans le onze de d\u00e9part de l\u2019Argentine a \u00e9t\u00e9 d\u00e9cisive pour la conqu\u00eate de la troisi\u00e8me \u00e9toile&#8230; Le sacre argentin vient consacrer une constance de la s\u00e9lection qui avait pr\u00e9c\u00e9demment remport\u00e9 la finale de la Copa America 2021 contre le Br\u00e9sil (1-0) et la Finalissima 2022 contre l\u2019Italie (3-0).<\/p>\n\n\n\n<p><strong>L\u2019Argentine en France<\/strong><\/p>\n\n\n\n<p>Clin d\u2019\u0153il de l\u2019histoire, les deux premiers clubs au classement du Championnat de France de Ligue 1 lors de la saison 2021-2022 \u00e9taient coach\u00e9s par des entra\u00eeneurs\u2026argentins&nbsp;: le Paris Saint-Germain, 1<sup>er<\/sup>&nbsp;avec Mauricio Pochettino, et l\u2019Olympique de Marseille, 2<sup>\u00e8me<\/sup>&nbsp;avec Jorge Sampaoli. Le championnat de France n\u2019a donc pas \u00e9chapp\u00e9 la saison pass\u00e9e \u00e0 une force certaine du football argentin\u2026<\/p>\n\n\n\n<p><strong>Cette tribune a \u00e9t\u00e9 publi\u00e9e dans LA PROVENCE dat\u00e9e du 8 janvier 2023.<\/strong><\/p>\n","protected":false},"excerpt":{"rendered":"<p>Par Me Michel Pautot, avocat au barreau de Marseille, r\u00e9dacteur en chef de LEGISPORT Avec tous les continents repr\u00e9sent\u00e9s lors des 8\u00e8mes de finale de la Coupe du Monde au Qatar, la mondialisation est arriv\u00e9e en t\u00eate de la comp\u00e9tition, concr\u00e9tis\u00e9e par un magnifique et haletant duel final Am\u00e9rique du Sud-Europe avec Argentine-France. Avaient en [&hellip;]<\/p>\n","protected":false},"author":1,"featured_media":0,"comment_status":"closed","ping_status":"open","sticky":false,"template":"","format":"standard","meta":{"footnotes":""},"categories":[1],"tags":[],"class_list":["post-2889","post","type-post","status-publish","format-standard","hentry","category-uncategorized","basic-color-border"],"yoast_head":"<!-- This site is optimized with the Yoast SEO plugin v17.4 - https:\/\/yoast.com\/wordpress\/plugins\/seo\/ -->\n<meta name=\"robots\" content=\"index, follow, max-snippet:-1, max-image-preview:large, max-video-preview:-1\" \/>\n<link rel=\"canonical\" href=\"https:\/\/legisport.com\/index.php\/2023\/01\/26\/les-lecons-dun-mondial-vraiment-mondial\/\" \/>\n<meta property=\"og:locale\" content=\"fr_FR\" \/>\n<meta property=\"og:type\" content=\"article\" \/>\n<meta property=\"og:title\" content=\"Les le\u00e7ons d&#039;un Mondial vraiment Mondial - legisport\" \/>\n<meta property=\"og:description\" content=\"Par Me Michel Pautot, avocat au barreau de Marseille, r\u00e9dacteur en chef de LEGISPORT Avec tous les continents repr\u00e9sent\u00e9s lors des 8\u00e8mes de finale de la Coupe du Monde au Qatar, la mondialisation est arriv\u00e9e en t\u00eate de la comp\u00e9tition, concr\u00e9tis\u00e9e par un magnifique et haletant duel final Am\u00e9rique du Sud-Europe avec Argentine-France. Avaient en [&hellip;]\" \/>\n<meta property=\"og:url\" content=\"https:\/\/legisport.com\/index.php\/2023\/01\/26\/les-lecons-dun-mondial-vraiment-mondial\/\" \/>\n<meta property=\"og:site_name\" content=\"legisport\" \/>\n<meta property=\"article:published_time\" content=\"2023-01-26T10:06:36+00:00\" \/>\n<meta property=\"article:modified_time\" content=\"2023-01-26T10:06:49+00:00\" \/>\n<meta name=\"twitter:card\" content=\"summary_large_image\" \/>\n<meta name=\"twitter:label1\" content=\"\u00c9crit par\" \/>\n\t<meta name=\"twitter:data1\" content=\"admin8312\" \/>\n\t<meta name=\"twitter:label2\" content=\"Dur\u00e9e de lecture est.\" \/>\n\t<meta name=\"twitter:data2\" content=\"2 minutes\" \/>\n<script type=\"application\/ld+json\" class=\"yoast-schema-graph\">{\"@context\":\"https:\/\/schema.org\",\"@graph\":[{\"@type\":\"WebSite\",\"@id\":\"https:\/\/legisport.com\/#website\",\"url\":\"https:\/\/legisport.com\/\",\"name\":\"legisport\",\"description\":\"1991 : fondation de LEGISPORT. 1996 : lancement du bulletin d&#039;informations juridiques sportives LEGISPORT. Tout sur le droit du sport.\",\"potentialAction\":[{\"@type\":\"SearchAction\",\"target\":{\"@type\":\"EntryPoint\",\"urlTemplate\":\"https:\/\/legisport.com\/?s={search_term_string}\"},\"query-input\":\"required name=search_term_string\"}],\"inLanguage\":\"fr-FR\"},{\"@type\":\"WebPage\",\"@id\":\"https:\/\/legisport.com\/index.php\/2023\/01\/26\/les-lecons-dun-mondial-vraiment-mondial\/#webpage\",\"url\":\"https:\/\/legisport.com\/index.php\/2023\/01\/26\/les-lecons-dun-mondial-vraiment-mondial\/\",\"name\":\"Les le\\u00e7ons d'un Mondial vraiment Mondial - legisport\",\"isPartOf\":{\"@id\":\"https:\/\/legisport.com\/#website\"},\"datePublished\":\"2023-01-26T10:06:36+00:00\",\"dateModified\":\"2023-01-26T10:06:49+00:00\",\"author\":{\"@id\":\"https:\/\/legisport.com\/#\/schema\/person\/abccfb880c12073a27d7cb433cf39cf2\"},\"breadcrumb\":{\"@id\":\"https:\/\/legisport.com\/index.php\/2023\/01\/26\/les-lecons-dun-mondial-vraiment-mondial\/#breadcrumb\"},\"inLanguage\":\"fr-FR\",\"potentialAction\":[{\"@type\":\"ReadAction\",\"target\":[\"https:\/\/legisport.com\/index.php\/2023\/01\/26\/les-lecons-dun-mondial-vraiment-mondial\/\"]}]},{\"@type\":\"BreadcrumbList\",\"@id\":\"https:\/\/legisport.com\/index.php\/2023\/01\/26\/les-lecons-dun-mondial-vraiment-mondial\/#breadcrumb\",\"itemListElement\":[{\"@type\":\"ListItem\",\"position\":1,\"name\":\"Accueil\",\"item\":\"https:\/\/legisport.com\/\"},{\"@type\":\"ListItem\",\"position\":2,\"name\":\"Les le\\u00e7ons d&rsquo;un Mondial vraiment Mondial\"}]},{\"@type\":\"Person\",\"@id\":\"https:\/\/legisport.com\/#\/schema\/person\/abccfb880c12073a27d7cb433cf39cf2\",\"name\":\"admin8312\",\"image\":{\"@type\":\"ImageObject\",\"@id\":\"https:\/\/legisport.com\/#personlogo\",\"inLanguage\":\"fr-FR\",\"url\":\"https:\/\/secure.gravatar.com\/avatar\/1e990537051617f93586bce114145ae0ff87fb7f69693d7eea4b09eb39a38ee0?s=96&d=mm&r=g\",\"contentUrl\":\"https:\/\/secure.gravatar.com\/avatar\/1e990537051617f93586bce114145ae0ff87fb7f69693d7eea4b09eb39a38ee0?s=96&d=mm&r=g\",\"caption\":\"admin8312\"},\"url\":\"https:\/\/legisport.com\/index.php\/author\/admin8312\/\"}]}<\/script>\n<!-- \/ Yoast SEO plugin. -->","yoast_head_json":{"robots":{"index":"index","follow":"follow","max-snippet":"max-snippet:-1","max-image-preview":"max-image-preview:large","max-video-preview":"max-video-preview:-1"},"canonical":"https:\/\/legisport.com\/index.php\/2023\/01\/26\/les-lecons-dun-mondial-vraiment-mondial\/","og_locale":"fr_FR","og_type":"article","og_title":"Les le\u00e7ons d'un Mondial vraiment Mondial - legisport","og_description":"Par Me Michel Pautot, avocat au barreau de Marseille, r\u00e9dacteur en chef de LEGISPORT Avec tous les continents repr\u00e9sent\u00e9s lors des 8\u00e8mes de finale de la Coupe du Monde au Qatar, la mondialisation est arriv\u00e9e en t\u00eate de la comp\u00e9tition, concr\u00e9tis\u00e9e par un magnifique et haletant duel final Am\u00e9rique du Sud-Europe avec Argentine-France. Avaient en [&hellip;]","og_url":"https:\/\/legisport.com\/index.php\/2023\/01\/26\/les-lecons-dun-mondial-vraiment-mondial\/","og_site_name":"legisport","article_published_time":"2023-01-26T10:06:36+00:00","article_modified_time":"2023-01-26T10:06:49+00:00","twitter_card":"summary_large_image","twitter_misc":{"\u00c9crit par":"admin8312","Dur\u00e9e de lecture est.":"2 minutes"},"schema":{"@context":"https:\/\/schema.org","@graph":[{"@type":"WebSite","@id":"https:\/\/legisport.com\/#website","url":"https:\/\/legisport.com\/","name":"legisport","description":"1991 : fondation de LEGISPORT. 1996 : lancement du bulletin d&#039;informations juridiques sportives LEGISPORT. Tout sur le droit du sport.","potentialAction":[{"@type":"SearchAction","target":{"@type":"EntryPoint","urlTemplate":"https:\/\/legisport.com\/?s={search_term_string}"},"query-input":"required name=search_term_string"}],"inLanguage":"fr-FR"},{"@type":"WebPage","@id":"https:\/\/legisport.com\/index.php\/2023\/01\/26\/les-lecons-dun-mondial-vraiment-mondial\/#webpage","url":"https:\/\/legisport.com\/index.php\/2023\/01\/26\/les-lecons-dun-mondial-vraiment-mondial\/","name":"Les le\u00e7ons d'un Mondial vraiment Mondial - legisport","isPartOf":{"@id":"https:\/\/legisport.com\/#website"},"datePublished":"2023-01-26T10:06:36+00:00","dateModified":"2023-01-26T10:06:49+00:00","author":{"@id":"https:\/\/legisport.com\/#\/schema\/person\/abccfb880c12073a27d7cb433cf39cf2"},"breadcrumb":{"@id":"https:\/\/legisport.com\/index.php\/2023\/01\/26\/les-lecons-dun-mondial-vraiment-mondial\/#breadcrumb"},"inLanguage":"fr-FR","potentialAction":[{"@type":"ReadAction","target":["https:\/\/legisport.com\/index.php\/2023\/01\/26\/les-lecons-dun-mondial-vraiment-mondial\/"]}]},{"@type":"BreadcrumbList","@id":"https:\/\/legisport.com\/index.php\/2023\/01\/26\/les-lecons-dun-mondial-vraiment-mondial\/#breadcrumb","itemListElement":[{"@type":"ListItem","position":1,"name":"Accueil","item":"https:\/\/legisport.com\/"},{"@type":"ListItem","position":2,"name":"Les le\u00e7ons d&rsquo;un Mondial vraiment Mondial"}]},{"@type":"Person","@id":"https:\/\/legisport.com\/#\/schema\/person\/abccfb880c12073a27d7cb433cf39cf2","name":"admin8312","image":{"@type":"ImageObject","@id":"https:\/\/legisport.com\/#personlogo","inLanguage":"fr-FR","url":"https:\/\/secure.gravatar.com\/avatar\/1e990537051617f93586bce114145ae0ff87fb7f69693d7eea4b09eb39a38ee0?s=96&d=mm&r=g","contentUrl":"https:\/\/secure.gravatar.com\/avatar\/1e990537051617f93586bce114145ae0ff87fb7f69693d7eea4b09eb39a38ee0?s=96&d=mm&r=g","caption":"admin8312"},"url":"https:\/\/legisport.com\/index.php\/author\/admin8312\/"}]}},"_links":{"self":[{"href":"https:\/\/legisport.com\/index.php\/wp-json\/wp\/v2\/posts\/2889","targetHints":{"allow":["GET"]}}],"collection":[{"href":"https:\/\/legisport.com\/index.php\/wp-json\/wp\/v2\/posts"}],"about":[{"href":"https:\/\/legisport.com\/index.php\/wp-json\/wp\/v2\/types\/post"}],"author":[{"embeddable":true,"href":"https:\/\/legisport.com\/index.php\/wp-json\/wp\/v2\/users\/1"}],"replies":[{"embeddable":true,"href":"https:\/\/legisport.com\/index.php\/wp-json\/wp\/v2\/comments?post=2889"}],"version-history":[{"count":1,"href":"https:\/\/legisport.com\/index.php\/wp-json\/wp\/v2\/posts\/2889\/revisions"}],"predecessor-version":[{"id":2890,"href":"https:\/\/legisport.com\/index.php\/wp-json\/wp\/v2\/posts\/2889\/revisions\/2890"}],"wp:attachment":[{"href":"https:\/\/legisport.com\/index.php\/wp-json\/wp\/v2\/media?parent=2889"}],"wp:term":[{"taxonomy":"category","embeddable":true,"href":"https:\/\/legisport.com\/index.php\/wp-json\/wp\/v2\/categories?post=2889"},{"taxonomy":"post_tag","embeddable":true,"href":"https:\/\/legisport.com\/index.php\/wp-json\/wp\/v2\/tags?post=2889"}],"curies":[{"name":"wp","href":"https:\/\/api.w.org\/{rel}","templated":true}]}}