{"id":2840,"date":"2022-12-20T09:31:03","date_gmt":"2022-12-20T08:31:03","guid":{"rendered":"https:\/\/legisport.com\/?p=2840"},"modified":"2022-12-20T09:31:18","modified_gmt":"2022-12-20T08:31:18","slug":"legisport-decrypte-le-mma","status":"publish","type":"post","link":"https:\/\/legisport.com\/index.php\/2022\/12\/20\/legisport-decrypte-le-mma\/","title":{"rendered":"LEGISPORT d\u00e9crypte le MMA"},"content":{"rendered":"\n<p>Le MMA est en pleine ascension et le bulletin d\u2019informations juridiques sportives LEGISPORT n\u2019a pas manqu\u00e9 d\u2019en d\u00e9crypter les enjeux dans le n\u00b0158 de janvier-f\u00e9vrier 2022&nbsp;: \u00ab&nbsp;MMA, de l\u2019interdiction \u00e0 la cons\u00e9cration&nbsp;\u00bb.<\/p>\n\n\n\n<p>Voici l\u2019\u00e9ditorial&nbsp;:<\/p>\n\n\n\n<p>\u00ab&nbsp;Chacun sait que la pratique sportive encadr\u00e9e est l\u2019outil majeur du d\u00e9veloppement d\u2019une discipline et au travers des clubs sportifs qui jalonnent notre pays. Depuis beaucoup d\u2019ann\u00e9es (1904 pour la boxe), les sports de combat, aujourd\u2019hui tr\u00e8s diversifi\u00e9s, rencontrent le succ\u00e8s aupr\u00e8s des jeunes. Mais encore faut-il que la discipline pratiqu\u00e9e soit autoris\u00e9e.<\/p>\n\n\n\n<p>Ce n\u2019\u00e9tait pas le cas des \u00ab&nbsp;mixed martial arts&nbsp;\u00bb couramment appel\u00e9s MMA, bien que des salles de sport proposaient cette pratique o\u00f9, selon la croyance populaire \u00ab&nbsp;tous les coups sont permis&nbsp;\u00bb dans une cage octogonale. Il fallait donc veiller \u00e0 la \u00ab&nbsp;protection de la dignit\u00e9 des personnes et \u00e0 l\u2019int\u00e9grit\u00e9 des pratiquants et \u00e0 la promotion des valeurs du sport&nbsp;\u00bb comme l\u2019\u00e9crivait le Premier ministre Manuel VALLS le 7 avril 2016 en confiant une mission sur le MMA \u00e0 deux parlementaires, Messieurs Jacques GROSPERRIN, s\u00e9nateur du Doubs et Patrick VIGNAL, D\u00e9put\u00e9 de l\u2019H\u00e9rault. Avec pour objet principal d\u2019apporter une connaissance approfondie et d\u00e9taill\u00e9e des combats mixtes au travers des r\u00e8gles techniques, des diverses pratiques, de l\u2019organisation et des modes de financement afin d\u2019accompagner les repr\u00e9sentants de l\u2019Etat dans leurs d\u00e9cisions face \u00e0 un ph\u00e9nom\u00e8ne d\u00e9pourvu \u00e0 cette \u00e9poque de fondement l\u00e9gal.<\/p>\n\n\n\n<p>L\u2019\u00e9quipe parlementaire se mit au travail et le rapport fut d\u00e9pos\u00e9 le 8 novembre 2016. Malgr\u00e9 le changement de Pr\u00e9sident de la R\u00e9publique et donc gouvernement, le MMA continuait sa route et par arr\u00eat\u00e9 minist\u00e9riel du 31 janvier 2020, \u00e9tait reconnu et la Ministre des sports Roxana MARACINEANU accordait la d\u00e9l\u00e9gation pr\u00e9vue \u00e0 l\u2019article L.131-14 du Code du sport \u00e0 la F\u00e9d\u00e9ration Fran\u00e7aise de Boxe.<\/p>\n\n\n\n<p>L\u2019accueil de cette discipline dans le giron d\u2019une f\u00e9d\u00e9ration sportive permettait de faciliter la cr\u00e9ation d\u2019un contexte favorable \u00e0 l\u2019installation du MMA et de lui apporter une culture f\u00e9d\u00e9rale solide.<\/p>\n\n\n\n<p>Deux ann\u00e9es apr\u00e8s sa l\u00e9galisation, la F\u00e9d\u00e9ration Fran\u00e7aise de Boxe vient de recevoir une prolongation de cette d\u00e9l\u00e9gation jusqu\u2019au 31 d\u00e9cembre 2025 par un arr\u00eat\u00e9 du 28 mars 2022. Pour le pr\u00e9sident de cette f\u00e9d\u00e9ration, Dominique NATO, \u00ab&nbsp;nous continuons d\u2019accompagner la structuration du MMA en France, en &nbsp;vue d\u2019une autonomie pleine et enti\u00e8re de &nbsp;cette discipline dans le futur. Nous mettons en place une strat\u00e9gie de d\u00e9veloppement s\u2019appuyant sur un r\u00e9seau territorial et la d\u00e9finition d\u2019un projet sportif pour les titres nationaux et notre participation aux comp\u00e9titions internationales&nbsp;\u00bb. De m\u00eame, souligne encore le Pr\u00e9sident de la FF Boxe, \u00ab&nbsp;nous avons parfaitement r\u00e9alis\u00e9 l\u2019articulation entre la pratique amateur avec l\u2019organisation de nos propres Championnats de France et la pratique professionnelle entre les mains d\u2019organisateurs, mais sous notre contr\u00f4le&nbsp;\u00bb. Cette architecture caract\u00e9rise parfaitement le mod\u00e8le fran\u00e7ais d\u2019organisation du sport&nbsp;\u00bb.<\/p>\n\n\n\n<p><strong>Contact&nbsp;: legisport@wanadoo.fr<\/strong><\/p>\n","protected":false},"excerpt":{"rendered":"<p>Le MMA est en pleine ascension et le bulletin d\u2019informations juridiques sportives LEGISPORT n\u2019a pas manqu\u00e9 d\u2019en d\u00e9crypter les enjeux dans le n\u00b0158 de janvier-f\u00e9vrier 2022&nbsp;: \u00ab&nbsp;MMA, de l\u2019interdiction \u00e0 la cons\u00e9cration&nbsp;\u00bb. Voici l\u2019\u00e9ditorial&nbsp;: \u00ab&nbsp;Chacun sait que la pratique sportive encadr\u00e9e est l\u2019outil majeur du d\u00e9veloppement d\u2019une discipline et au travers des clubs sportifs qui [&hellip;]<\/p>\n","protected":false},"author":1,"featured_media":0,"comment_status":"closed","ping_status":"open","sticky":false,"template":"","format":"standard","meta":{"footnotes":""},"categories":[1],"tags":[],"class_list":["post-2840","post","type-post","status-publish","format-standard","hentry","category-uncategorized","basic-color-border"],"yoast_head":"<!-- This site is optimized with the Yoast SEO plugin v17.4 - https:\/\/yoast.com\/wordpress\/plugins\/seo\/ -->\n<meta name=\"robots\" content=\"index, follow, max-snippet:-1, max-image-preview:large, max-video-preview:-1\" \/>\n<link rel=\"canonical\" href=\"https:\/\/legisport.com\/index.php\/2022\/12\/20\/legisport-decrypte-le-mma\/\" \/>\n<meta property=\"og:locale\" content=\"fr_FR\" \/>\n<meta property=\"og:type\" content=\"article\" \/>\n<meta property=\"og:title\" content=\"LEGISPORT d\u00e9crypte le MMA - legisport\" \/>\n<meta property=\"og:description\" content=\"Le MMA est en pleine ascension et le bulletin d\u2019informations juridiques sportives LEGISPORT n\u2019a pas manqu\u00e9 d\u2019en d\u00e9crypter les enjeux dans le n\u00b0158 de janvier-f\u00e9vrier 2022&nbsp;: \u00ab&nbsp;MMA, de l\u2019interdiction \u00e0 la cons\u00e9cration&nbsp;\u00bb. Voici l\u2019\u00e9ditorial&nbsp;: \u00ab&nbsp;Chacun sait que la pratique sportive encadr\u00e9e est l\u2019outil majeur du d\u00e9veloppement d\u2019une discipline et au travers des clubs sportifs qui [&hellip;]\" \/>\n<meta property=\"og:url\" content=\"https:\/\/legisport.com\/index.php\/2022\/12\/20\/legisport-decrypte-le-mma\/\" \/>\n<meta property=\"og:site_name\" content=\"legisport\" \/>\n<meta property=\"article:published_time\" content=\"2022-12-20T08:31:03+00:00\" \/>\n<meta property=\"article:modified_time\" content=\"2022-12-20T08:31:18+00:00\" \/>\n<meta name=\"twitter:card\" content=\"summary_large_image\" \/>\n<meta name=\"twitter:label1\" content=\"\u00c9crit par\" \/>\n\t<meta name=\"twitter:data1\" content=\"admin8312\" \/>\n\t<meta name=\"twitter:label2\" content=\"Dur\u00e9e de lecture est.\" \/>\n\t<meta name=\"twitter:data2\" content=\"3 minutes\" \/>\n<script type=\"application\/ld+json\" class=\"yoast-schema-graph\">{\"@context\":\"https:\/\/schema.org\",\"@graph\":[{\"@type\":\"WebSite\",\"@id\":\"https:\/\/legisport.com\/#website\",\"url\":\"https:\/\/legisport.com\/\",\"name\":\"legisport\",\"description\":\"1991 : fondation de LEGISPORT. 1996 : lancement du bulletin d&#039;informations juridiques sportives LEGISPORT. Tout sur le droit du sport.\",\"potentialAction\":[{\"@type\":\"SearchAction\",\"target\":{\"@type\":\"EntryPoint\",\"urlTemplate\":\"https:\/\/legisport.com\/?s={search_term_string}\"},\"query-input\":\"required name=search_term_string\"}],\"inLanguage\":\"fr-FR\"},{\"@type\":\"WebPage\",\"@id\":\"https:\/\/legisport.com\/index.php\/2022\/12\/20\/legisport-decrypte-le-mma\/#webpage\",\"url\":\"https:\/\/legisport.com\/index.php\/2022\/12\/20\/legisport-decrypte-le-mma\/\",\"name\":\"LEGISPORT d\\u00e9crypte le MMA - legisport\",\"isPartOf\":{\"@id\":\"https:\/\/legisport.com\/#website\"},\"datePublished\":\"2022-12-20T08:31:03+00:00\",\"dateModified\":\"2022-12-20T08:31:18+00:00\",\"author\":{\"@id\":\"https:\/\/legisport.com\/#\/schema\/person\/abccfb880c12073a27d7cb433cf39cf2\"},\"breadcrumb\":{\"@id\":\"https:\/\/legisport.com\/index.php\/2022\/12\/20\/legisport-decrypte-le-mma\/#breadcrumb\"},\"inLanguage\":\"fr-FR\",\"potentialAction\":[{\"@type\":\"ReadAction\",\"target\":[\"https:\/\/legisport.com\/index.php\/2022\/12\/20\/legisport-decrypte-le-mma\/\"]}]},{\"@type\":\"BreadcrumbList\",\"@id\":\"https:\/\/legisport.com\/index.php\/2022\/12\/20\/legisport-decrypte-le-mma\/#breadcrumb\",\"itemListElement\":[{\"@type\":\"ListItem\",\"position\":1,\"name\":\"Accueil\",\"item\":\"https:\/\/legisport.com\/\"},{\"@type\":\"ListItem\",\"position\":2,\"name\":\"LEGISPORT d\\u00e9crypte le MMA\"}]},{\"@type\":\"Person\",\"@id\":\"https:\/\/legisport.com\/#\/schema\/person\/abccfb880c12073a27d7cb433cf39cf2\",\"name\":\"admin8312\",\"image\":{\"@type\":\"ImageObject\",\"@id\":\"https:\/\/legisport.com\/#personlogo\",\"inLanguage\":\"fr-FR\",\"url\":\"https:\/\/secure.gravatar.com\/avatar\/1e990537051617f93586bce114145ae0ff87fb7f69693d7eea4b09eb39a38ee0?s=96&d=mm&r=g\",\"contentUrl\":\"https:\/\/secure.gravatar.com\/avatar\/1e990537051617f93586bce114145ae0ff87fb7f69693d7eea4b09eb39a38ee0?s=96&d=mm&r=g\",\"caption\":\"admin8312\"},\"url\":\"https:\/\/legisport.com\/index.php\/author\/admin8312\/\"}]}<\/script>\n<!-- \/ Yoast SEO plugin. -->","yoast_head_json":{"robots":{"index":"index","follow":"follow","max-snippet":"max-snippet:-1","max-image-preview":"max-image-preview:large","max-video-preview":"max-video-preview:-1"},"canonical":"https:\/\/legisport.com\/index.php\/2022\/12\/20\/legisport-decrypte-le-mma\/","og_locale":"fr_FR","og_type":"article","og_title":"LEGISPORT d\u00e9crypte le MMA - legisport","og_description":"Le MMA est en pleine ascension et le bulletin d\u2019informations juridiques sportives LEGISPORT n\u2019a pas manqu\u00e9 d\u2019en d\u00e9crypter les enjeux dans le n\u00b0158 de janvier-f\u00e9vrier 2022&nbsp;: \u00ab&nbsp;MMA, de l\u2019interdiction \u00e0 la cons\u00e9cration&nbsp;\u00bb. Voici l\u2019\u00e9ditorial&nbsp;: \u00ab&nbsp;Chacun sait que la pratique sportive encadr\u00e9e est l\u2019outil majeur du d\u00e9veloppement d\u2019une discipline et au travers des clubs sportifs qui [&hellip;]","og_url":"https:\/\/legisport.com\/index.php\/2022\/12\/20\/legisport-decrypte-le-mma\/","og_site_name":"legisport","article_published_time":"2022-12-20T08:31:03+00:00","article_modified_time":"2022-12-20T08:31:18+00:00","twitter_card":"summary_large_image","twitter_misc":{"\u00c9crit par":"admin8312","Dur\u00e9e de lecture est.":"3 minutes"},"schema":{"@context":"https:\/\/schema.org","@graph":[{"@type":"WebSite","@id":"https:\/\/legisport.com\/#website","url":"https:\/\/legisport.com\/","name":"legisport","description":"1991 : fondation de LEGISPORT. 1996 : lancement du bulletin d&#039;informations juridiques sportives LEGISPORT. Tout sur le droit du sport.","potentialAction":[{"@type":"SearchAction","target":{"@type":"EntryPoint","urlTemplate":"https:\/\/legisport.com\/?s={search_term_string}"},"query-input":"required name=search_term_string"}],"inLanguage":"fr-FR"},{"@type":"WebPage","@id":"https:\/\/legisport.com\/index.php\/2022\/12\/20\/legisport-decrypte-le-mma\/#webpage","url":"https:\/\/legisport.com\/index.php\/2022\/12\/20\/legisport-decrypte-le-mma\/","name":"LEGISPORT d\u00e9crypte le MMA - legisport","isPartOf":{"@id":"https:\/\/legisport.com\/#website"},"datePublished":"2022-12-20T08:31:03+00:00","dateModified":"2022-12-20T08:31:18+00:00","author":{"@id":"https:\/\/legisport.com\/#\/schema\/person\/abccfb880c12073a27d7cb433cf39cf2"},"breadcrumb":{"@id":"https:\/\/legisport.com\/index.php\/2022\/12\/20\/legisport-decrypte-le-mma\/#breadcrumb"},"inLanguage":"fr-FR","potentialAction":[{"@type":"ReadAction","target":["https:\/\/legisport.com\/index.php\/2022\/12\/20\/legisport-decrypte-le-mma\/"]}]},{"@type":"BreadcrumbList","@id":"https:\/\/legisport.com\/index.php\/2022\/12\/20\/legisport-decrypte-le-mma\/#breadcrumb","itemListElement":[{"@type":"ListItem","position":1,"name":"Accueil","item":"https:\/\/legisport.com\/"},{"@type":"ListItem","position":2,"name":"LEGISPORT d\u00e9crypte le MMA"}]},{"@type":"Person","@id":"https:\/\/legisport.com\/#\/schema\/person\/abccfb880c12073a27d7cb433cf39cf2","name":"admin8312","image":{"@type":"ImageObject","@id":"https:\/\/legisport.com\/#personlogo","inLanguage":"fr-FR","url":"https:\/\/secure.gravatar.com\/avatar\/1e990537051617f93586bce114145ae0ff87fb7f69693d7eea4b09eb39a38ee0?s=96&d=mm&r=g","contentUrl":"https:\/\/secure.gravatar.com\/avatar\/1e990537051617f93586bce114145ae0ff87fb7f69693d7eea4b09eb39a38ee0?s=96&d=mm&r=g","caption":"admin8312"},"url":"https:\/\/legisport.com\/index.php\/author\/admin8312\/"}]}},"_links":{"self":[{"href":"https:\/\/legisport.com\/index.php\/wp-json\/wp\/v2\/posts\/2840","targetHints":{"allow":["GET"]}}],"collection":[{"href":"https:\/\/legisport.com\/index.php\/wp-json\/wp\/v2\/posts"}],"about":[{"href":"https:\/\/legisport.com\/index.php\/wp-json\/wp\/v2\/types\/post"}],"author":[{"embeddable":true,"href":"https:\/\/legisport.com\/index.php\/wp-json\/wp\/v2\/users\/1"}],"replies":[{"embeddable":true,"href":"https:\/\/legisport.com\/index.php\/wp-json\/wp\/v2\/comments?post=2840"}],"version-history":[{"count":1,"href":"https:\/\/legisport.com\/index.php\/wp-json\/wp\/v2\/posts\/2840\/revisions"}],"predecessor-version":[{"id":2841,"href":"https:\/\/legisport.com\/index.php\/wp-json\/wp\/v2\/posts\/2840\/revisions\/2841"}],"wp:attachment":[{"href":"https:\/\/legisport.com\/index.php\/wp-json\/wp\/v2\/media?parent=2840"}],"wp:term":[{"taxonomy":"category","embeddable":true,"href":"https:\/\/legisport.com\/index.php\/wp-json\/wp\/v2\/categories?post=2840"},{"taxonomy":"post_tag","embeddable":true,"href":"https:\/\/legisport.com\/index.php\/wp-json\/wp\/v2\/tags?post=2840"}],"curies":[{"name":"wp","href":"https:\/\/api.w.org\/{rel}","templated":true}]}}