{"id":2748,"date":"2022-11-12T18:30:15","date_gmt":"2022-11-12T17:30:15","guid":{"rendered":"https:\/\/legisport.com\/?p=2748"},"modified":"2022-11-22T14:39:36","modified_gmt":"2022-11-22T13:39:36","slug":"mondial-de-foot-au-qatar-bientot-le-match-douverture","status":"publish","type":"post","link":"https:\/\/legisport.com\/index.php\/2022\/11\/12\/mondial-de-foot-au-qatar-bientot-le-match-douverture\/","title":{"rendered":"Mondial de foot au Qatar, bient\u00f4t le match d&rsquo;ouverture !"},"content":{"rendered":"\n<p>La Coupe du monde de football 2022, c&rsquo;est pour tr\u00e8s bient\u00f4t avec le match d&rsquo;ouverture Qatar &#8211; Equateur. Le match d&rsquo;ouverture, c&rsquo;est toujours un moment \u00e0 part. Souvenez-vous de ce match d&rsquo;ouverture en 1990 \u00e0 San Siro \u00e0 Milan. C&rsquo;\u00e9tait Argentine &#8211; Cameroun et le but de la t\u00eate du \u00ab\u00a0Lion Indomptable\u00a0\u00bb Fran\u00e7ois Omam-Biyik avait marqu\u00e9 les esprits contre les joueurs argentins, \u00e0 l&rsquo;\u00e9poque tenants du titre. La rencontre Qatar &#8211; Equateur sera \u00e0 notre avis spectaculaire et c&rsquo;est s\u00fbr, les buts seront au rendez-vous ! <\/p>\n\n\n\n<p>Au-del\u00e0 de ce match d&rsquo;ouverture et des autres rencontres qui vont suivre, nous nous attendons \u00e0 pas mal de surprises. Le Mondial 2022 va-t-il ressembler au Mondial 2002 disput\u00e9 au Japon et en Cor\u00e9e du Sud ? Une \u00e9dition 2002, encore dans toutes les t\u00eates, vingt ans apr\u00e8s avec de sacr\u00e9es surprises mais la finale avait oppos\u00e9 cependant le Br\u00e9sil \u00e0 l&rsquo;Allemagne.<\/p>\n\n\n\n<p>Et pas toujours se fier au premier match. Il y a quarante ans, en 1982, la Rfa perdait son premier match et se retrouvait en finale, tout comme la France qui avait perdu contre l&rsquo;Angleterre se hissa en demi-finale. Et l&rsquo;Italie a gagn\u00e9 apr\u00e8s un premier tour laborieux&#8230; Parfois, le futur vainqueur du Mondial gagne son premier match et cela avait \u00e9t\u00e9 le cas en 1990 de l&rsquo;Allemagne qui avait effectu\u00e9 un sacr\u00e9 premier match. <\/p>\n\n\n\n<p>Pour la Coupe du monde au Qatar, les articles sont d\u00e9j\u00e0 fort nombreux, les revues, les livres, les d\u00e9p\u00eaches d&rsquo;agence, les reportages&#8230; Elle va \u00eatre m\u00e9diatis\u00e9e cette Coupe du monde, c&rsquo;est s\u00fbr. Les prises de position risquent d&rsquo;\u00eatre \u00e9galement nombreuses et ces derniers temps, il y en a eu.<\/p>\n\n\n\n<p>Mais la Coupe du monde va t-elle permettre de r\u00e9fl\u00e9chir \u00e0 des r\u00e9formes du football ou \u00e0 des am\u00e9nagements des lois du jeu ? Peut-\u00eatre que oui, peut-\u00eatre que non. Quel va \u00eatre le bilan de la vid\u00e9o lors de la comp\u00e9tition ? Pour l&rsquo;instant, nul ne le sait mais c&rsquo;est certain que la vid\u00e9o aura son mot \u00e0 dire alors que pendant longtemps, les matches se jouaient sans la VAR et la goal line technology. <\/p>\n\n\n\n<p>Et sur le plan purement sportif, la France va t-elle pouvoir garder son titre de Championne du monde ? L&rsquo;Europe va-t-elle maintenir son leadership face aux nations sud-am\u00e9ricaines ? Le Br\u00e9sil, l&rsquo;Argentine, l&rsquo;Uruguay vont-elles aller loin ? Et les s\u00e9lections africaines ? <\/p>\n\n\n\n<p>L&rsquo;Italie ne sera pas de la partie, alors qu&rsquo;elle avait remport\u00e9 le dernier Euro de football.<\/p>\n\n\n\n<p>Qui vont \u00eatre les h\u00e9ros de cette comp\u00e9tition ? Les gardiens ? Les d\u00e9fenseurs ? Les milieux ou les attaquants ? Ou pourquoi pas les entra\u00eeneurs ?<\/p>\n\n\n\n<p>Et n&rsquo;oublions pas le d\u00e9roulement de la comp\u00e9tition proprement dit et son aspect s\u00e9curitaire. Le Professeur Michel Raspaud, auteur de nombreux ouvrages sur le sport n&rsquo;a pas h\u00e9sit\u00e9 \u00e0 publier le 30 octobre 2022 un article sur le site internet \u00ab\u00a0The Conversation\u00a0\u00bb, apportant un \u00e9clairage sur les enjeux s\u00e9curitaires de la comp\u00e9tition, notamment en insistant sur la coop\u00e9ration s\u00e9curitaire internationale. A lire bien s\u00fbr.<\/p>\n","protected":false},"excerpt":{"rendered":"<p>La Coupe du monde de football 2022, c&rsquo;est pour tr\u00e8s bient\u00f4t avec le match d&rsquo;ouverture Qatar &#8211; Equateur. Le match d&rsquo;ouverture, c&rsquo;est toujours un moment \u00e0 part. Souvenez-vous de ce match d&rsquo;ouverture en 1990 \u00e0 San Siro \u00e0 Milan. C&rsquo;\u00e9tait Argentine &#8211; Cameroun et le but de la t\u00eate du \u00ab\u00a0Lion Indomptable\u00a0\u00bb Fran\u00e7ois Omam-Biyik avait [&hellip;]<\/p>\n","protected":false},"author":1,"featured_media":0,"comment_status":"closed","ping_status":"open","sticky":false,"template":"","format":"standard","meta":{"footnotes":""},"categories":[1],"tags":[],"class_list":["post-2748","post","type-post","status-publish","format-standard","hentry","category-uncategorized","basic-color-border"],"yoast_head":"<!-- This site is optimized with the Yoast SEO plugin v17.4 - https:\/\/yoast.com\/wordpress\/plugins\/seo\/ -->\n<meta name=\"robots\" content=\"index, follow, max-snippet:-1, max-image-preview:large, max-video-preview:-1\" \/>\n<link rel=\"canonical\" href=\"https:\/\/legisport.com\/index.php\/2022\/11\/12\/mondial-de-foot-au-qatar-bientot-le-match-douverture\/\" \/>\n<meta property=\"og:locale\" content=\"fr_FR\" \/>\n<meta property=\"og:type\" content=\"article\" \/>\n<meta property=\"og:title\" content=\"Mondial de foot au Qatar, bient\u00f4t le match d&#039;ouverture ! - legisport\" \/>\n<meta property=\"og:description\" content=\"La Coupe du monde de football 2022, c&rsquo;est pour tr\u00e8s bient\u00f4t avec le match d&rsquo;ouverture Qatar &#8211; Equateur. Le match d&rsquo;ouverture, c&rsquo;est toujours un moment \u00e0 part. Souvenez-vous de ce match d&rsquo;ouverture en 1990 \u00e0 San Siro \u00e0 Milan. C&rsquo;\u00e9tait Argentine &#8211; Cameroun et le but de la t\u00eate du \u00ab\u00a0Lion Indomptable\u00a0\u00bb Fran\u00e7ois Omam-Biyik avait [&hellip;]\" \/>\n<meta property=\"og:url\" content=\"https:\/\/legisport.com\/index.php\/2022\/11\/12\/mondial-de-foot-au-qatar-bientot-le-match-douverture\/\" \/>\n<meta property=\"og:site_name\" content=\"legisport\" \/>\n<meta property=\"article:published_time\" content=\"2022-11-12T17:30:15+00:00\" \/>\n<meta property=\"article:modified_time\" content=\"2022-11-22T13:39:36+00:00\" \/>\n<meta name=\"twitter:card\" content=\"summary_large_image\" \/>\n<meta name=\"twitter:label1\" content=\"\u00c9crit par\" \/>\n\t<meta name=\"twitter:data1\" content=\"admin8312\" \/>\n\t<meta name=\"twitter:label2\" content=\"Dur\u00e9e de lecture est.\" \/>\n\t<meta name=\"twitter:data2\" content=\"3 minutes\" \/>\n<script type=\"application\/ld+json\" class=\"yoast-schema-graph\">{\"@context\":\"https:\/\/schema.org\",\"@graph\":[{\"@type\":\"WebSite\",\"@id\":\"https:\/\/legisport.com\/#website\",\"url\":\"https:\/\/legisport.com\/\",\"name\":\"legisport\",\"description\":\"1991 : fondation de LEGISPORT. 1996 : lancement du bulletin d&#039;informations juridiques sportives LEGISPORT. Tout sur le droit du sport.\",\"potentialAction\":[{\"@type\":\"SearchAction\",\"target\":{\"@type\":\"EntryPoint\",\"urlTemplate\":\"https:\/\/legisport.com\/?s={search_term_string}\"},\"query-input\":\"required name=search_term_string\"}],\"inLanguage\":\"fr-FR\"},{\"@type\":\"WebPage\",\"@id\":\"https:\/\/legisport.com\/index.php\/2022\/11\/12\/mondial-de-foot-au-qatar-bientot-le-match-douverture\/#webpage\",\"url\":\"https:\/\/legisport.com\/index.php\/2022\/11\/12\/mondial-de-foot-au-qatar-bientot-le-match-douverture\/\",\"name\":\"Mondial de foot au Qatar, bient\\u00f4t le match d'ouverture ! - legisport\",\"isPartOf\":{\"@id\":\"https:\/\/legisport.com\/#website\"},\"datePublished\":\"2022-11-12T17:30:15+00:00\",\"dateModified\":\"2022-11-22T13:39:36+00:00\",\"author\":{\"@id\":\"https:\/\/legisport.com\/#\/schema\/person\/abccfb880c12073a27d7cb433cf39cf2\"},\"breadcrumb\":{\"@id\":\"https:\/\/legisport.com\/index.php\/2022\/11\/12\/mondial-de-foot-au-qatar-bientot-le-match-douverture\/#breadcrumb\"},\"inLanguage\":\"fr-FR\",\"potentialAction\":[{\"@type\":\"ReadAction\",\"target\":[\"https:\/\/legisport.com\/index.php\/2022\/11\/12\/mondial-de-foot-au-qatar-bientot-le-match-douverture\/\"]}]},{\"@type\":\"BreadcrumbList\",\"@id\":\"https:\/\/legisport.com\/index.php\/2022\/11\/12\/mondial-de-foot-au-qatar-bientot-le-match-douverture\/#breadcrumb\",\"itemListElement\":[{\"@type\":\"ListItem\",\"position\":1,\"name\":\"Accueil\",\"item\":\"https:\/\/legisport.com\/\"},{\"@type\":\"ListItem\",\"position\":2,\"name\":\"Mondial de foot au Qatar, bient\\u00f4t le match d&rsquo;ouverture !\"}]},{\"@type\":\"Person\",\"@id\":\"https:\/\/legisport.com\/#\/schema\/person\/abccfb880c12073a27d7cb433cf39cf2\",\"name\":\"admin8312\",\"image\":{\"@type\":\"ImageObject\",\"@id\":\"https:\/\/legisport.com\/#personlogo\",\"inLanguage\":\"fr-FR\",\"url\":\"https:\/\/secure.gravatar.com\/avatar\/1e990537051617f93586bce114145ae0ff87fb7f69693d7eea4b09eb39a38ee0?s=96&d=mm&r=g\",\"contentUrl\":\"https:\/\/secure.gravatar.com\/avatar\/1e990537051617f93586bce114145ae0ff87fb7f69693d7eea4b09eb39a38ee0?s=96&d=mm&r=g\",\"caption\":\"admin8312\"},\"url\":\"https:\/\/legisport.com\/index.php\/author\/admin8312\/\"}]}<\/script>\n<!-- \/ Yoast SEO plugin. -->","yoast_head_json":{"robots":{"index":"index","follow":"follow","max-snippet":"max-snippet:-1","max-image-preview":"max-image-preview:large","max-video-preview":"max-video-preview:-1"},"canonical":"https:\/\/legisport.com\/index.php\/2022\/11\/12\/mondial-de-foot-au-qatar-bientot-le-match-douverture\/","og_locale":"fr_FR","og_type":"article","og_title":"Mondial de foot au Qatar, bient\u00f4t le match d'ouverture ! - legisport","og_description":"La Coupe du monde de football 2022, c&rsquo;est pour tr\u00e8s bient\u00f4t avec le match d&rsquo;ouverture Qatar &#8211; Equateur. Le match d&rsquo;ouverture, c&rsquo;est toujours un moment \u00e0 part. Souvenez-vous de ce match d&rsquo;ouverture en 1990 \u00e0 San Siro \u00e0 Milan. C&rsquo;\u00e9tait Argentine &#8211; Cameroun et le but de la t\u00eate du \u00ab\u00a0Lion Indomptable\u00a0\u00bb Fran\u00e7ois Omam-Biyik avait [&hellip;]","og_url":"https:\/\/legisport.com\/index.php\/2022\/11\/12\/mondial-de-foot-au-qatar-bientot-le-match-douverture\/","og_site_name":"legisport","article_published_time":"2022-11-12T17:30:15+00:00","article_modified_time":"2022-11-22T13:39:36+00:00","twitter_card":"summary_large_image","twitter_misc":{"\u00c9crit par":"admin8312","Dur\u00e9e de lecture est.":"3 minutes"},"schema":{"@context":"https:\/\/schema.org","@graph":[{"@type":"WebSite","@id":"https:\/\/legisport.com\/#website","url":"https:\/\/legisport.com\/","name":"legisport","description":"1991 : fondation de LEGISPORT. 1996 : lancement du bulletin d&#039;informations juridiques sportives LEGISPORT. Tout sur le droit du sport.","potentialAction":[{"@type":"SearchAction","target":{"@type":"EntryPoint","urlTemplate":"https:\/\/legisport.com\/?s={search_term_string}"},"query-input":"required name=search_term_string"}],"inLanguage":"fr-FR"},{"@type":"WebPage","@id":"https:\/\/legisport.com\/index.php\/2022\/11\/12\/mondial-de-foot-au-qatar-bientot-le-match-douverture\/#webpage","url":"https:\/\/legisport.com\/index.php\/2022\/11\/12\/mondial-de-foot-au-qatar-bientot-le-match-douverture\/","name":"Mondial de foot au Qatar, bient\u00f4t le match d'ouverture ! - legisport","isPartOf":{"@id":"https:\/\/legisport.com\/#website"},"datePublished":"2022-11-12T17:30:15+00:00","dateModified":"2022-11-22T13:39:36+00:00","author":{"@id":"https:\/\/legisport.com\/#\/schema\/person\/abccfb880c12073a27d7cb433cf39cf2"},"breadcrumb":{"@id":"https:\/\/legisport.com\/index.php\/2022\/11\/12\/mondial-de-foot-au-qatar-bientot-le-match-douverture\/#breadcrumb"},"inLanguage":"fr-FR","potentialAction":[{"@type":"ReadAction","target":["https:\/\/legisport.com\/index.php\/2022\/11\/12\/mondial-de-foot-au-qatar-bientot-le-match-douverture\/"]}]},{"@type":"BreadcrumbList","@id":"https:\/\/legisport.com\/index.php\/2022\/11\/12\/mondial-de-foot-au-qatar-bientot-le-match-douverture\/#breadcrumb","itemListElement":[{"@type":"ListItem","position":1,"name":"Accueil","item":"https:\/\/legisport.com\/"},{"@type":"ListItem","position":2,"name":"Mondial de foot au Qatar, bient\u00f4t le match d&rsquo;ouverture !"}]},{"@type":"Person","@id":"https:\/\/legisport.com\/#\/schema\/person\/abccfb880c12073a27d7cb433cf39cf2","name":"admin8312","image":{"@type":"ImageObject","@id":"https:\/\/legisport.com\/#personlogo","inLanguage":"fr-FR","url":"https:\/\/secure.gravatar.com\/avatar\/1e990537051617f93586bce114145ae0ff87fb7f69693d7eea4b09eb39a38ee0?s=96&d=mm&r=g","contentUrl":"https:\/\/secure.gravatar.com\/avatar\/1e990537051617f93586bce114145ae0ff87fb7f69693d7eea4b09eb39a38ee0?s=96&d=mm&r=g","caption":"admin8312"},"url":"https:\/\/legisport.com\/index.php\/author\/admin8312\/"}]}},"_links":{"self":[{"href":"https:\/\/legisport.com\/index.php\/wp-json\/wp\/v2\/posts\/2748","targetHints":{"allow":["GET"]}}],"collection":[{"href":"https:\/\/legisport.com\/index.php\/wp-json\/wp\/v2\/posts"}],"about":[{"href":"https:\/\/legisport.com\/index.php\/wp-json\/wp\/v2\/types\/post"}],"author":[{"embeddable":true,"href":"https:\/\/legisport.com\/index.php\/wp-json\/wp\/v2\/users\/1"}],"replies":[{"embeddable":true,"href":"https:\/\/legisport.com\/index.php\/wp-json\/wp\/v2\/comments?post=2748"}],"version-history":[{"count":4,"href":"https:\/\/legisport.com\/index.php\/wp-json\/wp\/v2\/posts\/2748\/revisions"}],"predecessor-version":[{"id":2763,"href":"https:\/\/legisport.com\/index.php\/wp-json\/wp\/v2\/posts\/2748\/revisions\/2763"}],"wp:attachment":[{"href":"https:\/\/legisport.com\/index.php\/wp-json\/wp\/v2\/media?parent=2748"}],"wp:term":[{"taxonomy":"category","embeddable":true,"href":"https:\/\/legisport.com\/index.php\/wp-json\/wp\/v2\/categories?post=2748"},{"taxonomy":"post_tag","embeddable":true,"href":"https:\/\/legisport.com\/index.php\/wp-json\/wp\/v2\/tags?post=2748"}],"curies":[{"name":"wp","href":"https:\/\/api.w.org\/{rel}","templated":true}]}}