{"id":2700,"date":"2022-10-19T12:45:34","date_gmt":"2022-10-19T10:45:34","guid":{"rendered":"https:\/\/legisport.com\/?p=2700"},"modified":"2022-11-01T13:09:42","modified_gmt":"2022-11-01T12:09:42","slug":"reunion-a-sarrebruck-sur-les-echanges-franco-allemands","status":"publish","type":"post","link":"https:\/\/legisport.com\/index.php\/2022\/10\/19\/reunion-a-sarrebruck-sur-les-echanges-franco-allemands\/","title":{"rendered":"R\u00e9union \u00e0 Sarrebruck sur les \u00e9changes franco-allemands"},"content":{"rendered":"\n<p>Le Comit\u00e9 National Olympique et Sportif Fran\u00e7ais (CNOSF) a organis\u00e9, en coop\u00e9ration avec la Deutsche Sportjugend (Dsj) et avec le soutien de l\u2019Office Franco-Allemand pour la Jeunesse (OFAJ),\u00a0une r\u00e9union d\u2019information pour les associations sportives fran\u00e7aises et allemandes\u00a0il y a quelques jours \u00e0 Sarrebruck (Allemagne). <\/p>\n\n\n\n<p>A la baguette de cette r\u00e9union qui a rassembl\u00e9 des clubs et comit\u00e9s fran\u00e7ais et allemands, un quatuor fort bien rod\u00e9 compos\u00e9 de sp\u00e9cialistes : Simon Braun (CNOSF), Fabienne M\u00fcller (Dsj), Pierrick Le Paven (Dsj) et Marcel Saur, r\u00e9f\u00e9rent.&nbsp;<\/p>\n\n\n\n<div class=\"wp-block-image\"><figure class=\"aligncenter size-full\"><img loading=\"lazy\" decoding=\"async\" width=\"554\" height=\"550\" src=\"https:\/\/legisport.com\/wp-content\/uploads\/2022\/10\/r20221015_161629.jpg\" alt=\"\" class=\"wp-image-2704\" srcset=\"https:\/\/legisport.com\/wp-content\/uploads\/2022\/10\/r20221015_161629.jpg 554w, https:\/\/legisport.com\/wp-content\/uploads\/2022\/10\/r20221015_161629-300x298.jpg 300w, https:\/\/legisport.com\/wp-content\/uploads\/2022\/10\/r20221015_161629-150x150.jpg 150w\" sizes=\"auto, (max-width: 554px) 100vw, 554px\" \/><figcaption> <em>Ont anim\u00e9 la r\u00e9union Pierrick Le Paven (Dsj), Marcel Saur, r\u00e9f\u00e9rent, Fabienne M\u00fcller (Dsj) et Simon Braun (CNOSF)&nbsp; <\/em><\/figcaption><\/figure><\/div>\n\n\n\n<p>Apr\u00e8s l&rsquo;ouverture de la r\u00e9union par&nbsp;Simon Braun, Fabienne M\u00fcller, Pierrick Le Paven, Marcel Saur, rejoints par Dirk Mathis (Sportjugend Saarland),&nbsp;il appartenait \u00e0 Tina Naujoks d&rsquo;\u00e9voquer le r\u00f4le et les missions de l&rsquo;OFAJ (Office Franco-Allemand pour la Jeunesse), cr\u00e9\u00e9 par le Trait\u00e9 de l&rsquo;Elys\u00e9e le 22 janvier 1963 qui a \u00e9t\u00e9 compl\u00e9t\u00e9 le 22 janvier 2019 par le Trait\u00e9 d&rsquo;Aix La Chapelle. <\/p>\n\n\n\n<p>Tina Naujoks &nbsp;a insist\u00e9 sur les missions et objectifs de l&rsquo;OFAJ (d\u00e9velopper les relations entre les jeunes en France et en Allemagne, encourager les apprentissages interculturels, \u00e9veiller la curiosit\u00e9 pour la langue partenaire), tout en \u00e9voquant les principes fondamentaux de la r\u00e9ciprocit\u00e9 (cycles d&rsquo;\u00e9changes en France puis en Allemagne ou inversement en Allemagne puis en France) pour les jeunes sportifs entre 3 et 30 ans, sans omettre les perspectives sportives \u00e0 la suite du plan de relance de 2021 avec les Jeux Olympiques et paraolympiques de 2024 \u00e0 Paris et l&rsquo;Euro 2024 de football.<br><\/p>\n\n\n\n<div class=\"wp-block-image\"><figure class=\"aligncenter size-full\"><img loading=\"lazy\" decoding=\"async\" width=\"461\" height=\"613\" src=\"https:\/\/legisport.com\/wp-content\/uploads\/2022\/10\/r20221015_102054.jpg\" alt=\"\" class=\"wp-image-2703\" srcset=\"https:\/\/legisport.com\/wp-content\/uploads\/2022\/10\/r20221015_102054.jpg 461w, https:\/\/legisport.com\/wp-content\/uploads\/2022\/10\/r20221015_102054-226x300.jpg 226w\" sizes=\"auto, (max-width: 461px) 100vw, 461px\" \/><figcaption><em>Tina Naujoks (OFAJ) lors de son intervention<\/em><\/figcaption><\/figure><\/div>\n\n\n\n<p>La parole a \u00e9t\u00e9 donn\u00e9 \u00e0 des acteurs de ces \u00e9changes de jeunes sportifs avec la pr\u00e9sentation de coop\u00e9rations sport et culture avec Detlef Sobolewski (Ligue du Grand Est de handball) et Michael Lux (Handball Merzig) qui ont expliqu\u00e9 le succ\u00e8s de leur op\u00e9ration qui a \u00e9t\u00e9 r\u00e9alis\u00e9e en juillet 2022 \u00e0 Merzig et qui donnera lieu \u00e0 un autre \u00e9change, cette fois-ci en Moselle avant fin juin 2023.&nbsp;Le jumelage peut aussi \u00eatre un axe fort, comme l&rsquo;exemple d&rsquo;Europod qui depuis de tr\u00e8s nombreuses ann\u00e9es r\u00e9alise des \u00e9changes de jeunes entre les villes jumel\u00e9es de Lyon, Francfort et \u00e9galement Birmingham. Et la devise d&rsquo;Europod est : \u00ab\u00a0le sport nous unit\u00a0\u00bb. Voil\u00e0 qui est clair et rendez-vous est donn\u00e9 dans les prochaines semaines pour une nouvelle r\u00e9union d&rsquo;information.<\/p>\n","protected":false},"excerpt":{"rendered":"<p>Le Comit\u00e9 National Olympique et Sportif Fran\u00e7ais (CNOSF) a organis\u00e9, en coop\u00e9ration avec la Deutsche Sportjugend (Dsj) et avec le soutien de l\u2019Office Franco-Allemand pour la Jeunesse (OFAJ),\u00a0une r\u00e9union d\u2019information pour les associations sportives fran\u00e7aises et allemandes\u00a0il y a quelques jours \u00e0 Sarrebruck (Allemagne). A la baguette de cette r\u00e9union qui a rassembl\u00e9 des clubs [&hellip;]<\/p>\n","protected":false},"author":1,"featured_media":0,"comment_status":"closed","ping_status":"open","sticky":false,"template":"","format":"standard","meta":{"footnotes":""},"categories":[1],"tags":[],"class_list":["post-2700","post","type-post","status-publish","format-standard","hentry","category-uncategorized","basic-color-border"],"yoast_head":"<!-- This site is optimized with the Yoast SEO plugin v17.4 - https:\/\/yoast.com\/wordpress\/plugins\/seo\/ -->\n<meta name=\"robots\" content=\"index, follow, max-snippet:-1, max-image-preview:large, max-video-preview:-1\" \/>\n<link rel=\"canonical\" href=\"https:\/\/legisport.com\/index.php\/2022\/10\/19\/reunion-a-sarrebruck-sur-les-echanges-franco-allemands\/\" \/>\n<meta property=\"og:locale\" content=\"fr_FR\" \/>\n<meta property=\"og:type\" content=\"article\" \/>\n<meta property=\"og:title\" content=\"R\u00e9union \u00e0 Sarrebruck sur les \u00e9changes franco-allemands - legisport\" \/>\n<meta property=\"og:description\" content=\"Le Comit\u00e9 National Olympique et Sportif Fran\u00e7ais (CNOSF) a organis\u00e9, en coop\u00e9ration avec la Deutsche Sportjugend (Dsj) et avec le soutien de l\u2019Office Franco-Allemand pour la Jeunesse (OFAJ),\u00a0une r\u00e9union d\u2019information pour les associations sportives fran\u00e7aises et allemandes\u00a0il y a quelques jours \u00e0 Sarrebruck (Allemagne). A la baguette de cette r\u00e9union qui a rassembl\u00e9 des clubs [&hellip;]\" \/>\n<meta property=\"og:url\" content=\"https:\/\/legisport.com\/index.php\/2022\/10\/19\/reunion-a-sarrebruck-sur-les-echanges-franco-allemands\/\" \/>\n<meta property=\"og:site_name\" content=\"legisport\" \/>\n<meta property=\"article:published_time\" content=\"2022-10-19T10:45:34+00:00\" \/>\n<meta property=\"article:modified_time\" content=\"2022-11-01T12:09:42+00:00\" \/>\n<meta property=\"og:image\" content=\"https:\/\/legisport.com\/wp-content\/uploads\/2022\/10\/r20221015_161629.jpg\" \/>\n<meta name=\"twitter:card\" content=\"summary_large_image\" \/>\n<meta name=\"twitter:label1\" content=\"\u00c9crit par\" \/>\n\t<meta name=\"twitter:data1\" content=\"admin8312\" \/>\n\t<meta name=\"twitter:label2\" content=\"Dur\u00e9e de lecture est.\" \/>\n\t<meta name=\"twitter:data2\" content=\"3 minutes\" \/>\n<script type=\"application\/ld+json\" class=\"yoast-schema-graph\">{\"@context\":\"https:\/\/schema.org\",\"@graph\":[{\"@type\":\"WebSite\",\"@id\":\"https:\/\/legisport.com\/#website\",\"url\":\"https:\/\/legisport.com\/\",\"name\":\"legisport\",\"description\":\"1991 : fondation de LEGISPORT. 1996 : lancement du bulletin d&#039;informations juridiques sportives LEGISPORT. Tout sur le droit du sport.\",\"potentialAction\":[{\"@type\":\"SearchAction\",\"target\":{\"@type\":\"EntryPoint\",\"urlTemplate\":\"https:\/\/legisport.com\/?s={search_term_string}\"},\"query-input\":\"required name=search_term_string\"}],\"inLanguage\":\"fr-FR\"},{\"@type\":\"ImageObject\",\"@id\":\"https:\/\/legisport.com\/index.php\/2022\/10\/19\/reunion-a-sarrebruck-sur-les-echanges-franco-allemands\/#primaryimage\",\"inLanguage\":\"fr-FR\",\"url\":\"https:\/\/legisport.com\/wp-content\/uploads\/2022\/10\/r20221015_161629.jpg\",\"contentUrl\":\"https:\/\/legisport.com\/wp-content\/uploads\/2022\/10\/r20221015_161629.jpg\",\"width\":554,\"height\":550},{\"@type\":\"WebPage\",\"@id\":\"https:\/\/legisport.com\/index.php\/2022\/10\/19\/reunion-a-sarrebruck-sur-les-echanges-franco-allemands\/#webpage\",\"url\":\"https:\/\/legisport.com\/index.php\/2022\/10\/19\/reunion-a-sarrebruck-sur-les-echanges-franco-allemands\/\",\"name\":\"R\\u00e9union \\u00e0 Sarrebruck sur les \\u00e9changes franco-allemands - legisport\",\"isPartOf\":{\"@id\":\"https:\/\/legisport.com\/#website\"},\"primaryImageOfPage\":{\"@id\":\"https:\/\/legisport.com\/index.php\/2022\/10\/19\/reunion-a-sarrebruck-sur-les-echanges-franco-allemands\/#primaryimage\"},\"datePublished\":\"2022-10-19T10:45:34+00:00\",\"dateModified\":\"2022-11-01T12:09:42+00:00\",\"author\":{\"@id\":\"https:\/\/legisport.com\/#\/schema\/person\/abccfb880c12073a27d7cb433cf39cf2\"},\"breadcrumb\":{\"@id\":\"https:\/\/legisport.com\/index.php\/2022\/10\/19\/reunion-a-sarrebruck-sur-les-echanges-franco-allemands\/#breadcrumb\"},\"inLanguage\":\"fr-FR\",\"potentialAction\":[{\"@type\":\"ReadAction\",\"target\":[\"https:\/\/legisport.com\/index.php\/2022\/10\/19\/reunion-a-sarrebruck-sur-les-echanges-franco-allemands\/\"]}]},{\"@type\":\"BreadcrumbList\",\"@id\":\"https:\/\/legisport.com\/index.php\/2022\/10\/19\/reunion-a-sarrebruck-sur-les-echanges-franco-allemands\/#breadcrumb\",\"itemListElement\":[{\"@type\":\"ListItem\",\"position\":1,\"name\":\"Accueil\",\"item\":\"https:\/\/legisport.com\/\"},{\"@type\":\"ListItem\",\"position\":2,\"name\":\"R\\u00e9union \\u00e0 Sarrebruck sur les \\u00e9changes franco-allemands\"}]},{\"@type\":\"Person\",\"@id\":\"https:\/\/legisport.com\/#\/schema\/person\/abccfb880c12073a27d7cb433cf39cf2\",\"name\":\"admin8312\",\"image\":{\"@type\":\"ImageObject\",\"@id\":\"https:\/\/legisport.com\/#personlogo\",\"inLanguage\":\"fr-FR\",\"url\":\"https:\/\/secure.gravatar.com\/avatar\/1e990537051617f93586bce114145ae0ff87fb7f69693d7eea4b09eb39a38ee0?s=96&d=mm&r=g\",\"contentUrl\":\"https:\/\/secure.gravatar.com\/avatar\/1e990537051617f93586bce114145ae0ff87fb7f69693d7eea4b09eb39a38ee0?s=96&d=mm&r=g\",\"caption\":\"admin8312\"},\"url\":\"https:\/\/legisport.com\/index.php\/author\/admin8312\/\"}]}<\/script>\n<!-- \/ Yoast SEO plugin. -->","yoast_head_json":{"robots":{"index":"index","follow":"follow","max-snippet":"max-snippet:-1","max-image-preview":"max-image-preview:large","max-video-preview":"max-video-preview:-1"},"canonical":"https:\/\/legisport.com\/index.php\/2022\/10\/19\/reunion-a-sarrebruck-sur-les-echanges-franco-allemands\/","og_locale":"fr_FR","og_type":"article","og_title":"R\u00e9union \u00e0 Sarrebruck sur les \u00e9changes franco-allemands - legisport","og_description":"Le Comit\u00e9 National Olympique et Sportif Fran\u00e7ais (CNOSF) a organis\u00e9, en coop\u00e9ration avec la Deutsche Sportjugend (Dsj) et avec le soutien de l\u2019Office Franco-Allemand pour la Jeunesse (OFAJ),\u00a0une r\u00e9union d\u2019information pour les associations sportives fran\u00e7aises et allemandes\u00a0il y a quelques jours \u00e0 Sarrebruck (Allemagne). A la baguette de cette r\u00e9union qui a rassembl\u00e9 des clubs [&hellip;]","og_url":"https:\/\/legisport.com\/index.php\/2022\/10\/19\/reunion-a-sarrebruck-sur-les-echanges-franco-allemands\/","og_site_name":"legisport","article_published_time":"2022-10-19T10:45:34+00:00","article_modified_time":"2022-11-01T12:09:42+00:00","og_image":[{"url":"https:\/\/legisport.com\/wp-content\/uploads\/2022\/10\/r20221015_161629.jpg"}],"twitter_card":"summary_large_image","twitter_misc":{"\u00c9crit par":"admin8312","Dur\u00e9e de lecture est.":"3 minutes"},"schema":{"@context":"https:\/\/schema.org","@graph":[{"@type":"WebSite","@id":"https:\/\/legisport.com\/#website","url":"https:\/\/legisport.com\/","name":"legisport","description":"1991 : fondation de LEGISPORT. 1996 : lancement du bulletin d&#039;informations juridiques sportives LEGISPORT. Tout sur le droit du sport.","potentialAction":[{"@type":"SearchAction","target":{"@type":"EntryPoint","urlTemplate":"https:\/\/legisport.com\/?s={search_term_string}"},"query-input":"required name=search_term_string"}],"inLanguage":"fr-FR"},{"@type":"ImageObject","@id":"https:\/\/legisport.com\/index.php\/2022\/10\/19\/reunion-a-sarrebruck-sur-les-echanges-franco-allemands\/#primaryimage","inLanguage":"fr-FR","url":"https:\/\/legisport.com\/wp-content\/uploads\/2022\/10\/r20221015_161629.jpg","contentUrl":"https:\/\/legisport.com\/wp-content\/uploads\/2022\/10\/r20221015_161629.jpg","width":554,"height":550},{"@type":"WebPage","@id":"https:\/\/legisport.com\/index.php\/2022\/10\/19\/reunion-a-sarrebruck-sur-les-echanges-franco-allemands\/#webpage","url":"https:\/\/legisport.com\/index.php\/2022\/10\/19\/reunion-a-sarrebruck-sur-les-echanges-franco-allemands\/","name":"R\u00e9union \u00e0 Sarrebruck sur les \u00e9changes franco-allemands - legisport","isPartOf":{"@id":"https:\/\/legisport.com\/#website"},"primaryImageOfPage":{"@id":"https:\/\/legisport.com\/index.php\/2022\/10\/19\/reunion-a-sarrebruck-sur-les-echanges-franco-allemands\/#primaryimage"},"datePublished":"2022-10-19T10:45:34+00:00","dateModified":"2022-11-01T12:09:42+00:00","author":{"@id":"https:\/\/legisport.com\/#\/schema\/person\/abccfb880c12073a27d7cb433cf39cf2"},"breadcrumb":{"@id":"https:\/\/legisport.com\/index.php\/2022\/10\/19\/reunion-a-sarrebruck-sur-les-echanges-franco-allemands\/#breadcrumb"},"inLanguage":"fr-FR","potentialAction":[{"@type":"ReadAction","target":["https:\/\/legisport.com\/index.php\/2022\/10\/19\/reunion-a-sarrebruck-sur-les-echanges-franco-allemands\/"]}]},{"@type":"BreadcrumbList","@id":"https:\/\/legisport.com\/index.php\/2022\/10\/19\/reunion-a-sarrebruck-sur-les-echanges-franco-allemands\/#breadcrumb","itemListElement":[{"@type":"ListItem","position":1,"name":"Accueil","item":"https:\/\/legisport.com\/"},{"@type":"ListItem","position":2,"name":"R\u00e9union \u00e0 Sarrebruck sur les \u00e9changes franco-allemands"}]},{"@type":"Person","@id":"https:\/\/legisport.com\/#\/schema\/person\/abccfb880c12073a27d7cb433cf39cf2","name":"admin8312","image":{"@type":"ImageObject","@id":"https:\/\/legisport.com\/#personlogo","inLanguage":"fr-FR","url":"https:\/\/secure.gravatar.com\/avatar\/1e990537051617f93586bce114145ae0ff87fb7f69693d7eea4b09eb39a38ee0?s=96&d=mm&r=g","contentUrl":"https:\/\/secure.gravatar.com\/avatar\/1e990537051617f93586bce114145ae0ff87fb7f69693d7eea4b09eb39a38ee0?s=96&d=mm&r=g","caption":"admin8312"},"url":"https:\/\/legisport.com\/index.php\/author\/admin8312\/"}]}},"_links":{"self":[{"href":"https:\/\/legisport.com\/index.php\/wp-json\/wp\/v2\/posts\/2700","targetHints":{"allow":["GET"]}}],"collection":[{"href":"https:\/\/legisport.com\/index.php\/wp-json\/wp\/v2\/posts"}],"about":[{"href":"https:\/\/legisport.com\/index.php\/wp-json\/wp\/v2\/types\/post"}],"author":[{"embeddable":true,"href":"https:\/\/legisport.com\/index.php\/wp-json\/wp\/v2\/users\/1"}],"replies":[{"embeddable":true,"href":"https:\/\/legisport.com\/index.php\/wp-json\/wp\/v2\/comments?post=2700"}],"version-history":[{"count":5,"href":"https:\/\/legisport.com\/index.php\/wp-json\/wp\/v2\/posts\/2700\/revisions"}],"predecessor-version":[{"id":2712,"href":"https:\/\/legisport.com\/index.php\/wp-json\/wp\/v2\/posts\/2700\/revisions\/2712"}],"wp:attachment":[{"href":"https:\/\/legisport.com\/index.php\/wp-json\/wp\/v2\/media?parent=2700"}],"wp:term":[{"taxonomy":"category","embeddable":true,"href":"https:\/\/legisport.com\/index.php\/wp-json\/wp\/v2\/categories?post=2700"},{"taxonomy":"post_tag","embeddable":true,"href":"https:\/\/legisport.com\/index.php\/wp-json\/wp\/v2\/tags?post=2700"}],"curies":[{"name":"wp","href":"https:\/\/api.w.org\/{rel}","templated":true}]}}