{"id":2583,"date":"2022-09-17T15:31:21","date_gmt":"2022-09-17T13:31:21","guid":{"rendered":"https:\/\/legisport.com\/?p=2583"},"modified":"2022-09-19T17:04:06","modified_gmt":"2022-09-19T15:04:06","slug":"bienvenue-a-la-revue-africaine-de-droit-et-deconomie-du-sport","status":"publish","type":"post","link":"https:\/\/legisport.com\/index.php\/2022\/09\/17\/bienvenue-a-la-revue-africaine-de-droit-et-deconomie-du-sport\/","title":{"rendered":"Bienvenue \u00e0 la Revue africaine de droit et d\u2019\u00e9conomie du sport"},"content":{"rendered":"\n<div class=\"wp-block-image\"><figure class=\"aligncenter size-large\"><img loading=\"lazy\" decoding=\"async\" width=\"1024\" height=\"723\" src=\"https:\/\/legisport.com\/wp-content\/uploads\/2022\/09\/rades-1024x723.jpg\" alt=\"\" class=\"wp-image-2606\" srcset=\"https:\/\/legisport.com\/wp-content\/uploads\/2022\/09\/rades-1024x723.jpg 1024w, https:\/\/legisport.com\/wp-content\/uploads\/2022\/09\/rades-300x212.jpg 300w, https:\/\/legisport.com\/wp-content\/uploads\/2022\/09\/rades-768x542.jpg 768w, https:\/\/legisport.com\/wp-content\/uploads\/2022\/09\/rades-1536x1084.jpg 1536w, https:\/\/legisport.com\/wp-content\/uploads\/2022\/09\/rades.jpg 1889w\" sizes=\"auto, (max-width: 1024px) 100vw, 1024px\" \/><\/figure><\/div>\n\n\n\n<p>Le premier num\u00e9ro de la Revue africaine de droit et d\u2019\u00e9conomie du sport (juin-juillet 2022) vient de para\u00eetre aux Editions L\u2019Harmattan. Avec comme cofondateurs et directeurs de publication un tandem camerounais-s\u00e9n\u00e9galais compos\u00e9 de Me Jean-Jacques Nouyadjam, avocat au barreau du Cameroun, pr\u00e9sident de l&rsquo;association camerounaise des avocats en droit du sport et Me Moustapha Kamara, docteur en droit, avocat du sport au barreau de Marseille.<\/p>\n\n\n\n<p>Etant donn\u00e9 l\u2019importance de l\u2019Afrique dans le sport, ce premier num\u00e9ro arrive \u00e0 point nomm\u00e9 et participe \u00e0 la promotion de l\u2019Afrique dans le monde international et \u00e9galement au d\u00e9veloppement du droit du sport, nouvelle branche du droit devenue aujourd&rsquo;hui incontournable. Et comme le souligne l&rsquo;\u00e9ditorialiste Ga\u00e9tan Thierry Foumena, agr\u00e9g\u00e9 des Facult\u00e9s de droit (Universit\u00e9 de Ngaound\u00e9r\u00e9, Cameroun), \u00ab\u00a0l&rsquo;Afrique n&rsquo;est pas en marge de cette dynamique\u00a0\u00bb.<\/p>\n\n\n\n<p>Apr\u00e8s l&rsquo;\u00e9ditorial, le premier&nbsp;num\u00e9ro de la Revue africaine de droit et d\u2019\u00e9conomie du sport se compose de diff\u00e9rentes parties : doctrine, jurisprudence, chronique de l\u00e9gislation et note de lecture et y ont contribu\u00e9 outre le trio&nbsp;Me Jean-Jacques Nouyadjam &#8211; Me Moustapha Kamara &#8211;&nbsp;Ga\u00e9tan Thierry Foumena,&nbsp;les auteurs suivants :&nbsp;Maurice Kom Kamsu, Pascal Vondou, Collins Nkouchipo Pacha, Souman Zanminy Yaya, Fran\u00e7ois Xavier Bandolo, Joseph Thierry Tchoupe Koumeni, Nadjomb\u00e9 Gbeou-Kpayile, Jean-Jacques Nouyadjam.&nbsp;<\/p>\n\n\n\n<p><strong>Le deuxi\u00e8me num\u00e9ro d\u00e9j\u00e0 en pr\u00e9paration<\/strong><\/p>\n\n\n\n<p>L&rsquo;un des cofondateurs et directeurs de publication est Me Moustapha Kamara,&nbsp;laur\u00e9at 2008 du Grand Prix de l\u2019Union des Clubs Professionnels de Football (France) qui a notamment \u00e9crit grand nombre d&rsquo;ouvrages \u00e0 travers les ann\u00e9es, par exemple, \u00ab\u00a0Les Op\u00e9rations de transferts des footballeurs professionnels\u00a0\u00bb (Paris, 2007,&nbsp;\u00e9ditions Harmattan, collection logiques juridiques), \u00ab\u00a0Les r\u00e9formes du football au S\u00e9n\u00e9gal\u00a0\u00bb (\u00e9ditions L&rsquo;Harmattan, 2021) ou encore avec la collaboration d&rsquo;Isabel Falconer et Samba Thiam \u00ab\u00a0Le Contentieux international du transfert des joueurs\u00a0\u00bb (\u00e9ditions L\u2019harmattan, 2020).<\/p>\n\n\n\n<p>Au moment de la Coupe du Monde en Afrique du Sud en 2010, \u00ab\u00a0Les grands d\u00e9fis du football africain\u00a0\u00bb, paru sous la direction de Me Moustapha Kamara et le Professeur Abdoulaye Sakho (Universit\u00e9 de Dakar) avait connu un certain retentissement et avait port\u00e9 les bases d&rsquo;une r\u00e9flexion sur l&rsquo;Afrique et le football. Puis, les deux auteurs ont continu\u00e9 avec \u00ab\u00a0Sport et droit des soci\u00e9t\u00e9s\u00a0\u00bb (Paris 2012, Pr\u00e9face de Marie Mallaurie Vignal et Claude Alb\u00e9ric Maetz, \u00e9ditions Harmattan) ou \u00ab\u00a0Sport et contrat de travail\u00a0\u00bb (Paris 2013, Pr\u00e9face de Madame Mallaurie Vignal, \u00e9ditions Harmattan).<\/p>\n\n\n\n<p>\u00ab\u00a0Nous sommes en train de plancher sur le deuxi\u00e8me num\u00e9ro de la Revue africaine de droit et d\u2019\u00e9conomie du sport\u00a0\u00bb, nous pr\u00e9cise Me Moustapha Kamara.<\/p>\n\n\n\n<p><strong>Contact :&nbsp;moustaphakamaravocat@gmail.com<\/strong><\/p>\n","protected":false},"excerpt":{"rendered":"<p>Le premier num\u00e9ro de la Revue africaine de droit et d\u2019\u00e9conomie du sport (juin-juillet 2022) vient de para\u00eetre aux Editions L\u2019Harmattan. Avec comme cofondateurs et directeurs de publication un tandem camerounais-s\u00e9n\u00e9galais compos\u00e9 de Me Jean-Jacques Nouyadjam, avocat au barreau du Cameroun, pr\u00e9sident de l&rsquo;association camerounaise des avocats en droit du sport et Me Moustapha Kamara, [&hellip;]<\/p>\n","protected":false},"author":1,"featured_media":0,"comment_status":"closed","ping_status":"open","sticky":false,"template":"","format":"standard","meta":{"footnotes":""},"categories":[1],"tags":[],"class_list":["post-2583","post","type-post","status-publish","format-standard","hentry","category-uncategorized","basic-color-border"],"yoast_head":"<!-- This site is optimized with the Yoast SEO plugin v17.4 - https:\/\/yoast.com\/wordpress\/plugins\/seo\/ -->\n<meta name=\"robots\" content=\"index, follow, max-snippet:-1, max-image-preview:large, max-video-preview:-1\" \/>\n<link rel=\"canonical\" href=\"https:\/\/legisport.com\/index.php\/2022\/09\/17\/bienvenue-a-la-revue-africaine-de-droit-et-deconomie-du-sport\/\" \/>\n<meta property=\"og:locale\" content=\"fr_FR\" \/>\n<meta property=\"og:type\" content=\"article\" \/>\n<meta property=\"og:title\" content=\"Bienvenue \u00e0 la Revue africaine de droit et d\u2019\u00e9conomie du sport - legisport\" \/>\n<meta property=\"og:description\" content=\"Le premier num\u00e9ro de la Revue africaine de droit et d\u2019\u00e9conomie du sport (juin-juillet 2022) vient de para\u00eetre aux Editions L\u2019Harmattan. Avec comme cofondateurs et directeurs de publication un tandem camerounais-s\u00e9n\u00e9galais compos\u00e9 de Me Jean-Jacques Nouyadjam, avocat au barreau du Cameroun, pr\u00e9sident de l&rsquo;association camerounaise des avocats en droit du sport et Me Moustapha Kamara, [&hellip;]\" \/>\n<meta property=\"og:url\" content=\"https:\/\/legisport.com\/index.php\/2022\/09\/17\/bienvenue-a-la-revue-africaine-de-droit-et-deconomie-du-sport\/\" \/>\n<meta property=\"og:site_name\" content=\"legisport\" \/>\n<meta property=\"article:published_time\" content=\"2022-09-17T13:31:21+00:00\" \/>\n<meta property=\"article:modified_time\" content=\"2022-09-19T15:04:06+00:00\" \/>\n<meta property=\"og:image\" content=\"https:\/\/legisport.com\/wp-content\/uploads\/2022\/09\/rades-1024x723.jpg\" \/>\n<meta name=\"twitter:card\" content=\"summary_large_image\" \/>\n<meta name=\"twitter:label1\" content=\"\u00c9crit par\" \/>\n\t<meta name=\"twitter:data1\" content=\"admin8312\" \/>\n\t<meta name=\"twitter:label2\" content=\"Dur\u00e9e de lecture est.\" \/>\n\t<meta name=\"twitter:data2\" content=\"2 minutes\" \/>\n<script type=\"application\/ld+json\" class=\"yoast-schema-graph\">{\"@context\":\"https:\/\/schema.org\",\"@graph\":[{\"@type\":\"WebSite\",\"@id\":\"https:\/\/legisport.com\/#website\",\"url\":\"https:\/\/legisport.com\/\",\"name\":\"legisport\",\"description\":\"1991 : fondation de LEGISPORT. 1996 : lancement du bulletin d&#039;informations juridiques sportives LEGISPORT. Tout sur le droit du sport.\",\"potentialAction\":[{\"@type\":\"SearchAction\",\"target\":{\"@type\":\"EntryPoint\",\"urlTemplate\":\"https:\/\/legisport.com\/?s={search_term_string}\"},\"query-input\":\"required name=search_term_string\"}],\"inLanguage\":\"fr-FR\"},{\"@type\":\"ImageObject\",\"@id\":\"https:\/\/legisport.com\/index.php\/2022\/09\/17\/bienvenue-a-la-revue-africaine-de-droit-et-deconomie-du-sport\/#primaryimage\",\"inLanguage\":\"fr-FR\",\"url\":\"https:\/\/legisport.com\/wp-content\/uploads\/2022\/09\/rades.jpg\",\"contentUrl\":\"https:\/\/legisport.com\/wp-content\/uploads\/2022\/09\/rades.jpg\",\"width\":1889,\"height\":1333},{\"@type\":\"WebPage\",\"@id\":\"https:\/\/legisport.com\/index.php\/2022\/09\/17\/bienvenue-a-la-revue-africaine-de-droit-et-deconomie-du-sport\/#webpage\",\"url\":\"https:\/\/legisport.com\/index.php\/2022\/09\/17\/bienvenue-a-la-revue-africaine-de-droit-et-deconomie-du-sport\/\",\"name\":\"Bienvenue \\u00e0 la Revue africaine de droit et d\\u2019\\u00e9conomie du sport - legisport\",\"isPartOf\":{\"@id\":\"https:\/\/legisport.com\/#website\"},\"primaryImageOfPage\":{\"@id\":\"https:\/\/legisport.com\/index.php\/2022\/09\/17\/bienvenue-a-la-revue-africaine-de-droit-et-deconomie-du-sport\/#primaryimage\"},\"datePublished\":\"2022-09-17T13:31:21+00:00\",\"dateModified\":\"2022-09-19T15:04:06+00:00\",\"author\":{\"@id\":\"https:\/\/legisport.com\/#\/schema\/person\/abccfb880c12073a27d7cb433cf39cf2\"},\"breadcrumb\":{\"@id\":\"https:\/\/legisport.com\/index.php\/2022\/09\/17\/bienvenue-a-la-revue-africaine-de-droit-et-deconomie-du-sport\/#breadcrumb\"},\"inLanguage\":\"fr-FR\",\"potentialAction\":[{\"@type\":\"ReadAction\",\"target\":[\"https:\/\/legisport.com\/index.php\/2022\/09\/17\/bienvenue-a-la-revue-africaine-de-droit-et-deconomie-du-sport\/\"]}]},{\"@type\":\"BreadcrumbList\",\"@id\":\"https:\/\/legisport.com\/index.php\/2022\/09\/17\/bienvenue-a-la-revue-africaine-de-droit-et-deconomie-du-sport\/#breadcrumb\",\"itemListElement\":[{\"@type\":\"ListItem\",\"position\":1,\"name\":\"Accueil\",\"item\":\"https:\/\/legisport.com\/\"},{\"@type\":\"ListItem\",\"position\":2,\"name\":\"Bienvenue \\u00e0 la Revue africaine de droit et d\\u2019\\u00e9conomie du sport\"}]},{\"@type\":\"Person\",\"@id\":\"https:\/\/legisport.com\/#\/schema\/person\/abccfb880c12073a27d7cb433cf39cf2\",\"name\":\"admin8312\",\"image\":{\"@type\":\"ImageObject\",\"@id\":\"https:\/\/legisport.com\/#personlogo\",\"inLanguage\":\"fr-FR\",\"url\":\"https:\/\/secure.gravatar.com\/avatar\/1e990537051617f93586bce114145ae0ff87fb7f69693d7eea4b09eb39a38ee0?s=96&d=mm&r=g\",\"contentUrl\":\"https:\/\/secure.gravatar.com\/avatar\/1e990537051617f93586bce114145ae0ff87fb7f69693d7eea4b09eb39a38ee0?s=96&d=mm&r=g\",\"caption\":\"admin8312\"},\"url\":\"https:\/\/legisport.com\/index.php\/author\/admin8312\/\"}]}<\/script>\n<!-- \/ Yoast SEO plugin. -->","yoast_head_json":{"robots":{"index":"index","follow":"follow","max-snippet":"max-snippet:-1","max-image-preview":"max-image-preview:large","max-video-preview":"max-video-preview:-1"},"canonical":"https:\/\/legisport.com\/index.php\/2022\/09\/17\/bienvenue-a-la-revue-africaine-de-droit-et-deconomie-du-sport\/","og_locale":"fr_FR","og_type":"article","og_title":"Bienvenue \u00e0 la Revue africaine de droit et d\u2019\u00e9conomie du sport - legisport","og_description":"Le premier num\u00e9ro de la Revue africaine de droit et d\u2019\u00e9conomie du sport (juin-juillet 2022) vient de para\u00eetre aux Editions L\u2019Harmattan. Avec comme cofondateurs et directeurs de publication un tandem camerounais-s\u00e9n\u00e9galais compos\u00e9 de Me Jean-Jacques Nouyadjam, avocat au barreau du Cameroun, pr\u00e9sident de l&rsquo;association camerounaise des avocats en droit du sport et Me Moustapha Kamara, [&hellip;]","og_url":"https:\/\/legisport.com\/index.php\/2022\/09\/17\/bienvenue-a-la-revue-africaine-de-droit-et-deconomie-du-sport\/","og_site_name":"legisport","article_published_time":"2022-09-17T13:31:21+00:00","article_modified_time":"2022-09-19T15:04:06+00:00","og_image":[{"url":"https:\/\/legisport.com\/wp-content\/uploads\/2022\/09\/rades-1024x723.jpg"}],"twitter_card":"summary_large_image","twitter_misc":{"\u00c9crit par":"admin8312","Dur\u00e9e de lecture est.":"2 minutes"},"schema":{"@context":"https:\/\/schema.org","@graph":[{"@type":"WebSite","@id":"https:\/\/legisport.com\/#website","url":"https:\/\/legisport.com\/","name":"legisport","description":"1991 : fondation de LEGISPORT. 1996 : lancement du bulletin d&#039;informations juridiques sportives LEGISPORT. Tout sur le droit du sport.","potentialAction":[{"@type":"SearchAction","target":{"@type":"EntryPoint","urlTemplate":"https:\/\/legisport.com\/?s={search_term_string}"},"query-input":"required name=search_term_string"}],"inLanguage":"fr-FR"},{"@type":"ImageObject","@id":"https:\/\/legisport.com\/index.php\/2022\/09\/17\/bienvenue-a-la-revue-africaine-de-droit-et-deconomie-du-sport\/#primaryimage","inLanguage":"fr-FR","url":"https:\/\/legisport.com\/wp-content\/uploads\/2022\/09\/rades.jpg","contentUrl":"https:\/\/legisport.com\/wp-content\/uploads\/2022\/09\/rades.jpg","width":1889,"height":1333},{"@type":"WebPage","@id":"https:\/\/legisport.com\/index.php\/2022\/09\/17\/bienvenue-a-la-revue-africaine-de-droit-et-deconomie-du-sport\/#webpage","url":"https:\/\/legisport.com\/index.php\/2022\/09\/17\/bienvenue-a-la-revue-africaine-de-droit-et-deconomie-du-sport\/","name":"Bienvenue \u00e0 la Revue africaine de droit et d\u2019\u00e9conomie du sport - legisport","isPartOf":{"@id":"https:\/\/legisport.com\/#website"},"primaryImageOfPage":{"@id":"https:\/\/legisport.com\/index.php\/2022\/09\/17\/bienvenue-a-la-revue-africaine-de-droit-et-deconomie-du-sport\/#primaryimage"},"datePublished":"2022-09-17T13:31:21+00:00","dateModified":"2022-09-19T15:04:06+00:00","author":{"@id":"https:\/\/legisport.com\/#\/schema\/person\/abccfb880c12073a27d7cb433cf39cf2"},"breadcrumb":{"@id":"https:\/\/legisport.com\/index.php\/2022\/09\/17\/bienvenue-a-la-revue-africaine-de-droit-et-deconomie-du-sport\/#breadcrumb"},"inLanguage":"fr-FR","potentialAction":[{"@type":"ReadAction","target":["https:\/\/legisport.com\/index.php\/2022\/09\/17\/bienvenue-a-la-revue-africaine-de-droit-et-deconomie-du-sport\/"]}]},{"@type":"BreadcrumbList","@id":"https:\/\/legisport.com\/index.php\/2022\/09\/17\/bienvenue-a-la-revue-africaine-de-droit-et-deconomie-du-sport\/#breadcrumb","itemListElement":[{"@type":"ListItem","position":1,"name":"Accueil","item":"https:\/\/legisport.com\/"},{"@type":"ListItem","position":2,"name":"Bienvenue \u00e0 la Revue africaine de droit et d\u2019\u00e9conomie du sport"}]},{"@type":"Person","@id":"https:\/\/legisport.com\/#\/schema\/person\/abccfb880c12073a27d7cb433cf39cf2","name":"admin8312","image":{"@type":"ImageObject","@id":"https:\/\/legisport.com\/#personlogo","inLanguage":"fr-FR","url":"https:\/\/secure.gravatar.com\/avatar\/1e990537051617f93586bce114145ae0ff87fb7f69693d7eea4b09eb39a38ee0?s=96&d=mm&r=g","contentUrl":"https:\/\/secure.gravatar.com\/avatar\/1e990537051617f93586bce114145ae0ff87fb7f69693d7eea4b09eb39a38ee0?s=96&d=mm&r=g","caption":"admin8312"},"url":"https:\/\/legisport.com\/index.php\/author\/admin8312\/"}]}},"_links":{"self":[{"href":"https:\/\/legisport.com\/index.php\/wp-json\/wp\/v2\/posts\/2583","targetHints":{"allow":["GET"]}}],"collection":[{"href":"https:\/\/legisport.com\/index.php\/wp-json\/wp\/v2\/posts"}],"about":[{"href":"https:\/\/legisport.com\/index.php\/wp-json\/wp\/v2\/types\/post"}],"author":[{"embeddable":true,"href":"https:\/\/legisport.com\/index.php\/wp-json\/wp\/v2\/users\/1"}],"replies":[{"embeddable":true,"href":"https:\/\/legisport.com\/index.php\/wp-json\/wp\/v2\/comments?post=2583"}],"version-history":[{"count":3,"href":"https:\/\/legisport.com\/index.php\/wp-json\/wp\/v2\/posts\/2583\/revisions"}],"predecessor-version":[{"id":2607,"href":"https:\/\/legisport.com\/index.php\/wp-json\/wp\/v2\/posts\/2583\/revisions\/2607"}],"wp:attachment":[{"href":"https:\/\/legisport.com\/index.php\/wp-json\/wp\/v2\/media?parent=2583"}],"wp:term":[{"taxonomy":"category","embeddable":true,"href":"https:\/\/legisport.com\/index.php\/wp-json\/wp\/v2\/categories?post=2583"},{"taxonomy":"post_tag","embeddable":true,"href":"https:\/\/legisport.com\/index.php\/wp-json\/wp\/v2\/tags?post=2583"}],"curies":[{"name":"wp","href":"https:\/\/api.w.org\/{rel}","templated":true}]}}