{"id":2516,"date":"2022-07-15T09:56:26","date_gmt":"2022-07-15T07:56:26","guid":{"rendered":"https:\/\/legisport.com\/?p=2516"},"modified":"2022-07-17T18:47:30","modified_gmt":"2022-07-17T16:47:30","slug":"ffse-ligue-sud-enchanter-le-sport-dentreprise","status":"publish","type":"post","link":"https:\/\/legisport.com\/index.php\/2022\/07\/15\/ffse-ligue-sud-enchanter-le-sport-dentreprise\/","title":{"rendered":"FFSE Ligue Sud : enchanter le sport d&rsquo;entreprise"},"content":{"rendered":"\n<p>Depuis plusieurs semaines, la Ligue Sud FFSE est \u00e0 pied d&rsquo;oeuvre pour enchanter le sport d&rsquo;entreprise en r\u00e9gion Paca (Provence Alpes C\u00f4te d&rsquo;Azur Paca).<br><\/p>\n\n\n\n<p><strong>Pr\u00e9sident : <\/strong>Jean-Marie SAFRA\u00a0<\/p>\n\n\n\n<p><strong>Vice-pr\u00e9sidente et tr\u00e9sori\u00e8re :<\/strong> Florence BRAU BILLOD\u00a0<\/p>\n\n\n\n<p><strong>Vice-pr\u00e9sidents :<\/strong> Ren\u00e9 FANO et Philippe AUROY\u00a0<\/p>\n\n\n\n<p><strong>Secr\u00e9taire G\u00e9n\u00e9ral : <\/strong>Cyril BRAU\u00a0<\/p>\n\n\n\n<p><strong>Tr\u00e9sorier adjoint :<\/strong> Michel PAUTOT\u00a0<\/p>\n\n\n\n<p><strong>Membres du Bureau : <\/strong>Genevi\u00e8ve TEISSIER et Olivier BOULLAY<br><\/p>\n\n\n\n<p>Le Pr\u00e9sident de la Ligue Sud FFSE Jean-Marie SAFRA d\u00e9taille la feuille de route &nbsp;: Dans la r\u00e9gion Sud, le d\u00e9veloppement du sport d\u2019entreprise repose sur une animation globale (sport loisir, sport d\u2019entretien, sport de comp\u00e9tition) au plus pr\u00e8s de l\u2019activit\u00e9 professionnelle de tous, avec des animations adapt\u00e9es \u00e0 chaque salari\u00e9\/e. Dans le double but de cr\u00e9er du bien-\u00eatre ou du mieux-\u00eatre au quotidien &#8211; meilleure sant\u00e9, lien social renforc\u00e9, \u00e9panouissement personnel et au travail \u2013 et de permettre \u00e0 chaque entreprise d\u2019\u00eatre toujours plus comp\u00e9titive. Salari\u00e9s et Entreprises : la ligue SUD met son \u00e9thique non marchande et \u00e0 but non lucratif \u00e0 leur service.&nbsp;<\/p>\n\n\n\n<p><strong>Insuffler un dynamisme durable au sport d&rsquo;entreprise<\/strong><\/p>\n\n\n\n<p>Depuis le d\u00e9but de l\u2019ann\u00e9e 2022, la Ligue SUD Provence-Alpes-C\u00f4te d\u2019Azur du Sport d\u2019Entreprise a pris un nouveau virage, s\u2019est donn\u00e9 de nouveaux visages et s\u2019est fix\u00e9 de nouveaux objectifs. \u00c9manation de la F\u00e9d\u00e9ration fran\u00e7aise du sport d\u2019entreprise pour laquelle \u00ab le sport d\u2019entreprise, ce n\u2019est pas que du sport \u00bb et dont la raison d\u2019\u00eatre est le bien-\u00eatre des salari\u00e9s et l\u2019am\u00e9lioration des performances de leurs entreprises, la Ligue SUD Paca s\u2019inscrit avant tout dans cette belle lign\u00e9e. Son ambition est de profiter de l\u2019impulsion sportive que ne manquera pas de donner l\u2019organisation des Jeux Olympiques et Paralympiques 2024 de Paris pour insuffler un \u00e9lan d\u00e9cisif et un dynamisme durable au sport d\u2019entreprise dans les six d\u00e9partements de la R\u00e9gion SUD : Alpes-de-Haute Provence, Alpes-Maritimes, Bouches-du Rh\u00f4ne, Hautes-Alpes, Var et Vaucluse. <\/p>\n\n\n\n<p>Dans ce cadre, la Ligue SUD Provence-Alpes-C\u00f4te d\u2019Azur se veut r\u00e9solument active, cr\u00e9ative, conviviale, r\u00e9active, plurielle, efficace et \u00e9thique. En allant \u00e0 la rencontre de toutes les entreprises &#8211; quelle que soit leur taille et leur activit\u00e9 &#8211; de la R\u00e9gion et en organisant ou en encadrant du sport au quotidien, des \u00e9v\u00e8nements et des rendez-vous sportifs, conviviaux, familiaux et festifs entre salari\u00e9s\/es. En cr\u00e9ant aussi des souvenirs inoubliables et partag\u00e9s.<\/p>\n\n\n\n<p>A ne pas manquer \u00e0 Miramas le 14 octobre 2022 la premi\u00e8re Course de la Diversit\u00e9 qui sera pr\u00e9c\u00e9d\u00e9e du 4\u00e8me Forum du sport de Cap Sport organis\u00e9 par Ren\u00e9 FANO.<\/p>\n\n\n\n<p><strong>Contact :Jean-Marie SAFRA, Pr\u00e9sident : safrajm@yahoo.fr<\/strong><\/p>\n\n\n\n<p>Cliquez <a href=\"https:\/\/paca.ffse.fr\/\">ICI<\/a> pour consulter le site internet de la Ligue.<\/p>\n","protected":false},"excerpt":{"rendered":"<p>Depuis plusieurs semaines, la Ligue Sud FFSE est \u00e0 pied d&rsquo;oeuvre pour enchanter le sport d&rsquo;entreprise en r\u00e9gion Paca (Provence Alpes C\u00f4te d&rsquo;Azur Paca). Pr\u00e9sident : Jean-Marie SAFRA\u00a0 Vice-pr\u00e9sidente et tr\u00e9sori\u00e8re : Florence BRAU BILLOD\u00a0 Vice-pr\u00e9sidents : Ren\u00e9 FANO et Philippe AUROY\u00a0 Secr\u00e9taire G\u00e9n\u00e9ral : Cyril BRAU\u00a0 Tr\u00e9sorier adjoint : Michel PAUTOT\u00a0 Membres du Bureau [&hellip;]<\/p>\n","protected":false},"author":1,"featured_media":0,"comment_status":"closed","ping_status":"open","sticky":false,"template":"","format":"standard","meta":{"footnotes":""},"categories":[1],"tags":[],"class_list":["post-2516","post","type-post","status-publish","format-standard","hentry","category-uncategorized","basic-color-border"],"yoast_head":"<!-- This site is optimized with the Yoast SEO plugin v17.4 - https:\/\/yoast.com\/wordpress\/plugins\/seo\/ -->\n<meta name=\"robots\" content=\"index, follow, max-snippet:-1, max-image-preview:large, max-video-preview:-1\" \/>\n<link rel=\"canonical\" href=\"https:\/\/legisport.com\/index.php\/2022\/07\/15\/ffse-ligue-sud-enchanter-le-sport-dentreprise\/\" \/>\n<meta property=\"og:locale\" content=\"fr_FR\" \/>\n<meta property=\"og:type\" content=\"article\" \/>\n<meta property=\"og:title\" content=\"FFSE Ligue Sud : enchanter le sport d&#039;entreprise - legisport\" \/>\n<meta property=\"og:description\" content=\"Depuis plusieurs semaines, la Ligue Sud FFSE est \u00e0 pied d&rsquo;oeuvre pour enchanter le sport d&rsquo;entreprise en r\u00e9gion Paca (Provence Alpes C\u00f4te d&rsquo;Azur Paca). Pr\u00e9sident : Jean-Marie SAFRA\u00a0 Vice-pr\u00e9sidente et tr\u00e9sori\u00e8re : Florence BRAU BILLOD\u00a0 Vice-pr\u00e9sidents : Ren\u00e9 FANO et Philippe AUROY\u00a0 Secr\u00e9taire G\u00e9n\u00e9ral : Cyril BRAU\u00a0 Tr\u00e9sorier adjoint : Michel PAUTOT\u00a0 Membres du Bureau [&hellip;]\" \/>\n<meta property=\"og:url\" content=\"https:\/\/legisport.com\/index.php\/2022\/07\/15\/ffse-ligue-sud-enchanter-le-sport-dentreprise\/\" \/>\n<meta property=\"og:site_name\" content=\"legisport\" \/>\n<meta property=\"article:published_time\" content=\"2022-07-15T07:56:26+00:00\" \/>\n<meta property=\"article:modified_time\" content=\"2022-07-17T16:47:30+00:00\" \/>\n<meta name=\"twitter:card\" content=\"summary_large_image\" \/>\n<meta name=\"twitter:label1\" content=\"\u00c9crit par\" \/>\n\t<meta name=\"twitter:data1\" content=\"admin8312\" \/>\n\t<meta name=\"twitter:label2\" content=\"Dur\u00e9e de lecture est.\" \/>\n\t<meta name=\"twitter:data2\" content=\"2 minutes\" \/>\n<script type=\"application\/ld+json\" class=\"yoast-schema-graph\">{\"@context\":\"https:\/\/schema.org\",\"@graph\":[{\"@type\":\"WebSite\",\"@id\":\"https:\/\/legisport.com\/#website\",\"url\":\"https:\/\/legisport.com\/\",\"name\":\"legisport\",\"description\":\"1991 : fondation de LEGISPORT. 1996 : lancement du bulletin d&#039;informations juridiques sportives LEGISPORT. Tout sur le droit du sport.\",\"potentialAction\":[{\"@type\":\"SearchAction\",\"target\":{\"@type\":\"EntryPoint\",\"urlTemplate\":\"https:\/\/legisport.com\/?s={search_term_string}\"},\"query-input\":\"required name=search_term_string\"}],\"inLanguage\":\"fr-FR\"},{\"@type\":\"WebPage\",\"@id\":\"https:\/\/legisport.com\/index.php\/2022\/07\/15\/ffse-ligue-sud-enchanter-le-sport-dentreprise\/#webpage\",\"url\":\"https:\/\/legisport.com\/index.php\/2022\/07\/15\/ffse-ligue-sud-enchanter-le-sport-dentreprise\/\",\"name\":\"FFSE Ligue Sud : enchanter le sport d'entreprise - legisport\",\"isPartOf\":{\"@id\":\"https:\/\/legisport.com\/#website\"},\"datePublished\":\"2022-07-15T07:56:26+00:00\",\"dateModified\":\"2022-07-17T16:47:30+00:00\",\"author\":{\"@id\":\"https:\/\/legisport.com\/#\/schema\/person\/abccfb880c12073a27d7cb433cf39cf2\"},\"breadcrumb\":{\"@id\":\"https:\/\/legisport.com\/index.php\/2022\/07\/15\/ffse-ligue-sud-enchanter-le-sport-dentreprise\/#breadcrumb\"},\"inLanguage\":\"fr-FR\",\"potentialAction\":[{\"@type\":\"ReadAction\",\"target\":[\"https:\/\/legisport.com\/index.php\/2022\/07\/15\/ffse-ligue-sud-enchanter-le-sport-dentreprise\/\"]}]},{\"@type\":\"BreadcrumbList\",\"@id\":\"https:\/\/legisport.com\/index.php\/2022\/07\/15\/ffse-ligue-sud-enchanter-le-sport-dentreprise\/#breadcrumb\",\"itemListElement\":[{\"@type\":\"ListItem\",\"position\":1,\"name\":\"Accueil\",\"item\":\"https:\/\/legisport.com\/\"},{\"@type\":\"ListItem\",\"position\":2,\"name\":\"FFSE Ligue Sud : enchanter le sport d&rsquo;entreprise\"}]},{\"@type\":\"Person\",\"@id\":\"https:\/\/legisport.com\/#\/schema\/person\/abccfb880c12073a27d7cb433cf39cf2\",\"name\":\"admin8312\",\"image\":{\"@type\":\"ImageObject\",\"@id\":\"https:\/\/legisport.com\/#personlogo\",\"inLanguage\":\"fr-FR\",\"url\":\"https:\/\/secure.gravatar.com\/avatar\/1e990537051617f93586bce114145ae0ff87fb7f69693d7eea4b09eb39a38ee0?s=96&d=mm&r=g\",\"contentUrl\":\"https:\/\/secure.gravatar.com\/avatar\/1e990537051617f93586bce114145ae0ff87fb7f69693d7eea4b09eb39a38ee0?s=96&d=mm&r=g\",\"caption\":\"admin8312\"},\"url\":\"https:\/\/legisport.com\/index.php\/author\/admin8312\/\"}]}<\/script>\n<!-- \/ Yoast SEO plugin. -->","yoast_head_json":{"robots":{"index":"index","follow":"follow","max-snippet":"max-snippet:-1","max-image-preview":"max-image-preview:large","max-video-preview":"max-video-preview:-1"},"canonical":"https:\/\/legisport.com\/index.php\/2022\/07\/15\/ffse-ligue-sud-enchanter-le-sport-dentreprise\/","og_locale":"fr_FR","og_type":"article","og_title":"FFSE Ligue Sud : enchanter le sport d'entreprise - legisport","og_description":"Depuis plusieurs semaines, la Ligue Sud FFSE est \u00e0 pied d&rsquo;oeuvre pour enchanter le sport d&rsquo;entreprise en r\u00e9gion Paca (Provence Alpes C\u00f4te d&rsquo;Azur Paca). Pr\u00e9sident : Jean-Marie SAFRA\u00a0 Vice-pr\u00e9sidente et tr\u00e9sori\u00e8re : Florence BRAU BILLOD\u00a0 Vice-pr\u00e9sidents : Ren\u00e9 FANO et Philippe AUROY\u00a0 Secr\u00e9taire G\u00e9n\u00e9ral : Cyril BRAU\u00a0 Tr\u00e9sorier adjoint : Michel PAUTOT\u00a0 Membres du Bureau [&hellip;]","og_url":"https:\/\/legisport.com\/index.php\/2022\/07\/15\/ffse-ligue-sud-enchanter-le-sport-dentreprise\/","og_site_name":"legisport","article_published_time":"2022-07-15T07:56:26+00:00","article_modified_time":"2022-07-17T16:47:30+00:00","twitter_card":"summary_large_image","twitter_misc":{"\u00c9crit par":"admin8312","Dur\u00e9e de lecture est.":"2 minutes"},"schema":{"@context":"https:\/\/schema.org","@graph":[{"@type":"WebSite","@id":"https:\/\/legisport.com\/#website","url":"https:\/\/legisport.com\/","name":"legisport","description":"1991 : fondation de LEGISPORT. 1996 : lancement du bulletin d&#039;informations juridiques sportives LEGISPORT. Tout sur le droit du sport.","potentialAction":[{"@type":"SearchAction","target":{"@type":"EntryPoint","urlTemplate":"https:\/\/legisport.com\/?s={search_term_string}"},"query-input":"required name=search_term_string"}],"inLanguage":"fr-FR"},{"@type":"WebPage","@id":"https:\/\/legisport.com\/index.php\/2022\/07\/15\/ffse-ligue-sud-enchanter-le-sport-dentreprise\/#webpage","url":"https:\/\/legisport.com\/index.php\/2022\/07\/15\/ffse-ligue-sud-enchanter-le-sport-dentreprise\/","name":"FFSE Ligue Sud : enchanter le sport d'entreprise - legisport","isPartOf":{"@id":"https:\/\/legisport.com\/#website"},"datePublished":"2022-07-15T07:56:26+00:00","dateModified":"2022-07-17T16:47:30+00:00","author":{"@id":"https:\/\/legisport.com\/#\/schema\/person\/abccfb880c12073a27d7cb433cf39cf2"},"breadcrumb":{"@id":"https:\/\/legisport.com\/index.php\/2022\/07\/15\/ffse-ligue-sud-enchanter-le-sport-dentreprise\/#breadcrumb"},"inLanguage":"fr-FR","potentialAction":[{"@type":"ReadAction","target":["https:\/\/legisport.com\/index.php\/2022\/07\/15\/ffse-ligue-sud-enchanter-le-sport-dentreprise\/"]}]},{"@type":"BreadcrumbList","@id":"https:\/\/legisport.com\/index.php\/2022\/07\/15\/ffse-ligue-sud-enchanter-le-sport-dentreprise\/#breadcrumb","itemListElement":[{"@type":"ListItem","position":1,"name":"Accueil","item":"https:\/\/legisport.com\/"},{"@type":"ListItem","position":2,"name":"FFSE Ligue Sud : enchanter le sport d&rsquo;entreprise"}]},{"@type":"Person","@id":"https:\/\/legisport.com\/#\/schema\/person\/abccfb880c12073a27d7cb433cf39cf2","name":"admin8312","image":{"@type":"ImageObject","@id":"https:\/\/legisport.com\/#personlogo","inLanguage":"fr-FR","url":"https:\/\/secure.gravatar.com\/avatar\/1e990537051617f93586bce114145ae0ff87fb7f69693d7eea4b09eb39a38ee0?s=96&d=mm&r=g","contentUrl":"https:\/\/secure.gravatar.com\/avatar\/1e990537051617f93586bce114145ae0ff87fb7f69693d7eea4b09eb39a38ee0?s=96&d=mm&r=g","caption":"admin8312"},"url":"https:\/\/legisport.com\/index.php\/author\/admin8312\/"}]}},"_links":{"self":[{"href":"https:\/\/legisport.com\/index.php\/wp-json\/wp\/v2\/posts\/2516","targetHints":{"allow":["GET"]}}],"collection":[{"href":"https:\/\/legisport.com\/index.php\/wp-json\/wp\/v2\/posts"}],"about":[{"href":"https:\/\/legisport.com\/index.php\/wp-json\/wp\/v2\/types\/post"}],"author":[{"embeddable":true,"href":"https:\/\/legisport.com\/index.php\/wp-json\/wp\/v2\/users\/1"}],"replies":[{"embeddable":true,"href":"https:\/\/legisport.com\/index.php\/wp-json\/wp\/v2\/comments?post=2516"}],"version-history":[{"count":2,"href":"https:\/\/legisport.com\/index.php\/wp-json\/wp\/v2\/posts\/2516\/revisions"}],"predecessor-version":[{"id":2536,"href":"https:\/\/legisport.com\/index.php\/wp-json\/wp\/v2\/posts\/2516\/revisions\/2536"}],"wp:attachment":[{"href":"https:\/\/legisport.com\/index.php\/wp-json\/wp\/v2\/media?parent=2516"}],"wp:term":[{"taxonomy":"category","embeddable":true,"href":"https:\/\/legisport.com\/index.php\/wp-json\/wp\/v2\/categories?post=2516"},{"taxonomy":"post_tag","embeddable":true,"href":"https:\/\/legisport.com\/index.php\/wp-json\/wp\/v2\/tags?post=2516"}],"curies":[{"name":"wp","href":"https:\/\/api.w.org\/{rel}","templated":true}]}}