{"id":2387,"date":"2022-02-22T10:03:03","date_gmt":"2022-02-22T09:03:03","guid":{"rendered":"https:\/\/legisport.com\/?p=2387"},"modified":"2022-02-22T10:03:17","modified_gmt":"2022-02-22T09:03:17","slug":"clap-de-fin-pour-les-j-o-dhiver-a-pekin","status":"publish","type":"post","link":"https:\/\/legisport.com\/index.php\/2022\/02\/22\/clap-de-fin-pour-les-j-o-dhiver-a-pekin\/","title":{"rendered":"Clap de fin pour les J.O. d&rsquo;hiver \u00e0 P\u00e9kin"},"content":{"rendered":"\n<p><strong>LEGISPORT publie ce communiqu\u00e9 de presse de l&rsquo;AsDTN re\u00e7u de Madame Nad\u00e8ge Coulet, attach\u00e9e de presse le 20 f\u00e9vrier 2022.<\/strong><\/p>\n\n\n\n<p><strong>Alors que les Jeux Olympiques viennent de s\u2019achever ce jour avec un r\u00e9sultat de 14 m\u00e9dailles pour la France, l\u2019AsDTN tient \u00e0 f\u00e9liciter l\u2019Equipe de France et revient sur la comp\u00e9tition \u00e0 travers son pr\u00e9sident Ludovic ROY\u00c9, et les deux DTN des f\u00e9d\u00e9rations repr\u00e9sent\u00e9es \u00e0 P\u00e9kin. L\u2019AsDTN adresse \u00e9galement tous ses encouragements \u00e0 la d\u00e9l\u00e9gation tricolore men\u00e9e par Benjamin DAVIET et leur encadrement pour Jeux Paralympiques qui d\u00e9buteront le 4 mars.<\/strong><\/p>\n\n\n\n<p><strong>Fabien SAGUEZ, DTN de la F\u00e9d\u00e9ration Fran\u00e7aise de Ski :<\/strong>&nbsp;\u00ab Ces Jeux ont \u00e9t\u00e9 d\u2019une extraordinaire richesse tant sur le plan organisationnel que sportif. Il faut souligner la qualit\u00e9 des infrastructures propos\u00e9es respectant les plus haut standards des \u00e9preuves internationales classiquement utilis\u00e9es. Les r\u00e9sultats ont \u00e9t\u00e9 \u00e0 la hauteur de nos esp\u00e9rances tant sur le comportement de l\u2019ensemble des athl\u00e8tes que du staff. Bien \u00e9videmment, comment ne pas qualifier d\u2019extraordinaire la quinzaine olympique de Quentin FILLON-MAILLET rentrant dans l\u2019histoire du sport fran\u00e7ais ainsi que l\u2019ensemble de nos m\u00e9daill\u00e9s d\u2019or, d\u2019argent et de bronze. Rendez-vous dans 4 ans, presque \u00e0 la maison. Je suis maintenant tourn\u00e9 vers mes coll\u00e8gues de l\u2019\u00e9t\u00e9 dans la fantastique perspective des Jeux olympiques \u00e0 domicile. Force et honneur ! \u00bb<\/p>\n\n\n\n<p><strong>Fr\u00e9d\u00e9rique BLANCON, DTN de la F\u00e9d\u00e9ration Fran\u00e7aise des Sports de Glace :<\/strong>&nbsp;\u00abLes athl\u00e8tes ainsi que le staff vont garder en m\u00e9moire des moments magiques riches en \u00e9motions comme celui de la m\u00e9daille d\u2019or en danse sur glace avec Gabriella PAPADAKIS et Guillaume CIZERON. Cette m\u00e9daille d\u2019or est l\u2019aboutissement d\u2019un travail d\u2019\u00e9quipes avec comme ma\u00eetres mots l\u2019engagement, la rigueur et l\u2019effort. Ils ont \u00e9t\u00e9 vraiment les leaders de cette discipline. En individuel messieurs, Kevin AYMOZ a fini 12e mais avec sa blessure, il n\u2019a pas pu s\u2019exprimer pleinement. En revanche, Adam SIAO HIM FA a r\u00e9ussi ses premiers JO en montrant un comportement engag\u00e9 et combatif m\u00eame s\u2019il a fini 14e. Le sport, c\u2019est aussi parfois la d\u00e9ception et l\u2019incompr\u00e9hension d\u2019\u00eatre pass\u00e9 \u00e0 c\u00f4t\u00e9. Les athl\u00e8tes du bobsleigh messieurs et du short track sont arriv\u00e9s aux Jeux pour se surpasser mais cela ne s\u2019est pas concr\u00e9tis\u00e9 comme cela aurait d\u00fb \u00eatre. Nous prendrons le temps d\u2019analyser leurs prestations pour repartir au mieux et plus fort. Malgr\u00e9 tout, il faut souligner la performance des filles au bobsleigh et c\u2019\u00e9tait la premi\u00e8re fois qu\u2019elles \u00e9taient qualifi\u00e9es aux JO. Notamment avec le monobob o\u00f9 la jeune Margot BOCH finit 11e atteignant l\u2019objectif fix\u00e9 et montrant qu\u2019elle a les capacit\u00e9s pour r\u00e9ussir de belles performances aux prochains jeux. \u00bb<\/p>\n\n\n\n<p><strong>Ludovic ROY\u00c9, pr\u00e9sident de l\u2019AsDTN :\u00a0<\/strong>\u00ab Les athl\u00e8tes, les staffs et nos 2 coll\u00e8gues nous auront fait vibrer ! A l\u2019occasion du dernier congr\u00e8s de l\u2019AsDTN, les directeurs et directrices techniques nationaux avaient act\u00e9 la n\u00e9cessit\u00e9 de faire corps et d\u2019aller ensemble sur les terrains de comp\u00e9tition. Nous avons pu l\u2019incarner pendant cette quinzaine. Ce sont tous les DTN et plus largement tout l\u2019encadrement du sport qui \u00e9taient derri\u00e8re nos athl\u00e8tes, leur staff et nos 2 coll\u00e8gues, Fr\u00e9d\u00e9rique et Fabien. Nous avons d\u00e9montr\u00e9 que l\u2019\u00e9quipe de France unique n\u2019\u00e9tait pas qu\u2019un concept et nous avons pu la vivre pendant cette quinzaine. Maintenant, nos regards sont tourn\u00e9s vers les Jeux Paralympiques pour lesquels nous serons, \u00e0 nouveau, toutes et tous derri\u00e8res nos coll\u00e8gues !\u00bb<\/p>\n\n\n\n<p><strong>Contacts :<\/strong><\/p>\n\n\n\n<p><strong>-Madame Nad\u00e8ge Coulet, attach\u00e9e de presse (n.coulet@nc-medias.com)<\/strong><\/p>\n\n\n\n<p>&#8211;<strong>AsDTN (president@asdtn.fr)<\/strong><\/p>\n","protected":false},"excerpt":{"rendered":"<p>LEGISPORT publie ce communiqu\u00e9 de presse de l&rsquo;AsDTN re\u00e7u de Madame Nad\u00e8ge Coulet, attach\u00e9e de presse le 20 f\u00e9vrier 2022. Alors que les Jeux Olympiques viennent de s\u2019achever ce jour avec un r\u00e9sultat de 14 m\u00e9dailles pour la France, l\u2019AsDTN tient \u00e0 f\u00e9liciter l\u2019Equipe de France et revient sur la comp\u00e9tition \u00e0 travers son pr\u00e9sident [&hellip;]<\/p>\n","protected":false},"author":1,"featured_media":0,"comment_status":"closed","ping_status":"open","sticky":false,"template":"","format":"standard","meta":{"footnotes":""},"categories":[1],"tags":[],"class_list":["post-2387","post","type-post","status-publish","format-standard","hentry","category-uncategorized","basic-color-border"],"yoast_head":"<!-- This site is optimized with the Yoast SEO plugin v17.4 - https:\/\/yoast.com\/wordpress\/plugins\/seo\/ -->\n<meta name=\"robots\" content=\"index, follow, max-snippet:-1, max-image-preview:large, max-video-preview:-1\" \/>\n<link rel=\"canonical\" href=\"https:\/\/legisport.com\/index.php\/2022\/02\/22\/clap-de-fin-pour-les-j-o-dhiver-a-pekin\/\" \/>\n<meta property=\"og:locale\" content=\"fr_FR\" \/>\n<meta property=\"og:type\" content=\"article\" \/>\n<meta property=\"og:title\" content=\"Clap de fin pour les J.O. d&#039;hiver \u00e0 P\u00e9kin - legisport\" \/>\n<meta property=\"og:description\" content=\"LEGISPORT publie ce communiqu\u00e9 de presse de l&rsquo;AsDTN re\u00e7u de Madame Nad\u00e8ge Coulet, attach\u00e9e de presse le 20 f\u00e9vrier 2022. Alors que les Jeux Olympiques viennent de s\u2019achever ce jour avec un r\u00e9sultat de 14 m\u00e9dailles pour la France, l\u2019AsDTN tient \u00e0 f\u00e9liciter l\u2019Equipe de France et revient sur la comp\u00e9tition \u00e0 travers son pr\u00e9sident [&hellip;]\" \/>\n<meta property=\"og:url\" content=\"https:\/\/legisport.com\/index.php\/2022\/02\/22\/clap-de-fin-pour-les-j-o-dhiver-a-pekin\/\" \/>\n<meta property=\"og:site_name\" content=\"legisport\" \/>\n<meta property=\"article:published_time\" content=\"2022-02-22T09:03:03+00:00\" \/>\n<meta property=\"article:modified_time\" content=\"2022-02-22T09:03:17+00:00\" \/>\n<meta name=\"twitter:card\" content=\"summary_large_image\" \/>\n<meta name=\"twitter:label1\" content=\"\u00c9crit par\" \/>\n\t<meta name=\"twitter:data1\" content=\"admin8312\" \/>\n\t<meta name=\"twitter:label2\" content=\"Dur\u00e9e de lecture est.\" \/>\n\t<meta name=\"twitter:data2\" content=\"3 minutes\" \/>\n<script type=\"application\/ld+json\" class=\"yoast-schema-graph\">{\"@context\":\"https:\/\/schema.org\",\"@graph\":[{\"@type\":\"WebSite\",\"@id\":\"https:\/\/legisport.com\/#website\",\"url\":\"https:\/\/legisport.com\/\",\"name\":\"legisport\",\"description\":\"1991 : fondation de LEGISPORT. 1996 : lancement du bulletin d&#039;informations juridiques sportives LEGISPORT. Tout sur le droit du sport.\",\"potentialAction\":[{\"@type\":\"SearchAction\",\"target\":{\"@type\":\"EntryPoint\",\"urlTemplate\":\"https:\/\/legisport.com\/?s={search_term_string}\"},\"query-input\":\"required name=search_term_string\"}],\"inLanguage\":\"fr-FR\"},{\"@type\":\"WebPage\",\"@id\":\"https:\/\/legisport.com\/index.php\/2022\/02\/22\/clap-de-fin-pour-les-j-o-dhiver-a-pekin\/#webpage\",\"url\":\"https:\/\/legisport.com\/index.php\/2022\/02\/22\/clap-de-fin-pour-les-j-o-dhiver-a-pekin\/\",\"name\":\"Clap de fin pour les J.O. d'hiver \\u00e0 P\\u00e9kin - legisport\",\"isPartOf\":{\"@id\":\"https:\/\/legisport.com\/#website\"},\"datePublished\":\"2022-02-22T09:03:03+00:00\",\"dateModified\":\"2022-02-22T09:03:17+00:00\",\"author\":{\"@id\":\"https:\/\/legisport.com\/#\/schema\/person\/abccfb880c12073a27d7cb433cf39cf2\"},\"breadcrumb\":{\"@id\":\"https:\/\/legisport.com\/index.php\/2022\/02\/22\/clap-de-fin-pour-les-j-o-dhiver-a-pekin\/#breadcrumb\"},\"inLanguage\":\"fr-FR\",\"potentialAction\":[{\"@type\":\"ReadAction\",\"target\":[\"https:\/\/legisport.com\/index.php\/2022\/02\/22\/clap-de-fin-pour-les-j-o-dhiver-a-pekin\/\"]}]},{\"@type\":\"BreadcrumbList\",\"@id\":\"https:\/\/legisport.com\/index.php\/2022\/02\/22\/clap-de-fin-pour-les-j-o-dhiver-a-pekin\/#breadcrumb\",\"itemListElement\":[{\"@type\":\"ListItem\",\"position\":1,\"name\":\"Accueil\",\"item\":\"https:\/\/legisport.com\/\"},{\"@type\":\"ListItem\",\"position\":2,\"name\":\"Clap de fin pour les J.O. d&rsquo;hiver \\u00e0 P\\u00e9kin\"}]},{\"@type\":\"Person\",\"@id\":\"https:\/\/legisport.com\/#\/schema\/person\/abccfb880c12073a27d7cb433cf39cf2\",\"name\":\"admin8312\",\"image\":{\"@type\":\"ImageObject\",\"@id\":\"https:\/\/legisport.com\/#personlogo\",\"inLanguage\":\"fr-FR\",\"url\":\"https:\/\/secure.gravatar.com\/avatar\/1e990537051617f93586bce114145ae0ff87fb7f69693d7eea4b09eb39a38ee0?s=96&d=mm&r=g\",\"contentUrl\":\"https:\/\/secure.gravatar.com\/avatar\/1e990537051617f93586bce114145ae0ff87fb7f69693d7eea4b09eb39a38ee0?s=96&d=mm&r=g\",\"caption\":\"admin8312\"},\"url\":\"https:\/\/legisport.com\/index.php\/author\/admin8312\/\"}]}<\/script>\n<!-- \/ Yoast SEO plugin. -->","yoast_head_json":{"robots":{"index":"index","follow":"follow","max-snippet":"max-snippet:-1","max-image-preview":"max-image-preview:large","max-video-preview":"max-video-preview:-1"},"canonical":"https:\/\/legisport.com\/index.php\/2022\/02\/22\/clap-de-fin-pour-les-j-o-dhiver-a-pekin\/","og_locale":"fr_FR","og_type":"article","og_title":"Clap de fin pour les J.O. d'hiver \u00e0 P\u00e9kin - legisport","og_description":"LEGISPORT publie ce communiqu\u00e9 de presse de l&rsquo;AsDTN re\u00e7u de Madame Nad\u00e8ge Coulet, attach\u00e9e de presse le 20 f\u00e9vrier 2022. Alors que les Jeux Olympiques viennent de s\u2019achever ce jour avec un r\u00e9sultat de 14 m\u00e9dailles pour la France, l\u2019AsDTN tient \u00e0 f\u00e9liciter l\u2019Equipe de France et revient sur la comp\u00e9tition \u00e0 travers son pr\u00e9sident [&hellip;]","og_url":"https:\/\/legisport.com\/index.php\/2022\/02\/22\/clap-de-fin-pour-les-j-o-dhiver-a-pekin\/","og_site_name":"legisport","article_published_time":"2022-02-22T09:03:03+00:00","article_modified_time":"2022-02-22T09:03:17+00:00","twitter_card":"summary_large_image","twitter_misc":{"\u00c9crit par":"admin8312","Dur\u00e9e de lecture est.":"3 minutes"},"schema":{"@context":"https:\/\/schema.org","@graph":[{"@type":"WebSite","@id":"https:\/\/legisport.com\/#website","url":"https:\/\/legisport.com\/","name":"legisport","description":"1991 : fondation de LEGISPORT. 1996 : lancement du bulletin d&#039;informations juridiques sportives LEGISPORT. Tout sur le droit du sport.","potentialAction":[{"@type":"SearchAction","target":{"@type":"EntryPoint","urlTemplate":"https:\/\/legisport.com\/?s={search_term_string}"},"query-input":"required name=search_term_string"}],"inLanguage":"fr-FR"},{"@type":"WebPage","@id":"https:\/\/legisport.com\/index.php\/2022\/02\/22\/clap-de-fin-pour-les-j-o-dhiver-a-pekin\/#webpage","url":"https:\/\/legisport.com\/index.php\/2022\/02\/22\/clap-de-fin-pour-les-j-o-dhiver-a-pekin\/","name":"Clap de fin pour les J.O. d'hiver \u00e0 P\u00e9kin - legisport","isPartOf":{"@id":"https:\/\/legisport.com\/#website"},"datePublished":"2022-02-22T09:03:03+00:00","dateModified":"2022-02-22T09:03:17+00:00","author":{"@id":"https:\/\/legisport.com\/#\/schema\/person\/abccfb880c12073a27d7cb433cf39cf2"},"breadcrumb":{"@id":"https:\/\/legisport.com\/index.php\/2022\/02\/22\/clap-de-fin-pour-les-j-o-dhiver-a-pekin\/#breadcrumb"},"inLanguage":"fr-FR","potentialAction":[{"@type":"ReadAction","target":["https:\/\/legisport.com\/index.php\/2022\/02\/22\/clap-de-fin-pour-les-j-o-dhiver-a-pekin\/"]}]},{"@type":"BreadcrumbList","@id":"https:\/\/legisport.com\/index.php\/2022\/02\/22\/clap-de-fin-pour-les-j-o-dhiver-a-pekin\/#breadcrumb","itemListElement":[{"@type":"ListItem","position":1,"name":"Accueil","item":"https:\/\/legisport.com\/"},{"@type":"ListItem","position":2,"name":"Clap de fin pour les J.O. d&rsquo;hiver \u00e0 P\u00e9kin"}]},{"@type":"Person","@id":"https:\/\/legisport.com\/#\/schema\/person\/abccfb880c12073a27d7cb433cf39cf2","name":"admin8312","image":{"@type":"ImageObject","@id":"https:\/\/legisport.com\/#personlogo","inLanguage":"fr-FR","url":"https:\/\/secure.gravatar.com\/avatar\/1e990537051617f93586bce114145ae0ff87fb7f69693d7eea4b09eb39a38ee0?s=96&d=mm&r=g","contentUrl":"https:\/\/secure.gravatar.com\/avatar\/1e990537051617f93586bce114145ae0ff87fb7f69693d7eea4b09eb39a38ee0?s=96&d=mm&r=g","caption":"admin8312"},"url":"https:\/\/legisport.com\/index.php\/author\/admin8312\/"}]}},"_links":{"self":[{"href":"https:\/\/legisport.com\/index.php\/wp-json\/wp\/v2\/posts\/2387","targetHints":{"allow":["GET"]}}],"collection":[{"href":"https:\/\/legisport.com\/index.php\/wp-json\/wp\/v2\/posts"}],"about":[{"href":"https:\/\/legisport.com\/index.php\/wp-json\/wp\/v2\/types\/post"}],"author":[{"embeddable":true,"href":"https:\/\/legisport.com\/index.php\/wp-json\/wp\/v2\/users\/1"}],"replies":[{"embeddable":true,"href":"https:\/\/legisport.com\/index.php\/wp-json\/wp\/v2\/comments?post=2387"}],"version-history":[{"count":1,"href":"https:\/\/legisport.com\/index.php\/wp-json\/wp\/v2\/posts\/2387\/revisions"}],"predecessor-version":[{"id":2388,"href":"https:\/\/legisport.com\/index.php\/wp-json\/wp\/v2\/posts\/2387\/revisions\/2388"}],"wp:attachment":[{"href":"https:\/\/legisport.com\/index.php\/wp-json\/wp\/v2\/media?parent=2387"}],"wp:term":[{"taxonomy":"category","embeddable":true,"href":"https:\/\/legisport.com\/index.php\/wp-json\/wp\/v2\/categories?post=2387"},{"taxonomy":"post_tag","embeddable":true,"href":"https:\/\/legisport.com\/index.php\/wp-json\/wp\/v2\/tags?post=2387"}],"curies":[{"name":"wp","href":"https:\/\/api.w.org\/{rel}","templated":true}]}}