{"id":2364,"date":"2022-02-20T15:47:57","date_gmt":"2022-02-20T14:47:57","guid":{"rendered":"https:\/\/legisport.com\/?p=2364"},"modified":"2022-02-20T17:25:32","modified_gmt":"2022-02-20T16:25:32","slug":"n154-de-legisport-sur-le-syndicalisme-sportif","status":"publish","type":"post","link":"https:\/\/legisport.com\/index.php\/2022\/02\/20\/n154-de-legisport-sur-le-syndicalisme-sportif\/","title":{"rendered":"N\u00b0154 de LEGISPORT sur le \u00ab\u00a0syndicalisme sportif\u00a0\u00bb"},"content":{"rendered":"\n<div class=\"wp-block-image\"><figure class=\"aligncenter size-full\"><img loading=\"lazy\" decoding=\"async\" width=\"538\" height=\"768\" src=\"https:\/\/legisport.com\/wp-content\/uploads\/2022\/02\/droitdusportlegisport154syndicalismesportif.jpg\" alt=\"\" class=\"wp-image-2361\" srcset=\"https:\/\/legisport.com\/wp-content\/uploads\/2022\/02\/droitdusportlegisport154syndicalismesportif.jpg 538w, https:\/\/legisport.com\/wp-content\/uploads\/2022\/02\/droitdusportlegisport154syndicalismesportif-210x300.jpg 210w\" sizes=\"auto, (max-width: 538px) 100vw, 538px\" \/><\/figure><\/div>\n\n\n\n<p><strong>Le bulletin d&rsquo;informations juridiques sportives LEGISPORT continue sa parution pour l&rsquo;ann\u00e9e 2022. Apr\u00e8s le beau succ\u00e8s du num\u00e9ro consacr\u00e9 \u00e0 la fiscalit\u00e9 des clubs sportifs en janvier-f\u00e9vrier, le n\u00b0154 consacr\u00e9 au th\u00e8me : \u00ab\u00a0SYNDICALISME SPORTIF, revendications ou dialogue social ?\u00a0\u00bb vient de para\u00eetre (mars-avril 2022). A peine paru que nous avons d\u00e9j\u00e0 re\u00e7u pas mal de messages fort positifs.<\/strong> <\/p>\n\n\n\n<p>Apr\u00e8s un bref historique du syndicalisme, nous avons publi\u00e9 un article \u00ab\u00a0Les particularismes de l&rsquo;action syndicale dans le sport et la n\u00e9gociation collective\u00a0\u00bb de Manvel Arutunyan, \u00e9tudiant en double Master Programme Grande Ecole HEC &#8211; Droit des affaires et Fiscalit\u00e9 Paris 1 Panth\u00e9on-Sorbonne, la publication se poursuit avec l&rsquo;interview de Monsieur Jean-Michel Lapoux, Secr\u00e9taire g\u00e9n\u00e9ral du \u00ab&nbsp;syndicat F\u00e9d\u00e9ration des Ma\u00eetres Nageurs Sauveteurs&nbsp;\u00bb qui \u00e9voque son histoire et les priorit\u00e9s de sa profession et son environnement.<\/p>\n\n\n\n<p>Mathieu Lenoir, responsable du service juridique de l&rsquo;Unecatef \u00e9voque pour LEGISPORT le dialogue social dans le sport, plus particuli\u00e8rement dans le football.<\/p>\n\n\n\n<p>Nous profitons de la p\u00e9riode de d\u00e9claration de revenus pour pr\u00e9senter un entretien avec le Professeur Pierre Beltrame, \u00e9minent fiscaliste sur le th\u00e8me de l\u2019imposition des revenus per\u00e7us en France par des sportifs non-r\u00e9sidents.<\/p>\n\n\n\n<p>Voil\u00e0, donc, un bien beau num\u00e9ro.<\/p>\n\n\n\n<p><strong>Me Michel Pautot, r\u00e9dacteur en chef<\/strong><\/p>\n\n\n\n<p>Pour s&rsquo;abonner \u00e0 LEGISPORT (30 euros pour six num\u00e9ros annuels), cliquez <a href=\"https:\/\/legisport.com\/wp-content\/uploads\/2022\/02\/legisportabonnementannee2022.pdf\">ICI<\/a><\/p>\n","protected":false},"excerpt":{"rendered":"<p>Le bulletin d&rsquo;informations juridiques sportives LEGISPORT continue sa parution pour l&rsquo;ann\u00e9e 2022. Apr\u00e8s le beau succ\u00e8s du num\u00e9ro consacr\u00e9 \u00e0 la fiscalit\u00e9 des clubs sportifs en janvier-f\u00e9vrier, le n\u00b0154 consacr\u00e9 au th\u00e8me : \u00ab\u00a0SYNDICALISME SPORTIF, revendications ou dialogue social ?\u00a0\u00bb vient de para\u00eetre (mars-avril 2022). A peine paru que nous avons d\u00e9j\u00e0 re\u00e7u pas mal [&hellip;]<\/p>\n","protected":false},"author":1,"featured_media":0,"comment_status":"closed","ping_status":"open","sticky":false,"template":"","format":"standard","meta":{"footnotes":""},"categories":[1],"tags":[],"class_list":["post-2364","post","type-post","status-publish","format-standard","hentry","category-uncategorized","basic-color-border"],"yoast_head":"<!-- This site is optimized with the Yoast SEO plugin v17.4 - https:\/\/yoast.com\/wordpress\/plugins\/seo\/ -->\n<meta name=\"robots\" content=\"index, follow, max-snippet:-1, max-image-preview:large, max-video-preview:-1\" \/>\n<link rel=\"canonical\" href=\"https:\/\/legisport.com\/index.php\/2022\/02\/20\/n154-de-legisport-sur-le-syndicalisme-sportif\/\" \/>\n<meta property=\"og:locale\" content=\"fr_FR\" \/>\n<meta property=\"og:type\" content=\"article\" \/>\n<meta property=\"og:title\" content=\"N\u00b0154 de LEGISPORT sur le &quot;syndicalisme sportif&quot; - legisport\" \/>\n<meta property=\"og:description\" content=\"Le bulletin d&rsquo;informations juridiques sportives LEGISPORT continue sa parution pour l&rsquo;ann\u00e9e 2022. Apr\u00e8s le beau succ\u00e8s du num\u00e9ro consacr\u00e9 \u00e0 la fiscalit\u00e9 des clubs sportifs en janvier-f\u00e9vrier, le n\u00b0154 consacr\u00e9 au th\u00e8me : \u00ab\u00a0SYNDICALISME SPORTIF, revendications ou dialogue social ?\u00a0\u00bb vient de para\u00eetre (mars-avril 2022). A peine paru que nous avons d\u00e9j\u00e0 re\u00e7u pas mal [&hellip;]\" \/>\n<meta property=\"og:url\" content=\"https:\/\/legisport.com\/index.php\/2022\/02\/20\/n154-de-legisport-sur-le-syndicalisme-sportif\/\" \/>\n<meta property=\"og:site_name\" content=\"legisport\" \/>\n<meta property=\"article:published_time\" content=\"2022-02-20T14:47:57+00:00\" \/>\n<meta property=\"article:modified_time\" content=\"2022-02-20T16:25:32+00:00\" \/>\n<meta property=\"og:image\" content=\"https:\/\/legisport.com\/wp-content\/uploads\/2022\/02\/droitdusportlegisport154syndicalismesportif.jpg\" \/>\n<meta name=\"twitter:card\" content=\"summary_large_image\" \/>\n<meta name=\"twitter:label1\" content=\"\u00c9crit par\" \/>\n\t<meta name=\"twitter:data1\" content=\"admin8312\" \/>\n\t<meta name=\"twitter:label2\" content=\"Dur\u00e9e de lecture est.\" \/>\n\t<meta name=\"twitter:data2\" content=\"2 minutes\" \/>\n<script type=\"application\/ld+json\" class=\"yoast-schema-graph\">{\"@context\":\"https:\/\/schema.org\",\"@graph\":[{\"@type\":\"WebSite\",\"@id\":\"https:\/\/legisport.com\/#website\",\"url\":\"https:\/\/legisport.com\/\",\"name\":\"legisport\",\"description\":\"1991 : fondation de LEGISPORT. 1996 : lancement du bulletin d&#039;informations juridiques sportives LEGISPORT. Tout sur le droit du sport.\",\"potentialAction\":[{\"@type\":\"SearchAction\",\"target\":{\"@type\":\"EntryPoint\",\"urlTemplate\":\"https:\/\/legisport.com\/?s={search_term_string}\"},\"query-input\":\"required name=search_term_string\"}],\"inLanguage\":\"fr-FR\"},{\"@type\":\"ImageObject\",\"@id\":\"https:\/\/legisport.com\/index.php\/2022\/02\/20\/n154-de-legisport-sur-le-syndicalisme-sportif\/#primaryimage\",\"inLanguage\":\"fr-FR\",\"url\":\"https:\/\/legisport.com\/wp-content\/uploads\/2022\/02\/droitdusportlegisport154syndicalismesportif.jpg\",\"contentUrl\":\"https:\/\/legisport.com\/wp-content\/uploads\/2022\/02\/droitdusportlegisport154syndicalismesportif.jpg\",\"width\":538,\"height\":768},{\"@type\":\"WebPage\",\"@id\":\"https:\/\/legisport.com\/index.php\/2022\/02\/20\/n154-de-legisport-sur-le-syndicalisme-sportif\/#webpage\",\"url\":\"https:\/\/legisport.com\/index.php\/2022\/02\/20\/n154-de-legisport-sur-le-syndicalisme-sportif\/\",\"name\":\"N\\u00b0154 de LEGISPORT sur le \\\"syndicalisme sportif\\\" - legisport\",\"isPartOf\":{\"@id\":\"https:\/\/legisport.com\/#website\"},\"primaryImageOfPage\":{\"@id\":\"https:\/\/legisport.com\/index.php\/2022\/02\/20\/n154-de-legisport-sur-le-syndicalisme-sportif\/#primaryimage\"},\"datePublished\":\"2022-02-20T14:47:57+00:00\",\"dateModified\":\"2022-02-20T16:25:32+00:00\",\"author\":{\"@id\":\"https:\/\/legisport.com\/#\/schema\/person\/abccfb880c12073a27d7cb433cf39cf2\"},\"breadcrumb\":{\"@id\":\"https:\/\/legisport.com\/index.php\/2022\/02\/20\/n154-de-legisport-sur-le-syndicalisme-sportif\/#breadcrumb\"},\"inLanguage\":\"fr-FR\",\"potentialAction\":[{\"@type\":\"ReadAction\",\"target\":[\"https:\/\/legisport.com\/index.php\/2022\/02\/20\/n154-de-legisport-sur-le-syndicalisme-sportif\/\"]}]},{\"@type\":\"BreadcrumbList\",\"@id\":\"https:\/\/legisport.com\/index.php\/2022\/02\/20\/n154-de-legisport-sur-le-syndicalisme-sportif\/#breadcrumb\",\"itemListElement\":[{\"@type\":\"ListItem\",\"position\":1,\"name\":\"Accueil\",\"item\":\"https:\/\/legisport.com\/\"},{\"@type\":\"ListItem\",\"position\":2,\"name\":\"N\\u00b0154 de LEGISPORT sur le \\u00ab\\u00a0syndicalisme sportif\\u00a0\\u00bb\"}]},{\"@type\":\"Person\",\"@id\":\"https:\/\/legisport.com\/#\/schema\/person\/abccfb880c12073a27d7cb433cf39cf2\",\"name\":\"admin8312\",\"image\":{\"@type\":\"ImageObject\",\"@id\":\"https:\/\/legisport.com\/#personlogo\",\"inLanguage\":\"fr-FR\",\"url\":\"https:\/\/secure.gravatar.com\/avatar\/1e990537051617f93586bce114145ae0ff87fb7f69693d7eea4b09eb39a38ee0?s=96&d=mm&r=g\",\"contentUrl\":\"https:\/\/secure.gravatar.com\/avatar\/1e990537051617f93586bce114145ae0ff87fb7f69693d7eea4b09eb39a38ee0?s=96&d=mm&r=g\",\"caption\":\"admin8312\"},\"url\":\"https:\/\/legisport.com\/index.php\/author\/admin8312\/\"}]}<\/script>\n<!-- \/ Yoast SEO plugin. -->","yoast_head_json":{"robots":{"index":"index","follow":"follow","max-snippet":"max-snippet:-1","max-image-preview":"max-image-preview:large","max-video-preview":"max-video-preview:-1"},"canonical":"https:\/\/legisport.com\/index.php\/2022\/02\/20\/n154-de-legisport-sur-le-syndicalisme-sportif\/","og_locale":"fr_FR","og_type":"article","og_title":"N\u00b0154 de LEGISPORT sur le \"syndicalisme sportif\" - legisport","og_description":"Le bulletin d&rsquo;informations juridiques sportives LEGISPORT continue sa parution pour l&rsquo;ann\u00e9e 2022. Apr\u00e8s le beau succ\u00e8s du num\u00e9ro consacr\u00e9 \u00e0 la fiscalit\u00e9 des clubs sportifs en janvier-f\u00e9vrier, le n\u00b0154 consacr\u00e9 au th\u00e8me : \u00ab\u00a0SYNDICALISME SPORTIF, revendications ou dialogue social ?\u00a0\u00bb vient de para\u00eetre (mars-avril 2022). A peine paru que nous avons d\u00e9j\u00e0 re\u00e7u pas mal [&hellip;]","og_url":"https:\/\/legisport.com\/index.php\/2022\/02\/20\/n154-de-legisport-sur-le-syndicalisme-sportif\/","og_site_name":"legisport","article_published_time":"2022-02-20T14:47:57+00:00","article_modified_time":"2022-02-20T16:25:32+00:00","og_image":[{"url":"https:\/\/legisport.com\/wp-content\/uploads\/2022\/02\/droitdusportlegisport154syndicalismesportif.jpg"}],"twitter_card":"summary_large_image","twitter_misc":{"\u00c9crit par":"admin8312","Dur\u00e9e de lecture est.":"2 minutes"},"schema":{"@context":"https:\/\/schema.org","@graph":[{"@type":"WebSite","@id":"https:\/\/legisport.com\/#website","url":"https:\/\/legisport.com\/","name":"legisport","description":"1991 : fondation de LEGISPORT. 1996 : lancement du bulletin d&#039;informations juridiques sportives LEGISPORT. Tout sur le droit du sport.","potentialAction":[{"@type":"SearchAction","target":{"@type":"EntryPoint","urlTemplate":"https:\/\/legisport.com\/?s={search_term_string}"},"query-input":"required name=search_term_string"}],"inLanguage":"fr-FR"},{"@type":"ImageObject","@id":"https:\/\/legisport.com\/index.php\/2022\/02\/20\/n154-de-legisport-sur-le-syndicalisme-sportif\/#primaryimage","inLanguage":"fr-FR","url":"https:\/\/legisport.com\/wp-content\/uploads\/2022\/02\/droitdusportlegisport154syndicalismesportif.jpg","contentUrl":"https:\/\/legisport.com\/wp-content\/uploads\/2022\/02\/droitdusportlegisport154syndicalismesportif.jpg","width":538,"height":768},{"@type":"WebPage","@id":"https:\/\/legisport.com\/index.php\/2022\/02\/20\/n154-de-legisport-sur-le-syndicalisme-sportif\/#webpage","url":"https:\/\/legisport.com\/index.php\/2022\/02\/20\/n154-de-legisport-sur-le-syndicalisme-sportif\/","name":"N\u00b0154 de LEGISPORT sur le \"syndicalisme sportif\" - legisport","isPartOf":{"@id":"https:\/\/legisport.com\/#website"},"primaryImageOfPage":{"@id":"https:\/\/legisport.com\/index.php\/2022\/02\/20\/n154-de-legisport-sur-le-syndicalisme-sportif\/#primaryimage"},"datePublished":"2022-02-20T14:47:57+00:00","dateModified":"2022-02-20T16:25:32+00:00","author":{"@id":"https:\/\/legisport.com\/#\/schema\/person\/abccfb880c12073a27d7cb433cf39cf2"},"breadcrumb":{"@id":"https:\/\/legisport.com\/index.php\/2022\/02\/20\/n154-de-legisport-sur-le-syndicalisme-sportif\/#breadcrumb"},"inLanguage":"fr-FR","potentialAction":[{"@type":"ReadAction","target":["https:\/\/legisport.com\/index.php\/2022\/02\/20\/n154-de-legisport-sur-le-syndicalisme-sportif\/"]}]},{"@type":"BreadcrumbList","@id":"https:\/\/legisport.com\/index.php\/2022\/02\/20\/n154-de-legisport-sur-le-syndicalisme-sportif\/#breadcrumb","itemListElement":[{"@type":"ListItem","position":1,"name":"Accueil","item":"https:\/\/legisport.com\/"},{"@type":"ListItem","position":2,"name":"N\u00b0154 de LEGISPORT sur le \u00ab\u00a0syndicalisme sportif\u00a0\u00bb"}]},{"@type":"Person","@id":"https:\/\/legisport.com\/#\/schema\/person\/abccfb880c12073a27d7cb433cf39cf2","name":"admin8312","image":{"@type":"ImageObject","@id":"https:\/\/legisport.com\/#personlogo","inLanguage":"fr-FR","url":"https:\/\/secure.gravatar.com\/avatar\/1e990537051617f93586bce114145ae0ff87fb7f69693d7eea4b09eb39a38ee0?s=96&d=mm&r=g","contentUrl":"https:\/\/secure.gravatar.com\/avatar\/1e990537051617f93586bce114145ae0ff87fb7f69693d7eea4b09eb39a38ee0?s=96&d=mm&r=g","caption":"admin8312"},"url":"https:\/\/legisport.com\/index.php\/author\/admin8312\/"}]}},"_links":{"self":[{"href":"https:\/\/legisport.com\/index.php\/wp-json\/wp\/v2\/posts\/2364","targetHints":{"allow":["GET"]}}],"collection":[{"href":"https:\/\/legisport.com\/index.php\/wp-json\/wp\/v2\/posts"}],"about":[{"href":"https:\/\/legisport.com\/index.php\/wp-json\/wp\/v2\/types\/post"}],"author":[{"embeddable":true,"href":"https:\/\/legisport.com\/index.php\/wp-json\/wp\/v2\/users\/1"}],"replies":[{"embeddable":true,"href":"https:\/\/legisport.com\/index.php\/wp-json\/wp\/v2\/comments?post=2364"}],"version-history":[{"count":2,"href":"https:\/\/legisport.com\/index.php\/wp-json\/wp\/v2\/posts\/2364\/revisions"}],"predecessor-version":[{"id":2375,"href":"https:\/\/legisport.com\/index.php\/wp-json\/wp\/v2\/posts\/2364\/revisions\/2375"}],"wp:attachment":[{"href":"https:\/\/legisport.com\/index.php\/wp-json\/wp\/v2\/media?parent=2364"}],"wp:term":[{"taxonomy":"category","embeddable":true,"href":"https:\/\/legisport.com\/index.php\/wp-json\/wp\/v2\/categories?post=2364"},{"taxonomy":"post_tag","embeddable":true,"href":"https:\/\/legisport.com\/index.php\/wp-json\/wp\/v2\/tags?post=2364"}],"curies":[{"name":"wp","href":"https:\/\/api.w.org\/{rel}","templated":true}]}}