{"id":2317,"date":"2022-02-08T16:35:41","date_gmt":"2022-02-08T15:35:41","guid":{"rendered":"https:\/\/legisport.com\/?p=2317"},"modified":"2022-02-08T16:36:00","modified_gmt":"2022-02-08T15:36:00","slug":"signature-de-lappel-de-paris-pour-le-sport","status":"publish","type":"post","link":"https:\/\/legisport.com\/index.php\/2022\/02\/08\/signature-de-lappel-de-paris-pour-le-sport\/","title":{"rendered":"Signature de l&rsquo;Appel de Paris pour le sport"},"content":{"rendered":"\n<p>L<strong>EGISPORT publie ce communiqu\u00e9 de presse re\u00e7u du Minist\u00e8re des sports le 28 janvier 2022.<\/strong><\/p>\n\n\n\n<p>Roxana Maracineanu, ministre d\u00e9l\u00e9gu\u00e9e charg\u00e9e des Sports, et Jos\u00e9 Ruiz, pr\u00e9sident de la F\u00e9d\u00e9ration des entraineurs professionnels (FEP) ont sign\u00e9 jeudi 27 janvier 2022, l\u2019Appel de Paris pour le Sport qui avait \u00e9t\u00e9 lanc\u00e9 par la Ministre lors du Forum g\u00e9n\u00e9ration \u00e9galit\u00e9 le 1<sup>er<\/sup>\u00a0juin dernier.<\/p>\n\n\n\n<p>A cette occasion, la ministre des Sports et les pr\u00e9sidents du CNOSF, du CPSF, de l\u2019ANLSP, du CoSMoS et de la FNASS avaient sign\u00e9 une d\u00e9claration commune en lien avec l\u2019initiative \u00ab&nbsp;le Sport pour la G\u00e9n\u00e9ration \u00e9galit\u00e9&nbsp;\u00bb lanc\u00e9e par ONU Femmes avec le CIO avec l\u2019objectif de transformer l\u2019environnement sportif vers une \u00e9galit\u00e9 r\u00e9elle entre les femmes et les hommes et d\u2019utiliser le sport comme moyen d\u2019autonomisation des jeunes filles.<\/p>\n\n\n\n<p>La FEP a \u0153uvr\u00e9 plusieurs mois \u00e0 l\u2019\u00e9laboration de son plan d\u2019actions \u00e0 partir de la consultation d\u2019une trentaine de professionnel(le)s et de ses adh\u00e9rents autour de deux enjeux principaux&nbsp;: la professionnalisation du sport f\u00e9minin d\u2019une part et la valorisation de l\u2019encadrement sportif au f\u00e9minin et en mixit\u00e9 d\u2019autre part.<\/p>\n\n\n\n<p>En se joignant au signal politique fort et unitaire des cosignataires initiaux, la FEP marque aujourd\u2019hui son adh\u00e9sion \u00e0 l\u2019Appel de Paris pour le Sport et montre son engagement comme acteur du changement en faveur d\u2019un environnement sportif plus \u00e9galitaire en France pour les femmes et les filles d\u2019ici 2025.<\/p>\n\n\n\n<p>Les trois engagements concrets et imm\u00e9diats&nbsp;:<\/p>\n\n\n\n<p>\u2022 D\u00e9velopper des actions de communication, aupr\u00e8s du grand public et des membres du monde sportif, pour promouvoir l\u2019\u00e9galit\u00e9 entre les femmes et les hommes dans le sport, pour ancrer la pratique f\u00e9minine dans les usages et les repr\u00e9sentations, pour soutenir les objectifs de parit\u00e9 dans la gouvernance sportive&nbsp;;<\/p>\n\n\n\n<p>\u2022 Identifier une personne r\u00e9f\u00e9rente (salari\u00e9e ou \u00e9lue) dans l\u2019institution, sp\u00e9cifiquement en charge des sujets li\u00e9s \u00e0 l\u2019\u00e9galit\u00e9\u2002entre les femmes et les hommes et \u00e0 la diversit\u00e9, et responsable de la coordination des actions \u00e0 mettre en \u0153uvre&nbsp;;<\/p>\n\n\n\n<p>\u2022 Elaborer puis d\u00e9ployer un plan de f\u00e9minisation, personnalis\u00e9 au sein de l\u2019institution et coordonn\u00e9e avec les autres signataires, fixant des priorit\u00e9s d\u2019actions, des objectifs pr\u00e9cis, des \u00e9ch\u00e9ances et un calendrier de mise en \u0153uvre.<\/p>\n\n\n\n<p>L\u2019ensemble des signataires de l\u2019Appel de Paris sera prochainement r\u00e9uni par la Ministre afin de pr\u00e9senter les actions structurantes conduites depuis le 1<sup>er<\/sup>&nbsp;juin conform\u00e9ment aux engagements pris.<\/p>\n\n\n\n<p><em>\u00ab&nbsp;Je me r\u00e9jouis de l\u2019adh\u00e9sion de la FEP \u00e0 cette d\u00e9claration commune qui illustre la mobilisation de l\u2019ensemble des partenaires institutionnels du sport et notre volont\u00e9 d\u2019agir ensemble concr\u00e8tement et structurellement pour donner aux femmes toute leur place dans le monde sportif. Cette place ne peut \u00eatre acquise qu\u2019avec la parit\u00e9 dans les instances dirigeantes des f\u00e9d\u00e9rations, l\u2019ajustement des parcours de formation et de vie, des moyens allou\u00e9es par les sponsors, et enfin une m\u00e9diatisation \u00e9quilibr\u00e9e.&nbsp;Je suis heureuse de pouvoir compter sur le soutien des entraineurs pour y parvenir.\u00bb&nbsp;<\/em>Roxana Maracineanu, ministre d\u00e9l\u00e9gu\u00e9e charg\u00e9e des Sports<\/p>\n\n\n\n<p><em>\u00ab\u00a0La FEP se r\u00e9jouit aujourd\u2019hui de signer l\u2019Appel de Paris, de rejoindre les cosignataires incontournables de la gouvernance du sport et d\u2019\u00eatre pleinement acteur de la mobilisation en faveur de l\u2019\u00e9galit\u00e9 r\u00e9elle entre les femmes et les hommes. A travers ces engagements concrets fond\u00e9s sur sa plateforme Sport au f\u00e9minin et en mixit\u00e9, la FEP souhaite valoriser le r\u00f4le majeur des entra\u00eeneur(e)s et de l\u2019encadrement sportif comme levier de pratique f\u00e9minine et contribuer au renforcement du dialogue social dans les disciplines f\u00e9minines et \u00e0 la repr\u00e9sentation de l\u2019encadrement sportif au sein des F\u00e9d\u00e9rations\u00a0\u00bb.\u00a0<\/em>Jos\u00e9 Ruiz, pr\u00e9sident de la FEP.<\/p>\n\n\n\n<p><strong>Contact : sec.presse.sports@sports.gouv.fr<\/strong><\/p>\n","protected":false},"excerpt":{"rendered":"<p>LEGISPORT publie ce communiqu\u00e9 de presse re\u00e7u du Minist\u00e8re des sports le 28 janvier 2022. Roxana Maracineanu, ministre d\u00e9l\u00e9gu\u00e9e charg\u00e9e des Sports, et Jos\u00e9 Ruiz, pr\u00e9sident de la F\u00e9d\u00e9ration des entraineurs professionnels (FEP) ont sign\u00e9 jeudi 27 janvier 2022, l\u2019Appel de Paris pour le Sport qui avait \u00e9t\u00e9 lanc\u00e9 par la Ministre lors du Forum [&hellip;]<\/p>\n","protected":false},"author":1,"featured_media":0,"comment_status":"closed","ping_status":"open","sticky":false,"template":"","format":"standard","meta":{"footnotes":""},"categories":[1],"tags":[],"class_list":["post-2317","post","type-post","status-publish","format-standard","hentry","category-uncategorized","basic-color-border"],"yoast_head":"<!-- This site is optimized with the Yoast SEO plugin v17.4 - https:\/\/yoast.com\/wordpress\/plugins\/seo\/ -->\n<meta name=\"robots\" content=\"index, follow, max-snippet:-1, max-image-preview:large, max-video-preview:-1\" \/>\n<link rel=\"canonical\" href=\"https:\/\/legisport.com\/index.php\/2022\/02\/08\/signature-de-lappel-de-paris-pour-le-sport\/\" \/>\n<meta property=\"og:locale\" content=\"fr_FR\" \/>\n<meta property=\"og:type\" content=\"article\" \/>\n<meta property=\"og:title\" content=\"Signature de l&#039;Appel de Paris pour le sport - legisport\" \/>\n<meta property=\"og:description\" content=\"LEGISPORT publie ce communiqu\u00e9 de presse re\u00e7u du Minist\u00e8re des sports le 28 janvier 2022. Roxana Maracineanu, ministre d\u00e9l\u00e9gu\u00e9e charg\u00e9e des Sports, et Jos\u00e9 Ruiz, pr\u00e9sident de la F\u00e9d\u00e9ration des entraineurs professionnels (FEP) ont sign\u00e9 jeudi 27 janvier 2022, l\u2019Appel de Paris pour le Sport qui avait \u00e9t\u00e9 lanc\u00e9 par la Ministre lors du Forum [&hellip;]\" \/>\n<meta property=\"og:url\" content=\"https:\/\/legisport.com\/index.php\/2022\/02\/08\/signature-de-lappel-de-paris-pour-le-sport\/\" \/>\n<meta property=\"og:site_name\" content=\"legisport\" \/>\n<meta property=\"article:published_time\" content=\"2022-02-08T15:35:41+00:00\" \/>\n<meta property=\"article:modified_time\" content=\"2022-02-08T15:36:00+00:00\" \/>\n<meta name=\"twitter:card\" content=\"summary_large_image\" \/>\n<meta name=\"twitter:label1\" content=\"\u00c9crit par\" \/>\n\t<meta name=\"twitter:data1\" content=\"admin8312\" \/>\n\t<meta name=\"twitter:label2\" content=\"Dur\u00e9e de lecture est.\" \/>\n\t<meta name=\"twitter:data2\" content=\"3 minutes\" \/>\n<script type=\"application\/ld+json\" class=\"yoast-schema-graph\">{\"@context\":\"https:\/\/schema.org\",\"@graph\":[{\"@type\":\"WebSite\",\"@id\":\"https:\/\/legisport.com\/#website\",\"url\":\"https:\/\/legisport.com\/\",\"name\":\"legisport\",\"description\":\"1991 : fondation de LEGISPORT. 1996 : lancement du bulletin d&#039;informations juridiques sportives LEGISPORT. Tout sur le droit du sport.\",\"potentialAction\":[{\"@type\":\"SearchAction\",\"target\":{\"@type\":\"EntryPoint\",\"urlTemplate\":\"https:\/\/legisport.com\/?s={search_term_string}\"},\"query-input\":\"required name=search_term_string\"}],\"inLanguage\":\"fr-FR\"},{\"@type\":\"WebPage\",\"@id\":\"https:\/\/legisport.com\/index.php\/2022\/02\/08\/signature-de-lappel-de-paris-pour-le-sport\/#webpage\",\"url\":\"https:\/\/legisport.com\/index.php\/2022\/02\/08\/signature-de-lappel-de-paris-pour-le-sport\/\",\"name\":\"Signature de l'Appel de Paris pour le sport - legisport\",\"isPartOf\":{\"@id\":\"https:\/\/legisport.com\/#website\"},\"datePublished\":\"2022-02-08T15:35:41+00:00\",\"dateModified\":\"2022-02-08T15:36:00+00:00\",\"author\":{\"@id\":\"https:\/\/legisport.com\/#\/schema\/person\/abccfb880c12073a27d7cb433cf39cf2\"},\"breadcrumb\":{\"@id\":\"https:\/\/legisport.com\/index.php\/2022\/02\/08\/signature-de-lappel-de-paris-pour-le-sport\/#breadcrumb\"},\"inLanguage\":\"fr-FR\",\"potentialAction\":[{\"@type\":\"ReadAction\",\"target\":[\"https:\/\/legisport.com\/index.php\/2022\/02\/08\/signature-de-lappel-de-paris-pour-le-sport\/\"]}]},{\"@type\":\"BreadcrumbList\",\"@id\":\"https:\/\/legisport.com\/index.php\/2022\/02\/08\/signature-de-lappel-de-paris-pour-le-sport\/#breadcrumb\",\"itemListElement\":[{\"@type\":\"ListItem\",\"position\":1,\"name\":\"Accueil\",\"item\":\"https:\/\/legisport.com\/\"},{\"@type\":\"ListItem\",\"position\":2,\"name\":\"Signature de l&rsquo;Appel de Paris pour le sport\"}]},{\"@type\":\"Person\",\"@id\":\"https:\/\/legisport.com\/#\/schema\/person\/abccfb880c12073a27d7cb433cf39cf2\",\"name\":\"admin8312\",\"image\":{\"@type\":\"ImageObject\",\"@id\":\"https:\/\/legisport.com\/#personlogo\",\"inLanguage\":\"fr-FR\",\"url\":\"https:\/\/secure.gravatar.com\/avatar\/1e990537051617f93586bce114145ae0ff87fb7f69693d7eea4b09eb39a38ee0?s=96&d=mm&r=g\",\"contentUrl\":\"https:\/\/secure.gravatar.com\/avatar\/1e990537051617f93586bce114145ae0ff87fb7f69693d7eea4b09eb39a38ee0?s=96&d=mm&r=g\",\"caption\":\"admin8312\"},\"url\":\"https:\/\/legisport.com\/index.php\/author\/admin8312\/\"}]}<\/script>\n<!-- \/ Yoast SEO plugin. -->","yoast_head_json":{"robots":{"index":"index","follow":"follow","max-snippet":"max-snippet:-1","max-image-preview":"max-image-preview:large","max-video-preview":"max-video-preview:-1"},"canonical":"https:\/\/legisport.com\/index.php\/2022\/02\/08\/signature-de-lappel-de-paris-pour-le-sport\/","og_locale":"fr_FR","og_type":"article","og_title":"Signature de l'Appel de Paris pour le sport - legisport","og_description":"LEGISPORT publie ce communiqu\u00e9 de presse re\u00e7u du Minist\u00e8re des sports le 28 janvier 2022. Roxana Maracineanu, ministre d\u00e9l\u00e9gu\u00e9e charg\u00e9e des Sports, et Jos\u00e9 Ruiz, pr\u00e9sident de la F\u00e9d\u00e9ration des entraineurs professionnels (FEP) ont sign\u00e9 jeudi 27 janvier 2022, l\u2019Appel de Paris pour le Sport qui avait \u00e9t\u00e9 lanc\u00e9 par la Ministre lors du Forum [&hellip;]","og_url":"https:\/\/legisport.com\/index.php\/2022\/02\/08\/signature-de-lappel-de-paris-pour-le-sport\/","og_site_name":"legisport","article_published_time":"2022-02-08T15:35:41+00:00","article_modified_time":"2022-02-08T15:36:00+00:00","twitter_card":"summary_large_image","twitter_misc":{"\u00c9crit par":"admin8312","Dur\u00e9e de lecture est.":"3 minutes"},"schema":{"@context":"https:\/\/schema.org","@graph":[{"@type":"WebSite","@id":"https:\/\/legisport.com\/#website","url":"https:\/\/legisport.com\/","name":"legisport","description":"1991 : fondation de LEGISPORT. 1996 : lancement du bulletin d&#039;informations juridiques sportives LEGISPORT. Tout sur le droit du sport.","potentialAction":[{"@type":"SearchAction","target":{"@type":"EntryPoint","urlTemplate":"https:\/\/legisport.com\/?s={search_term_string}"},"query-input":"required name=search_term_string"}],"inLanguage":"fr-FR"},{"@type":"WebPage","@id":"https:\/\/legisport.com\/index.php\/2022\/02\/08\/signature-de-lappel-de-paris-pour-le-sport\/#webpage","url":"https:\/\/legisport.com\/index.php\/2022\/02\/08\/signature-de-lappel-de-paris-pour-le-sport\/","name":"Signature de l'Appel de Paris pour le sport - legisport","isPartOf":{"@id":"https:\/\/legisport.com\/#website"},"datePublished":"2022-02-08T15:35:41+00:00","dateModified":"2022-02-08T15:36:00+00:00","author":{"@id":"https:\/\/legisport.com\/#\/schema\/person\/abccfb880c12073a27d7cb433cf39cf2"},"breadcrumb":{"@id":"https:\/\/legisport.com\/index.php\/2022\/02\/08\/signature-de-lappel-de-paris-pour-le-sport\/#breadcrumb"},"inLanguage":"fr-FR","potentialAction":[{"@type":"ReadAction","target":["https:\/\/legisport.com\/index.php\/2022\/02\/08\/signature-de-lappel-de-paris-pour-le-sport\/"]}]},{"@type":"BreadcrumbList","@id":"https:\/\/legisport.com\/index.php\/2022\/02\/08\/signature-de-lappel-de-paris-pour-le-sport\/#breadcrumb","itemListElement":[{"@type":"ListItem","position":1,"name":"Accueil","item":"https:\/\/legisport.com\/"},{"@type":"ListItem","position":2,"name":"Signature de l&rsquo;Appel de Paris pour le sport"}]},{"@type":"Person","@id":"https:\/\/legisport.com\/#\/schema\/person\/abccfb880c12073a27d7cb433cf39cf2","name":"admin8312","image":{"@type":"ImageObject","@id":"https:\/\/legisport.com\/#personlogo","inLanguage":"fr-FR","url":"https:\/\/secure.gravatar.com\/avatar\/1e990537051617f93586bce114145ae0ff87fb7f69693d7eea4b09eb39a38ee0?s=96&d=mm&r=g","contentUrl":"https:\/\/secure.gravatar.com\/avatar\/1e990537051617f93586bce114145ae0ff87fb7f69693d7eea4b09eb39a38ee0?s=96&d=mm&r=g","caption":"admin8312"},"url":"https:\/\/legisport.com\/index.php\/author\/admin8312\/"}]}},"_links":{"self":[{"href":"https:\/\/legisport.com\/index.php\/wp-json\/wp\/v2\/posts\/2317","targetHints":{"allow":["GET"]}}],"collection":[{"href":"https:\/\/legisport.com\/index.php\/wp-json\/wp\/v2\/posts"}],"about":[{"href":"https:\/\/legisport.com\/index.php\/wp-json\/wp\/v2\/types\/post"}],"author":[{"embeddable":true,"href":"https:\/\/legisport.com\/index.php\/wp-json\/wp\/v2\/users\/1"}],"replies":[{"embeddable":true,"href":"https:\/\/legisport.com\/index.php\/wp-json\/wp\/v2\/comments?post=2317"}],"version-history":[{"count":1,"href":"https:\/\/legisport.com\/index.php\/wp-json\/wp\/v2\/posts\/2317\/revisions"}],"predecessor-version":[{"id":2318,"href":"https:\/\/legisport.com\/index.php\/wp-json\/wp\/v2\/posts\/2317\/revisions\/2318"}],"wp:attachment":[{"href":"https:\/\/legisport.com\/index.php\/wp-json\/wp\/v2\/media?parent=2317"}],"wp:term":[{"taxonomy":"category","embeddable":true,"href":"https:\/\/legisport.com\/index.php\/wp-json\/wp\/v2\/categories?post=2317"},{"taxonomy":"post_tag","embeddable":true,"href":"https:\/\/legisport.com\/index.php\/wp-json\/wp\/v2\/tags?post=2317"}],"curies":[{"name":"wp","href":"https:\/\/api.w.org\/{rel}","templated":true}]}}