{"id":2093,"date":"2021-09-13T16:03:03","date_gmt":"2021-09-13T14:03:03","guid":{"rendered":"https:\/\/legisport.com\/?p=2093"},"modified":"2021-09-13T17:12:55","modified_gmt":"2021-09-13T15:12:55","slug":"jean-michel-brun-reelu-avec-96-des-voix-au-sein-des-coe","status":"publish","type":"post","link":"https:\/\/legisport.com\/index.php\/2021\/09\/13\/jean-michel-brun-reelu-avec-96-des-voix-au-sein-des-coe\/","title":{"rendered":"Jean-Michel Brun r\u00e9\u00e9lu avec 96% des voix au sein des COE"},"content":{"rendered":"\n<p>Lors de l\u2019Assembl\u00e9e G\u00e9n\u00e9rale des Comit\u00e9s Olympiques Europ\u00e9ens (COE) &nbsp;qui s\u2019est tenue \u00e0 Ath\u00e8nes les 10 et 11 juin 2021, Jean-Michel Brun, alors Secr\u00e9taire g\u00e9n\u00e9ral du Comit\u00e9 National Olympique et Sportif Fran\u00e7ais, qui sollicitait un nouveau mandat,&nbsp;a obtenu <strong>96 % des voix<\/strong>, soit la confiance de 48 pays sur 50, ce qui fut le meilleur r\u00e9sultat des votes. Un immense succ\u00e8s pour le Fran\u00e7ais.&nbsp;<\/p>\n\n\n\n<p>\u00ab&nbsp;Cette l\u00e9gitimit\u00e9 ainsi exprim\u00e9e est une reconnaissance et un atout aussi &nbsp;pour notre Comit\u00e9. Cela permettra \u00e0 Jean-Michel de poursuivre les travaux engag\u00e9s au nom du CNOSF, concernant la pr\u00e9servation des int\u00e9r\u00eats des Sports f\u00e9d\u00e9r\u00e9s et la valorisation de &nbsp;leurs missions sociales et soci\u00e9tales. Ces travaux sont men\u00e9s &nbsp;en lien avec le CIO, les COE et les instances europ\u00e9ennes. Le rapport de Jean-Michel Brun \u00e0 l\u2019Assembl\u00e9e G\u00e9n\u00e9rale des COE fixa le cadre de sa d\u00e9marche &nbsp;dans le prolongement de son intervention \u00e0 Bruxelles devant les Autorit\u00e9s europ\u00e9ennes l\u2019an pass\u00e9. La premi\u00e8re r\u00e9union du &nbsp;Comit\u00e9 ex\u00e9cutif des COE qui suivi le 11 juin, confirma le mandat d\u00e9volu \u00e0 Jean Michel Brun \u00bb, a notamment estim\u00e9 le Pr\u00e9sident Denis Masseglia.<\/p>\n\n\n\n<p>Le renouvellement du Comit\u00e9 Ex\u00e9cutif en particulier \u00e9tait \u00e0 l\u2019ordre du jour.&nbsp; Deux membres du CIO \u00e9taient &nbsp;notamment candidats, respectivement au poste de Pr\u00e9sident avec Spyros&nbsp;Capralos (Gr\u00e8ce) et au poste de Vice-Pr\u00e9sident avec Daina Gudzineviciute (Lituanie). Il furent \u00e9lus tous deux.<\/p>\n\n\n\n<p><strong>Jean-Michel Brun, un magnifique parcours<\/strong><\/p>\n\n\n\n<p>Ancien athl\u00e8te international de haut-niveau en lutte, discipline dans laquelle il a \u00e9t\u00e9 champion de France, Jean-Michel Brun, Chevalier de la L\u00e9gion d\u2019honneur a \u00e9t\u00e9 pr\u00e9sident de la F\u00e9d\u00e9ration fran\u00e7aise de lutte pendant 15 ans et en est d\u00e9sormais le pr\u00e9sident d\u2019honneur.<\/p>\n\n\n\n<p>Docteur en droit, il assume la fonction b\u00e9n\u00e9vole de secr\u00e9taire g\u00e9n\u00e9ral du CNOSF de 2013 \u00e0 2021. Il a \u00e9galement \u00e9t\u00e9 le chef de mission pour la France aux Jeux Olympiques d\u2019Ath\u00e8nes de 2004. Jean-Michel Brun est membre du&nbsp;Comite&nbsp;ex\u00e9cutif des COE depuis 2017, et a \u00e9t\u00e9 successivement membre de la Commission \u00ab Union Europ\u00e9enne \u00bb, de la Commission de coordination des Jeux europ\u00e9ens de Minsk 2019 ainsi que de la Commission \u00ab Culture et h\u00e9ritage olympiques \u00bb des COE.<\/p>\n\n\n\n<p>Par ailleurs, Jean-Michel Brun est membre de la Commission des grands \u00e9v\u00e8nements de l\u2019ANOC regroupant les 206 CNO du monde.<\/p>\n\n\n\n<figure class=\"wp-block-image size-large\"><img loading=\"lazy\" decoding=\"async\" width=\"774\" height=\"1024\" src=\"https:\/\/legisport.com\/wp-content\/uploads\/2021\/02\/droitdusport-jean-michel-brun-coe-et-ma\u00eetre-michel-pautot-legisport-774x1024.jpg\" alt=\"\" class=\"wp-image-1682\" srcset=\"https:\/\/legisport.com\/wp-content\/uploads\/2021\/02\/droitdusport-jean-michel-brun-coe-et-ma\u00eetre-michel-pautot-legisport-774x1024.jpg 774w, https:\/\/legisport.com\/wp-content\/uploads\/2021\/02\/droitdusport-jean-michel-brun-coe-et-ma\u00eetre-michel-pautot-legisport-227x300.jpg 227w, https:\/\/legisport.com\/wp-content\/uploads\/2021\/02\/droitdusport-jean-michel-brun-coe-et-ma\u00eetre-michel-pautot-legisport-768x1016.jpg 768w, https:\/\/legisport.com\/wp-content\/uploads\/2021\/02\/droitdusport-jean-michel-brun-coe-et-ma\u00eetre-michel-pautot-legisport-1161x1536.jpg 1161w, https:\/\/legisport.com\/wp-content\/uploads\/2021\/02\/droitdusport-jean-michel-brun-coe-et-ma\u00eetre-michel-pautot-legisport-1548x2048.jpg 1548w, https:\/\/legisport.com\/wp-content\/uploads\/2021\/02\/droitdusport-jean-michel-brun-coe-et-ma\u00eetre-michel-pautot-legisport.jpg 1585w\" sizes=\"auto, (max-width: 774px) 100vw, 774px\" \/><figcaption>Jean-Michel Brun avec Michel Pautot lors de l&rsquo;entretien Legisport (janvier 2021)<\/figcaption><\/figure>\n","protected":false},"excerpt":{"rendered":"<p>Lors de l\u2019Assembl\u00e9e G\u00e9n\u00e9rale des Comit\u00e9s Olympiques Europ\u00e9ens (COE) &nbsp;qui s\u2019est tenue \u00e0 Ath\u00e8nes les 10 et 11 juin 2021, Jean-Michel Brun, alors Secr\u00e9taire g\u00e9n\u00e9ral du Comit\u00e9 National Olympique et Sportif Fran\u00e7ais, qui sollicitait un nouveau mandat,&nbsp;a obtenu 96 % des voix, soit la confiance de 48 pays sur 50, ce qui fut le meilleur [&hellip;]<\/p>\n","protected":false},"author":1,"featured_media":0,"comment_status":"closed","ping_status":"open","sticky":false,"template":"","format":"standard","meta":{"footnotes":""},"categories":[1],"tags":[],"class_list":["post-2093","post","type-post","status-publish","format-standard","hentry","category-uncategorized","basic-color-border"],"yoast_head":"<!-- This site is optimized with the Yoast SEO plugin v17.4 - https:\/\/yoast.com\/wordpress\/plugins\/seo\/ -->\n<meta name=\"robots\" content=\"index, follow, max-snippet:-1, max-image-preview:large, max-video-preview:-1\" \/>\n<link rel=\"canonical\" href=\"https:\/\/legisport.com\/index.php\/2021\/09\/13\/jean-michel-brun-reelu-avec-96-des-voix-au-sein-des-coe\/\" \/>\n<meta property=\"og:locale\" content=\"fr_FR\" \/>\n<meta property=\"og:type\" content=\"article\" \/>\n<meta property=\"og:title\" content=\"Jean-Michel Brun r\u00e9\u00e9lu avec 96% des voix au sein des COE - legisport\" \/>\n<meta property=\"og:description\" content=\"Lors de l\u2019Assembl\u00e9e G\u00e9n\u00e9rale des Comit\u00e9s Olympiques Europ\u00e9ens (COE) &nbsp;qui s\u2019est tenue \u00e0 Ath\u00e8nes les 10 et 11 juin 2021, Jean-Michel Brun, alors Secr\u00e9taire g\u00e9n\u00e9ral du Comit\u00e9 National Olympique et Sportif Fran\u00e7ais, qui sollicitait un nouveau mandat,&nbsp;a obtenu 96 % des voix, soit la confiance de 48 pays sur 50, ce qui fut le meilleur [&hellip;]\" \/>\n<meta property=\"og:url\" content=\"https:\/\/legisport.com\/index.php\/2021\/09\/13\/jean-michel-brun-reelu-avec-96-des-voix-au-sein-des-coe\/\" \/>\n<meta property=\"og:site_name\" content=\"legisport\" \/>\n<meta property=\"article:published_time\" content=\"2021-09-13T14:03:03+00:00\" \/>\n<meta property=\"article:modified_time\" content=\"2021-09-13T15:12:55+00:00\" \/>\n<meta property=\"og:image\" content=\"https:\/\/legisport.com\/wp-content\/uploads\/2021\/02\/droitdusport-jean-michel-brun-coe-et-ma\u00eetre-michel-pautot-legisport-774x1024.jpg\" \/>\n<meta name=\"twitter:card\" content=\"summary_large_image\" \/>\n<meta name=\"twitter:label1\" content=\"\u00c9crit par\" \/>\n\t<meta name=\"twitter:data1\" content=\"admin8312\" \/>\n\t<meta name=\"twitter:label2\" content=\"Dur\u00e9e de lecture est.\" \/>\n\t<meta name=\"twitter:data2\" content=\"2 minutes\" \/>\n<script type=\"application\/ld+json\" class=\"yoast-schema-graph\">{\"@context\":\"https:\/\/schema.org\",\"@graph\":[{\"@type\":\"WebSite\",\"@id\":\"https:\/\/legisport.com\/#website\",\"url\":\"https:\/\/legisport.com\/\",\"name\":\"legisport\",\"description\":\"1991 : fondation de LEGISPORT. 1996 : lancement du bulletin d&#039;informations juridiques sportives LEGISPORT. Tout sur le droit du sport.\",\"potentialAction\":[{\"@type\":\"SearchAction\",\"target\":{\"@type\":\"EntryPoint\",\"urlTemplate\":\"https:\/\/legisport.com\/?s={search_term_string}\"},\"query-input\":\"required name=search_term_string\"}],\"inLanguage\":\"fr-FR\"},{\"@type\":\"ImageObject\",\"@id\":\"https:\/\/legisport.com\/index.php\/2021\/09\/13\/jean-michel-brun-reelu-avec-96-des-voix-au-sein-des-coe\/#primaryimage\",\"inLanguage\":\"fr-FR\",\"url\":\"https:\/\/legisport.com\/wp-content\/uploads\/2021\/02\/droitdusport-jean-michel-brun-coe-et-ma\\u00eetre-michel-pautot-legisport.jpg\",\"contentUrl\":\"https:\/\/legisport.com\/wp-content\/uploads\/2021\/02\/droitdusport-jean-michel-brun-coe-et-ma\\u00eetre-michel-pautot-legisport.jpg\",\"width\":1585,\"height\":2097},{\"@type\":\"WebPage\",\"@id\":\"https:\/\/legisport.com\/index.php\/2021\/09\/13\/jean-michel-brun-reelu-avec-96-des-voix-au-sein-des-coe\/#webpage\",\"url\":\"https:\/\/legisport.com\/index.php\/2021\/09\/13\/jean-michel-brun-reelu-avec-96-des-voix-au-sein-des-coe\/\",\"name\":\"Jean-Michel Brun r\\u00e9\\u00e9lu avec 96% des voix au sein des COE - legisport\",\"isPartOf\":{\"@id\":\"https:\/\/legisport.com\/#website\"},\"primaryImageOfPage\":{\"@id\":\"https:\/\/legisport.com\/index.php\/2021\/09\/13\/jean-michel-brun-reelu-avec-96-des-voix-au-sein-des-coe\/#primaryimage\"},\"datePublished\":\"2021-09-13T14:03:03+00:00\",\"dateModified\":\"2021-09-13T15:12:55+00:00\",\"author\":{\"@id\":\"https:\/\/legisport.com\/#\/schema\/person\/abccfb880c12073a27d7cb433cf39cf2\"},\"breadcrumb\":{\"@id\":\"https:\/\/legisport.com\/index.php\/2021\/09\/13\/jean-michel-brun-reelu-avec-96-des-voix-au-sein-des-coe\/#breadcrumb\"},\"inLanguage\":\"fr-FR\",\"potentialAction\":[{\"@type\":\"ReadAction\",\"target\":[\"https:\/\/legisport.com\/index.php\/2021\/09\/13\/jean-michel-brun-reelu-avec-96-des-voix-au-sein-des-coe\/\"]}]},{\"@type\":\"BreadcrumbList\",\"@id\":\"https:\/\/legisport.com\/index.php\/2021\/09\/13\/jean-michel-brun-reelu-avec-96-des-voix-au-sein-des-coe\/#breadcrumb\",\"itemListElement\":[{\"@type\":\"ListItem\",\"position\":1,\"name\":\"Accueil\",\"item\":\"https:\/\/legisport.com\/\"},{\"@type\":\"ListItem\",\"position\":2,\"name\":\"Jean-Michel Brun r\\u00e9\\u00e9lu avec 96% des voix au sein des COE\"}]},{\"@type\":\"Person\",\"@id\":\"https:\/\/legisport.com\/#\/schema\/person\/abccfb880c12073a27d7cb433cf39cf2\",\"name\":\"admin8312\",\"image\":{\"@type\":\"ImageObject\",\"@id\":\"https:\/\/legisport.com\/#personlogo\",\"inLanguage\":\"fr-FR\",\"url\":\"https:\/\/secure.gravatar.com\/avatar\/1e990537051617f93586bce114145ae0ff87fb7f69693d7eea4b09eb39a38ee0?s=96&d=mm&r=g\",\"contentUrl\":\"https:\/\/secure.gravatar.com\/avatar\/1e990537051617f93586bce114145ae0ff87fb7f69693d7eea4b09eb39a38ee0?s=96&d=mm&r=g\",\"caption\":\"admin8312\"},\"url\":\"https:\/\/legisport.com\/index.php\/author\/admin8312\/\"}]}<\/script>\n<!-- \/ Yoast SEO plugin. -->","yoast_head_json":{"robots":{"index":"index","follow":"follow","max-snippet":"max-snippet:-1","max-image-preview":"max-image-preview:large","max-video-preview":"max-video-preview:-1"},"canonical":"https:\/\/legisport.com\/index.php\/2021\/09\/13\/jean-michel-brun-reelu-avec-96-des-voix-au-sein-des-coe\/","og_locale":"fr_FR","og_type":"article","og_title":"Jean-Michel Brun r\u00e9\u00e9lu avec 96% des voix au sein des COE - legisport","og_description":"Lors de l\u2019Assembl\u00e9e G\u00e9n\u00e9rale des Comit\u00e9s Olympiques Europ\u00e9ens (COE) &nbsp;qui s\u2019est tenue \u00e0 Ath\u00e8nes les 10 et 11 juin 2021, Jean-Michel Brun, alors Secr\u00e9taire g\u00e9n\u00e9ral du Comit\u00e9 National Olympique et Sportif Fran\u00e7ais, qui sollicitait un nouveau mandat,&nbsp;a obtenu 96 % des voix, soit la confiance de 48 pays sur 50, ce qui fut le meilleur [&hellip;]","og_url":"https:\/\/legisport.com\/index.php\/2021\/09\/13\/jean-michel-brun-reelu-avec-96-des-voix-au-sein-des-coe\/","og_site_name":"legisport","article_published_time":"2021-09-13T14:03:03+00:00","article_modified_time":"2021-09-13T15:12:55+00:00","og_image":[{"url":"https:\/\/legisport.com\/wp-content\/uploads\/2021\/02\/droitdusport-jean-michel-brun-coe-et-ma\u00eetre-michel-pautot-legisport-774x1024.jpg"}],"twitter_card":"summary_large_image","twitter_misc":{"\u00c9crit par":"admin8312","Dur\u00e9e de lecture est.":"2 minutes"},"schema":{"@context":"https:\/\/schema.org","@graph":[{"@type":"WebSite","@id":"https:\/\/legisport.com\/#website","url":"https:\/\/legisport.com\/","name":"legisport","description":"1991 : fondation de LEGISPORT. 1996 : lancement du bulletin d&#039;informations juridiques sportives LEGISPORT. Tout sur le droit du sport.","potentialAction":[{"@type":"SearchAction","target":{"@type":"EntryPoint","urlTemplate":"https:\/\/legisport.com\/?s={search_term_string}"},"query-input":"required name=search_term_string"}],"inLanguage":"fr-FR"},{"@type":"ImageObject","@id":"https:\/\/legisport.com\/index.php\/2021\/09\/13\/jean-michel-brun-reelu-avec-96-des-voix-au-sein-des-coe\/#primaryimage","inLanguage":"fr-FR","url":"https:\/\/legisport.com\/wp-content\/uploads\/2021\/02\/droitdusport-jean-michel-brun-coe-et-ma\u00eetre-michel-pautot-legisport.jpg","contentUrl":"https:\/\/legisport.com\/wp-content\/uploads\/2021\/02\/droitdusport-jean-michel-brun-coe-et-ma\u00eetre-michel-pautot-legisport.jpg","width":1585,"height":2097},{"@type":"WebPage","@id":"https:\/\/legisport.com\/index.php\/2021\/09\/13\/jean-michel-brun-reelu-avec-96-des-voix-au-sein-des-coe\/#webpage","url":"https:\/\/legisport.com\/index.php\/2021\/09\/13\/jean-michel-brun-reelu-avec-96-des-voix-au-sein-des-coe\/","name":"Jean-Michel Brun r\u00e9\u00e9lu avec 96% des voix au sein des COE - legisport","isPartOf":{"@id":"https:\/\/legisport.com\/#website"},"primaryImageOfPage":{"@id":"https:\/\/legisport.com\/index.php\/2021\/09\/13\/jean-michel-brun-reelu-avec-96-des-voix-au-sein-des-coe\/#primaryimage"},"datePublished":"2021-09-13T14:03:03+00:00","dateModified":"2021-09-13T15:12:55+00:00","author":{"@id":"https:\/\/legisport.com\/#\/schema\/person\/abccfb880c12073a27d7cb433cf39cf2"},"breadcrumb":{"@id":"https:\/\/legisport.com\/index.php\/2021\/09\/13\/jean-michel-brun-reelu-avec-96-des-voix-au-sein-des-coe\/#breadcrumb"},"inLanguage":"fr-FR","potentialAction":[{"@type":"ReadAction","target":["https:\/\/legisport.com\/index.php\/2021\/09\/13\/jean-michel-brun-reelu-avec-96-des-voix-au-sein-des-coe\/"]}]},{"@type":"BreadcrumbList","@id":"https:\/\/legisport.com\/index.php\/2021\/09\/13\/jean-michel-brun-reelu-avec-96-des-voix-au-sein-des-coe\/#breadcrumb","itemListElement":[{"@type":"ListItem","position":1,"name":"Accueil","item":"https:\/\/legisport.com\/"},{"@type":"ListItem","position":2,"name":"Jean-Michel Brun r\u00e9\u00e9lu avec 96% des voix au sein des COE"}]},{"@type":"Person","@id":"https:\/\/legisport.com\/#\/schema\/person\/abccfb880c12073a27d7cb433cf39cf2","name":"admin8312","image":{"@type":"ImageObject","@id":"https:\/\/legisport.com\/#personlogo","inLanguage":"fr-FR","url":"https:\/\/secure.gravatar.com\/avatar\/1e990537051617f93586bce114145ae0ff87fb7f69693d7eea4b09eb39a38ee0?s=96&d=mm&r=g","contentUrl":"https:\/\/secure.gravatar.com\/avatar\/1e990537051617f93586bce114145ae0ff87fb7f69693d7eea4b09eb39a38ee0?s=96&d=mm&r=g","caption":"admin8312"},"url":"https:\/\/legisport.com\/index.php\/author\/admin8312\/"}]}},"_links":{"self":[{"href":"https:\/\/legisport.com\/index.php\/wp-json\/wp\/v2\/posts\/2093","targetHints":{"allow":["GET"]}}],"collection":[{"href":"https:\/\/legisport.com\/index.php\/wp-json\/wp\/v2\/posts"}],"about":[{"href":"https:\/\/legisport.com\/index.php\/wp-json\/wp\/v2\/types\/post"}],"author":[{"embeddable":true,"href":"https:\/\/legisport.com\/index.php\/wp-json\/wp\/v2\/users\/1"}],"replies":[{"embeddable":true,"href":"https:\/\/legisport.com\/index.php\/wp-json\/wp\/v2\/comments?post=2093"}],"version-history":[{"count":2,"href":"https:\/\/legisport.com\/index.php\/wp-json\/wp\/v2\/posts\/2093\/revisions"}],"predecessor-version":[{"id":2099,"href":"https:\/\/legisport.com\/index.php\/wp-json\/wp\/v2\/posts\/2093\/revisions\/2099"}],"wp:attachment":[{"href":"https:\/\/legisport.com\/index.php\/wp-json\/wp\/v2\/media?parent=2093"}],"wp:term":[{"taxonomy":"category","embeddable":true,"href":"https:\/\/legisport.com\/index.php\/wp-json\/wp\/v2\/categories?post=2093"},{"taxonomy":"post_tag","embeddable":true,"href":"https:\/\/legisport.com\/index.php\/wp-json\/wp\/v2\/tags?post=2093"}],"curies":[{"name":"wp","href":"https:\/\/api.w.org\/{rel}","templated":true}]}}