{"id":2080,"date":"2021-09-03T14:15:25","date_gmt":"2021-09-03T12:15:25","guid":{"rendered":"https:\/\/legisport.com\/?p=2080"},"modified":"2021-09-15T14:12:30","modified_gmt":"2021-09-15T12:12:30","slug":"le-president-jacques-bonnet-brillamment-reelu","status":"publish","type":"post","link":"https:\/\/legisport.com\/index.php\/2021\/09\/03\/le-president-jacques-bonnet-brillamment-reelu\/","title":{"rendered":"Le Pr\u00e9sident Jacques Bonnet brillamment r\u00e9\u00e9lu"},"content":{"rendered":"\n<div class=\"wp-block-image\"><figure class=\"aligncenter size-full\"><img loading=\"lazy\" decoding=\"async\" width=\"1024\" height=\"576\" src=\"https:\/\/legisport.com\/wp-content\/uploads\/2021\/09\/President-Jacques-Bonnet-reelu-et-son-epouse-Lysbeth-Bonnet.jpg\" alt=\"\" class=\"wp-image-2140\" srcset=\"https:\/\/legisport.com\/wp-content\/uploads\/2021\/09\/President-Jacques-Bonnet-reelu-et-son-epouse-Lysbeth-Bonnet.jpg 1024w, https:\/\/legisport.com\/wp-content\/uploads\/2021\/09\/President-Jacques-Bonnet-reelu-et-son-epouse-Lysbeth-Bonnet-300x169.jpg 300w, https:\/\/legisport.com\/wp-content\/uploads\/2021\/09\/President-Jacques-Bonnet-reelu-et-son-epouse-Lysbeth-Bonnet-768x432.jpg 768w\" sizes=\"auto, (max-width: 1024px) 100vw, 1024px\" \/><figcaption>Le Pr\u00e9sident Jacques Bonnet, r\u00e9\u00e9lu brillamment et son \u00e9pouse Lysbeth<\/figcaption><\/figure><\/div>\n\n\n\n<p><strong>LEGISPORT adresse toutes ses f\u00e9licitations \u00e0 Jacques Bonnet brillamment r\u00e9\u00e9lu Pr\u00e9sident du Comit\u00e9 D\u00e9partemental des Bouches du Rh\u00f4ne<\/strong> <strong>de la F\u00e9d\u00e9ration Fran\u00e7aise des M\u00e9daill\u00e9s de la Jeunesse, des Sports et de l&rsquo;Engagement Associatif lors de l\u2019Assembl\u00e9e G\u00e9n\u00e9rale du 26 juin 2021 \u00e0 Martigues.<\/strong> <strong>Voici le discours introductif du Pr\u00e9sident BONNET lors de cette Assembl\u00e9e\u00a0:<\/strong><\/p>\n\n\n\n<p>Monsieur le Maire,<\/p>\n\n\n\n<p>Monsieur le D\u00e9put\u00e9,<\/p>\n\n\n\n<p>Monsieur le Pr\u00e9sident du CDOS,<\/p>\n\n\n\n<p>Mesdames, messieurs, les adjoints, les conseillers municipaux,<\/p>\n\n\n\n<p>Mesdames, messieurs les Pr\u00e9sidents d&rsquo;Associations<\/p>\n\n\n\n<p>Mesdames, mesdemoiselles, messieurs, chers amis<\/p>\n\n\n\n<p>En ouverture de notre&nbsp;<strong>57\u00e8me<\/strong>&nbsp;Assembl\u00e9e G\u00e9n\u00e9rale Annuelle depuis la cr\u00e9ation du Comit\u00e9 D\u00e9partemental en 1964, l&rsquo;Instance Dirigeante D\u00e9partementale est heureuse de vous souhaiter la bienvenue dans cette magnifique salle des Conf\u00e9rences de Martigues, mise sp\u00e9cialement \u00e0 notre disposition pour notre Assembl\u00e9e G\u00e9n\u00e9rale Elective.<\/p>\n\n\n\n<p>C&rsquo;est avec un r\u00e9el plaisir que je vous accueille et vous souhaite la bienvenue \u00e0 cette Assembl\u00e9e G\u00e9n\u00e9rale Elective qui est un moment fort de notre Comit\u00e9 D\u00e9partemental, puisqu\u2019elle se tient tous les quatre ans et renouvelle notre Instance Dirigeante D\u00e9partementale dans sa totalit\u00e9 conform\u00e9ment aux Statuts F\u00e9d\u00e9raux.<\/p>\n\n\n\n<p>Je tiens \u00e0 vous exprimer mes meilleurs v\u0153ux de courage afin d\u2019enrayer cette pand\u00e9mie qui a occult\u00e9 la majorit\u00e9 de nos relations amicales.<\/p>\n\n\n\n<p>Que l\u2019avenir vous apporte outre la sant\u00e9 si convoit\u00e9e et si pr\u00e9cieuse, tout ce que vous pouvez esp\u00e9rer de mieux pour vous, vos familles et vos proches.<\/p>\n\n\n\n<p>Mais avant de poursuivre je vous invite, sans plus attendre, pour rendre hommage \u00e0 Raymond SCIARLI, Maurice PONT, Raymond ORCIERE, Francis MASTROPASQUA, Robert ATTARD, Louis BATTINELLI, Alain ESTEVE et Jean Louis REYNAUD qui nous ont quitt\u00e9 cette ann\u00e9e et \u00e0 observer un instant de recueillement pour perp\u00e9tuer le souvenir des ses actions qu&rsquo;il a men\u00e9es avec comp\u00e9tence et loyaut\u00e9.<\/p>\n\n\n\n<p>C\u2019est toujours un grand plaisir de revoir chaque ann\u00e9e un tel parterre empli d\u2019amis sportifs, d\u2019anciens m\u00e9daill\u00e9s et des nouveaux, qui se verront, dans un moment, remettre les m\u00e9dailles du Minist\u00e8re de&nbsp;la Jeunesse&nbsp;et des Sports de la promotion 2020, ainsi que les plaquettes F\u00e9d\u00e9rales, et D\u00e9partementales.<\/p>\n\n\n\n<p>Un grand merci et un grand bravo \u00e0 celles, d\u00e9j\u00e0 dipl\u00f4m\u00e9es ou en instance de l\u2019\u00eatre, qui participent avec effort, efficacit\u00e9 et pers\u00e9v\u00e9rance \u00e0 l\u2019animation et \u00e0 la diffusion du sport f\u00e9minin.<\/p>\n\n\n\n<p>Je vous remercie tous et toutes d\u2019\u00eatre venus en aussi grand nombre \u00e0 cette c\u00e9r\u00e9monie.<\/p>\n\n\n\n<p>Nos chaleureux remerciements vont tout sp\u00e9cialement \u00e0&nbsp;:<\/p>\n\n\n\n<p>Gaby CHARROUX \u2013 G\u00e9rard FRAU &#8211; Jacques ROUJON \u2013<\/p>\n\n\n\n<p>Par ailleurs nous avons re\u00e7u les excuses de&nbsp;:<\/p>\n\n\n\n<p>Martine VASSAL &#8211; G\u00e9rard DUROZOY &#8211; Dominique ABADIE &#8211;<\/p>\n\n\n\n<p>Je regrette toutefois que certaines personnalit\u00e9s invit\u00e9es ne ce soient pas excus\u00e9es !<\/p>\n\n\n\n<div class=\"wp-block-image\"><figure class=\"aligncenter size-full\"><img loading=\"lazy\" decoding=\"async\" width=\"290\" height=\"361\" src=\"https:\/\/legisport.com\/wp-content\/uploads\/2021\/09\/jacques-bonnet-reelu-president.jpg\" alt=\"\" class=\"wp-image-2138\" srcset=\"https:\/\/legisport.com\/wp-content\/uploads\/2021\/09\/jacques-bonnet-reelu-president.jpg 290w, https:\/\/legisport.com\/wp-content\/uploads\/2021\/09\/jacques-bonnet-reelu-president-241x300.jpg 241w\" sizes=\"auto, (max-width: 290px) 100vw, 290px\" \/><\/figure><\/div>\n\n\n\n<p><strong><u>RAPPORT MORAL<\/u><\/strong><\/p>\n\n\n\n<p>Que soient f\u00e9licit\u00e9s tous les heureux m\u00e9daill\u00e9s de la promotion 2020.<\/p>\n\n\n\n<p>La reconnaissance arrive toujours \u00e0 ceux qui savent attendre.<\/p>\n\n\n\n<p>Notre priorit\u00e9 et celle de notre F\u00e9d\u00e9ration&nbsp; est de rechercher des jeunes b\u00e9n\u00e9voles qui \u0153uvrent au sein d\u2019associations.<\/p>\n\n\n\n<p>N\u00e9anmoins il appartient \u00e0 tous de prendre conscience qu\u2019\u00e0 l\u2019image d\u2019autres Associations notre m\u00e9daille comporte trois niveaux (bronze, argent et or), et qu\u2019en cons\u00e9quence, il est fort regrettable de voir des b\u00e9n\u00e9voles sportifs ou associatifs de plus de 60 ans recevoir, enfin, la m\u00e9daille de bronze.<\/p>\n\n\n\n<p>Aussi, je renouvelle aupr\u00e8s de ces Pr\u00e9sidents d\u2019associations, de clubs et de comit\u00e9s, un appel&nbsp; pour qu\u2019ils se penchent sur la reconnaissance \u00e0 t\u00e9moigner \u00e0 ceux et \u00e0 celles qui oeuvrent b\u00e9n\u00e9volement \u00e0 leur cot\u00e9.<\/p>\n\n\n\n<p>N\u2019oubliez pas que la m\u00e9daille de Bronze peut \u00eatre d\u00e9cern\u00e9e \u00e0 partir de 6 ann\u00e9es d&rsquo;activit\u00e9 de dirigeant b\u00e9n\u00e9voles. Par ailleurs, la m\u00e9daille d\u2019argent ne peut \u00eatre d\u00e9cern\u00e9e que 4 ans apr\u00e8s le bronze et l\u2019or 5 ann\u00e9es apr\u00e8s l\u2019argent.<\/p>\n\n\n\n<p>En 2020,&nbsp;la Commission Pr\u00e9fectorale&nbsp;a valid\u00e9&nbsp;71 propositions&nbsp;de m\u00e9dailles de bronze Jeunesse et Sports pour le D\u00e9partement, dont&nbsp;53 pr\u00e9sent\u00e9es par notre Comit\u00e9 et&nbsp;36 accept\u00e9es.<\/p>\n\n\n\n<p>Le Minist\u00e8re des Sports a d\u00e9cern\u00e9&nbsp;12 m\u00e9dailles d\u2019or et 26 m\u00e9dailles d\u2019argent.<\/p>\n\n\n\n<p>Pour la&nbsp;<strong>promotion 2021<\/strong>, \u00e0 ce jour nous avons donn\u00e9 un avis favorable \u00e0&nbsp;<strong><em><u>32 demandes de m\u00e9dailles de Bronze<\/u><\/em><\/strong>,&nbsp;que nous avons d\u00e9pos\u00e9es \u00e0 la Direction D\u00e9partementale de&nbsp;la Coh\u00e9sion&nbsp;Sociale. Nous avons encore en attente,&nbsp;<strong>18<\/strong> dossiers de m\u00e9dailles \u00ab\u00a0or\u00a0\u00bb et&nbsp;<strong>11<\/strong>&nbsp;de m\u00e9dailles \u00ab\u00a0argent\u00a0\u00bb, apr\u00e8s la promotion du 1er janvier 2021.<\/p>\n\n\n\n<p>De cette ann\u00e9e, nous retiendrons une stagnation de notre effectif licenci\u00e9 par rapport \u00e0 l\u2019ann\u00e9e 2019,&nbsp;<strong>soit 280 m\u00e9daill\u00e9s<\/strong>&nbsp;enregistr\u00e9s par notre F\u00e9d\u00e9ration.<\/p>\n\n\n\n<p>De ce fait avec 280 licenci\u00e9s dont 34 dames, nous nous classons&nbsp;<strong>5\u00e8me&nbsp;<\/strong>Comit\u00e9 en France. Nous n&rsquo;avons aujourd&rsquo;hui que&nbsp;<strong>3 nouveaux<\/strong>&nbsp;licenci\u00e9s pour&nbsp;<strong>2021<\/strong>.&nbsp;Au moment o\u00f9 je vous parle&nbsp;<strong>242 licenci\u00e9s&nbsp;<\/strong>ont r\u00e9gl\u00e9 leur cotisation 2021 sur 270.<\/p>\n\n\n\n<p>Je souhaite donc que les nouveaux promus viennent nous rejoindre en adh\u00e9rant et prendre une licence annuelle \u00e0 notre Comit\u00e9 (co\u00fbt : 22.00\u20ac).<\/p>\n\n\n\n<p><strong><u>Intervention du Pr\u00e9sident sur&nbsp; le CD13 et la F F M J S E A :<\/u><\/strong><\/p>\n\n\n\n<p>&#8211; Notre Comit\u00e9 a besoin de b\u00e9n\u00e9voles car diff\u00e9rents probl\u00e8mes de sant\u00e9 ont touch\u00e9 plusieurs de nos membres.<\/p>\n\n\n\n<p>&#8211; Pour parler de notre F\u00e9d\u00e9ration ; notre Instance Dirigeante pense que ses actions vers les Comit\u00e9s sont insuffisantes!!!<\/p>\n\n\n\n<p>Je rappelle que nous versons 11\u20ac par licenci\u00e9, soit la moiti\u00e9 de la cotisation que nous vous demandons et qui est de 22\u20ac. Un petit calcul&#8230;Avec 15500 licenci\u00e9s environ cela fait une rentr\u00e9e financi\u00e8re de 170 500\u20ac pour la f\u00e9d\u00e9ration et pour le CD13 (280 x 11\u20ac = 3 080\u20ac).<\/p>\n\n\n\n<p>Les Challenges Nationaux du Jeune B\u00e9n\u00e9vole et de la Citoyennet\u00e9 ne sont plus remis au si\u00e8ge de notre F\u00e9d\u00e9ration \u00e0 Paris. (Circulaire de la FFMJSEA)<\/p>\n\n\n\n<p>&#8211; La FFMJSEA nous subventionne pour nos Contrats d&rsquo;Objectifs d&rsquo;un montant de 500\u20ac et cette aide diminue d\u2019ann\u00e9e en ann\u00e9e.<\/p>\n\n\n\n<p>&#8211; Elle nous &nbsp;offre pour la Journ\u00e9e Mondiale du B\u00e9n\u00e9volat 10 dipl\u00f4mes et 10 troph\u00e9es et elle \u00e9dite trois fois par an \u00a0\u00bb Revue Nationale pour nos licenci\u00e9s \u00ab\u00a0<\/p>\n\n\n\n<p>Par contre nous payons les Plaquettes F\u00e9d\u00e9rales qui r\u00e9compensent nos licenci\u00e9s quand la commission des r\u00e9compenses F\u00e9d\u00e9rale veut bien reconnaitre nos demandes.<\/p>\n\n\n\n<p>Les actions conduites en 2020 vous ont \u00e9t\u00e9 pr\u00e9sent\u00e9es et d\u00e9velopp\u00e9es par Lysbeth BONNET notre secr\u00e9taire g\u00e9n\u00e9rale, et le bilan financier par notre tr\u00e9sorier g\u00e9n\u00e9ral Jean Pierre ROUDET. Aussi qu\u2019il me soit permis de mettre en \u00e9vidence le travail et le d\u00e9vouement des membres de notre Instance Dirigeante et de les remercier en les encourageant pour l&rsquo;ann\u00e9e \u00e0 venir.<\/p>\n\n\n\n<p>Donc en conclusion, je f\u00e9licite et je dis&nbsp;:<\/p>\n\n\n\n<p>BRAVO \u00e0 tous les promus de 2020, car la M\u00e9daille Jeunesse, Sports et Engagement Associatif est une distinction honorifique d\u00e9cern\u00e9e au nom de l\u2019Etat aux personnes qui ont fait preuve d\u2019un r\u00e9el d\u00e9vouement et d\u2019un engagement soutenu dans le domaine du sport, des activit\u00e9s \u00e9ducatives destin\u00e9es \u00e0 la jeunesse, et des actions d\u2019\u00e9ducation populaire en direction de publics de tous \u00e2ges.<\/p>\n\n\n\n<p>La m\u00e9daille de la Jeunesse et Sports reste une des plus belles distinctions, qu\u2019il faut d\u00e9cerner avec honneur aux b\u00e9n\u00e9voles sportifs et associatifs.<\/p>\n\n\n\n<p>J&rsquo;irai, m\u00eame jusqu&rsquo;\u00e0 dire que la m\u00e9daille OR de la Jeunesse et des Sports est la \u00a0\u00bb L\u00e9gion d&rsquo;Honneur \u00a0\u00bb des b\u00e9n\u00e9voles sportifs et associatifs.<\/p>\n\n\n\n<p>Apr\u00e8s la remise des m\u00e9dailles de la Jeunesse, des Sports et de l\u2019Engagement Associatif (<strong>9 or, 5 argent et 2 bronze<\/strong>) et de deux plaquettes F\u00e9d\u00e9rales (<strong>2 or et&nbsp; 1<\/strong>&nbsp;<strong>argent<\/strong>), nous aurons le plaisir de d\u00e9cerner \u00e0 certains responsables b\u00e9n\u00e9voles associatifs ou sportifs choisis par notre Commission des R\u00e9compenses et par le Pr\u00e9sident du Comit\u00e9 R\u00e9gional PACA, Monsieur Jacques ROUJON,&nbsp;<strong>10 plaquettes du M\u00e9rite Sportif et Associatif du notre Comit\u00e9 D\u00e9partemental<\/strong>, en les remerciant des services rendus \u00e0 la noble cause du b\u00e9n\u00e9volat.<\/p>\n\n\n\n<p>Avant de conclure, je souhaite \u00e0 notre Instance Dirigeante D\u00e9partementale de poursuivre notre repr\u00e9sentation active dans le d\u00e9partement pour valoriser l\u2019\u00e9thique de la F\u00e9d\u00e9ration des M\u00e9daill\u00e9s de la Jeunesse, des Sports et de l&rsquo;Engagement Associatif.<\/p>\n\n\n\n<p>Je vous remercie de votre pr\u00e9cieuse pr\u00e9sence et de votre aimable attention.<\/p>\n\n\n\n<p><strong>Jacques Bonnet &#8211; Pr\u00e9sident Comit\u00e9 13<\/strong><\/p>\n\n\n\n<div class=\"wp-block-image\"><figure class=\"aligncenter size-full\"><img loading=\"lazy\" decoding=\"async\" width=\"432\" height=\"768\" src=\"https:\/\/legisport.com\/wp-content\/uploads\/2021\/09\/medaillejeunesseetsports.jpg\" alt=\"\" class=\"wp-image-2139\" srcset=\"https:\/\/legisport.com\/wp-content\/uploads\/2021\/09\/medaillejeunesseetsports.jpg 432w, https:\/\/legisport.com\/wp-content\/uploads\/2021\/09\/medaillejeunesseetsports-169x300.jpg 169w\" sizes=\"auto, (max-width: 432px) 100vw, 432px\" \/><\/figure><\/div>\n","protected":false},"excerpt":{"rendered":"<p>LEGISPORT adresse toutes ses f\u00e9licitations \u00e0 Jacques Bonnet brillamment r\u00e9\u00e9lu Pr\u00e9sident du Comit\u00e9 D\u00e9partemental des Bouches du Rh\u00f4ne de la F\u00e9d\u00e9ration Fran\u00e7aise des M\u00e9daill\u00e9s de la Jeunesse, des Sports et de l&rsquo;Engagement Associatif lors de l\u2019Assembl\u00e9e G\u00e9n\u00e9rale du 26 juin 2021 \u00e0 Martigues. Voici le discours introductif du Pr\u00e9sident BONNET lors de cette Assembl\u00e9e\u00a0: Monsieur [&hellip;]<\/p>\n","protected":false},"author":1,"featured_media":0,"comment_status":"closed","ping_status":"open","sticky":false,"template":"","format":"standard","meta":{"footnotes":""},"categories":[1],"tags":[],"class_list":["post-2080","post","type-post","status-publish","format-standard","hentry","category-uncategorized","basic-color-border"],"yoast_head":"<!-- This site is optimized with the Yoast SEO plugin v17.4 - https:\/\/yoast.com\/wordpress\/plugins\/seo\/ -->\n<meta name=\"robots\" content=\"index, follow, max-snippet:-1, max-image-preview:large, max-video-preview:-1\" \/>\n<link rel=\"canonical\" href=\"https:\/\/legisport.com\/index.php\/2021\/09\/03\/le-president-jacques-bonnet-brillamment-reelu\/\" \/>\n<meta property=\"og:locale\" content=\"fr_FR\" \/>\n<meta property=\"og:type\" content=\"article\" \/>\n<meta property=\"og:title\" content=\"Le Pr\u00e9sident Jacques Bonnet brillamment r\u00e9\u00e9lu - legisport\" \/>\n<meta property=\"og:description\" content=\"LEGISPORT adresse toutes ses f\u00e9licitations \u00e0 Jacques Bonnet brillamment r\u00e9\u00e9lu Pr\u00e9sident du Comit\u00e9 D\u00e9partemental des Bouches du Rh\u00f4ne de la F\u00e9d\u00e9ration Fran\u00e7aise des M\u00e9daill\u00e9s de la Jeunesse, des Sports et de l&rsquo;Engagement Associatif lors de l\u2019Assembl\u00e9e G\u00e9n\u00e9rale du 26 juin 2021 \u00e0 Martigues. Voici le discours introductif du Pr\u00e9sident BONNET lors de cette Assembl\u00e9e\u00a0: Monsieur [&hellip;]\" \/>\n<meta property=\"og:url\" content=\"https:\/\/legisport.com\/index.php\/2021\/09\/03\/le-president-jacques-bonnet-brillamment-reelu\/\" \/>\n<meta property=\"og:site_name\" content=\"legisport\" \/>\n<meta property=\"article:published_time\" content=\"2021-09-03T12:15:25+00:00\" \/>\n<meta property=\"article:modified_time\" content=\"2021-09-15T12:12:30+00:00\" \/>\n<meta property=\"og:image\" content=\"https:\/\/legisport.com\/wp-content\/uploads\/2021\/09\/President-Jacques-Bonnet-reelu-et-son-epouse-Lysbeth-Bonnet.jpg\" \/>\n<meta name=\"twitter:card\" content=\"summary_large_image\" \/>\n<meta name=\"twitter:label1\" content=\"\u00c9crit par\" \/>\n\t<meta name=\"twitter:data1\" content=\"admin8312\" \/>\n\t<meta name=\"twitter:label2\" content=\"Dur\u00e9e de lecture est.\" \/>\n\t<meta name=\"twitter:data2\" content=\"7 minutes\" \/>\n<script type=\"application\/ld+json\" class=\"yoast-schema-graph\">{\"@context\":\"https:\/\/schema.org\",\"@graph\":[{\"@type\":\"WebSite\",\"@id\":\"https:\/\/legisport.com\/#website\",\"url\":\"https:\/\/legisport.com\/\",\"name\":\"legisport\",\"description\":\"1991 : fondation de LEGISPORT. 1996 : lancement du bulletin d&#039;informations juridiques sportives LEGISPORT. Tout sur le droit du sport.\",\"potentialAction\":[{\"@type\":\"SearchAction\",\"target\":{\"@type\":\"EntryPoint\",\"urlTemplate\":\"https:\/\/legisport.com\/?s={search_term_string}\"},\"query-input\":\"required name=search_term_string\"}],\"inLanguage\":\"fr-FR\"},{\"@type\":\"ImageObject\",\"@id\":\"https:\/\/legisport.com\/index.php\/2021\/09\/03\/le-president-jacques-bonnet-brillamment-reelu\/#primaryimage\",\"inLanguage\":\"fr-FR\",\"url\":\"https:\/\/legisport.com\/wp-content\/uploads\/2021\/09\/President-Jacques-Bonnet-reelu-et-son-epouse-Lysbeth-Bonnet.jpg\",\"contentUrl\":\"https:\/\/legisport.com\/wp-content\/uploads\/2021\/09\/President-Jacques-Bonnet-reelu-et-son-epouse-Lysbeth-Bonnet.jpg\",\"width\":1024,\"height\":576},{\"@type\":\"WebPage\",\"@id\":\"https:\/\/legisport.com\/index.php\/2021\/09\/03\/le-president-jacques-bonnet-brillamment-reelu\/#webpage\",\"url\":\"https:\/\/legisport.com\/index.php\/2021\/09\/03\/le-president-jacques-bonnet-brillamment-reelu\/\",\"name\":\"Le Pr\\u00e9sident Jacques Bonnet brillamment r\\u00e9\\u00e9lu - legisport\",\"isPartOf\":{\"@id\":\"https:\/\/legisport.com\/#website\"},\"primaryImageOfPage\":{\"@id\":\"https:\/\/legisport.com\/index.php\/2021\/09\/03\/le-president-jacques-bonnet-brillamment-reelu\/#primaryimage\"},\"datePublished\":\"2021-09-03T12:15:25+00:00\",\"dateModified\":\"2021-09-15T12:12:30+00:00\",\"author\":{\"@id\":\"https:\/\/legisport.com\/#\/schema\/person\/abccfb880c12073a27d7cb433cf39cf2\"},\"breadcrumb\":{\"@id\":\"https:\/\/legisport.com\/index.php\/2021\/09\/03\/le-president-jacques-bonnet-brillamment-reelu\/#breadcrumb\"},\"inLanguage\":\"fr-FR\",\"potentialAction\":[{\"@type\":\"ReadAction\",\"target\":[\"https:\/\/legisport.com\/index.php\/2021\/09\/03\/le-president-jacques-bonnet-brillamment-reelu\/\"]}]},{\"@type\":\"BreadcrumbList\",\"@id\":\"https:\/\/legisport.com\/index.php\/2021\/09\/03\/le-president-jacques-bonnet-brillamment-reelu\/#breadcrumb\",\"itemListElement\":[{\"@type\":\"ListItem\",\"position\":1,\"name\":\"Accueil\",\"item\":\"https:\/\/legisport.com\/\"},{\"@type\":\"ListItem\",\"position\":2,\"name\":\"Le Pr\\u00e9sident Jacques Bonnet brillamment r\\u00e9\\u00e9lu\"}]},{\"@type\":\"Person\",\"@id\":\"https:\/\/legisport.com\/#\/schema\/person\/abccfb880c12073a27d7cb433cf39cf2\",\"name\":\"admin8312\",\"image\":{\"@type\":\"ImageObject\",\"@id\":\"https:\/\/legisport.com\/#personlogo\",\"inLanguage\":\"fr-FR\",\"url\":\"https:\/\/secure.gravatar.com\/avatar\/1e990537051617f93586bce114145ae0ff87fb7f69693d7eea4b09eb39a38ee0?s=96&d=mm&r=g\",\"contentUrl\":\"https:\/\/secure.gravatar.com\/avatar\/1e990537051617f93586bce114145ae0ff87fb7f69693d7eea4b09eb39a38ee0?s=96&d=mm&r=g\",\"caption\":\"admin8312\"},\"url\":\"https:\/\/legisport.com\/index.php\/author\/admin8312\/\"}]}<\/script>\n<!-- \/ Yoast SEO plugin. -->","yoast_head_json":{"robots":{"index":"index","follow":"follow","max-snippet":"max-snippet:-1","max-image-preview":"max-image-preview:large","max-video-preview":"max-video-preview:-1"},"canonical":"https:\/\/legisport.com\/index.php\/2021\/09\/03\/le-president-jacques-bonnet-brillamment-reelu\/","og_locale":"fr_FR","og_type":"article","og_title":"Le Pr\u00e9sident Jacques Bonnet brillamment r\u00e9\u00e9lu - legisport","og_description":"LEGISPORT adresse toutes ses f\u00e9licitations \u00e0 Jacques Bonnet brillamment r\u00e9\u00e9lu Pr\u00e9sident du Comit\u00e9 D\u00e9partemental des Bouches du Rh\u00f4ne de la F\u00e9d\u00e9ration Fran\u00e7aise des M\u00e9daill\u00e9s de la Jeunesse, des Sports et de l&rsquo;Engagement Associatif lors de l\u2019Assembl\u00e9e G\u00e9n\u00e9rale du 26 juin 2021 \u00e0 Martigues. Voici le discours introductif du Pr\u00e9sident BONNET lors de cette Assembl\u00e9e\u00a0: Monsieur [&hellip;]","og_url":"https:\/\/legisport.com\/index.php\/2021\/09\/03\/le-president-jacques-bonnet-brillamment-reelu\/","og_site_name":"legisport","article_published_time":"2021-09-03T12:15:25+00:00","article_modified_time":"2021-09-15T12:12:30+00:00","og_image":[{"url":"https:\/\/legisport.com\/wp-content\/uploads\/2021\/09\/President-Jacques-Bonnet-reelu-et-son-epouse-Lysbeth-Bonnet.jpg"}],"twitter_card":"summary_large_image","twitter_misc":{"\u00c9crit par":"admin8312","Dur\u00e9e de lecture est.":"7 minutes"},"schema":{"@context":"https:\/\/schema.org","@graph":[{"@type":"WebSite","@id":"https:\/\/legisport.com\/#website","url":"https:\/\/legisport.com\/","name":"legisport","description":"1991 : fondation de LEGISPORT. 1996 : lancement du bulletin d&#039;informations juridiques sportives LEGISPORT. Tout sur le droit du sport.","potentialAction":[{"@type":"SearchAction","target":{"@type":"EntryPoint","urlTemplate":"https:\/\/legisport.com\/?s={search_term_string}"},"query-input":"required name=search_term_string"}],"inLanguage":"fr-FR"},{"@type":"ImageObject","@id":"https:\/\/legisport.com\/index.php\/2021\/09\/03\/le-president-jacques-bonnet-brillamment-reelu\/#primaryimage","inLanguage":"fr-FR","url":"https:\/\/legisport.com\/wp-content\/uploads\/2021\/09\/President-Jacques-Bonnet-reelu-et-son-epouse-Lysbeth-Bonnet.jpg","contentUrl":"https:\/\/legisport.com\/wp-content\/uploads\/2021\/09\/President-Jacques-Bonnet-reelu-et-son-epouse-Lysbeth-Bonnet.jpg","width":1024,"height":576},{"@type":"WebPage","@id":"https:\/\/legisport.com\/index.php\/2021\/09\/03\/le-president-jacques-bonnet-brillamment-reelu\/#webpage","url":"https:\/\/legisport.com\/index.php\/2021\/09\/03\/le-president-jacques-bonnet-brillamment-reelu\/","name":"Le Pr\u00e9sident Jacques Bonnet brillamment r\u00e9\u00e9lu - legisport","isPartOf":{"@id":"https:\/\/legisport.com\/#website"},"primaryImageOfPage":{"@id":"https:\/\/legisport.com\/index.php\/2021\/09\/03\/le-president-jacques-bonnet-brillamment-reelu\/#primaryimage"},"datePublished":"2021-09-03T12:15:25+00:00","dateModified":"2021-09-15T12:12:30+00:00","author":{"@id":"https:\/\/legisport.com\/#\/schema\/person\/abccfb880c12073a27d7cb433cf39cf2"},"breadcrumb":{"@id":"https:\/\/legisport.com\/index.php\/2021\/09\/03\/le-president-jacques-bonnet-brillamment-reelu\/#breadcrumb"},"inLanguage":"fr-FR","potentialAction":[{"@type":"ReadAction","target":["https:\/\/legisport.com\/index.php\/2021\/09\/03\/le-president-jacques-bonnet-brillamment-reelu\/"]}]},{"@type":"BreadcrumbList","@id":"https:\/\/legisport.com\/index.php\/2021\/09\/03\/le-president-jacques-bonnet-brillamment-reelu\/#breadcrumb","itemListElement":[{"@type":"ListItem","position":1,"name":"Accueil","item":"https:\/\/legisport.com\/"},{"@type":"ListItem","position":2,"name":"Le Pr\u00e9sident Jacques Bonnet brillamment r\u00e9\u00e9lu"}]},{"@type":"Person","@id":"https:\/\/legisport.com\/#\/schema\/person\/abccfb880c12073a27d7cb433cf39cf2","name":"admin8312","image":{"@type":"ImageObject","@id":"https:\/\/legisport.com\/#personlogo","inLanguage":"fr-FR","url":"https:\/\/secure.gravatar.com\/avatar\/1e990537051617f93586bce114145ae0ff87fb7f69693d7eea4b09eb39a38ee0?s=96&d=mm&r=g","contentUrl":"https:\/\/secure.gravatar.com\/avatar\/1e990537051617f93586bce114145ae0ff87fb7f69693d7eea4b09eb39a38ee0?s=96&d=mm&r=g","caption":"admin8312"},"url":"https:\/\/legisport.com\/index.php\/author\/admin8312\/"}]}},"_links":{"self":[{"href":"https:\/\/legisport.com\/index.php\/wp-json\/wp\/v2\/posts\/2080","targetHints":{"allow":["GET"]}}],"collection":[{"href":"https:\/\/legisport.com\/index.php\/wp-json\/wp\/v2\/posts"}],"about":[{"href":"https:\/\/legisport.com\/index.php\/wp-json\/wp\/v2\/types\/post"}],"author":[{"embeddable":true,"href":"https:\/\/legisport.com\/index.php\/wp-json\/wp\/v2\/users\/1"}],"replies":[{"embeddable":true,"href":"https:\/\/legisport.com\/index.php\/wp-json\/wp\/v2\/comments?post=2080"}],"version-history":[{"count":2,"href":"https:\/\/legisport.com\/index.php\/wp-json\/wp\/v2\/posts\/2080\/revisions"}],"predecessor-version":[{"id":2142,"href":"https:\/\/legisport.com\/index.php\/wp-json\/wp\/v2\/posts\/2080\/revisions\/2142"}],"wp:attachment":[{"href":"https:\/\/legisport.com\/index.php\/wp-json\/wp\/v2\/media?parent=2080"}],"wp:term":[{"taxonomy":"category","embeddable":true,"href":"https:\/\/legisport.com\/index.php\/wp-json\/wp\/v2\/categories?post=2080"},{"taxonomy":"post_tag","embeddable":true,"href":"https:\/\/legisport.com\/index.php\/wp-json\/wp\/v2\/tags?post=2080"}],"curies":[{"name":"wp","href":"https:\/\/api.w.org\/{rel}","templated":true}]}}