{"id":2077,"date":"2021-09-03T11:14:04","date_gmt":"2021-09-03T09:14:04","guid":{"rendered":"https:\/\/legisport.com\/?p=2077"},"modified":"2021-09-03T11:14:15","modified_gmt":"2021-09-03T09:14:15","slug":"le-ministere-charge-des-sports-lance-le-site-le-bon-sport-pour-moi","status":"publish","type":"post","link":"https:\/\/legisport.com\/index.php\/2021\/09\/03\/le-ministere-charge-des-sports-lance-le-site-le-bon-sport-pour-moi\/","title":{"rendered":"Le minist\u00e8re charg\u00e9 des Sports lance le site \u00ab Le bon sport pour moi \u00bb"},"content":{"rendered":"\n<p><strong>LEGISPORT publie ce communiqu\u00e9 de presse re\u00e7u du service de presse du Minist\u00e8re charg\u00e9 des sports le 3 septembre 2021.&nbsp;<\/strong><\/p>\n\n\n\n<p>Le Gouvernement a lanc\u00e9 cet \u00e9t\u00e9 une campagne de communication d\u2019une envergure in\u00e9dite pour inciter les Fran\u00e7aises et les Fran\u00e7ais \u00e0 se (re)mettre au sport, en sortie de crise sanitaire. C\u2019est dans le cadre de cette grande campagne \u00e0 360\u00b0 que le minist\u00e8re charg\u00e9 des Sports lance ce vendredi 3 septembre le site \u00ab&nbsp;le bon sport pour moi&nbsp;\u00bb. Cette plateforme innovante et intuitive offre un v\u00e9ritable service \u00e0 toutes celles et ceux qui souhaitent se (re)mettre au sport mais ne savent pas lequel choisir.<\/p>\n\n\n\n<p>Le site&nbsp;<a href=\"https:\/\/anws.co\/b5IjB\/%7Baef2bda9-d163-4e5e-bcd9-5e0b6639615b%7D\">lebonsportpourmoi.sports.gouv.fr<\/a>&nbsp;&nbsp;aidera les non-sportifs \u00e0 trouver la discipline sportive encadr\u00e9e qui leur convient parmi plus de 300 activit\u00e9s sportives disponibles, en fonction de leurs pr\u00e9f\u00e9rences, leurs envies, leurs profils, leurs objectifs, leurs qualit\u00e9s physiques, au moyen d\u2019un quiz interactif.<\/p>\n\n\n\n<p>Apr\u00e8s avoir r\u00e9pondu \u00e0 un questionnaire, les internautes se verront proposer un panel de disciplines sportives susceptibles de r\u00e9pondre \u00e0 leurs attentes, de leur plaire voire de les surprendre. Les coordonn\u00e9es des f\u00e9d\u00e9rations sportives concern\u00e9es et des informations pratiques pour trouver le club le plus proche de chez soi seront \u00e9galement \u00e0 leur disposition.&nbsp;<\/p>\n\n\n\n<p><strong>La campagne \u00ab&nbsp;C\u2019est trop bon de faire du sport&nbsp;\u00bb<\/strong><\/p>\n\n\n\n<p>Plac\u00e9e sous le sceau du plaisir, du bien-\u00eatre physique et mental, cette grande campagne de communication se d\u00e9cline depuis mi-ao\u00fbt en TV, sur les cha\u00eenes nationales (TF1, France t\u00e9l\u00e9visions, M6, Canal+) et cha\u00eenes th\u00e9matiques sport, mais aussi en radio, en digital et par affichage partout en France.<\/p>\n\n\n\n<p>Afin d\u2019encourager les Fran\u00e7aises et les Fran\u00e7ais \u00e0 se (re) mettre au sport, notamment de fa\u00e7on encadr\u00e9e, dans le contexte de l\u2019apr\u00e8s-crise et dans la perspective de la rentr\u00e9e, la campagne se veut incitative et met en sc\u00e8ne le sport du quotidien sous toutes ses formes (associatif, loisirs marchands, auto organis\u00e9), \u00e0 tous les \u00e2ges de la vie et dans tous les milieux.<\/p>\n\n\n\n<p><strong>Contact&nbsp;: sec.presse.sports@sports.gouv.fr<\/strong><\/p>\n","protected":false},"excerpt":{"rendered":"<p>LEGISPORT publie ce communiqu\u00e9 de presse re\u00e7u du service de presse du Minist\u00e8re charg\u00e9 des sports le 3 septembre 2021.&nbsp; Le Gouvernement a lanc\u00e9 cet \u00e9t\u00e9 une campagne de communication d\u2019une envergure in\u00e9dite pour inciter les Fran\u00e7aises et les Fran\u00e7ais \u00e0 se (re)mettre au sport, en sortie de crise sanitaire. C\u2019est dans le cadre de [&hellip;]<\/p>\n","protected":false},"author":1,"featured_media":0,"comment_status":"closed","ping_status":"open","sticky":false,"template":"","format":"standard","meta":{"footnotes":""},"categories":[1],"tags":[],"class_list":["post-2077","post","type-post","status-publish","format-standard","hentry","category-uncategorized","basic-color-border"],"yoast_head":"<!-- This site is optimized with the Yoast SEO plugin v17.4 - https:\/\/yoast.com\/wordpress\/plugins\/seo\/ -->\n<meta name=\"robots\" content=\"index, follow, max-snippet:-1, max-image-preview:large, max-video-preview:-1\" \/>\n<link rel=\"canonical\" href=\"https:\/\/legisport.com\/index.php\/2021\/09\/03\/le-ministere-charge-des-sports-lance-le-site-le-bon-sport-pour-moi\/\" \/>\n<meta property=\"og:locale\" content=\"fr_FR\" \/>\n<meta property=\"og:type\" content=\"article\" \/>\n<meta property=\"og:title\" content=\"Le minist\u00e8re charg\u00e9 des Sports lance le site \u00ab Le bon sport pour moi \u00bb - legisport\" \/>\n<meta property=\"og:description\" content=\"LEGISPORT publie ce communiqu\u00e9 de presse re\u00e7u du service de presse du Minist\u00e8re charg\u00e9 des sports le 3 septembre 2021.&nbsp; Le Gouvernement a lanc\u00e9 cet \u00e9t\u00e9 une campagne de communication d\u2019une envergure in\u00e9dite pour inciter les Fran\u00e7aises et les Fran\u00e7ais \u00e0 se (re)mettre au sport, en sortie de crise sanitaire. C\u2019est dans le cadre de [&hellip;]\" \/>\n<meta property=\"og:url\" content=\"https:\/\/legisport.com\/index.php\/2021\/09\/03\/le-ministere-charge-des-sports-lance-le-site-le-bon-sport-pour-moi\/\" \/>\n<meta property=\"og:site_name\" content=\"legisport\" \/>\n<meta property=\"article:published_time\" content=\"2021-09-03T09:14:04+00:00\" \/>\n<meta property=\"article:modified_time\" content=\"2021-09-03T09:14:15+00:00\" \/>\n<meta name=\"twitter:card\" content=\"summary_large_image\" \/>\n<meta name=\"twitter:label1\" content=\"\u00c9crit par\" \/>\n\t<meta name=\"twitter:data1\" content=\"admin8312\" \/>\n\t<meta name=\"twitter:label2\" content=\"Dur\u00e9e de lecture est.\" \/>\n\t<meta name=\"twitter:data2\" content=\"2 minutes\" \/>\n<script type=\"application\/ld+json\" class=\"yoast-schema-graph\">{\"@context\":\"https:\/\/schema.org\",\"@graph\":[{\"@type\":\"WebSite\",\"@id\":\"https:\/\/legisport.com\/#website\",\"url\":\"https:\/\/legisport.com\/\",\"name\":\"legisport\",\"description\":\"1991 : fondation de LEGISPORT. 1996 : lancement du bulletin d&#039;informations juridiques sportives LEGISPORT. Tout sur le droit du sport.\",\"potentialAction\":[{\"@type\":\"SearchAction\",\"target\":{\"@type\":\"EntryPoint\",\"urlTemplate\":\"https:\/\/legisport.com\/?s={search_term_string}\"},\"query-input\":\"required name=search_term_string\"}],\"inLanguage\":\"fr-FR\"},{\"@type\":\"WebPage\",\"@id\":\"https:\/\/legisport.com\/index.php\/2021\/09\/03\/le-ministere-charge-des-sports-lance-le-site-le-bon-sport-pour-moi\/#webpage\",\"url\":\"https:\/\/legisport.com\/index.php\/2021\/09\/03\/le-ministere-charge-des-sports-lance-le-site-le-bon-sport-pour-moi\/\",\"name\":\"Le minist\\u00e8re charg\\u00e9 des Sports lance le site \\u00ab Le bon sport pour moi \\u00bb - legisport\",\"isPartOf\":{\"@id\":\"https:\/\/legisport.com\/#website\"},\"datePublished\":\"2021-09-03T09:14:04+00:00\",\"dateModified\":\"2021-09-03T09:14:15+00:00\",\"author\":{\"@id\":\"https:\/\/legisport.com\/#\/schema\/person\/abccfb880c12073a27d7cb433cf39cf2\"},\"breadcrumb\":{\"@id\":\"https:\/\/legisport.com\/index.php\/2021\/09\/03\/le-ministere-charge-des-sports-lance-le-site-le-bon-sport-pour-moi\/#breadcrumb\"},\"inLanguage\":\"fr-FR\",\"potentialAction\":[{\"@type\":\"ReadAction\",\"target\":[\"https:\/\/legisport.com\/index.php\/2021\/09\/03\/le-ministere-charge-des-sports-lance-le-site-le-bon-sport-pour-moi\/\"]}]},{\"@type\":\"BreadcrumbList\",\"@id\":\"https:\/\/legisport.com\/index.php\/2021\/09\/03\/le-ministere-charge-des-sports-lance-le-site-le-bon-sport-pour-moi\/#breadcrumb\",\"itemListElement\":[{\"@type\":\"ListItem\",\"position\":1,\"name\":\"Accueil\",\"item\":\"https:\/\/legisport.com\/\"},{\"@type\":\"ListItem\",\"position\":2,\"name\":\"Le minist\\u00e8re charg\\u00e9 des Sports lance le site \\u00ab Le bon sport pour moi \\u00bb\"}]},{\"@type\":\"Person\",\"@id\":\"https:\/\/legisport.com\/#\/schema\/person\/abccfb880c12073a27d7cb433cf39cf2\",\"name\":\"admin8312\",\"image\":{\"@type\":\"ImageObject\",\"@id\":\"https:\/\/legisport.com\/#personlogo\",\"inLanguage\":\"fr-FR\",\"url\":\"https:\/\/secure.gravatar.com\/avatar\/1e990537051617f93586bce114145ae0ff87fb7f69693d7eea4b09eb39a38ee0?s=96&d=mm&r=g\",\"contentUrl\":\"https:\/\/secure.gravatar.com\/avatar\/1e990537051617f93586bce114145ae0ff87fb7f69693d7eea4b09eb39a38ee0?s=96&d=mm&r=g\",\"caption\":\"admin8312\"},\"url\":\"https:\/\/legisport.com\/index.php\/author\/admin8312\/\"}]}<\/script>\n<!-- \/ Yoast SEO plugin. -->","yoast_head_json":{"robots":{"index":"index","follow":"follow","max-snippet":"max-snippet:-1","max-image-preview":"max-image-preview:large","max-video-preview":"max-video-preview:-1"},"canonical":"https:\/\/legisport.com\/index.php\/2021\/09\/03\/le-ministere-charge-des-sports-lance-le-site-le-bon-sport-pour-moi\/","og_locale":"fr_FR","og_type":"article","og_title":"Le minist\u00e8re charg\u00e9 des Sports lance le site \u00ab Le bon sport pour moi \u00bb - legisport","og_description":"LEGISPORT publie ce communiqu\u00e9 de presse re\u00e7u du service de presse du Minist\u00e8re charg\u00e9 des sports le 3 septembre 2021.&nbsp; Le Gouvernement a lanc\u00e9 cet \u00e9t\u00e9 une campagne de communication d\u2019une envergure in\u00e9dite pour inciter les Fran\u00e7aises et les Fran\u00e7ais \u00e0 se (re)mettre au sport, en sortie de crise sanitaire. C\u2019est dans le cadre de [&hellip;]","og_url":"https:\/\/legisport.com\/index.php\/2021\/09\/03\/le-ministere-charge-des-sports-lance-le-site-le-bon-sport-pour-moi\/","og_site_name":"legisport","article_published_time":"2021-09-03T09:14:04+00:00","article_modified_time":"2021-09-03T09:14:15+00:00","twitter_card":"summary_large_image","twitter_misc":{"\u00c9crit par":"admin8312","Dur\u00e9e de lecture est.":"2 minutes"},"schema":{"@context":"https:\/\/schema.org","@graph":[{"@type":"WebSite","@id":"https:\/\/legisport.com\/#website","url":"https:\/\/legisport.com\/","name":"legisport","description":"1991 : fondation de LEGISPORT. 1996 : lancement du bulletin d&#039;informations juridiques sportives LEGISPORT. Tout sur le droit du sport.","potentialAction":[{"@type":"SearchAction","target":{"@type":"EntryPoint","urlTemplate":"https:\/\/legisport.com\/?s={search_term_string}"},"query-input":"required name=search_term_string"}],"inLanguage":"fr-FR"},{"@type":"WebPage","@id":"https:\/\/legisport.com\/index.php\/2021\/09\/03\/le-ministere-charge-des-sports-lance-le-site-le-bon-sport-pour-moi\/#webpage","url":"https:\/\/legisport.com\/index.php\/2021\/09\/03\/le-ministere-charge-des-sports-lance-le-site-le-bon-sport-pour-moi\/","name":"Le minist\u00e8re charg\u00e9 des Sports lance le site \u00ab Le bon sport pour moi \u00bb - legisport","isPartOf":{"@id":"https:\/\/legisport.com\/#website"},"datePublished":"2021-09-03T09:14:04+00:00","dateModified":"2021-09-03T09:14:15+00:00","author":{"@id":"https:\/\/legisport.com\/#\/schema\/person\/abccfb880c12073a27d7cb433cf39cf2"},"breadcrumb":{"@id":"https:\/\/legisport.com\/index.php\/2021\/09\/03\/le-ministere-charge-des-sports-lance-le-site-le-bon-sport-pour-moi\/#breadcrumb"},"inLanguage":"fr-FR","potentialAction":[{"@type":"ReadAction","target":["https:\/\/legisport.com\/index.php\/2021\/09\/03\/le-ministere-charge-des-sports-lance-le-site-le-bon-sport-pour-moi\/"]}]},{"@type":"BreadcrumbList","@id":"https:\/\/legisport.com\/index.php\/2021\/09\/03\/le-ministere-charge-des-sports-lance-le-site-le-bon-sport-pour-moi\/#breadcrumb","itemListElement":[{"@type":"ListItem","position":1,"name":"Accueil","item":"https:\/\/legisport.com\/"},{"@type":"ListItem","position":2,"name":"Le minist\u00e8re charg\u00e9 des Sports lance le site \u00ab Le bon sport pour moi \u00bb"}]},{"@type":"Person","@id":"https:\/\/legisport.com\/#\/schema\/person\/abccfb880c12073a27d7cb433cf39cf2","name":"admin8312","image":{"@type":"ImageObject","@id":"https:\/\/legisport.com\/#personlogo","inLanguage":"fr-FR","url":"https:\/\/secure.gravatar.com\/avatar\/1e990537051617f93586bce114145ae0ff87fb7f69693d7eea4b09eb39a38ee0?s=96&d=mm&r=g","contentUrl":"https:\/\/secure.gravatar.com\/avatar\/1e990537051617f93586bce114145ae0ff87fb7f69693d7eea4b09eb39a38ee0?s=96&d=mm&r=g","caption":"admin8312"},"url":"https:\/\/legisport.com\/index.php\/author\/admin8312\/"}]}},"_links":{"self":[{"href":"https:\/\/legisport.com\/index.php\/wp-json\/wp\/v2\/posts\/2077","targetHints":{"allow":["GET"]}}],"collection":[{"href":"https:\/\/legisport.com\/index.php\/wp-json\/wp\/v2\/posts"}],"about":[{"href":"https:\/\/legisport.com\/index.php\/wp-json\/wp\/v2\/types\/post"}],"author":[{"embeddable":true,"href":"https:\/\/legisport.com\/index.php\/wp-json\/wp\/v2\/users\/1"}],"replies":[{"embeddable":true,"href":"https:\/\/legisport.com\/index.php\/wp-json\/wp\/v2\/comments?post=2077"}],"version-history":[{"count":1,"href":"https:\/\/legisport.com\/index.php\/wp-json\/wp\/v2\/posts\/2077\/revisions"}],"predecessor-version":[{"id":2078,"href":"https:\/\/legisport.com\/index.php\/wp-json\/wp\/v2\/posts\/2077\/revisions\/2078"}],"wp:attachment":[{"href":"https:\/\/legisport.com\/index.php\/wp-json\/wp\/v2\/media?parent=2077"}],"wp:term":[{"taxonomy":"category","embeddable":true,"href":"https:\/\/legisport.com\/index.php\/wp-json\/wp\/v2\/categories?post=2077"},{"taxonomy":"post_tag","embeddable":true,"href":"https:\/\/legisport.com\/index.php\/wp-json\/wp\/v2\/tags?post=2077"}],"curies":[{"name":"wp","href":"https:\/\/api.w.org\/{rel}","templated":true}]}}