{"id":1903,"date":"2021-05-27T09:35:10","date_gmt":"2021-05-27T09:35:10","guid":{"rendered":"http:\/\/legisport.com\/?p=1903"},"modified":"2021-05-27T09:35:29","modified_gmt":"2021-05-27T09:35:29","slug":"quapporte-la-preparation-mentale-a-la-cohesion-de-lequipe-de-football","status":"publish","type":"post","link":"https:\/\/legisport.com\/index.php\/2021\/05\/27\/quapporte-la-preparation-mentale-a-la-cohesion-de-lequipe-de-football\/","title":{"rendered":"Qu\u2019apporte la pr\u00e9paration mentale \u00e0 la coh\u00e9sion de l\u2019\u00e9quipe de football ?"},"content":{"rendered":"\n<figure class=\"wp-block-image size-large\"><img loading=\"lazy\" decoding=\"async\" width=\"1024\" height=\"535\" src=\"https:\/\/legisport.com\/wp-content\/uploads\/2021\/05\/14552-1024x535.png\" alt=\"\" class=\"wp-image-1902\" srcset=\"https:\/\/legisport.com\/wp-content\/uploads\/2021\/05\/14552-1024x535.png 1024w, https:\/\/legisport.com\/wp-content\/uploads\/2021\/05\/14552-300x157.png 300w, https:\/\/legisport.com\/wp-content\/uploads\/2021\/05\/14552-768x401.png 768w, https:\/\/legisport.com\/wp-content\/uploads\/2021\/05\/14552.png 1200w\" sizes=\"auto, (max-width: 1024px) 100vw, 1024px\" \/><\/figure>\n\n\n\n<p><strong>C\u2019est le th\u00e8me de l\u2019\u00e9mission de l\u2019I3SAW \u00a0\u00ab\u00a0une question et un d\u00e9bat\u00a0\u00bb programm\u00e9e ce vendredi 28 mai \u00e0 19h30 heures de Paris (webinaire on line mensuel I3SAW \u2013 Football).<\/strong><\/p>\n\n\n\n<p>Plusieurs intervenants&nbsp;:<\/p>\n\n\n\n<p>-Pr. Hubert Ripoll, psychologue du sport, ex-pr\u00e9sident de la Soci\u00e9t\u00e9 fran\u00e7aise de psychologie du sport&nbsp;;<\/p>\n\n\n\n<p>-Dr. Nably Bekraoui, Phd Physiologie de l\u2019effort, AFC B coaching licence football&nbsp;;<\/p>\n\n\n\n<p>-Dr. Charles Debris, psychologie du sport, conseil en performance et en pr\u00e9paration mentale&nbsp;;<\/p>\n\n\n\n<p>-Pr. Bachir Zoudji, Pr\u00e9sident de l\u2019I3SAW et expert en football de haut niveau.<\/p>\n\n\n\n<p>A ne pas manquer.<\/p>\n\n\n\n<p><strong><u>CONTACT<\/u><\/strong><strong>&nbsp;: I3SAW \/ Bachir Zoudji, Pr\u00e9sident (zoudji.bachir@gmail.com)&nbsp;; Caroline Jannes, Secr\u00e9taire G\u00e9n\u00e9rale &nbsp;(cjannesn@netscape.net)<\/strong><\/p>\n","protected":false},"excerpt":{"rendered":"<p>C\u2019est le th\u00e8me de l\u2019\u00e9mission de l\u2019I3SAW \u00a0\u00ab\u00a0une question et un d\u00e9bat\u00a0\u00bb programm\u00e9e ce vendredi 28 mai \u00e0 19h30 heures de Paris (webinaire on line mensuel I3SAW \u2013 Football). Plusieurs intervenants&nbsp;: -Pr. Hubert Ripoll, psychologue du sport, ex-pr\u00e9sident de la Soci\u00e9t\u00e9 fran\u00e7aise de psychologie du sport&nbsp;; -Dr. Nably Bekraoui, Phd Physiologie de l\u2019effort, AFC B [&hellip;]<\/p>\n","protected":false},"author":1,"featured_media":0,"comment_status":"closed","ping_status":"open","sticky":false,"template":"","format":"standard","meta":{"footnotes":""},"categories":[1],"tags":[],"class_list":["post-1903","post","type-post","status-publish","format-standard","hentry","category-uncategorized","basic-color-border"],"yoast_head":"<!-- This site is optimized with the Yoast SEO plugin v17.4 - https:\/\/yoast.com\/wordpress\/plugins\/seo\/ -->\n<meta name=\"robots\" content=\"index, follow, max-snippet:-1, max-image-preview:large, max-video-preview:-1\" \/>\n<link rel=\"canonical\" href=\"https:\/\/legisport.com\/index.php\/2021\/05\/27\/quapporte-la-preparation-mentale-a-la-cohesion-de-lequipe-de-football\/\" \/>\n<meta property=\"og:locale\" content=\"fr_FR\" \/>\n<meta property=\"og:type\" content=\"article\" \/>\n<meta property=\"og:title\" content=\"Qu\u2019apporte la pr\u00e9paration mentale \u00e0 la coh\u00e9sion de l\u2019\u00e9quipe de football ? - legisport\" \/>\n<meta property=\"og:description\" content=\"C\u2019est le th\u00e8me de l\u2019\u00e9mission de l\u2019I3SAW \u00a0\u00ab\u00a0une question et un d\u00e9bat\u00a0\u00bb programm\u00e9e ce vendredi 28 mai \u00e0 19h30 heures de Paris (webinaire on line mensuel I3SAW \u2013 Football). Plusieurs intervenants&nbsp;: -Pr. Hubert Ripoll, psychologue du sport, ex-pr\u00e9sident de la Soci\u00e9t\u00e9 fran\u00e7aise de psychologie du sport&nbsp;; -Dr. Nably Bekraoui, Phd Physiologie de l\u2019effort, AFC B [&hellip;]\" \/>\n<meta property=\"og:url\" content=\"https:\/\/legisport.com\/index.php\/2021\/05\/27\/quapporte-la-preparation-mentale-a-la-cohesion-de-lequipe-de-football\/\" \/>\n<meta property=\"og:site_name\" content=\"legisport\" \/>\n<meta property=\"article:published_time\" content=\"2021-05-27T09:35:10+00:00\" \/>\n<meta property=\"article:modified_time\" content=\"2021-05-27T09:35:29+00:00\" \/>\n<meta property=\"og:image\" content=\"http:\/\/legisport.com\/wp-content\/uploads\/2021\/05\/14552-1024x535.png\" \/>\n<meta name=\"twitter:card\" content=\"summary_large_image\" \/>\n<meta name=\"twitter:label1\" content=\"\u00c9crit par\" \/>\n\t<meta name=\"twitter:data1\" content=\"admin8312\" \/>\n\t<meta name=\"twitter:label2\" content=\"Dur\u00e9e de lecture est.\" \/>\n\t<meta name=\"twitter:data2\" content=\"1 minute\" \/>\n<script type=\"application\/ld+json\" class=\"yoast-schema-graph\">{\"@context\":\"https:\/\/schema.org\",\"@graph\":[{\"@type\":\"WebSite\",\"@id\":\"https:\/\/legisport.com\/#website\",\"url\":\"https:\/\/legisport.com\/\",\"name\":\"legisport\",\"description\":\"1991 : fondation de LEGISPORT. 1996 : lancement du bulletin d&#039;informations juridiques sportives LEGISPORT. Tout sur le droit du sport.\",\"potentialAction\":[{\"@type\":\"SearchAction\",\"target\":{\"@type\":\"EntryPoint\",\"urlTemplate\":\"https:\/\/legisport.com\/?s={search_term_string}\"},\"query-input\":\"required name=search_term_string\"}],\"inLanguage\":\"fr-FR\"},{\"@type\":\"ImageObject\",\"@id\":\"https:\/\/legisport.com\/index.php\/2021\/05\/27\/quapporte-la-preparation-mentale-a-la-cohesion-de-lequipe-de-football\/#primaryimage\",\"inLanguage\":\"fr-FR\",\"url\":\"http:\/\/legisport.com\/wp-content\/uploads\/2021\/05\/14552-1024x535.png\",\"contentUrl\":\"http:\/\/legisport.com\/wp-content\/uploads\/2021\/05\/14552-1024x535.png\"},{\"@type\":\"WebPage\",\"@id\":\"https:\/\/legisport.com\/index.php\/2021\/05\/27\/quapporte-la-preparation-mentale-a-la-cohesion-de-lequipe-de-football\/#webpage\",\"url\":\"https:\/\/legisport.com\/index.php\/2021\/05\/27\/quapporte-la-preparation-mentale-a-la-cohesion-de-lequipe-de-football\/\",\"name\":\"Qu\\u2019apporte la pr\\u00e9paration mentale \\u00e0 la coh\\u00e9sion de l\\u2019\\u00e9quipe de football ? - legisport\",\"isPartOf\":{\"@id\":\"https:\/\/legisport.com\/#website\"},\"primaryImageOfPage\":{\"@id\":\"https:\/\/legisport.com\/index.php\/2021\/05\/27\/quapporte-la-preparation-mentale-a-la-cohesion-de-lequipe-de-football\/#primaryimage\"},\"datePublished\":\"2021-05-27T09:35:10+00:00\",\"dateModified\":\"2021-05-27T09:35:29+00:00\",\"author\":{\"@id\":\"https:\/\/legisport.com\/#\/schema\/person\/abccfb880c12073a27d7cb433cf39cf2\"},\"breadcrumb\":{\"@id\":\"https:\/\/legisport.com\/index.php\/2021\/05\/27\/quapporte-la-preparation-mentale-a-la-cohesion-de-lequipe-de-football\/#breadcrumb\"},\"inLanguage\":\"fr-FR\",\"potentialAction\":[{\"@type\":\"ReadAction\",\"target\":[\"https:\/\/legisport.com\/index.php\/2021\/05\/27\/quapporte-la-preparation-mentale-a-la-cohesion-de-lequipe-de-football\/\"]}]},{\"@type\":\"BreadcrumbList\",\"@id\":\"https:\/\/legisport.com\/index.php\/2021\/05\/27\/quapporte-la-preparation-mentale-a-la-cohesion-de-lequipe-de-football\/#breadcrumb\",\"itemListElement\":[{\"@type\":\"ListItem\",\"position\":1,\"name\":\"Accueil\",\"item\":\"https:\/\/legisport.com\/\"},{\"@type\":\"ListItem\",\"position\":2,\"name\":\"Qu\\u2019apporte la pr\\u00e9paration mentale \\u00e0 la coh\\u00e9sion de l\\u2019\\u00e9quipe de football ?\"}]},{\"@type\":\"Person\",\"@id\":\"https:\/\/legisport.com\/#\/schema\/person\/abccfb880c12073a27d7cb433cf39cf2\",\"name\":\"admin8312\",\"image\":{\"@type\":\"ImageObject\",\"@id\":\"https:\/\/legisport.com\/#personlogo\",\"inLanguage\":\"fr-FR\",\"url\":\"https:\/\/secure.gravatar.com\/avatar\/1e990537051617f93586bce114145ae0ff87fb7f69693d7eea4b09eb39a38ee0?s=96&d=mm&r=g\",\"contentUrl\":\"https:\/\/secure.gravatar.com\/avatar\/1e990537051617f93586bce114145ae0ff87fb7f69693d7eea4b09eb39a38ee0?s=96&d=mm&r=g\",\"caption\":\"admin8312\"},\"url\":\"https:\/\/legisport.com\/index.php\/author\/admin8312\/\"}]}<\/script>\n<!-- \/ Yoast SEO plugin. -->","yoast_head_json":{"robots":{"index":"index","follow":"follow","max-snippet":"max-snippet:-1","max-image-preview":"max-image-preview:large","max-video-preview":"max-video-preview:-1"},"canonical":"https:\/\/legisport.com\/index.php\/2021\/05\/27\/quapporte-la-preparation-mentale-a-la-cohesion-de-lequipe-de-football\/","og_locale":"fr_FR","og_type":"article","og_title":"Qu\u2019apporte la pr\u00e9paration mentale \u00e0 la coh\u00e9sion de l\u2019\u00e9quipe de football ? - legisport","og_description":"C\u2019est le th\u00e8me de l\u2019\u00e9mission de l\u2019I3SAW \u00a0\u00ab\u00a0une question et un d\u00e9bat\u00a0\u00bb programm\u00e9e ce vendredi 28 mai \u00e0 19h30 heures de Paris (webinaire on line mensuel I3SAW \u2013 Football). Plusieurs intervenants&nbsp;: -Pr. Hubert Ripoll, psychologue du sport, ex-pr\u00e9sident de la Soci\u00e9t\u00e9 fran\u00e7aise de psychologie du sport&nbsp;; -Dr. Nably Bekraoui, Phd Physiologie de l\u2019effort, AFC B [&hellip;]","og_url":"https:\/\/legisport.com\/index.php\/2021\/05\/27\/quapporte-la-preparation-mentale-a-la-cohesion-de-lequipe-de-football\/","og_site_name":"legisport","article_published_time":"2021-05-27T09:35:10+00:00","article_modified_time":"2021-05-27T09:35:29+00:00","og_image":[{"url":"http:\/\/legisport.com\/wp-content\/uploads\/2021\/05\/14552-1024x535.png"}],"twitter_card":"summary_large_image","twitter_misc":{"\u00c9crit par":"admin8312","Dur\u00e9e de lecture est.":"1 minute"},"schema":{"@context":"https:\/\/schema.org","@graph":[{"@type":"WebSite","@id":"https:\/\/legisport.com\/#website","url":"https:\/\/legisport.com\/","name":"legisport","description":"1991 : fondation de LEGISPORT. 1996 : lancement du bulletin d&#039;informations juridiques sportives LEGISPORT. Tout sur le droit du sport.","potentialAction":[{"@type":"SearchAction","target":{"@type":"EntryPoint","urlTemplate":"https:\/\/legisport.com\/?s={search_term_string}"},"query-input":"required name=search_term_string"}],"inLanguage":"fr-FR"},{"@type":"ImageObject","@id":"https:\/\/legisport.com\/index.php\/2021\/05\/27\/quapporte-la-preparation-mentale-a-la-cohesion-de-lequipe-de-football\/#primaryimage","inLanguage":"fr-FR","url":"http:\/\/legisport.com\/wp-content\/uploads\/2021\/05\/14552-1024x535.png","contentUrl":"http:\/\/legisport.com\/wp-content\/uploads\/2021\/05\/14552-1024x535.png"},{"@type":"WebPage","@id":"https:\/\/legisport.com\/index.php\/2021\/05\/27\/quapporte-la-preparation-mentale-a-la-cohesion-de-lequipe-de-football\/#webpage","url":"https:\/\/legisport.com\/index.php\/2021\/05\/27\/quapporte-la-preparation-mentale-a-la-cohesion-de-lequipe-de-football\/","name":"Qu\u2019apporte la pr\u00e9paration mentale \u00e0 la coh\u00e9sion de l\u2019\u00e9quipe de football ? - legisport","isPartOf":{"@id":"https:\/\/legisport.com\/#website"},"primaryImageOfPage":{"@id":"https:\/\/legisport.com\/index.php\/2021\/05\/27\/quapporte-la-preparation-mentale-a-la-cohesion-de-lequipe-de-football\/#primaryimage"},"datePublished":"2021-05-27T09:35:10+00:00","dateModified":"2021-05-27T09:35:29+00:00","author":{"@id":"https:\/\/legisport.com\/#\/schema\/person\/abccfb880c12073a27d7cb433cf39cf2"},"breadcrumb":{"@id":"https:\/\/legisport.com\/index.php\/2021\/05\/27\/quapporte-la-preparation-mentale-a-la-cohesion-de-lequipe-de-football\/#breadcrumb"},"inLanguage":"fr-FR","potentialAction":[{"@type":"ReadAction","target":["https:\/\/legisport.com\/index.php\/2021\/05\/27\/quapporte-la-preparation-mentale-a-la-cohesion-de-lequipe-de-football\/"]}]},{"@type":"BreadcrumbList","@id":"https:\/\/legisport.com\/index.php\/2021\/05\/27\/quapporte-la-preparation-mentale-a-la-cohesion-de-lequipe-de-football\/#breadcrumb","itemListElement":[{"@type":"ListItem","position":1,"name":"Accueil","item":"https:\/\/legisport.com\/"},{"@type":"ListItem","position":2,"name":"Qu\u2019apporte la pr\u00e9paration mentale \u00e0 la coh\u00e9sion de l\u2019\u00e9quipe de football ?"}]},{"@type":"Person","@id":"https:\/\/legisport.com\/#\/schema\/person\/abccfb880c12073a27d7cb433cf39cf2","name":"admin8312","image":{"@type":"ImageObject","@id":"https:\/\/legisport.com\/#personlogo","inLanguage":"fr-FR","url":"https:\/\/secure.gravatar.com\/avatar\/1e990537051617f93586bce114145ae0ff87fb7f69693d7eea4b09eb39a38ee0?s=96&d=mm&r=g","contentUrl":"https:\/\/secure.gravatar.com\/avatar\/1e990537051617f93586bce114145ae0ff87fb7f69693d7eea4b09eb39a38ee0?s=96&d=mm&r=g","caption":"admin8312"},"url":"https:\/\/legisport.com\/index.php\/author\/admin8312\/"}]}},"_links":{"self":[{"href":"https:\/\/legisport.com\/index.php\/wp-json\/wp\/v2\/posts\/1903","targetHints":{"allow":["GET"]}}],"collection":[{"href":"https:\/\/legisport.com\/index.php\/wp-json\/wp\/v2\/posts"}],"about":[{"href":"https:\/\/legisport.com\/index.php\/wp-json\/wp\/v2\/types\/post"}],"author":[{"embeddable":true,"href":"https:\/\/legisport.com\/index.php\/wp-json\/wp\/v2\/users\/1"}],"replies":[{"embeddable":true,"href":"https:\/\/legisport.com\/index.php\/wp-json\/wp\/v2\/comments?post=1903"}],"version-history":[{"count":1,"href":"https:\/\/legisport.com\/index.php\/wp-json\/wp\/v2\/posts\/1903\/revisions"}],"predecessor-version":[{"id":1904,"href":"https:\/\/legisport.com\/index.php\/wp-json\/wp\/v2\/posts\/1903\/revisions\/1904"}],"wp:attachment":[{"href":"https:\/\/legisport.com\/index.php\/wp-json\/wp\/v2\/media?parent=1903"}],"wp:term":[{"taxonomy":"category","embeddable":true,"href":"https:\/\/legisport.com\/index.php\/wp-json\/wp\/v2\/categories?post=1903"},{"taxonomy":"post_tag","embeddable":true,"href":"https:\/\/legisport.com\/index.php\/wp-json\/wp\/v2\/tags?post=1903"}],"curies":[{"name":"wp","href":"https:\/\/api.w.org\/{rel}","templated":true}]}}