{"id":1750,"date":"2021-04-02T13:30:24","date_gmt":"2021-04-02T13:30:24","guid":{"rendered":"http:\/\/legisport.com\/?p=1750"},"modified":"2021-04-02T13:31:42","modified_gmt":"2021-04-02T13:31:42","slug":"pour-maitre-michel-pautot-psg-bayern-munich-le-football-pour-accelerer-lamitie-franco-allemande","status":"publish","type":"post","link":"https:\/\/legisport.com\/index.php\/2021\/04\/02\/pour-maitre-michel-pautot-psg-bayern-munich-le-football-pour-accelerer-lamitie-franco-allemande\/","title":{"rendered":"Pour Ma\u00eetre Michel Pautot : \u00ab\u00a0PSG-Bayern Munich, le football pour acc\u00e9l\u00e9rer l\u2019amiti\u00e9 franco-allemande\u00a0\u00bb"},"content":{"rendered":"\n<p><strong>Par Ma\u00eetre Michel Pautot, avocat au barreau de Marseille, r\u00e9dacteur en chef\nde LEGISPORT<\/strong><\/p>\n\n\n\n<figure class=\"wp-block-image size-large\"><img loading=\"lazy\" decoding=\"async\" width=\"1024\" height=\"768\" src=\"https:\/\/legisport.com\/wp-content\/uploads\/2021\/02\/br20210111_0924150.jpg\" alt=\"\" class=\"wp-image-1621\" srcset=\"https:\/\/legisport.com\/wp-content\/uploads\/2021\/02\/br20210111_0924150.jpg 1024w, https:\/\/legisport.com\/wp-content\/uploads\/2021\/02\/br20210111_0924150-300x225.jpg 300w, https:\/\/legisport.com\/wp-content\/uploads\/2021\/02\/br20210111_0924150-768x576.jpg 768w\" sizes=\"auto, (max-width: 1024px) 100vw, 1024px\" \/><figcaption>Me Michel Pautot, avocat au barreau de Marseille<\/figcaption><\/figure>\n\n\n\n<p>Depuis quelques mois, le football europ\u00e9en vit au rythme des duels franco-allemands. En Ao\u00fbt 2020, que de matches entre \u00e9quipes fran\u00e7aises et allemandes&nbsp;: demies finales Olympique Lyonnais &#8211; Bayern Munich et Paris Saint-Germain &#8211; RB Leipzig puis la finale Bayern Munich &#8211; Paris Saint Germain&nbsp;! Cette rencontre est encore dans toutes les t\u00eates puisque l\u2019entra\u00eeneur allemand Thomas Tuchel avait hiss\u00e9 le club parisien en finale mais signe du destin et\/ou de l\u2019amiti\u00e9 franco-allemande, un but du \u00ab&nbsp;fran\u00e7ais&nbsp;\u00bb Kingsley Coman du Bayern a donn\u00e9 la victoire au club bavarois.&nbsp;Aujourd\u2019hui, les supporters et passionn\u00e9s du ballon rond sont impatients de voir le double affrontement aller et retour entre le Paris Saint-Germain et le Bayern Munich&nbsp;les 7 et 13 Avril 2021. Nous sommes impatients\u2026<\/p>\n\n\n\n<p>\u00ab Le temps est venu d\u2019\u00e9lever les relations bilat\u00e9rales \u00e0 un niveau\nsup\u00e9rieur\u2026 \u00bb, pr\u00e9cise le Trait\u00e9 sur la coop\u00e9ration et l\u2019int\u00e9gration\nfranco-allemande sign\u00e9 \u00e0 Aix la Chapelle le 22 Janvier 2019 par le Pr\u00e9sident\nfran\u00e7ais Emmanuel Macron et la chanceli\u00e8re allemande Angela Merkel. Le football\npourrait permettre d\u2019\u00e9lever ces relations, c\u2019est que nous pensons.<\/p>\n\n\n\n<p><strong><em>Pourquoi &nbsp;pas un match amical annuel France-Allemagne ?<\/em><\/strong><\/p>\n\n\n\n<p>Nous avons lanc\u00e9,&nbsp;avec L\u00e9gisport, l\u2019id\u00e9e d\u2019un match amical de football\nFrance-Allemagne (ou Allemagne-France) qui se tiendrait chaque ann\u00e9e lors de la\njourn\u00e9e franco-allemande.&nbsp;C\u2019est ce que nous avons expliqu\u00e9 dans notre\ndernier ouvrage \u00ab\u00a0Le sport et l&rsquo;Europe, les r\u00e8gles du jeu\u00a0\u00bb\n(Territorial \u00e9ditions). Oui, le football a un ind\u00e9niable r\u00f4le \u00e0 jouer dans\nl&rsquo;amplification de l&rsquo;amiti\u00e9 franco-allemande, et donc, dans le rapprochement\ndes peuples. Lorsque nous r\u00e9digions l&rsquo;ouvrage pr\u00e9cit\u00e9, nous avons pass\u00e9 au\npigne feint certains discours de dirigeants politiques et avons constat\u00e9 que&nbsp;le\nPr\u00e9sident Jacques Chirac et &nbsp;le chancelier Gerhard Schr\u00f6der appelaient \u00e0\nla mise en place de grandes manifestations franco-allemandes&#8230;sportives dans\nleur d\u00e9claration commune des 40 ans du Trait\u00e9 de l\u2019Elys\u00e9e, le 22 Janvier 2003&nbsp;: \u00ab&nbsp;En vue d&rsquo;intensifier les \u00e9changes sportifs,\nnous souhaitons que soit pr\u00e9sent\u00e9e la candidature commune de la France et de\nl&rsquo;Allemagne \u00e0 l&rsquo;organisation de comp\u00e9titions sportives internationales. Nous\nappelons \u00e0 la mise en place de grandes manifestations franco-allemandes,\ntransfrontali\u00e8res, sportives et populaires&nbsp;\u00bb. Voil\u00e0 qui est clair et fort\nint\u00e9ressant.<\/p>\n\n\n\n<p><strong><em>De S\u00e9ville \u00e0 une \u00e9quipe de France marqu\u00e9e par PSG-Bayern&nbsp;?<\/em><\/strong><\/p>\n\n\n\n<p>La lune de miel franco-allemande existe bien dans le football. Le dernier\nexemple est donn\u00e9 par la composition de l\u2019\u00e9quipe de France. Dans le onze de\nd\u00e9part align\u00e9 par Didier Deschamps contre l\u2019Ukraine le 24 Mars 2021, le\ns\u00e9lectionneur national n\u2019a pas h\u00e9siter \u00e0 faire d\u00e9buter deux joueurs du Paris\nSaint-Germain Presnel Kimpembe, Kylian Mbapp\u00e9 et trois joueurs du Bayern Munich\nBenjamin Pavard, Lucas Hernandez et Kingsley Coman ! Ce qui prouve que\nFrance-Allemagne a bien un sens et une r\u00e9alit\u00e9 bien concr\u00e8te\u2026 Ces joueurs se\nretrouveront donc pour PSG \u2013 Bayern\u2026.<\/p>\n\n\n\n<p>Et quel supporter de football n\u2019a pas entendu parler ou vu des extraits de la finale de Glasgow du 12 Mai 1976 entre l\u2019AS Saint-Etienne et le Bayern Munich ou encore la demie finale de la Coupe du monde du 8 Juillet 1982 disput\u00e9e \u00e0 S\u00e9ville entre la France et&nbsp;l\u2019Allemagne (RFA) ?<\/p>\n\n\n\n<figure class=\"wp-block-image size-large\"><img loading=\"lazy\" decoding=\"async\" width=\"542\" height=\"768\" src=\"https:\/\/legisport.com\/wp-content\/uploads\/2021\/02\/droitdusportmichelpautotlegisport.jpg\" alt=\"\" class=\"wp-image-1652\" srcset=\"https:\/\/legisport.com\/wp-content\/uploads\/2021\/02\/droitdusportmichelpautotlegisport.jpg 542w, https:\/\/legisport.com\/wp-content\/uploads\/2021\/02\/droitdusportmichelpautotlegisport-212x300.jpg 212w\" sizes=\"auto, (max-width: 542px) 100vw, 542px\" \/><\/figure>\n\n\n\n<p><strong><em>Oui, rapprocher par le football<\/em><\/strong><\/p>\n\n\n\n<p>Oui, le football a un ind\u00e9niable r\u00f4le \u00e0 jouer dans l&rsquo;amplification de\nl&rsquo;amiti\u00e9 franco-allemande. D\u2019un point de vue personnel, j\u2019ai assist\u00e9 \u00e0 de\nnombreuses r\u00e9unions franco-allemandes sur le sport tant en France qu\u2019en\nAllemagne et surtout, le 7 Juillet 2016, j\u2019ai \u00e9t\u00e9 acteur \u00e0 Marseille de cette\namiti\u00e9 notamment lors de l\u2019Euro de football, en ayant anim\u00e9 des s\u00e9ances de\nsensibilisation sur la promotion du fair-play (campagne L\u00e9gisport \u00ab&nbsp;Mettre\nK.O. la violence et le racisme dans le sport&nbsp;\u00bb) en direction de supporters\nallemands et fran\u00e7ais \u00e0 quelques heures de la demi-finale France-Allemagne.\nOui, un souvenir inoubliable, fort, tr\u00e8s fort.<\/p>\n\n\n\n<p>N\u2019omettons pas de pr\u00e9ciser que les Chefs d&rsquo;Etat et de gouvernement de\nl\u2019Union europ\u00e9enne avaient adopt\u00e9 \u00e0 Amsterdam les 16 et 17 juin 1997 une tr\u00e8s\nbelle d\u00e9claration sur le sport : \u00ab&nbsp;la conf\u00e9rence souligne l&rsquo;importance du\nsport, et en particulier son r\u00f4le de ferment de l&rsquo;identit\u00e9 et de trait d&rsquo;union\nentre les peuples&nbsp;\u00bb. &nbsp;Le sport est donc un \u00ab&nbsp;ferment de l&rsquo;identit\u00e9\net de trait d&rsquo;union entre les peuples&nbsp;\u00bb. Et Hans Herth, ancien Pr\u00e9sident\nde la F\u00e9d\u00e9ration des Associations Franco-Allemandes nous pr\u00e9cisait il y \u00e0\nquelques jours&nbsp;: \u00ab le sport et le football en particulier, paraphrase des\nrivalit\u00e9s et des concurrences pour les rendre ludiques et pour unir les\n\u00ab\u00a0adversaires\u00a0\u00bb dans une passion partag\u00e9e. C&rsquo;est un bon moyen de lier\ndes Allemands et des Fran\u00e7ais\u2026L\u00e0, le football est un moyen magique de les unir\net de cr\u00e9er des int\u00e9r\u00eats r\u00e9ciproques&nbsp;\u00bb.&nbsp;<\/p>\n\n\n\n<p><strong><em>N\u2019oublions pas les pr\u00e9curseurs de l\u2019axe\nFrance \u2013 Allemagne<\/em><\/strong><\/p>\n\n\n\n<p>Sur le plan politique, Aristide Briand a\nre\u00e7u le prix Nobel de la Paix, conjointement avec son homologue allemand,\nGustav Stresemann en 1929 et cet \u00e9v\u00e8nement \u00f4 combien important m\u00e9rite d\u2019\u00eatre\nsoulign\u00e9.&nbsp;Le Trait\u00e9 sur la coop\u00e9ration franco-allemande sign\u00e9 \u00e0 l\u2019Elys\u00e9e\n(Paris) le 22 Janvier 1963 entre le g\u00e9n\u00e9ral de Gaulle, Pr\u00e9sident de la\nR\u00e9publique fran\u00e7aise et Konrad Adenauer, Chancelier f\u00e9d\u00e9ral de la R\u00e9publique\nf\u00e9d\u00e9rale d\u2019Allemagne est l\u2019acte fondateur. \u00ab Le temps est venu d\u2019\u00e9lever les\nrelations bilat\u00e9rales \u00e0 un niveau sup\u00e9rieur\u2026 \u00bb, pr\u00e9cise le Trait\u00e9 sur la\ncoop\u00e9ration et l\u2019int\u00e9gration franco-allemande d\u2019Aix la Chapelle du 22 Janvier\n2019. Oui, avec cette proposition de match amical annuel France-Allemagne lors\nde la journ\u00e9e franco-allemande, nous \u00e9levons les relations bilat\u00e9rales \u00e0 un\nniveau sup\u00e9rieur.<\/p>\n\n\n\n<p><strong>Ma\u00eetre Michel Pautot. Mail&nbsp;: legisport@wanadoo.fr&nbsp;<\/strong><\/p>\n\n\n\n<p><\/p>\n","protected":false},"excerpt":{"rendered":"<p>Par Ma\u00eetre Michel Pautot, avocat au barreau de Marseille, r\u00e9dacteur en chef de LEGISPORT Depuis quelques mois, le football europ\u00e9en vit au rythme des duels franco-allemands. En Ao\u00fbt 2020, que de matches entre \u00e9quipes fran\u00e7aises et allemandes&nbsp;: demies finales Olympique Lyonnais &#8211; Bayern Munich et Paris Saint-Germain &#8211; RB Leipzig puis la finale Bayern Munich [&hellip;]<\/p>\n","protected":false},"author":1,"featured_media":0,"comment_status":"closed","ping_status":"open","sticky":false,"template":"","format":"standard","meta":{"footnotes":""},"categories":[1],"tags":[],"class_list":["post-1750","post","type-post","status-publish","format-standard","hentry","category-uncategorized","basic-color-border"],"yoast_head":"<!-- This site is optimized with the Yoast SEO plugin v17.4 - https:\/\/yoast.com\/wordpress\/plugins\/seo\/ -->\n<meta name=\"description\" content=\"Pour Ma\u00eetre Michel Pautot : &quot;PSG-Bayern Munich, le football pour acc\u00e9l\u00e9rer l\u2019amiti\u00e9 franco-allemande&quot;. Par Ma\u00eetre Michel Pautot, avocat au barreau de Marseille, r\u00e9dacteur en chef de LEGISPORT\" \/>\n<meta name=\"robots\" content=\"index, follow, max-snippet:-1, max-image-preview:large, max-video-preview:-1\" \/>\n<link rel=\"canonical\" href=\"https:\/\/legisport.com\/index.php\/2021\/04\/02\/pour-maitre-michel-pautot-psg-bayern-munich-le-football-pour-accelerer-lamitie-franco-allemande\/\" \/>\n<meta property=\"og:locale\" content=\"fr_FR\" \/>\n<meta property=\"og:type\" content=\"article\" \/>\n<meta property=\"og:title\" content=\"Pour Ma\u00eetre Michel Pautot : &quot;PSG-Bayern Munich, le football pour acc\u00e9l\u00e9rer l\u2019amiti\u00e9 franco-allemande&quot; - legisport\" \/>\n<meta property=\"og:description\" content=\"Pour Ma\u00eetre Michel Pautot : &quot;PSG-Bayern Munich, le football pour acc\u00e9l\u00e9rer l\u2019amiti\u00e9 franco-allemande&quot;. Par Ma\u00eetre Michel Pautot, avocat au barreau de Marseille, r\u00e9dacteur en chef de LEGISPORT\" \/>\n<meta property=\"og:url\" content=\"https:\/\/legisport.com\/index.php\/2021\/04\/02\/pour-maitre-michel-pautot-psg-bayern-munich-le-football-pour-accelerer-lamitie-franco-allemande\/\" \/>\n<meta property=\"og:site_name\" content=\"legisport\" \/>\n<meta property=\"article:published_time\" content=\"2021-04-02T13:30:24+00:00\" \/>\n<meta property=\"article:modified_time\" content=\"2021-04-02T13:31:42+00:00\" \/>\n<meta property=\"og:image\" content=\"http:\/\/legisport.com\/wp-content\/uploads\/2021\/02\/br20210111_0924150.jpg\" \/>\n<meta name=\"twitter:card\" content=\"summary_large_image\" \/>\n<meta name=\"twitter:label1\" content=\"\u00c9crit par\" \/>\n\t<meta name=\"twitter:data1\" content=\"admin8312\" \/>\n\t<meta name=\"twitter:label2\" content=\"Dur\u00e9e de lecture est.\" \/>\n\t<meta name=\"twitter:data2\" content=\"5 minutes\" \/>\n<script type=\"application\/ld+json\" class=\"yoast-schema-graph\">{\"@context\":\"https:\/\/schema.org\",\"@graph\":[{\"@type\":\"WebSite\",\"@id\":\"https:\/\/legisport.com\/#website\",\"url\":\"https:\/\/legisport.com\/\",\"name\":\"legisport\",\"description\":\"1991 : fondation de LEGISPORT. 1996 : lancement du bulletin d&#039;informations juridiques sportives LEGISPORT. Tout sur le droit du sport.\",\"potentialAction\":[{\"@type\":\"SearchAction\",\"target\":{\"@type\":\"EntryPoint\",\"urlTemplate\":\"https:\/\/legisport.com\/?s={search_term_string}\"},\"query-input\":\"required name=search_term_string\"}],\"inLanguage\":\"fr-FR\"},{\"@type\":\"ImageObject\",\"@id\":\"https:\/\/legisport.com\/index.php\/2021\/04\/02\/pour-maitre-michel-pautot-psg-bayern-munich-le-football-pour-accelerer-lamitie-franco-allemande\/#primaryimage\",\"inLanguage\":\"fr-FR\",\"url\":\"http:\/\/legisport.com\/wp-content\/uploads\/2021\/02\/br20210111_0924150.jpg\",\"contentUrl\":\"http:\/\/legisport.com\/wp-content\/uploads\/2021\/02\/br20210111_0924150.jpg\"},{\"@type\":\"WebPage\",\"@id\":\"https:\/\/legisport.com\/index.php\/2021\/04\/02\/pour-maitre-michel-pautot-psg-bayern-munich-le-football-pour-accelerer-lamitie-franco-allemande\/#webpage\",\"url\":\"https:\/\/legisport.com\/index.php\/2021\/04\/02\/pour-maitre-michel-pautot-psg-bayern-munich-le-football-pour-accelerer-lamitie-franco-allemande\/\",\"name\":\"Pour Ma\\u00eetre Michel Pautot : \\\"PSG-Bayern Munich, le football pour acc\\u00e9l\\u00e9rer l\\u2019amiti\\u00e9 franco-allemande\\\" - legisport\",\"isPartOf\":{\"@id\":\"https:\/\/legisport.com\/#website\"},\"primaryImageOfPage\":{\"@id\":\"https:\/\/legisport.com\/index.php\/2021\/04\/02\/pour-maitre-michel-pautot-psg-bayern-munich-le-football-pour-accelerer-lamitie-franco-allemande\/#primaryimage\"},\"datePublished\":\"2021-04-02T13:30:24+00:00\",\"dateModified\":\"2021-04-02T13:31:42+00:00\",\"author\":{\"@id\":\"https:\/\/legisport.com\/#\/schema\/person\/abccfb880c12073a27d7cb433cf39cf2\"},\"description\":\"Pour Ma\\u00eetre Michel Pautot : \\\"PSG-Bayern Munich, le football pour acc\\u00e9l\\u00e9rer l\\u2019amiti\\u00e9 franco-allemande\\\". Par Ma\\u00eetre Michel Pautot, avocat au barreau de Marseille, r\\u00e9dacteur en chef de LEGISPORT\",\"breadcrumb\":{\"@id\":\"https:\/\/legisport.com\/index.php\/2021\/04\/02\/pour-maitre-michel-pautot-psg-bayern-munich-le-football-pour-accelerer-lamitie-franco-allemande\/#breadcrumb\"},\"inLanguage\":\"fr-FR\",\"potentialAction\":[{\"@type\":\"ReadAction\",\"target\":[\"https:\/\/legisport.com\/index.php\/2021\/04\/02\/pour-maitre-michel-pautot-psg-bayern-munich-le-football-pour-accelerer-lamitie-franco-allemande\/\"]}]},{\"@type\":\"BreadcrumbList\",\"@id\":\"https:\/\/legisport.com\/index.php\/2021\/04\/02\/pour-maitre-michel-pautot-psg-bayern-munich-le-football-pour-accelerer-lamitie-franco-allemande\/#breadcrumb\",\"itemListElement\":[{\"@type\":\"ListItem\",\"position\":1,\"name\":\"Accueil\",\"item\":\"https:\/\/legisport.com\/\"},{\"@type\":\"ListItem\",\"position\":2,\"name\":\"Pour Ma\\u00eetre Michel Pautot : \\u00ab\\u00a0PSG-Bayern Munich, le football pour acc\\u00e9l\\u00e9rer l\\u2019amiti\\u00e9 franco-allemande\\u00a0\\u00bb\"}]},{\"@type\":\"Person\",\"@id\":\"https:\/\/legisport.com\/#\/schema\/person\/abccfb880c12073a27d7cb433cf39cf2\",\"name\":\"admin8312\",\"image\":{\"@type\":\"ImageObject\",\"@id\":\"https:\/\/legisport.com\/#personlogo\",\"inLanguage\":\"fr-FR\",\"url\":\"https:\/\/secure.gravatar.com\/avatar\/1e990537051617f93586bce114145ae0ff87fb7f69693d7eea4b09eb39a38ee0?s=96&d=mm&r=g\",\"contentUrl\":\"https:\/\/secure.gravatar.com\/avatar\/1e990537051617f93586bce114145ae0ff87fb7f69693d7eea4b09eb39a38ee0?s=96&d=mm&r=g\",\"caption\":\"admin8312\"},\"url\":\"https:\/\/legisport.com\/index.php\/author\/admin8312\/\"}]}<\/script>\n<!-- \/ Yoast SEO plugin. -->","yoast_head_json":{"description":"Pour Ma\u00eetre Michel Pautot : \"PSG-Bayern Munich, le football pour acc\u00e9l\u00e9rer l\u2019amiti\u00e9 franco-allemande\". Par Ma\u00eetre Michel Pautot, avocat au barreau de Marseille, r\u00e9dacteur en chef de LEGISPORT","robots":{"index":"index","follow":"follow","max-snippet":"max-snippet:-1","max-image-preview":"max-image-preview:large","max-video-preview":"max-video-preview:-1"},"canonical":"https:\/\/legisport.com\/index.php\/2021\/04\/02\/pour-maitre-michel-pautot-psg-bayern-munich-le-football-pour-accelerer-lamitie-franco-allemande\/","og_locale":"fr_FR","og_type":"article","og_title":"Pour Ma\u00eetre Michel Pautot : \"PSG-Bayern Munich, le football pour acc\u00e9l\u00e9rer l\u2019amiti\u00e9 franco-allemande\" - legisport","og_description":"Pour Ma\u00eetre Michel Pautot : \"PSG-Bayern Munich, le football pour acc\u00e9l\u00e9rer l\u2019amiti\u00e9 franco-allemande\". Par Ma\u00eetre Michel Pautot, avocat au barreau de Marseille, r\u00e9dacteur en chef de LEGISPORT","og_url":"https:\/\/legisport.com\/index.php\/2021\/04\/02\/pour-maitre-michel-pautot-psg-bayern-munich-le-football-pour-accelerer-lamitie-franco-allemande\/","og_site_name":"legisport","article_published_time":"2021-04-02T13:30:24+00:00","article_modified_time":"2021-04-02T13:31:42+00:00","og_image":[{"url":"http:\/\/legisport.com\/wp-content\/uploads\/2021\/02\/br20210111_0924150.jpg"}],"twitter_card":"summary_large_image","twitter_misc":{"\u00c9crit par":"admin8312","Dur\u00e9e de lecture est.":"5 minutes"},"schema":{"@context":"https:\/\/schema.org","@graph":[{"@type":"WebSite","@id":"https:\/\/legisport.com\/#website","url":"https:\/\/legisport.com\/","name":"legisport","description":"1991 : fondation de LEGISPORT. 1996 : lancement du bulletin d&#039;informations juridiques sportives LEGISPORT. Tout sur le droit du sport.","potentialAction":[{"@type":"SearchAction","target":{"@type":"EntryPoint","urlTemplate":"https:\/\/legisport.com\/?s={search_term_string}"},"query-input":"required name=search_term_string"}],"inLanguage":"fr-FR"},{"@type":"ImageObject","@id":"https:\/\/legisport.com\/index.php\/2021\/04\/02\/pour-maitre-michel-pautot-psg-bayern-munich-le-football-pour-accelerer-lamitie-franco-allemande\/#primaryimage","inLanguage":"fr-FR","url":"http:\/\/legisport.com\/wp-content\/uploads\/2021\/02\/br20210111_0924150.jpg","contentUrl":"http:\/\/legisport.com\/wp-content\/uploads\/2021\/02\/br20210111_0924150.jpg"},{"@type":"WebPage","@id":"https:\/\/legisport.com\/index.php\/2021\/04\/02\/pour-maitre-michel-pautot-psg-bayern-munich-le-football-pour-accelerer-lamitie-franco-allemande\/#webpage","url":"https:\/\/legisport.com\/index.php\/2021\/04\/02\/pour-maitre-michel-pautot-psg-bayern-munich-le-football-pour-accelerer-lamitie-franco-allemande\/","name":"Pour Ma\u00eetre Michel Pautot : \"PSG-Bayern Munich, le football pour acc\u00e9l\u00e9rer l\u2019amiti\u00e9 franco-allemande\" - legisport","isPartOf":{"@id":"https:\/\/legisport.com\/#website"},"primaryImageOfPage":{"@id":"https:\/\/legisport.com\/index.php\/2021\/04\/02\/pour-maitre-michel-pautot-psg-bayern-munich-le-football-pour-accelerer-lamitie-franco-allemande\/#primaryimage"},"datePublished":"2021-04-02T13:30:24+00:00","dateModified":"2021-04-02T13:31:42+00:00","author":{"@id":"https:\/\/legisport.com\/#\/schema\/person\/abccfb880c12073a27d7cb433cf39cf2"},"description":"Pour Ma\u00eetre Michel Pautot : \"PSG-Bayern Munich, le football pour acc\u00e9l\u00e9rer l\u2019amiti\u00e9 franco-allemande\". Par Ma\u00eetre Michel Pautot, avocat au barreau de Marseille, r\u00e9dacteur en chef de LEGISPORT","breadcrumb":{"@id":"https:\/\/legisport.com\/index.php\/2021\/04\/02\/pour-maitre-michel-pautot-psg-bayern-munich-le-football-pour-accelerer-lamitie-franco-allemande\/#breadcrumb"},"inLanguage":"fr-FR","potentialAction":[{"@type":"ReadAction","target":["https:\/\/legisport.com\/index.php\/2021\/04\/02\/pour-maitre-michel-pautot-psg-bayern-munich-le-football-pour-accelerer-lamitie-franco-allemande\/"]}]},{"@type":"BreadcrumbList","@id":"https:\/\/legisport.com\/index.php\/2021\/04\/02\/pour-maitre-michel-pautot-psg-bayern-munich-le-football-pour-accelerer-lamitie-franco-allemande\/#breadcrumb","itemListElement":[{"@type":"ListItem","position":1,"name":"Accueil","item":"https:\/\/legisport.com\/"},{"@type":"ListItem","position":2,"name":"Pour Ma\u00eetre Michel Pautot : \u00ab\u00a0PSG-Bayern Munich, le football pour acc\u00e9l\u00e9rer l\u2019amiti\u00e9 franco-allemande\u00a0\u00bb"}]},{"@type":"Person","@id":"https:\/\/legisport.com\/#\/schema\/person\/abccfb880c12073a27d7cb433cf39cf2","name":"admin8312","image":{"@type":"ImageObject","@id":"https:\/\/legisport.com\/#personlogo","inLanguage":"fr-FR","url":"https:\/\/secure.gravatar.com\/avatar\/1e990537051617f93586bce114145ae0ff87fb7f69693d7eea4b09eb39a38ee0?s=96&d=mm&r=g","contentUrl":"https:\/\/secure.gravatar.com\/avatar\/1e990537051617f93586bce114145ae0ff87fb7f69693d7eea4b09eb39a38ee0?s=96&d=mm&r=g","caption":"admin8312"},"url":"https:\/\/legisport.com\/index.php\/author\/admin8312\/"}]}},"_links":{"self":[{"href":"https:\/\/legisport.com\/index.php\/wp-json\/wp\/v2\/posts\/1750","targetHints":{"allow":["GET"]}}],"collection":[{"href":"https:\/\/legisport.com\/index.php\/wp-json\/wp\/v2\/posts"}],"about":[{"href":"https:\/\/legisport.com\/index.php\/wp-json\/wp\/v2\/types\/post"}],"author":[{"embeddable":true,"href":"https:\/\/legisport.com\/index.php\/wp-json\/wp\/v2\/users\/1"}],"replies":[{"embeddable":true,"href":"https:\/\/legisport.com\/index.php\/wp-json\/wp\/v2\/comments?post=1750"}],"version-history":[{"count":2,"href":"https:\/\/legisport.com\/index.php\/wp-json\/wp\/v2\/posts\/1750\/revisions"}],"predecessor-version":[{"id":1752,"href":"https:\/\/legisport.com\/index.php\/wp-json\/wp\/v2\/posts\/1750\/revisions\/1752"}],"wp:attachment":[{"href":"https:\/\/legisport.com\/index.php\/wp-json\/wp\/v2\/media?parent=1750"}],"wp:term":[{"taxonomy":"category","embeddable":true,"href":"https:\/\/legisport.com\/index.php\/wp-json\/wp\/v2\/categories?post=1750"},{"taxonomy":"post_tag","embeddable":true,"href":"https:\/\/legisport.com\/index.php\/wp-json\/wp\/v2\/tags?post=1750"}],"curies":[{"name":"wp","href":"https:\/\/api.w.org\/{rel}","templated":true}]}}