{"id":1743,"date":"2021-03-27T15:42:56","date_gmt":"2021-03-27T15:42:56","guid":{"rendered":"http:\/\/legisport.com\/?p=1743"},"modified":"2021-03-27T15:44:03","modified_gmt":"2021-03-27T15:44:03","slug":"le-xv-de-france-de-rugby-plus-frenchy-que-la-selection-de-didier-deschamps","status":"publish","type":"post","link":"https:\/\/legisport.com\/index.php\/2021\/03\/27\/le-xv-de-france-de-rugby-plus-frenchy-que-la-selection-de-didier-deschamps\/","title":{"rendered":"Le XV de France de rugby plus \u00ab frenchy \u00bb que la s\u00e9lection de Didier Deschamps !"},"content":{"rendered":"\n<p><strong>par Ma\u00eetre Michel Pautot, avocat au barreau de Marseille, auteur de l&rsquo;ouvrage \u00ab\u00a0Le sport et l&rsquo;Europe-les r\u00e8gles du jeu\u00a0\u00bb (Territorial \u00e9ditions)<\/strong><\/p>\n\n\n\n<p>L\u2019adage <em>\u00ab\u00a0Les jours se suivent mais ne se ressemblent pas\u00a0\u00bb\u00a0<\/em>s\u2019applique aux \u00e9quipes\u00a0sportives et aux s\u00e9lections nationales\u00a0! Et oui, les \u00e9quipes de France se suivent mais elles ne se ressemblent pas notamment en ce qui concerne les migrations des joueurs qui les composent\u00a0!<\/p>\n\n\n\n<p>En effet,\u00a0l\u2019\u00e9quipe de France de rugby qui vient de terminer \u00e0 la deuxi\u00e8me place du Tournoi des VI Nations 2021 est bien moins \u00ab\u00a0internationale\u00a0\u00bb que l\u2019\u00e9quipe de France de football qui a d\u00e9but\u00e9 les Eliminatoires de la Coupe du Monde 2022.<\/p>\n\n\n\n<p>En effet, pour le dernier match du Tournoi des VI Nations contre l\u2019Ecosse le 26 Mars 2021 , Fabien Galthi\u00e9 a fait d\u00e9buter des joueurs \u00e9voluant en France, \u00e0 La Rochelle, Clermont-Ferrand, Paris, Toulouse, Toulon, Castres et Montpellier. Plus pr\u00e9cis\u00e9ment, le 15 de d\u00e9part de Fabien Galthi\u00e9 \u00e9tait le suivant\u00a0:\u00a0Brice Dulin (Stade Rochelais), Damian Penaud (Asm Clermont Auvergne),\u00a0 Virimi Vakatawa (Racing 92), \u00a0Arthur Vincent (Montpellier H\u00e9rault Rugby), Ga\u00ebl Fickou (Stade Fran\u00e7ais Paris), Romain Ntamack (Stade Toulousain),\u00a0 Antoine Dupont (Stade Toulousain), Charles Ollivon (RC Toulon),\u00a0 Gr\u00e9gory Aldritt (Stade Rochelais), Anthony Jelonch (Castres Olympique),\u00a0 Swan Rebbadj (RC Toulon), Bernard Le Roux (Racing 92),\u00a0 Mohamed Haouas (Montpellier H\u00e9rault Rugby),\u00a0 Julien Marchand (Stade Toulousain), Cyril Baille (Stade Toulousain).\u00a0<\/p>\n\n\n\n<p>A l\u2019oppos\u00e9, le onze de d\u00e9part align\u00e9 par Didier Deschamps contre l\u2019Ukraine le 24 Mars 2021 \u00e9tait marqu\u00e9 par une certaine \u00ab&nbsp;europ\u00e9anisation&nbsp;\u00bb avec des joueurs \u00e9voluant en France, en Angleterre, en Allemagne, en Espagne et en Italie.&nbsp; Ainsi, Didier Deschamps n\u2019a pas h\u00e9siter \u00e0 faire d\u00e9buter des joueurs de la Ligue 1 (Presnel Kimpembe et Kylian Mbapp\u00e9 au Paris Saint-Germain), de la Premier League (Hugo Lloris \u00e0 Tottenham, N\u2019Golo Kant\u00e9 et Olivier Giroud \u00e0 Chelsea), de la Bundesliga (Benjamin Pavard, Lucas Hernandez et Kingsley Coman au Bayern de Munich), de la Liga (Rapha\u00ebl Varane au Real Madrid, Antoine Griezmann au FC Barcelone) et du Calcio (Adrien Rabiot \u00e0 la Juventus Turin). Comme nous l\u2019expliquons dans notre ouvrage \u00ab&nbsp;Le sport et l\u2019Europe-les r\u00e8gles du jeu&nbsp;\u00bb paru \u00e0 Territorial \u00e9ditions, cet exemple de l\u2019\u00e9quipe de France est un excellent exemple de la construction europ\u00e9enne avec des joueurs expatri\u00e9s dans plusieurs clubs europ\u00e9ens. Avec les r\u00e8gles de la libre circulation, la construction europ\u00e9enne a fait voler en \u00e9clats les r\u00e8glements f\u00e9d\u00e9raux de quotas de joueurs \u00e9trangers et les \u00e9quipes nationales en ont profit\u00e9 pour am\u00e9liorer les performances de leurs joueurs. Telle la France, Championne du Monde de football en 1998 et 2018.<\/p>\n\n\n\n<p>Il est peut-\u00eatre dommage que les joueurs fran\u00e7ais de rugby ne choisissent pas d\u2019\u00e9voluer hors du top 14 alors que par le pass\u00e9 de tr\u00e8s grands noms du rugby fran\u00e7ais n\u2019ont pas h\u00e9sit\u00e9 \u00e0 quitter l\u2019Hexagone pour l\u2019Angleterre, et \u00e9galement dans d\u2019autres continents, en Afrique du Sud et en Nouvelle Z\u00e9lande.<\/p>\n\n\n\n<p>Il est int\u00e9ressant de comparer et \u00e0 ce titre l\u2019\u00e9tude LEGISPORT \u00ab\u00a0Sport et Nationalit\u00e9s\u00a0\u00bb, r\u00e9alis\u00e9e annuellement,\u00a0qui constitue un int\u00e9ressant outil de mesure des flux migratoires. Nous nous souvenons bien de la pr\u00e9sentation de cette \u00e9tude statistique qui avait \u00e9t\u00e9 faite le 8 D\u00e9cembre 2006 \u00e0 Marseille en pr\u00e9sence du c\u00e9l\u00e8bre Champion du monde de football Marcel Desailly lors de laquelle nous avions dress\u00e9 un parall\u00e8le entre les deux \u00e9quipes de France qui avaient brill\u00e9 en 2006 (l\u2019\u00e9quipe de France de football, finaliste de la Coupe du Monde et l\u2019\u00e9quipe de France de rugby, vainqueur du tournoi des VI Nations) et \u00e0 cette \u00e9poque, parmi les joueurs fran\u00e7ais qui avaient disput\u00e9 le tournoi (victorieux) des VI Nations, quatre portaient les couleurs de clubs anglais.<\/p>\n\n\n\n<figure class=\"wp-block-gallery columns-1 is-cropped wp-block-gallery-1 is-layout-flex wp-block-gallery-is-layout-flex\"><ul class=\"blocks-gallery-grid\"><li class=\"blocks-gallery-item\"><figure><img loading=\"lazy\" decoding=\"async\" width=\"542\" height=\"768\" src=\"https:\/\/legisport.com\/wp-content\/uploads\/2021\/02\/droitdusportmichelpautotlegisport.jpg\" alt=\"\" data-id=\"1652\" data-full-url=\"https:\/\/legisport.com\/wp-content\/uploads\/2021\/02\/droitdusportmichelpautotlegisport.jpg\" data-link=\"https:\/\/legisport.com\/index.php\/accueil\/droitdusportmichelpautotlegisport-2\/\" class=\"wp-image-1652\" srcset=\"https:\/\/legisport.com\/wp-content\/uploads\/2021\/02\/droitdusportmichelpautotlegisport.jpg 542w, https:\/\/legisport.com\/wp-content\/uploads\/2021\/02\/droitdusportmichelpautotlegisport-212x300.jpg 212w\" sizes=\"auto, (max-width: 542px) 100vw, 542px\" \/><\/figure><\/li><\/ul><\/figure>\n","protected":false},"excerpt":{"rendered":"<p>par Ma\u00eetre Michel Pautot, avocat au barreau de Marseille, auteur de l&rsquo;ouvrage \u00ab\u00a0Le sport et l&rsquo;Europe-les r\u00e8gles du jeu\u00a0\u00bb (Territorial \u00e9ditions) L\u2019adage \u00ab\u00a0Les jours se suivent mais ne se ressemblent pas\u00a0\u00bb\u00a0s\u2019applique aux \u00e9quipes\u00a0sportives et aux s\u00e9lections nationales\u00a0! Et oui, les \u00e9quipes de France se suivent mais elles ne se ressemblent pas notamment en ce qui [&hellip;]<\/p>\n","protected":false},"author":1,"featured_media":0,"comment_status":"closed","ping_status":"open","sticky":false,"template":"","format":"standard","meta":{"footnotes":""},"categories":[1],"tags":[],"class_list":["post-1743","post","type-post","status-publish","format-standard","hentry","category-uncategorized","basic-color-border"],"yoast_head":"<!-- This site is optimized with the Yoast SEO plugin v17.4 - https:\/\/yoast.com\/wordpress\/plugins\/seo\/ -->\n<meta name=\"description\" content=\"Droit du sport. Analyse de Ma\u00eetre Michel Pautot, avocat au barreau de Marseille, auteur de l&#039;ouvrage &quot;Le sport et l&#039;Europe-les r\u00e8gles du jeu&quot; (Territorial \u00e9ditions)\" \/>\n<meta name=\"robots\" content=\"index, follow, max-snippet:-1, max-image-preview:large, max-video-preview:-1\" \/>\n<link rel=\"canonical\" href=\"https:\/\/legisport.com\/index.php\/2021\/03\/27\/le-xv-de-france-de-rugby-plus-frenchy-que-la-selection-de-didier-deschamps\/\" \/>\n<meta property=\"og:locale\" content=\"fr_FR\" \/>\n<meta property=\"og:type\" content=\"article\" \/>\n<meta property=\"og:title\" content=\"Le XV de France de rugby plus \u00ab frenchy \u00bb que la s\u00e9lection de Didier Deschamps ! - legisport\" \/>\n<meta property=\"og:description\" content=\"Droit du sport. Analyse de Ma\u00eetre Michel Pautot, avocat au barreau de Marseille, auteur de l&#039;ouvrage &quot;Le sport et l&#039;Europe-les r\u00e8gles du jeu&quot; (Territorial \u00e9ditions)\" \/>\n<meta property=\"og:url\" content=\"https:\/\/legisport.com\/index.php\/2021\/03\/27\/le-xv-de-france-de-rugby-plus-frenchy-que-la-selection-de-didier-deschamps\/\" \/>\n<meta property=\"og:site_name\" content=\"legisport\" \/>\n<meta property=\"article:published_time\" content=\"2021-03-27T15:42:56+00:00\" \/>\n<meta property=\"article:modified_time\" content=\"2021-03-27T15:44:03+00:00\" \/>\n<meta property=\"og:image\" content=\"http:\/\/legisport.com\/wp-content\/uploads\/2021\/02\/droitdusportmichelpautotlegisport.jpg\" \/>\n<meta name=\"twitter:card\" content=\"summary_large_image\" \/>\n<meta name=\"twitter:label1\" content=\"\u00c9crit par\" \/>\n\t<meta name=\"twitter:data1\" content=\"admin8312\" \/>\n\t<meta name=\"twitter:label2\" content=\"Dur\u00e9e de lecture est.\" \/>\n\t<meta name=\"twitter:data2\" content=\"3 minutes\" \/>\n<script type=\"application\/ld+json\" class=\"yoast-schema-graph\">{\"@context\":\"https:\/\/schema.org\",\"@graph\":[{\"@type\":\"WebSite\",\"@id\":\"https:\/\/legisport.com\/#website\",\"url\":\"https:\/\/legisport.com\/\",\"name\":\"legisport\",\"description\":\"1991 : fondation de LEGISPORT. 1996 : lancement du bulletin d&#039;informations juridiques sportives LEGISPORT. Tout sur le droit du sport.\",\"potentialAction\":[{\"@type\":\"SearchAction\",\"target\":{\"@type\":\"EntryPoint\",\"urlTemplate\":\"https:\/\/legisport.com\/?s={search_term_string}\"},\"query-input\":\"required name=search_term_string\"}],\"inLanguage\":\"fr-FR\"},{\"@type\":\"ImageObject\",\"@id\":\"https:\/\/legisport.com\/index.php\/2021\/03\/27\/le-xv-de-france-de-rugby-plus-frenchy-que-la-selection-de-didier-deschamps\/#primaryimage\",\"inLanguage\":\"fr-FR\",\"url\":\"http:\/\/legisport.com\/wp-content\/uploads\/2021\/02\/droitdusportmichelpautotlegisport.jpg\",\"contentUrl\":\"http:\/\/legisport.com\/wp-content\/uploads\/2021\/02\/droitdusportmichelpautotlegisport.jpg\"},{\"@type\":\"WebPage\",\"@id\":\"https:\/\/legisport.com\/index.php\/2021\/03\/27\/le-xv-de-france-de-rugby-plus-frenchy-que-la-selection-de-didier-deschamps\/#webpage\",\"url\":\"https:\/\/legisport.com\/index.php\/2021\/03\/27\/le-xv-de-france-de-rugby-plus-frenchy-que-la-selection-de-didier-deschamps\/\",\"name\":\"Le XV de France de rugby plus \\u00ab frenchy \\u00bb que la s\\u00e9lection de Didier Deschamps ! - legisport\",\"isPartOf\":{\"@id\":\"https:\/\/legisport.com\/#website\"},\"primaryImageOfPage\":{\"@id\":\"https:\/\/legisport.com\/index.php\/2021\/03\/27\/le-xv-de-france-de-rugby-plus-frenchy-que-la-selection-de-didier-deschamps\/#primaryimage\"},\"datePublished\":\"2021-03-27T15:42:56+00:00\",\"dateModified\":\"2021-03-27T15:44:03+00:00\",\"author\":{\"@id\":\"https:\/\/legisport.com\/#\/schema\/person\/abccfb880c12073a27d7cb433cf39cf2\"},\"description\":\"Droit du sport. Analyse de Ma\\u00eetre Michel Pautot, avocat au barreau de Marseille, auteur de l'ouvrage \\\"Le sport et l'Europe-les r\\u00e8gles du jeu\\\" (Territorial \\u00e9ditions)\",\"breadcrumb\":{\"@id\":\"https:\/\/legisport.com\/index.php\/2021\/03\/27\/le-xv-de-france-de-rugby-plus-frenchy-que-la-selection-de-didier-deschamps\/#breadcrumb\"},\"inLanguage\":\"fr-FR\",\"potentialAction\":[{\"@type\":\"ReadAction\",\"target\":[\"https:\/\/legisport.com\/index.php\/2021\/03\/27\/le-xv-de-france-de-rugby-plus-frenchy-que-la-selection-de-didier-deschamps\/\"]}]},{\"@type\":\"BreadcrumbList\",\"@id\":\"https:\/\/legisport.com\/index.php\/2021\/03\/27\/le-xv-de-france-de-rugby-plus-frenchy-que-la-selection-de-didier-deschamps\/#breadcrumb\",\"itemListElement\":[{\"@type\":\"ListItem\",\"position\":1,\"name\":\"Accueil\",\"item\":\"https:\/\/legisport.com\/\"},{\"@type\":\"ListItem\",\"position\":2,\"name\":\"Le XV de France de rugby plus \\u00ab frenchy \\u00bb que la s\\u00e9lection de Didier Deschamps !\"}]},{\"@type\":\"Person\",\"@id\":\"https:\/\/legisport.com\/#\/schema\/person\/abccfb880c12073a27d7cb433cf39cf2\",\"name\":\"admin8312\",\"image\":{\"@type\":\"ImageObject\",\"@id\":\"https:\/\/legisport.com\/#personlogo\",\"inLanguage\":\"fr-FR\",\"url\":\"https:\/\/secure.gravatar.com\/avatar\/1e990537051617f93586bce114145ae0ff87fb7f69693d7eea4b09eb39a38ee0?s=96&d=mm&r=g\",\"contentUrl\":\"https:\/\/secure.gravatar.com\/avatar\/1e990537051617f93586bce114145ae0ff87fb7f69693d7eea4b09eb39a38ee0?s=96&d=mm&r=g\",\"caption\":\"admin8312\"},\"url\":\"https:\/\/legisport.com\/index.php\/author\/admin8312\/\"}]}<\/script>\n<!-- \/ Yoast SEO plugin. -->","yoast_head_json":{"description":"Droit du sport. Analyse de Ma\u00eetre Michel Pautot, avocat au barreau de Marseille, auteur de l'ouvrage \"Le sport et l'Europe-les r\u00e8gles du jeu\" (Territorial \u00e9ditions)","robots":{"index":"index","follow":"follow","max-snippet":"max-snippet:-1","max-image-preview":"max-image-preview:large","max-video-preview":"max-video-preview:-1"},"canonical":"https:\/\/legisport.com\/index.php\/2021\/03\/27\/le-xv-de-france-de-rugby-plus-frenchy-que-la-selection-de-didier-deschamps\/","og_locale":"fr_FR","og_type":"article","og_title":"Le XV de France de rugby plus \u00ab frenchy \u00bb que la s\u00e9lection de Didier Deschamps ! - legisport","og_description":"Droit du sport. Analyse de Ma\u00eetre Michel Pautot, avocat au barreau de Marseille, auteur de l'ouvrage \"Le sport et l'Europe-les r\u00e8gles du jeu\" (Territorial \u00e9ditions)","og_url":"https:\/\/legisport.com\/index.php\/2021\/03\/27\/le-xv-de-france-de-rugby-plus-frenchy-que-la-selection-de-didier-deschamps\/","og_site_name":"legisport","article_published_time":"2021-03-27T15:42:56+00:00","article_modified_time":"2021-03-27T15:44:03+00:00","og_image":[{"url":"http:\/\/legisport.com\/wp-content\/uploads\/2021\/02\/droitdusportmichelpautotlegisport.jpg"}],"twitter_card":"summary_large_image","twitter_misc":{"\u00c9crit par":"admin8312","Dur\u00e9e de lecture est.":"3 minutes"},"schema":{"@context":"https:\/\/schema.org","@graph":[{"@type":"WebSite","@id":"https:\/\/legisport.com\/#website","url":"https:\/\/legisport.com\/","name":"legisport","description":"1991 : fondation de LEGISPORT. 1996 : lancement du bulletin d&#039;informations juridiques sportives LEGISPORT. Tout sur le droit du sport.","potentialAction":[{"@type":"SearchAction","target":{"@type":"EntryPoint","urlTemplate":"https:\/\/legisport.com\/?s={search_term_string}"},"query-input":"required name=search_term_string"}],"inLanguage":"fr-FR"},{"@type":"ImageObject","@id":"https:\/\/legisport.com\/index.php\/2021\/03\/27\/le-xv-de-france-de-rugby-plus-frenchy-que-la-selection-de-didier-deschamps\/#primaryimage","inLanguage":"fr-FR","url":"http:\/\/legisport.com\/wp-content\/uploads\/2021\/02\/droitdusportmichelpautotlegisport.jpg","contentUrl":"http:\/\/legisport.com\/wp-content\/uploads\/2021\/02\/droitdusportmichelpautotlegisport.jpg"},{"@type":"WebPage","@id":"https:\/\/legisport.com\/index.php\/2021\/03\/27\/le-xv-de-france-de-rugby-plus-frenchy-que-la-selection-de-didier-deschamps\/#webpage","url":"https:\/\/legisport.com\/index.php\/2021\/03\/27\/le-xv-de-france-de-rugby-plus-frenchy-que-la-selection-de-didier-deschamps\/","name":"Le XV de France de rugby plus \u00ab frenchy \u00bb que la s\u00e9lection de Didier Deschamps ! - legisport","isPartOf":{"@id":"https:\/\/legisport.com\/#website"},"primaryImageOfPage":{"@id":"https:\/\/legisport.com\/index.php\/2021\/03\/27\/le-xv-de-france-de-rugby-plus-frenchy-que-la-selection-de-didier-deschamps\/#primaryimage"},"datePublished":"2021-03-27T15:42:56+00:00","dateModified":"2021-03-27T15:44:03+00:00","author":{"@id":"https:\/\/legisport.com\/#\/schema\/person\/abccfb880c12073a27d7cb433cf39cf2"},"description":"Droit du sport. Analyse de Ma\u00eetre Michel Pautot, avocat au barreau de Marseille, auteur de l'ouvrage \"Le sport et l'Europe-les r\u00e8gles du jeu\" (Territorial \u00e9ditions)","breadcrumb":{"@id":"https:\/\/legisport.com\/index.php\/2021\/03\/27\/le-xv-de-france-de-rugby-plus-frenchy-que-la-selection-de-didier-deschamps\/#breadcrumb"},"inLanguage":"fr-FR","potentialAction":[{"@type":"ReadAction","target":["https:\/\/legisport.com\/index.php\/2021\/03\/27\/le-xv-de-france-de-rugby-plus-frenchy-que-la-selection-de-didier-deschamps\/"]}]},{"@type":"BreadcrumbList","@id":"https:\/\/legisport.com\/index.php\/2021\/03\/27\/le-xv-de-france-de-rugby-plus-frenchy-que-la-selection-de-didier-deschamps\/#breadcrumb","itemListElement":[{"@type":"ListItem","position":1,"name":"Accueil","item":"https:\/\/legisport.com\/"},{"@type":"ListItem","position":2,"name":"Le XV de France de rugby plus \u00ab frenchy \u00bb que la s\u00e9lection de Didier Deschamps !"}]},{"@type":"Person","@id":"https:\/\/legisport.com\/#\/schema\/person\/abccfb880c12073a27d7cb433cf39cf2","name":"admin8312","image":{"@type":"ImageObject","@id":"https:\/\/legisport.com\/#personlogo","inLanguage":"fr-FR","url":"https:\/\/secure.gravatar.com\/avatar\/1e990537051617f93586bce114145ae0ff87fb7f69693d7eea4b09eb39a38ee0?s=96&d=mm&r=g","contentUrl":"https:\/\/secure.gravatar.com\/avatar\/1e990537051617f93586bce114145ae0ff87fb7f69693d7eea4b09eb39a38ee0?s=96&d=mm&r=g","caption":"admin8312"},"url":"https:\/\/legisport.com\/index.php\/author\/admin8312\/"}]}},"_links":{"self":[{"href":"https:\/\/legisport.com\/index.php\/wp-json\/wp\/v2\/posts\/1743","targetHints":{"allow":["GET"]}}],"collection":[{"href":"https:\/\/legisport.com\/index.php\/wp-json\/wp\/v2\/posts"}],"about":[{"href":"https:\/\/legisport.com\/index.php\/wp-json\/wp\/v2\/types\/post"}],"author":[{"embeddable":true,"href":"https:\/\/legisport.com\/index.php\/wp-json\/wp\/v2\/users\/1"}],"replies":[{"embeddable":true,"href":"https:\/\/legisport.com\/index.php\/wp-json\/wp\/v2\/comments?post=1743"}],"version-history":[{"count":1,"href":"https:\/\/legisport.com\/index.php\/wp-json\/wp\/v2\/posts\/1743\/revisions"}],"predecessor-version":[{"id":1744,"href":"https:\/\/legisport.com\/index.php\/wp-json\/wp\/v2\/posts\/1743\/revisions\/1744"}],"wp:attachment":[{"href":"https:\/\/legisport.com\/index.php\/wp-json\/wp\/v2\/media?parent=1743"}],"wp:term":[{"taxonomy":"category","embeddable":true,"href":"https:\/\/legisport.com\/index.php\/wp-json\/wp\/v2\/categories?post=1743"},{"taxonomy":"post_tag","embeddable":true,"href":"https:\/\/legisport.com\/index.php\/wp-json\/wp\/v2\/tags?post=1743"}],"curies":[{"name":"wp","href":"https:\/\/api.w.org\/{rel}","templated":true}]}}