{"id":1735,"date":"2021-03-24T13:54:14","date_gmt":"2021-03-24T13:54:14","guid":{"rendered":"http:\/\/legisport.com\/?p=1735"},"modified":"2021-03-24T13:54:24","modified_gmt":"2021-03-24T13:54:24","slug":"il-y-a-un-an-notre-ami-pape-diouf-nous-quittait","status":"publish","type":"post","link":"https:\/\/legisport.com\/index.php\/2021\/03\/24\/il-y-a-un-an-notre-ami-pape-diouf-nous-quittait\/","title":{"rendered":"Il y a un an, notre ami Pape Diouf nous quittait"},"content":{"rendered":"\n<p>Le 30 Mars 2020, le football international \u00e9tait marqu\u00e9 par le d\u00e9c\u00e8s de Pape Diouf, ancien agent de footballeurs et ex-Pr\u00e9sident de l&rsquo;Olympique de Marseille.<\/p>\n\n\n\n<p>Pr\u00e8s d&rsquo;un an apr\u00e8s, LEGISPORT lui rend hommage et nous l&rsquo;avions rencontr\u00e9 quelques semaines avant son d\u00e9c\u00e8s.<\/p>\n\n\n\n<figure class=\"wp-block-image size-large\"><img loading=\"lazy\" decoding=\"async\" width=\"822\" height=\"616\" src=\"https:\/\/legisport.com\/wp-content\/uploads\/2021\/03\/droitdusportMa\u00eetrePautotMichelavecPapeDioiuf-2.jpg\" alt=\"\" class=\"wp-image-1734\" srcset=\"https:\/\/legisport.com\/wp-content\/uploads\/2021\/03\/droitdusportMa\u00eetrePautotMichelavecPapeDioiuf-2.jpg 822w, https:\/\/legisport.com\/wp-content\/uploads\/2021\/03\/droitdusportMa\u00eetrePautotMichelavecPapeDioiuf-2-300x225.jpg 300w, https:\/\/legisport.com\/wp-content\/uploads\/2021\/03\/droitdusportMa\u00eetrePautotMichelavecPapeDioiuf-2-768x576.jpg 768w\" sizes=\"auto, (max-width: 822px) 100vw, 822px\" \/><figcaption>Me Michel Pautot, r\u00e9dacteur en chef de LEGISPORT aux c\u00f4t\u00e9s de Pape Diouf <br>en F\u00e9vrier 2020 \u00e0 Marseille<\/figcaption><\/figure>\n\n\n\n<p><strong>HOMMAGE A PAPE DIOUF &#8211; Pape Diouf, les sportifs africains aux Africains<\/strong><\/p>\n\n\n\n<p><strong>Par Ma\u00eetre Serge Pautot,\u00a0 Avocat \u00e0 Marseille, Compagnon \u00ab\u00a0historique\u00a0\u00bb de Pape Diouf<\/strong><\/p>\n\n\n\n<figure class=\"wp-block-image size-large\"><img loading=\"lazy\" decoding=\"async\" width=\"634\" height=\"476\" src=\"https:\/\/legisport.com\/wp-content\/uploads\/2020\/04\/legisportbellpautotdioufdroitdusport-2.jpg\" alt=\"\" class=\"wp-image-1374\" srcset=\"https:\/\/legisport.com\/wp-content\/uploads\/2020\/04\/legisportbellpautotdioufdroitdusport-2.jpg 634w, https:\/\/legisport.com\/wp-content\/uploads\/2020\/04\/legisportbellpautotdioufdroitdusport-2-300x225.jpg 300w\" sizes=\"auto, (max-width: 634px) 100vw, 634px\" \/><figcaption>Ma\u00eetre Serge Pautot, avocat au barreau de Marseille, pr\u00e9sident de LEGISPORT avec Joseph-Antoine Bell et Pape Diouf<\/figcaption><\/figure>\n\n\n\n<p>Pape Diouf nous a quitt\u00e9 il y a un an, victime du coronavirus.\u00a0 Ag\u00e9 de 68 ans, sa disparition a \u00e9t\u00e9 pr\u00e9matur\u00e9e car il avait encore beaucoup de projets \u00e0 r\u00e9aliser.\u00a0 Nous \u00e9tions ensemble\u00a0 \u00e0 la mi-f\u00e9vrier 2020 \u00e0 notre cabinet pour des souhaits d&rsquo;enseignement du droit du sport \u00e0 Dakar.<\/p>\n\n\n\n<p>Tout me pr\u00e9destinait \u00e0 le rencontrer&nbsp;: service militaire \u00e0 Dakar, puis\ncoop\u00e9rant \u00e0&nbsp; Alger, dipl\u00f4m\u00e9 de droit africain de l&rsquo;Universit\u00e9 de Paris et\njournaliste quelques mois \u00e0 Africascope, magazine o\u00f9 j\u2019avais bien connu Manu\nDibango, le musicien camerounais, victime lui aussi du coronavirus.&nbsp;&nbsp;\nVous l&rsquo;aurez compris, une grande passion pour l&rsquo;Afrique. Nous nous rencontrons\nen 1987&nbsp; dans une salle de boxe o\u00f9 il venait faire avec un confr\u00e8re un\nreportage pour le journal&nbsp; La Marseillaise. V\u00e9ritable coup de foudre&nbsp;\nr\u00e9ciproque sur les th\u00e8mes de l&rsquo;Afrique et des Africains. Quelques jours apr\u00e8s,\navec la promesse de se retrouver,&nbsp; il me t\u00e9l\u00e9phone pour rencontrer un ami\nafricain.&nbsp; Surprise&nbsp;! Me voil\u00e0 face \u00e0 Joseph-Antoine Bell capitaine\nde l&rsquo;Olympique de Marseille&nbsp;: \u00ab&nbsp;Ma\u00eetre, nous sommes des Africains\nnaturalis\u00e9s fran\u00e7ais.&nbsp; Les autorit\u00e9s du football nous&nbsp; consid\u00e8rent comme\ndes \u00ab&nbsp;vrais-faux fran\u00e7ais&nbsp;\u00bb. Pourtant, nous ne sommes pas devenus\nfran\u00e7ais par un coup de baguette magique mais parce que \u00e7a arrange les clubs\nconfront\u00e9s \u00e0 l&rsquo;application des quotas de joueurs \u00e9trangers, c\u2019est\ninacceptable&#8230;&nbsp;\u00bb. Nous d\u00e9cidons&nbsp; aussit\u00f4t de monter \u00e0 Paris pour une\nconf\u00e9rence de presse muscl\u00e9e en avril 1989 pour combattre ces r\u00e8glements\ndiscriminatoires. Notre revendication aboutira \u00e0 l&rsquo;abandon du projet.<\/p>\n\n\n\n<p>Le ciment avait pris pour devenir ins\u00e9parables et&nbsp; envisager la prise\nen main du destin des footballeurs venus d&rsquo;Afrique,&nbsp; manag\u00e9s par des\nagents fran\u00e7ais.&nbsp; Joseph-Antoine Bell martelait&nbsp;: \u00ab&nbsp; il faut que\nnous soyons capables de g\u00e9rer nos carri\u00e8res entre nous, entre africains&nbsp;\u00bb.\nPape laissait passer ses sentiments, tr\u00e8s nationalistes, tout \u00e0 fait l\u00e9gitimes\nqui correspondaient au&nbsp; slogan mille fois r\u00e9p\u00e9t\u00e9s \u00ab&nbsp; l&rsquo;Afrique aux\nAfricains&nbsp;\u00bb. Pape Diouf par sa taille,&nbsp; son parler,&nbsp;\npr\u00e9sentait&nbsp; une autorit\u00e9 naturelle voir imposante dans ses propos\nrevendicatifs. Mais, journaliste sportif, que pouvait-il faire&nbsp;? Il\nn&rsquo;avait pas la qualit\u00e9 d&rsquo;agent. Qu&rsquo;\u00e0 cela ne tienne, nous allons le pr\u00e9parer \u00e0\nl&rsquo;examen et tous les dimanches soirs \u00e0 mon cabinet, il r\u00e9visait&nbsp; son droit\navec mon fils Michel.&nbsp; Une fois l&rsquo;examen en poche,&nbsp; Michel d\u00e9pose\naussit\u00f4t,&nbsp; en juillet 1988,&nbsp; les statuts de Mondial Promotion avec\nl\u2019objet d\u2019&nbsp;\u00ab&nbsp; ouvrir,&nbsp; offrir un plan de carri\u00e8re ainsi que des\nfacilit\u00e9s pour les demandes de jeunes sportifs africains et la gestion de leur\ncarri\u00e8re&nbsp;\u00bb.&nbsp; Le feu&nbsp; \u00e9tait&nbsp; allum\u00e9,&nbsp; il ne\ndemandait&nbsp; plus qu&rsquo;\u00e0 s&#8217;embraser. Pape devenait le premier agent africain\net rapidement de jeunes joueurs les fr\u00e8res Boli, Fran\u00e7ois Omam-Biyik, Henri\nCamara et bien d\u2019autres se mettaient&nbsp; sous son aile. Pape \u00e9tait\ncontent,&nbsp; l&rsquo;Afrique comptait&nbsp; un des siens pour d\u00e9fendre ses\njoueurs,&nbsp; promouvoir leur carri\u00e8re.&nbsp; Il me restait le contentieux,\npour la d\u00e9fense des plus grandes stars du football, Joseph-Antoine Bell,&nbsp;\nMarcel Desailly , Ab\u00e9di Pel\u00e9\u2026La diaspora africaine gonflait les rangs de sa client\u00e8le\n\u00e0 laquelle s\u2019ajoutent aussi d\u2019autres joueurs, tels&nbsp; Gr\u00e9gory Coupet,\nBernard Lama, Xavier Gravelaine\u2026<\/p>\n\n\n\n<p>Mais&nbsp; il restait un autre combat,&nbsp; celui des quotas,&nbsp; mesure\ndiscriminatoire s&rsquo;il en \u00e9tait. Mais Pape&nbsp; Diouf,&nbsp;\narriv\u00e9&nbsp;\u00ab&nbsp;bien en cours&nbsp;\u00bb,&nbsp; soucieux de placer au mieux ses\npoulains dans les clubs,&nbsp; ne voulait pas trop aller \u00e0 la bagarre avec les\npr\u00e9sidents de clubs. Ce&nbsp; combat,&nbsp; mon fils Michel&nbsp; le mena avec\nla basketteuse Lilia Malaja dont le r\u00e9sultat fut d\u2019apr\u00e8s les paroles du\nPr\u00e9sident de la FIFA, \u00ab&nbsp;l\u2019arr\u00eat Malaja, un arr\u00eat Bosman \u00e0 la puissance\ndix&nbsp;\u00bb. Ce qui ravit&nbsp; d&rsquo;espoir Pape, voyant l\u00e0 de nouvelles\nopportunit\u00e9s pour \u00ab&nbsp;placer&nbsp;\u00bb ses joueurs dans les clubs europ\u00e9ens.<\/p>\n\n\n\n<p>Au printemps de l&rsquo;ann\u00e9e 2004,&nbsp; Pape nous&nbsp; annonce son arriv\u00e9e \u00e0\nl&rsquo;OM en qualit\u00e9 de directeur sportif puis&nbsp; il deviendra pr\u00e9sident du club.\nNos liens se sont distendus apr\u00e8s 25 ann\u00e9es d&rsquo;une riche et fructueuse\ncollaboration. Apr\u00e8s son d\u00e9part de l&rsquo;OM en juin 2009, nous nous&nbsp;\nretrouvons r\u00e9guli\u00e8rement avec de nouveaux projets. La mort l\u2019a frapp\u00e9 avant leur\nr\u00e9alisation.&nbsp; Il nous restera l\u2019image d&rsquo;un homme, parfois\nintransigeant,&nbsp; avant tout soucieux des hommes de son continent. Africain\nself-made-man,&nbsp; arriv\u00e9 au sommet du football fran\u00e7ais \u00e0 partir de l\u2019id\u00e9e\ndes sportifs africains aux Africains. Victime de son propre succ\u00e8s, Pape\naimait&nbsp; dire \u00ab&nbsp;je suis le seul pr\u00e9sident noir d&rsquo;un club en\nEurope&nbsp;\u00bb.<\/p>\n\n\n\n<p>Pari gagn\u00e9 pour celui qui deviendra aussi expert sur les paris sportifs\npour le football pour l&rsquo;Officiel des paris en ligne au PMU.&nbsp; Pour\nceux,&nbsp; nombreux qui ont connu Pape, il laisse le souvenir d&rsquo;un homme\nremarquable,&nbsp; un professionnel rigoureux, ouvert aux autres et fid\u00e8le \u00e0\nlui-m\u00eame pour la promotion et la d\u00e9fense des joueurs africains. Adieu\nPape,&nbsp; on t&rsquo;aimait bien et merci pour tout ce que tu nous as apport\u00e9.<\/p>\n\n\n\n<p><strong>Ma\u00eetre Serge Pautot,&nbsp; Avocat \u00e0 Marseille, Compagnon\n\u00ab&nbsp;historique&nbsp;\u00bb de Pape Diouf.&nbsp; T\u00e9l. 07 60 64 12\n56.&nbsp;Mail&nbsp;: legisport@wanadoo.fr<\/strong><\/p>\n","protected":false},"excerpt":{"rendered":"<p>Le 30 Mars 2020, le football international \u00e9tait marqu\u00e9 par le d\u00e9c\u00e8s de Pape Diouf, ancien agent de footballeurs et ex-Pr\u00e9sident de l&rsquo;Olympique de Marseille. Pr\u00e8s d&rsquo;un an apr\u00e8s, LEGISPORT lui rend hommage et nous l&rsquo;avions rencontr\u00e9 quelques semaines avant son d\u00e9c\u00e8s. HOMMAGE A PAPE DIOUF &#8211; Pape Diouf, les sportifs africains aux Africains Par [&hellip;]<\/p>\n","protected":false},"author":1,"featured_media":0,"comment_status":"closed","ping_status":"open","sticky":false,"template":"","format":"standard","meta":{"footnotes":""},"categories":[1],"tags":[],"class_list":["post-1735","post","type-post","status-publish","format-standard","hentry","category-uncategorized","basic-color-border"],"yoast_head":"<!-- This site is optimized with the Yoast SEO plugin v17.4 - https:\/\/yoast.com\/wordpress\/plugins\/seo\/ -->\n<meta name=\"description\" content=\"Hommage \u00e0 Pape Diouf, un an apr\u00e8s son d\u00e9c\u00e8s.\" \/>\n<meta name=\"robots\" content=\"index, follow, max-snippet:-1, max-image-preview:large, max-video-preview:-1\" \/>\n<link rel=\"canonical\" href=\"https:\/\/legisport.com\/index.php\/2021\/03\/24\/il-y-a-un-an-notre-ami-pape-diouf-nous-quittait\/\" \/>\n<meta property=\"og:locale\" content=\"fr_FR\" \/>\n<meta property=\"og:type\" content=\"article\" \/>\n<meta property=\"og:title\" content=\"Il y a un an, notre ami Pape Diouf nous quittait - legisport\" \/>\n<meta property=\"og:description\" content=\"Hommage \u00e0 Pape Diouf, un an apr\u00e8s son d\u00e9c\u00e8s.\" \/>\n<meta property=\"og:url\" content=\"https:\/\/legisport.com\/index.php\/2021\/03\/24\/il-y-a-un-an-notre-ami-pape-diouf-nous-quittait\/\" \/>\n<meta property=\"og:site_name\" content=\"legisport\" \/>\n<meta property=\"article:published_time\" content=\"2021-03-24T13:54:14+00:00\" \/>\n<meta property=\"article:modified_time\" content=\"2021-03-24T13:54:24+00:00\" \/>\n<meta property=\"og:image\" content=\"http:\/\/legisport.com\/wp-content\/uploads\/2021\/03\/droitdusportMa\u00eetrePautotMichelavecPapeDioiuf-2.jpg\" \/>\n<meta name=\"twitter:card\" content=\"summary_large_image\" \/>\n<meta name=\"twitter:label1\" content=\"\u00c9crit par\" \/>\n\t<meta name=\"twitter:data1\" content=\"admin8312\" \/>\n\t<meta name=\"twitter:label2\" content=\"Dur\u00e9e de lecture est.\" \/>\n\t<meta name=\"twitter:data2\" content=\"5 minutes\" \/>\n<script type=\"application\/ld+json\" class=\"yoast-schema-graph\">{\"@context\":\"https:\/\/schema.org\",\"@graph\":[{\"@type\":\"WebSite\",\"@id\":\"https:\/\/legisport.com\/#website\",\"url\":\"https:\/\/legisport.com\/\",\"name\":\"legisport\",\"description\":\"1991 : fondation de LEGISPORT. 1996 : lancement du bulletin d&#039;informations juridiques sportives LEGISPORT. Tout sur le droit du sport.\",\"potentialAction\":[{\"@type\":\"SearchAction\",\"target\":{\"@type\":\"EntryPoint\",\"urlTemplate\":\"https:\/\/legisport.com\/?s={search_term_string}\"},\"query-input\":\"required name=search_term_string\"}],\"inLanguage\":\"fr-FR\"},{\"@type\":\"ImageObject\",\"@id\":\"https:\/\/legisport.com\/index.php\/2021\/03\/24\/il-y-a-un-an-notre-ami-pape-diouf-nous-quittait\/#primaryimage\",\"inLanguage\":\"fr-FR\",\"url\":\"http:\/\/legisport.com\/wp-content\/uploads\/2021\/03\/droitdusportMa\\u00eetrePautotMichelavecPapeDioiuf-2.jpg\",\"contentUrl\":\"http:\/\/legisport.com\/wp-content\/uploads\/2021\/03\/droitdusportMa\\u00eetrePautotMichelavecPapeDioiuf-2.jpg\"},{\"@type\":\"WebPage\",\"@id\":\"https:\/\/legisport.com\/index.php\/2021\/03\/24\/il-y-a-un-an-notre-ami-pape-diouf-nous-quittait\/#webpage\",\"url\":\"https:\/\/legisport.com\/index.php\/2021\/03\/24\/il-y-a-un-an-notre-ami-pape-diouf-nous-quittait\/\",\"name\":\"Il y a un an, notre ami Pape Diouf nous quittait - legisport\",\"isPartOf\":{\"@id\":\"https:\/\/legisport.com\/#website\"},\"primaryImageOfPage\":{\"@id\":\"https:\/\/legisport.com\/index.php\/2021\/03\/24\/il-y-a-un-an-notre-ami-pape-diouf-nous-quittait\/#primaryimage\"},\"datePublished\":\"2021-03-24T13:54:14+00:00\",\"dateModified\":\"2021-03-24T13:54:24+00:00\",\"author\":{\"@id\":\"https:\/\/legisport.com\/#\/schema\/person\/abccfb880c12073a27d7cb433cf39cf2\"},\"description\":\"Hommage \\u00e0 Pape Diouf, un an apr\\u00e8s son d\\u00e9c\\u00e8s.\",\"breadcrumb\":{\"@id\":\"https:\/\/legisport.com\/index.php\/2021\/03\/24\/il-y-a-un-an-notre-ami-pape-diouf-nous-quittait\/#breadcrumb\"},\"inLanguage\":\"fr-FR\",\"potentialAction\":[{\"@type\":\"ReadAction\",\"target\":[\"https:\/\/legisport.com\/index.php\/2021\/03\/24\/il-y-a-un-an-notre-ami-pape-diouf-nous-quittait\/\"]}]},{\"@type\":\"BreadcrumbList\",\"@id\":\"https:\/\/legisport.com\/index.php\/2021\/03\/24\/il-y-a-un-an-notre-ami-pape-diouf-nous-quittait\/#breadcrumb\",\"itemListElement\":[{\"@type\":\"ListItem\",\"position\":1,\"name\":\"Accueil\",\"item\":\"https:\/\/legisport.com\/\"},{\"@type\":\"ListItem\",\"position\":2,\"name\":\"Il y a un an, notre ami Pape Diouf nous quittait\"}]},{\"@type\":\"Person\",\"@id\":\"https:\/\/legisport.com\/#\/schema\/person\/abccfb880c12073a27d7cb433cf39cf2\",\"name\":\"admin8312\",\"image\":{\"@type\":\"ImageObject\",\"@id\":\"https:\/\/legisport.com\/#personlogo\",\"inLanguage\":\"fr-FR\",\"url\":\"https:\/\/secure.gravatar.com\/avatar\/1e990537051617f93586bce114145ae0ff87fb7f69693d7eea4b09eb39a38ee0?s=96&d=mm&r=g\",\"contentUrl\":\"https:\/\/secure.gravatar.com\/avatar\/1e990537051617f93586bce114145ae0ff87fb7f69693d7eea4b09eb39a38ee0?s=96&d=mm&r=g\",\"caption\":\"admin8312\"},\"url\":\"https:\/\/legisport.com\/index.php\/author\/admin8312\/\"}]}<\/script>\n<!-- \/ Yoast SEO plugin. -->","yoast_head_json":{"description":"Hommage \u00e0 Pape Diouf, un an apr\u00e8s son d\u00e9c\u00e8s.","robots":{"index":"index","follow":"follow","max-snippet":"max-snippet:-1","max-image-preview":"max-image-preview:large","max-video-preview":"max-video-preview:-1"},"canonical":"https:\/\/legisport.com\/index.php\/2021\/03\/24\/il-y-a-un-an-notre-ami-pape-diouf-nous-quittait\/","og_locale":"fr_FR","og_type":"article","og_title":"Il y a un an, notre ami Pape Diouf nous quittait - legisport","og_description":"Hommage \u00e0 Pape Diouf, un an apr\u00e8s son d\u00e9c\u00e8s.","og_url":"https:\/\/legisport.com\/index.php\/2021\/03\/24\/il-y-a-un-an-notre-ami-pape-diouf-nous-quittait\/","og_site_name":"legisport","article_published_time":"2021-03-24T13:54:14+00:00","article_modified_time":"2021-03-24T13:54:24+00:00","og_image":[{"url":"http:\/\/legisport.com\/wp-content\/uploads\/2021\/03\/droitdusportMa\u00eetrePautotMichelavecPapeDioiuf-2.jpg"}],"twitter_card":"summary_large_image","twitter_misc":{"\u00c9crit par":"admin8312","Dur\u00e9e de lecture est.":"5 minutes"},"schema":{"@context":"https:\/\/schema.org","@graph":[{"@type":"WebSite","@id":"https:\/\/legisport.com\/#website","url":"https:\/\/legisport.com\/","name":"legisport","description":"1991 : fondation de LEGISPORT. 1996 : lancement du bulletin d&#039;informations juridiques sportives LEGISPORT. Tout sur le droit du sport.","potentialAction":[{"@type":"SearchAction","target":{"@type":"EntryPoint","urlTemplate":"https:\/\/legisport.com\/?s={search_term_string}"},"query-input":"required name=search_term_string"}],"inLanguage":"fr-FR"},{"@type":"ImageObject","@id":"https:\/\/legisport.com\/index.php\/2021\/03\/24\/il-y-a-un-an-notre-ami-pape-diouf-nous-quittait\/#primaryimage","inLanguage":"fr-FR","url":"http:\/\/legisport.com\/wp-content\/uploads\/2021\/03\/droitdusportMa\u00eetrePautotMichelavecPapeDioiuf-2.jpg","contentUrl":"http:\/\/legisport.com\/wp-content\/uploads\/2021\/03\/droitdusportMa\u00eetrePautotMichelavecPapeDioiuf-2.jpg"},{"@type":"WebPage","@id":"https:\/\/legisport.com\/index.php\/2021\/03\/24\/il-y-a-un-an-notre-ami-pape-diouf-nous-quittait\/#webpage","url":"https:\/\/legisport.com\/index.php\/2021\/03\/24\/il-y-a-un-an-notre-ami-pape-diouf-nous-quittait\/","name":"Il y a un an, notre ami Pape Diouf nous quittait - legisport","isPartOf":{"@id":"https:\/\/legisport.com\/#website"},"primaryImageOfPage":{"@id":"https:\/\/legisport.com\/index.php\/2021\/03\/24\/il-y-a-un-an-notre-ami-pape-diouf-nous-quittait\/#primaryimage"},"datePublished":"2021-03-24T13:54:14+00:00","dateModified":"2021-03-24T13:54:24+00:00","author":{"@id":"https:\/\/legisport.com\/#\/schema\/person\/abccfb880c12073a27d7cb433cf39cf2"},"description":"Hommage \u00e0 Pape Diouf, un an apr\u00e8s son d\u00e9c\u00e8s.","breadcrumb":{"@id":"https:\/\/legisport.com\/index.php\/2021\/03\/24\/il-y-a-un-an-notre-ami-pape-diouf-nous-quittait\/#breadcrumb"},"inLanguage":"fr-FR","potentialAction":[{"@type":"ReadAction","target":["https:\/\/legisport.com\/index.php\/2021\/03\/24\/il-y-a-un-an-notre-ami-pape-diouf-nous-quittait\/"]}]},{"@type":"BreadcrumbList","@id":"https:\/\/legisport.com\/index.php\/2021\/03\/24\/il-y-a-un-an-notre-ami-pape-diouf-nous-quittait\/#breadcrumb","itemListElement":[{"@type":"ListItem","position":1,"name":"Accueil","item":"https:\/\/legisport.com\/"},{"@type":"ListItem","position":2,"name":"Il y a un an, notre ami Pape Diouf nous quittait"}]},{"@type":"Person","@id":"https:\/\/legisport.com\/#\/schema\/person\/abccfb880c12073a27d7cb433cf39cf2","name":"admin8312","image":{"@type":"ImageObject","@id":"https:\/\/legisport.com\/#personlogo","inLanguage":"fr-FR","url":"https:\/\/secure.gravatar.com\/avatar\/1e990537051617f93586bce114145ae0ff87fb7f69693d7eea4b09eb39a38ee0?s=96&d=mm&r=g","contentUrl":"https:\/\/secure.gravatar.com\/avatar\/1e990537051617f93586bce114145ae0ff87fb7f69693d7eea4b09eb39a38ee0?s=96&d=mm&r=g","caption":"admin8312"},"url":"https:\/\/legisport.com\/index.php\/author\/admin8312\/"}]}},"_links":{"self":[{"href":"https:\/\/legisport.com\/index.php\/wp-json\/wp\/v2\/posts\/1735","targetHints":{"allow":["GET"]}}],"collection":[{"href":"https:\/\/legisport.com\/index.php\/wp-json\/wp\/v2\/posts"}],"about":[{"href":"https:\/\/legisport.com\/index.php\/wp-json\/wp\/v2\/types\/post"}],"author":[{"embeddable":true,"href":"https:\/\/legisport.com\/index.php\/wp-json\/wp\/v2\/users\/1"}],"replies":[{"embeddable":true,"href":"https:\/\/legisport.com\/index.php\/wp-json\/wp\/v2\/comments?post=1735"}],"version-history":[{"count":1,"href":"https:\/\/legisport.com\/index.php\/wp-json\/wp\/v2\/posts\/1735\/revisions"}],"predecessor-version":[{"id":1736,"href":"https:\/\/legisport.com\/index.php\/wp-json\/wp\/v2\/posts\/1735\/revisions\/1736"}],"wp:attachment":[{"href":"https:\/\/legisport.com\/index.php\/wp-json\/wp\/v2\/media?parent=1735"}],"wp:term":[{"taxonomy":"category","embeddable":true,"href":"https:\/\/legisport.com\/index.php\/wp-json\/wp\/v2\/categories?post=1735"},{"taxonomy":"post_tag","embeddable":true,"href":"https:\/\/legisport.com\/index.php\/wp-json\/wp\/v2\/tags?post=1735"}],"curies":[{"name":"wp","href":"https:\/\/api.w.org\/{rel}","templated":true}]}}