{"id":1727,"date":"2021-03-24T09:13:33","date_gmt":"2021-03-24T09:13:33","guid":{"rendered":"http:\/\/legisport.com\/?p=1727"},"modified":"2021-03-24T09:15:26","modified_gmt":"2021-03-24T09:15:26","slug":"ihedn-provence-les-medias-leur-fonctionnement-et-la-pandemie-avec-patrick-lemoine-journaliste","status":"publish","type":"post","link":"https:\/\/legisport.com\/index.php\/2021\/03\/24\/ihedn-provence-les-medias-leur-fonctionnement-et-la-pandemie-avec-patrick-lemoine-journaliste\/","title":{"rendered":"Conf\u00e9rence IHEDN Provence \u00ab\u00a0Les m\u00e9dias, leur fonctionnement et la pand\u00e9mie\u00a0\u00bb"},"content":{"rendered":"\n<p>Lire la presse \u00e0 travers le prisme d\u2019un professionnel. Patrick LEMOINE nous a apport\u00e9 le 6 mars 2021 une vision d\u00e9taill\u00e9e de la presse \u00e9crite, au travers d\u2019exemples pr\u00e9cis, avec le recul n\u00e9cessaire et pour toile de fond la pand\u00e9mie de Covid19. <\/p>\n\n\n\n<p>La presse \u00e9crite, nationale et r\u00e9gionale, mais aussi les autres m\u00e9dias. Avec leurs actions et interactions en donnant la parole, au travers d\u2019articles aux diff\u00e9rents acteurs en jeu. Une pr\u00e9sentation compl\u00e8te o\u00f9 il s\u2019est attach\u00e9 \u00e0 nous faire d\u00e9couvrir les diff\u00e9rents m\u00e9tiers, du journaliste au chroniqueur, de l\u2019\u00e9ditorialiste au r\u00e9dacteur en chef, de la conception d\u2019un journal \u00e0 sa production. <\/p>\n\n\n\n<p>Patrick LEMOINE s\u2019est \u00e9galement attach\u00e9 \u00e0 nous pr\u00e9senter, en chiffres, les donn\u00e9es du \u00ab ressenti \u00bb des Fran\u00e7ais vis-\u00e0-vis de la presse, dans le cadre sanitaire particulier d\u2019aujourd\u2019hui. Sans oublier le volet financier, y compris d\u2019Etat, sans qui la diversit\u00e9 de l\u2019offre ne serait plus qu\u2019un lointain souvenir. Malgr\u00e9 les difficult\u00e9s et contraintes de ces \u00ab rencontres virtuelles \u00bb, la d\u00e9couverte de ce monde, souvent d\u00e9cri\u00e9, a \u00e9t\u00e9 une source d\u2019enrichissement salu\u00e9e \u00e0 l\u2019unanimit\u00e9 par les participants. <\/p>\n\n\n\n<p>Patrick LEMOINE est un journaliste professionnel, qui a exerc\u00e9 pendant plus de trente ans dans des m\u00e9dias nationaux (France Culture, Radio France Internationale, France3, mais surtout la presse \u00e9crite, Le Monde, L\u2019Expansion, La Croix). Sp\u00e9cialiste des sujets \u00e9conomiques, a\u00e9ronautiques et de d\u00e9fense, il est devenu grand reporter apr\u00e8s avoir \u00e9t\u00e9 quelques ann\u00e9es chef de service. Pendant ces ann\u00e9es il a aussi publi\u00e9 des guides (Gallimard, Hachette) et des articles dans des revues internationales (IFRI). Il est aujourd\u2019hui journaliste honoraire et travaille sur des sujets de communication et d\u2019information institutionnelle.\u00a0 <\/p>\n\n\n\n<p><strong>Article de Daniel HUILLET publi\u00e9 dans la Lettre d&rsquo;informations IHEDN Provence, association r\u00e9gionale des Auditeurs de l&rsquo;Institut des Hautes Etudes de D\u00e9fense Nationale, n\u00b047 \/ mars 2021.<\/strong><\/p>\n\n\n\n<p><strong>Pr\u00e9sident : Michel FOUDRIAT. Mail : ar9comm@gmail.com<\/strong><\/p>\n\n\n\n<figure class=\"wp-block-image size-large\"><img loading=\"lazy\" decoding=\"async\" width=\"1024\" height=\"316\" src=\"https:\/\/legisport.com\/wp-content\/uploads\/2021\/03\/En-tete-lettre-info-AR9-1024x316.jpg\" alt=\"\" class=\"wp-image-1726\" srcset=\"https:\/\/legisport.com\/wp-content\/uploads\/2021\/03\/En-tete-lettre-info-AR9-1024x316.jpg 1024w, https:\/\/legisport.com\/wp-content\/uploads\/2021\/03\/En-tete-lettre-info-AR9-300x93.jpg 300w, https:\/\/legisport.com\/wp-content\/uploads\/2021\/03\/En-tete-lettre-info-AR9-768x237.jpg 768w, https:\/\/legisport.com\/wp-content\/uploads\/2021\/03\/En-tete-lettre-info-AR9.jpg 1288w\" sizes=\"auto, (max-width: 1024px) 100vw, 1024px\" \/><\/figure>\n","protected":false},"excerpt":{"rendered":"<p>Lire la presse \u00e0 travers le prisme d\u2019un professionnel. Patrick LEMOINE nous a apport\u00e9 le 6 mars 2021 une vision d\u00e9taill\u00e9e de la presse \u00e9crite, au travers d\u2019exemples pr\u00e9cis, avec le recul n\u00e9cessaire et pour toile de fond la pand\u00e9mie de Covid19. La presse \u00e9crite, nationale et r\u00e9gionale, mais aussi les autres m\u00e9dias. Avec leurs [&hellip;]<\/p>\n","protected":false},"author":1,"featured_media":0,"comment_status":"closed","ping_status":"open","sticky":false,"template":"","format":"standard","meta":{"footnotes":""},"categories":[1],"tags":[],"class_list":["post-1727","post","type-post","status-publish","format-standard","hentry","category-uncategorized","basic-color-border"],"yoast_head":"<!-- This site is optimized with the Yoast SEO plugin v17.4 - https:\/\/yoast.com\/wordpress\/plugins\/seo\/ -->\n<meta name=\"description\" content=\"Lire la presse \u00e0 travers le prisme d\u2019un professionnel. Patrick LEMOINE nous a apport\u00e9 le 6 mars 2021 une vision d\u00e9taill\u00e9e de la presse \u00e9crite, au travers d\u2019exemples pr\u00e9cis, avec le recul n\u00e9cessaire et pour toile de fond la pand\u00e9mie de Covid19.\" \/>\n<meta name=\"robots\" content=\"index, follow, max-snippet:-1, max-image-preview:large, max-video-preview:-1\" \/>\n<link rel=\"canonical\" href=\"https:\/\/legisport.com\/index.php\/2021\/03\/24\/ihedn-provence-les-medias-leur-fonctionnement-et-la-pandemie-avec-patrick-lemoine-journaliste\/\" \/>\n<meta property=\"og:locale\" content=\"fr_FR\" \/>\n<meta property=\"og:type\" content=\"article\" \/>\n<meta property=\"og:title\" content=\"Conf\u00e9rence IHEDN Provence &quot;Les m\u00e9dias, leur fonctionnement et la pand\u00e9mie&quot; - legisport\" \/>\n<meta property=\"og:description\" content=\"Lire la presse \u00e0 travers le prisme d\u2019un professionnel. Patrick LEMOINE nous a apport\u00e9 le 6 mars 2021 une vision d\u00e9taill\u00e9e de la presse \u00e9crite, au travers d\u2019exemples pr\u00e9cis, avec le recul n\u00e9cessaire et pour toile de fond la pand\u00e9mie de Covid19.\" \/>\n<meta property=\"og:url\" content=\"https:\/\/legisport.com\/index.php\/2021\/03\/24\/ihedn-provence-les-medias-leur-fonctionnement-et-la-pandemie-avec-patrick-lemoine-journaliste\/\" \/>\n<meta property=\"og:site_name\" content=\"legisport\" \/>\n<meta property=\"article:published_time\" content=\"2021-03-24T09:13:33+00:00\" \/>\n<meta property=\"article:modified_time\" content=\"2021-03-24T09:15:26+00:00\" \/>\n<meta property=\"og:image\" content=\"http:\/\/legisport.com\/wp-content\/uploads\/2021\/03\/En-tete-lettre-info-AR9-1024x316.jpg\" \/>\n<meta name=\"twitter:card\" content=\"summary_large_image\" \/>\n<meta name=\"twitter:label1\" content=\"\u00c9crit par\" \/>\n\t<meta name=\"twitter:data1\" content=\"admin8312\" \/>\n\t<meta name=\"twitter:label2\" content=\"Dur\u00e9e de lecture est.\" \/>\n\t<meta name=\"twitter:data2\" content=\"2 minutes\" \/>\n<script type=\"application\/ld+json\" class=\"yoast-schema-graph\">{\"@context\":\"https:\/\/schema.org\",\"@graph\":[{\"@type\":\"WebSite\",\"@id\":\"https:\/\/legisport.com\/#website\",\"url\":\"https:\/\/legisport.com\/\",\"name\":\"legisport\",\"description\":\"1991 : fondation de LEGISPORT. 1996 : lancement du bulletin d&#039;informations juridiques sportives LEGISPORT. Tout sur le droit du sport.\",\"potentialAction\":[{\"@type\":\"SearchAction\",\"target\":{\"@type\":\"EntryPoint\",\"urlTemplate\":\"https:\/\/legisport.com\/?s={search_term_string}\"},\"query-input\":\"required name=search_term_string\"}],\"inLanguage\":\"fr-FR\"},{\"@type\":\"ImageObject\",\"@id\":\"https:\/\/legisport.com\/index.php\/2021\/03\/24\/ihedn-provence-les-medias-leur-fonctionnement-et-la-pandemie-avec-patrick-lemoine-journaliste\/#primaryimage\",\"inLanguage\":\"fr-FR\",\"url\":\"http:\/\/legisport.com\/wp-content\/uploads\/2021\/03\/En-tete-lettre-info-AR9-1024x316.jpg\",\"contentUrl\":\"http:\/\/legisport.com\/wp-content\/uploads\/2021\/03\/En-tete-lettre-info-AR9-1024x316.jpg\"},{\"@type\":\"WebPage\",\"@id\":\"https:\/\/legisport.com\/index.php\/2021\/03\/24\/ihedn-provence-les-medias-leur-fonctionnement-et-la-pandemie-avec-patrick-lemoine-journaliste\/#webpage\",\"url\":\"https:\/\/legisport.com\/index.php\/2021\/03\/24\/ihedn-provence-les-medias-leur-fonctionnement-et-la-pandemie-avec-patrick-lemoine-journaliste\/\",\"name\":\"Conf\\u00e9rence IHEDN Provence \\\"Les m\\u00e9dias, leur fonctionnement et la pand\\u00e9mie\\\" - legisport\",\"isPartOf\":{\"@id\":\"https:\/\/legisport.com\/#website\"},\"primaryImageOfPage\":{\"@id\":\"https:\/\/legisport.com\/index.php\/2021\/03\/24\/ihedn-provence-les-medias-leur-fonctionnement-et-la-pandemie-avec-patrick-lemoine-journaliste\/#primaryimage\"},\"datePublished\":\"2021-03-24T09:13:33+00:00\",\"dateModified\":\"2021-03-24T09:15:26+00:00\",\"author\":{\"@id\":\"https:\/\/legisport.com\/#\/schema\/person\/abccfb880c12073a27d7cb433cf39cf2\"},\"description\":\"Lire la presse \\u00e0 travers le prisme d\\u2019un professionnel. Patrick LEMOINE nous a apport\\u00e9 le 6 mars 2021 une vision d\\u00e9taill\\u00e9e de la presse \\u00e9crite, au travers d\\u2019exemples pr\\u00e9cis, avec le recul n\\u00e9cessaire et pour toile de fond la pand\\u00e9mie de Covid19.\",\"breadcrumb\":{\"@id\":\"https:\/\/legisport.com\/index.php\/2021\/03\/24\/ihedn-provence-les-medias-leur-fonctionnement-et-la-pandemie-avec-patrick-lemoine-journaliste\/#breadcrumb\"},\"inLanguage\":\"fr-FR\",\"potentialAction\":[{\"@type\":\"ReadAction\",\"target\":[\"https:\/\/legisport.com\/index.php\/2021\/03\/24\/ihedn-provence-les-medias-leur-fonctionnement-et-la-pandemie-avec-patrick-lemoine-journaliste\/\"]}]},{\"@type\":\"BreadcrumbList\",\"@id\":\"https:\/\/legisport.com\/index.php\/2021\/03\/24\/ihedn-provence-les-medias-leur-fonctionnement-et-la-pandemie-avec-patrick-lemoine-journaliste\/#breadcrumb\",\"itemListElement\":[{\"@type\":\"ListItem\",\"position\":1,\"name\":\"Accueil\",\"item\":\"https:\/\/legisport.com\/\"},{\"@type\":\"ListItem\",\"position\":2,\"name\":\"Conf\\u00e9rence IHEDN Provence \\u00ab\\u00a0Les m\\u00e9dias, leur fonctionnement et la pand\\u00e9mie\\u00a0\\u00bb\"}]},{\"@type\":\"Person\",\"@id\":\"https:\/\/legisport.com\/#\/schema\/person\/abccfb880c12073a27d7cb433cf39cf2\",\"name\":\"admin8312\",\"image\":{\"@type\":\"ImageObject\",\"@id\":\"https:\/\/legisport.com\/#personlogo\",\"inLanguage\":\"fr-FR\",\"url\":\"https:\/\/secure.gravatar.com\/avatar\/1e990537051617f93586bce114145ae0ff87fb7f69693d7eea4b09eb39a38ee0?s=96&d=mm&r=g\",\"contentUrl\":\"https:\/\/secure.gravatar.com\/avatar\/1e990537051617f93586bce114145ae0ff87fb7f69693d7eea4b09eb39a38ee0?s=96&d=mm&r=g\",\"caption\":\"admin8312\"},\"url\":\"https:\/\/legisport.com\/index.php\/author\/admin8312\/\"}]}<\/script>\n<!-- \/ Yoast SEO plugin. -->","yoast_head_json":{"description":"Lire la presse \u00e0 travers le prisme d\u2019un professionnel. Patrick LEMOINE nous a apport\u00e9 le 6 mars 2021 une vision d\u00e9taill\u00e9e de la presse \u00e9crite, au travers d\u2019exemples pr\u00e9cis, avec le recul n\u00e9cessaire et pour toile de fond la pand\u00e9mie de Covid19.","robots":{"index":"index","follow":"follow","max-snippet":"max-snippet:-1","max-image-preview":"max-image-preview:large","max-video-preview":"max-video-preview:-1"},"canonical":"https:\/\/legisport.com\/index.php\/2021\/03\/24\/ihedn-provence-les-medias-leur-fonctionnement-et-la-pandemie-avec-patrick-lemoine-journaliste\/","og_locale":"fr_FR","og_type":"article","og_title":"Conf\u00e9rence IHEDN Provence \"Les m\u00e9dias, leur fonctionnement et la pand\u00e9mie\" - legisport","og_description":"Lire la presse \u00e0 travers le prisme d\u2019un professionnel. Patrick LEMOINE nous a apport\u00e9 le 6 mars 2021 une vision d\u00e9taill\u00e9e de la presse \u00e9crite, au travers d\u2019exemples pr\u00e9cis, avec le recul n\u00e9cessaire et pour toile de fond la pand\u00e9mie de Covid19.","og_url":"https:\/\/legisport.com\/index.php\/2021\/03\/24\/ihedn-provence-les-medias-leur-fonctionnement-et-la-pandemie-avec-patrick-lemoine-journaliste\/","og_site_name":"legisport","article_published_time":"2021-03-24T09:13:33+00:00","article_modified_time":"2021-03-24T09:15:26+00:00","og_image":[{"url":"http:\/\/legisport.com\/wp-content\/uploads\/2021\/03\/En-tete-lettre-info-AR9-1024x316.jpg"}],"twitter_card":"summary_large_image","twitter_misc":{"\u00c9crit par":"admin8312","Dur\u00e9e de lecture est.":"2 minutes"},"schema":{"@context":"https:\/\/schema.org","@graph":[{"@type":"WebSite","@id":"https:\/\/legisport.com\/#website","url":"https:\/\/legisport.com\/","name":"legisport","description":"1991 : fondation de LEGISPORT. 1996 : lancement du bulletin d&#039;informations juridiques sportives LEGISPORT. Tout sur le droit du sport.","potentialAction":[{"@type":"SearchAction","target":{"@type":"EntryPoint","urlTemplate":"https:\/\/legisport.com\/?s={search_term_string}"},"query-input":"required name=search_term_string"}],"inLanguage":"fr-FR"},{"@type":"ImageObject","@id":"https:\/\/legisport.com\/index.php\/2021\/03\/24\/ihedn-provence-les-medias-leur-fonctionnement-et-la-pandemie-avec-patrick-lemoine-journaliste\/#primaryimage","inLanguage":"fr-FR","url":"http:\/\/legisport.com\/wp-content\/uploads\/2021\/03\/En-tete-lettre-info-AR9-1024x316.jpg","contentUrl":"http:\/\/legisport.com\/wp-content\/uploads\/2021\/03\/En-tete-lettre-info-AR9-1024x316.jpg"},{"@type":"WebPage","@id":"https:\/\/legisport.com\/index.php\/2021\/03\/24\/ihedn-provence-les-medias-leur-fonctionnement-et-la-pandemie-avec-patrick-lemoine-journaliste\/#webpage","url":"https:\/\/legisport.com\/index.php\/2021\/03\/24\/ihedn-provence-les-medias-leur-fonctionnement-et-la-pandemie-avec-patrick-lemoine-journaliste\/","name":"Conf\u00e9rence IHEDN Provence \"Les m\u00e9dias, leur fonctionnement et la pand\u00e9mie\" - legisport","isPartOf":{"@id":"https:\/\/legisport.com\/#website"},"primaryImageOfPage":{"@id":"https:\/\/legisport.com\/index.php\/2021\/03\/24\/ihedn-provence-les-medias-leur-fonctionnement-et-la-pandemie-avec-patrick-lemoine-journaliste\/#primaryimage"},"datePublished":"2021-03-24T09:13:33+00:00","dateModified":"2021-03-24T09:15:26+00:00","author":{"@id":"https:\/\/legisport.com\/#\/schema\/person\/abccfb880c12073a27d7cb433cf39cf2"},"description":"Lire la presse \u00e0 travers le prisme d\u2019un professionnel. Patrick LEMOINE nous a apport\u00e9 le 6 mars 2021 une vision d\u00e9taill\u00e9e de la presse \u00e9crite, au travers d\u2019exemples pr\u00e9cis, avec le recul n\u00e9cessaire et pour toile de fond la pand\u00e9mie de Covid19.","breadcrumb":{"@id":"https:\/\/legisport.com\/index.php\/2021\/03\/24\/ihedn-provence-les-medias-leur-fonctionnement-et-la-pandemie-avec-patrick-lemoine-journaliste\/#breadcrumb"},"inLanguage":"fr-FR","potentialAction":[{"@type":"ReadAction","target":["https:\/\/legisport.com\/index.php\/2021\/03\/24\/ihedn-provence-les-medias-leur-fonctionnement-et-la-pandemie-avec-patrick-lemoine-journaliste\/"]}]},{"@type":"BreadcrumbList","@id":"https:\/\/legisport.com\/index.php\/2021\/03\/24\/ihedn-provence-les-medias-leur-fonctionnement-et-la-pandemie-avec-patrick-lemoine-journaliste\/#breadcrumb","itemListElement":[{"@type":"ListItem","position":1,"name":"Accueil","item":"https:\/\/legisport.com\/"},{"@type":"ListItem","position":2,"name":"Conf\u00e9rence IHEDN Provence \u00ab\u00a0Les m\u00e9dias, leur fonctionnement et la pand\u00e9mie\u00a0\u00bb"}]},{"@type":"Person","@id":"https:\/\/legisport.com\/#\/schema\/person\/abccfb880c12073a27d7cb433cf39cf2","name":"admin8312","image":{"@type":"ImageObject","@id":"https:\/\/legisport.com\/#personlogo","inLanguage":"fr-FR","url":"https:\/\/secure.gravatar.com\/avatar\/1e990537051617f93586bce114145ae0ff87fb7f69693d7eea4b09eb39a38ee0?s=96&d=mm&r=g","contentUrl":"https:\/\/secure.gravatar.com\/avatar\/1e990537051617f93586bce114145ae0ff87fb7f69693d7eea4b09eb39a38ee0?s=96&d=mm&r=g","caption":"admin8312"},"url":"https:\/\/legisport.com\/index.php\/author\/admin8312\/"}]}},"_links":{"self":[{"href":"https:\/\/legisport.com\/index.php\/wp-json\/wp\/v2\/posts\/1727","targetHints":{"allow":["GET"]}}],"collection":[{"href":"https:\/\/legisport.com\/index.php\/wp-json\/wp\/v2\/posts"}],"about":[{"href":"https:\/\/legisport.com\/index.php\/wp-json\/wp\/v2\/types\/post"}],"author":[{"embeddable":true,"href":"https:\/\/legisport.com\/index.php\/wp-json\/wp\/v2\/users\/1"}],"replies":[{"embeddable":true,"href":"https:\/\/legisport.com\/index.php\/wp-json\/wp\/v2\/comments?post=1727"}],"version-history":[{"count":2,"href":"https:\/\/legisport.com\/index.php\/wp-json\/wp\/v2\/posts\/1727\/revisions"}],"predecessor-version":[{"id":1729,"href":"https:\/\/legisport.com\/index.php\/wp-json\/wp\/v2\/posts\/1727\/revisions\/1729"}],"wp:attachment":[{"href":"https:\/\/legisport.com\/index.php\/wp-json\/wp\/v2\/media?parent=1727"}],"wp:term":[{"taxonomy":"category","embeddable":true,"href":"https:\/\/legisport.com\/index.php\/wp-json\/wp\/v2\/categories?post=1727"},{"taxonomy":"post_tag","embeddable":true,"href":"https:\/\/legisport.com\/index.php\/wp-json\/wp\/v2\/tags?post=1727"}],"curies":[{"name":"wp","href":"https:\/\/api.w.org\/{rel}","templated":true}]}}