{"id":1723,"date":"2021-03-20T14:54:36","date_gmt":"2021-03-20T14:54:36","guid":{"rendered":"http:\/\/legisport.com\/?p=1723"},"modified":"2021-03-20T14:55:52","modified_gmt":"2021-03-20T14:55:52","slug":"multiplions-les-actions-de-prevention-contre-le-racisme-dans-les-stades","status":"publish","type":"post","link":"https:\/\/legisport.com\/index.php\/2021\/03\/20\/multiplions-les-actions-de-prevention-contre-le-racisme-dans-les-stades\/","title":{"rendered":"Multiplions les actions de pr\u00e9vention contre le racisme dans les stades"},"content":{"rendered":"\n<p>Le racisme continue de s\u00e9vir sur les terrains. Le football n\u2019est pas \u00e9pargn\u00e9\net la Ligue de Football Professionnel a annonc\u00e9 dans un communiqu\u00e9 le 17 Mars\n2021 \u00ab&nbsp;Contre le racisme et l\u2019antis\u00e9mitisme, continuons \u00e0 gagner du terrain&nbsp;\u00bb&nbsp;:\n\u00ab&nbsp;en partenariat avec la Licra (Ligue internationale contre le racisme et\nl\u2019antis\u00e9mitisme) et dans le cadre de la semaine d\u2019\u00e9ducation et d\u2019actions contre\nle racisme et l\u2019antis\u00e9mitisme, les 30\u00e8mes journ\u00e9es de Ligue 1 et de Ligue 2 seront\nl\u2019occasion de sensibiliser \u00e0 nouveau les supporters et le grand public&nbsp;\u00bb.<\/p>\n\n\n\n<p>Quelques jours avant, le club de Lille le LOSC a publi\u00e9, \u00e0 la suite de son\nmatch de Coupe de France le 7 mars 2021 contre le GFC Ajaccio, un communiqu\u00e9 de\npresse dans lequel il \u00ab&nbsp;d\u00e9nonce sans r\u00e9serve les injures racistes\ninacceptables prof\u00e9r\u00e9es \u00e0 l\u2019encontre de ses joueurs par plusieurs de ces\nindividus. Le club regrette par ailleurs que ces comportements, pourtant\nvisibles et audibles des acteurs du match, n\u2019aient donn\u00e9 lieu \u00e0 aucune\nintervention de la part des organisateurs.&nbsp;Le LOSC apporte d\u2019une part son\ntotal soutien aux joueurs victimes de ces propos et rappelle son engagement\nsans concession contre le racisme et plus globalement toute forme de\ndiscrimination&nbsp;\u00bb. Ce fl\u00e9au a toujours \u00e9t\u00e9 pr\u00e9sent et nous avons tous en m\u00e9moire&nbsp; le match\nde Champions League opposant le Paris Saint-Germain \u00e0 l\u2019Istanbul Besaksehir au\ncours duquel le 8 D\u00e9cembre 2020, les joueurs du match ont quitt\u00e9 le match\nd\u00e9non\u00e7ant les propos racistes d\u2019un arbitre.<\/p>\n\n\n\n<p><strong>La campagne LEGISPORT \u00ab&nbsp;Mettre K.O. la violence et le racisme dans le\nsport&nbsp;\u00bb<\/strong><\/p>\n\n\n\n<p>C&rsquo;est \u00e0 chacun d&rsquo;apporter sa pierre \u00e0 l&rsquo;\u00e9difice de la lutte contre le racisme et avant de lancer notre campagne annuelle LEGISPORT \u00ab Mettre K.-O. la violence et le racisme dans le sport \u00bb, nous avions organis\u00e9 un Colloque international \u00ab\u00a0sport et racisme\u00a0\u00bb \u00a0le 9 Mai 1998 \u00e0 l\u2019IUFM de Lyon avec Joseph-Antoine Bell, ancien capitaine de l&rsquo;Olympique de Marseille et Dieb Mechiche. <\/p>\n\n\n\n<figure class=\"wp-block-image size-large\"><img loading=\"lazy\" decoding=\"async\" width=\"924\" height=\"768\" src=\"https:\/\/legisport.com\/wp-content\/uploads\/2021\/02\/colloquelegisportsportetracismebr.jpg\" alt=\"\" class=\"wp-image-1617\" srcset=\"https:\/\/legisport.com\/wp-content\/uploads\/2021\/02\/colloquelegisportsportetracismebr.jpg 924w, https:\/\/legisport.com\/wp-content\/uploads\/2021\/02\/colloquelegisportsportetracismebr-300x249.jpg 300w, https:\/\/legisport.com\/wp-content\/uploads\/2021\/02\/colloquelegisportsportetracismebr-768x638.jpg 768w\" sizes=\"auto, (max-width: 924px) 100vw, 924px\" \/><figcaption>A la table des conf\u00e9renciers, d\u00e9j\u00e0 une \u00e9quipe \u00ab\u00a0black blanc beur\u00a0\u00bb avec Joseph-Antoine Bell, Me Serge Pautot (.LEGISPORT) et Dieb Mechiche<\/figcaption><\/figure>\n\n\n\n<p>Nous avions re\u00e7u deux messages de soutien, un du Pr\u00e9sident du Comit\u00e9 International Olympique Juan Antonio Samaranch et un autre de Marie-George Buffet, Ministre des sports. Dans son message, le Pr\u00e9sident Samaranch soulignait : \u00ab\u00a0le mouvement olympique a pour buit de contribuer \u00e0 b\u00e2tir un monde pacifique et meilleur en \u00e9duquant la jeunesse par le moyen du sport pratiqu\u00e9 sans discrimination d&rsquo;aucune sorte et dans l&rsquo;esprit olympique qui exige la compr\u00e9hension mutuelle, l&rsquo;esprit d&rsquo;amiti\u00e9, la solidarit\u00e9 et le flair-play. Je me r\u00e9jouis donc de l&rsquo;initiative entreprise par LEGISPORT \u00e0 d\u00e9fendre la valeur \u00e9ducative et \u00e9thique du sport\u00a0\u00bb. La Ministre Marie-George Buffet avait \u00e9galement dans un message adress\u00e9 aux participants de ce Colloque ses \u00ab\u00a0encouragements \u00e0 poursuivre leur mission en faveur de la cause qu&rsquo;ils ont choisi de d\u00e9fendre\u00a0\u00bb tout en estimant qu&rsquo; \u00ab\u00a0il est essentiel d&rsquo;affirmer l&rsquo;apport irrempla\u00e7able dans la lutte qui doit \u00eatre men\u00e9e \u00e0 l&rsquo;encontre de toutes les formes d&rsquo;exclusion et de racisme\u00a0\u00bb.<\/p>\n\n\n\n<p>Et pourquoi pas avant chaque match, amateur ou professionnel, une charte\ndevait \u00eatre lue en public. Cette initiative pourrait \u00e9galement \u00eatre \u00e9tendue aux\nmatchs dans les \u00e9coles, coll\u00e8ges, lyc\u00e9es, universit\u00e9s ou autres enseignements.\nLa pr\u00e9vention, l&rsquo;\u00e9ducation doivent \u00eatre les ma\u00eetres mots. C\u2019est le sens et la finalit\u00e9\nde la campagne LEGISPORT \u00ab&nbsp;Mettre K.O. la violence et le racisme dans le\nsport&nbsp;\u00bb.<\/p>\n\n\n\n<p><strong>Contact&nbsp;: legisport@wanadoo.fr<\/strong><\/p>\n","protected":false},"excerpt":{"rendered":"<p>Le racisme continue de s\u00e9vir sur les terrains. Le football n\u2019est pas \u00e9pargn\u00e9 et la Ligue de Football Professionnel a annonc\u00e9 dans un communiqu\u00e9 le 17 Mars 2021 \u00ab&nbsp;Contre le racisme et l\u2019antis\u00e9mitisme, continuons \u00e0 gagner du terrain&nbsp;\u00bb&nbsp;: \u00ab&nbsp;en partenariat avec la Licra (Ligue internationale contre le racisme et l\u2019antis\u00e9mitisme) et dans le cadre de [&hellip;]<\/p>\n","protected":false},"author":1,"featured_media":0,"comment_status":"closed","ping_status":"open","sticky":false,"template":"","format":"standard","meta":{"footnotes":""},"categories":[1],"tags":[],"class_list":["post-1723","post","type-post","status-publish","format-standard","hentry","category-uncategorized","basic-color-border"],"yoast_head":"<!-- This site is optimized with the Yoast SEO plugin v17.4 - https:\/\/yoast.com\/wordpress\/plugins\/seo\/ -->\n<meta name=\"description\" content=\"C&#039;est \u00e0 chacun d&#039;apporter sa pierre \u00e0 l&#039;\u00e9difice de la lutte contre le racisme et avant de lancer notre campagne annuelle LEGISPORT \u00ab Mettre K.-O. la violence et le racisme dans le sport \u00bb, nous avions organis\u00e9 un Colloque international \u00ab sport et racisme \u00bb le 9 Mai 1998 \u00e0 l\u2019IUFM de Lyon avec Joseph-Antoine Bell, ancien capitaine de l&#039;Olympique de Marseille et Dieb Mechiche.\" \/>\n<meta name=\"robots\" content=\"index, follow, max-snippet:-1, max-image-preview:large, max-video-preview:-1\" \/>\n<link rel=\"canonical\" href=\"https:\/\/legisport.com\/index.php\/2021\/03\/20\/multiplions-les-actions-de-prevention-contre-le-racisme-dans-les-stades\/\" \/>\n<meta property=\"og:locale\" content=\"fr_FR\" \/>\n<meta property=\"og:type\" content=\"article\" \/>\n<meta property=\"og:title\" content=\"Multiplions les actions de pr\u00e9vention contre le racisme dans les stades - legisport\" \/>\n<meta property=\"og:description\" content=\"C&#039;est \u00e0 chacun d&#039;apporter sa pierre \u00e0 l&#039;\u00e9difice de la lutte contre le racisme et avant de lancer notre campagne annuelle LEGISPORT \u00ab Mettre K.-O. la violence et le racisme dans le sport \u00bb, nous avions organis\u00e9 un Colloque international \u00ab sport et racisme \u00bb le 9 Mai 1998 \u00e0 l\u2019IUFM de Lyon avec Joseph-Antoine Bell, ancien capitaine de l&#039;Olympique de Marseille et Dieb Mechiche.\" \/>\n<meta property=\"og:url\" content=\"https:\/\/legisport.com\/index.php\/2021\/03\/20\/multiplions-les-actions-de-prevention-contre-le-racisme-dans-les-stades\/\" \/>\n<meta property=\"og:site_name\" content=\"legisport\" \/>\n<meta property=\"article:published_time\" content=\"2021-03-20T14:54:36+00:00\" \/>\n<meta property=\"article:modified_time\" content=\"2021-03-20T14:55:52+00:00\" \/>\n<meta property=\"og:image\" content=\"http:\/\/legisport.com\/wp-content\/uploads\/2021\/02\/colloquelegisportsportetracismebr.jpg\" \/>\n<meta name=\"twitter:card\" content=\"summary_large_image\" \/>\n<meta name=\"twitter:label1\" content=\"\u00c9crit par\" \/>\n\t<meta name=\"twitter:data1\" content=\"admin8312\" \/>\n\t<meta name=\"twitter:label2\" content=\"Dur\u00e9e de lecture est.\" \/>\n\t<meta name=\"twitter:data2\" content=\"3 minutes\" \/>\n<script type=\"application\/ld+json\" class=\"yoast-schema-graph\">{\"@context\":\"https:\/\/schema.org\",\"@graph\":[{\"@type\":\"WebSite\",\"@id\":\"https:\/\/legisport.com\/#website\",\"url\":\"https:\/\/legisport.com\/\",\"name\":\"legisport\",\"description\":\"1991 : fondation de LEGISPORT. 1996 : lancement du bulletin d&#039;informations juridiques sportives LEGISPORT. Tout sur le droit du sport.\",\"potentialAction\":[{\"@type\":\"SearchAction\",\"target\":{\"@type\":\"EntryPoint\",\"urlTemplate\":\"https:\/\/legisport.com\/?s={search_term_string}\"},\"query-input\":\"required name=search_term_string\"}],\"inLanguage\":\"fr-FR\"},{\"@type\":\"ImageObject\",\"@id\":\"https:\/\/legisport.com\/index.php\/2021\/03\/20\/multiplions-les-actions-de-prevention-contre-le-racisme-dans-les-stades\/#primaryimage\",\"inLanguage\":\"fr-FR\",\"url\":\"http:\/\/legisport.com\/wp-content\/uploads\/2021\/02\/colloquelegisportsportetracismebr.jpg\",\"contentUrl\":\"http:\/\/legisport.com\/wp-content\/uploads\/2021\/02\/colloquelegisportsportetracismebr.jpg\"},{\"@type\":\"WebPage\",\"@id\":\"https:\/\/legisport.com\/index.php\/2021\/03\/20\/multiplions-les-actions-de-prevention-contre-le-racisme-dans-les-stades\/#webpage\",\"url\":\"https:\/\/legisport.com\/index.php\/2021\/03\/20\/multiplions-les-actions-de-prevention-contre-le-racisme-dans-les-stades\/\",\"name\":\"Multiplions les actions de pr\\u00e9vention contre le racisme dans les stades - legisport\",\"isPartOf\":{\"@id\":\"https:\/\/legisport.com\/#website\"},\"primaryImageOfPage\":{\"@id\":\"https:\/\/legisport.com\/index.php\/2021\/03\/20\/multiplions-les-actions-de-prevention-contre-le-racisme-dans-les-stades\/#primaryimage\"},\"datePublished\":\"2021-03-20T14:54:36+00:00\",\"dateModified\":\"2021-03-20T14:55:52+00:00\",\"author\":{\"@id\":\"https:\/\/legisport.com\/#\/schema\/person\/abccfb880c12073a27d7cb433cf39cf2\"},\"description\":\"C'est \\u00e0 chacun d'apporter sa pierre \\u00e0 l'\\u00e9difice de la lutte contre le racisme et avant de lancer notre campagne annuelle LEGISPORT \\u00ab Mettre K.-O. la violence et le racisme dans le sport \\u00bb, nous avions organis\\u00e9 un Colloque international \\u00ab sport et racisme \\u00bb le 9 Mai 1998 \\u00e0 l\\u2019IUFM de Lyon avec Joseph-Antoine Bell, ancien capitaine de l'Olympique de Marseille et Dieb Mechiche.\",\"breadcrumb\":{\"@id\":\"https:\/\/legisport.com\/index.php\/2021\/03\/20\/multiplions-les-actions-de-prevention-contre-le-racisme-dans-les-stades\/#breadcrumb\"},\"inLanguage\":\"fr-FR\",\"potentialAction\":[{\"@type\":\"ReadAction\",\"target\":[\"https:\/\/legisport.com\/index.php\/2021\/03\/20\/multiplions-les-actions-de-prevention-contre-le-racisme-dans-les-stades\/\"]}]},{\"@type\":\"BreadcrumbList\",\"@id\":\"https:\/\/legisport.com\/index.php\/2021\/03\/20\/multiplions-les-actions-de-prevention-contre-le-racisme-dans-les-stades\/#breadcrumb\",\"itemListElement\":[{\"@type\":\"ListItem\",\"position\":1,\"name\":\"Accueil\",\"item\":\"https:\/\/legisport.com\/\"},{\"@type\":\"ListItem\",\"position\":2,\"name\":\"Multiplions les actions de pr\\u00e9vention contre le racisme dans les stades\"}]},{\"@type\":\"Person\",\"@id\":\"https:\/\/legisport.com\/#\/schema\/person\/abccfb880c12073a27d7cb433cf39cf2\",\"name\":\"admin8312\",\"image\":{\"@type\":\"ImageObject\",\"@id\":\"https:\/\/legisport.com\/#personlogo\",\"inLanguage\":\"fr-FR\",\"url\":\"https:\/\/secure.gravatar.com\/avatar\/1e990537051617f93586bce114145ae0ff87fb7f69693d7eea4b09eb39a38ee0?s=96&d=mm&r=g\",\"contentUrl\":\"https:\/\/secure.gravatar.com\/avatar\/1e990537051617f93586bce114145ae0ff87fb7f69693d7eea4b09eb39a38ee0?s=96&d=mm&r=g\",\"caption\":\"admin8312\"},\"url\":\"https:\/\/legisport.com\/index.php\/author\/admin8312\/\"}]}<\/script>\n<!-- \/ Yoast SEO plugin. -->","yoast_head_json":{"description":"C'est \u00e0 chacun d'apporter sa pierre \u00e0 l'\u00e9difice de la lutte contre le racisme et avant de lancer notre campagne annuelle LEGISPORT \u00ab Mettre K.-O. la violence et le racisme dans le sport \u00bb, nous avions organis\u00e9 un Colloque international \u00ab sport et racisme \u00bb le 9 Mai 1998 \u00e0 l\u2019IUFM de Lyon avec Joseph-Antoine Bell, ancien capitaine de l'Olympique de Marseille et Dieb Mechiche.","robots":{"index":"index","follow":"follow","max-snippet":"max-snippet:-1","max-image-preview":"max-image-preview:large","max-video-preview":"max-video-preview:-1"},"canonical":"https:\/\/legisport.com\/index.php\/2021\/03\/20\/multiplions-les-actions-de-prevention-contre-le-racisme-dans-les-stades\/","og_locale":"fr_FR","og_type":"article","og_title":"Multiplions les actions de pr\u00e9vention contre le racisme dans les stades - legisport","og_description":"C'est \u00e0 chacun d'apporter sa pierre \u00e0 l'\u00e9difice de la lutte contre le racisme et avant de lancer notre campagne annuelle LEGISPORT \u00ab Mettre K.-O. la violence et le racisme dans le sport \u00bb, nous avions organis\u00e9 un Colloque international \u00ab sport et racisme \u00bb le 9 Mai 1998 \u00e0 l\u2019IUFM de Lyon avec Joseph-Antoine Bell, ancien capitaine de l'Olympique de Marseille et Dieb Mechiche.","og_url":"https:\/\/legisport.com\/index.php\/2021\/03\/20\/multiplions-les-actions-de-prevention-contre-le-racisme-dans-les-stades\/","og_site_name":"legisport","article_published_time":"2021-03-20T14:54:36+00:00","article_modified_time":"2021-03-20T14:55:52+00:00","og_image":[{"url":"http:\/\/legisport.com\/wp-content\/uploads\/2021\/02\/colloquelegisportsportetracismebr.jpg"}],"twitter_card":"summary_large_image","twitter_misc":{"\u00c9crit par":"admin8312","Dur\u00e9e de lecture est.":"3 minutes"},"schema":{"@context":"https:\/\/schema.org","@graph":[{"@type":"WebSite","@id":"https:\/\/legisport.com\/#website","url":"https:\/\/legisport.com\/","name":"legisport","description":"1991 : fondation de LEGISPORT. 1996 : lancement du bulletin d&#039;informations juridiques sportives LEGISPORT. Tout sur le droit du sport.","potentialAction":[{"@type":"SearchAction","target":{"@type":"EntryPoint","urlTemplate":"https:\/\/legisport.com\/?s={search_term_string}"},"query-input":"required name=search_term_string"}],"inLanguage":"fr-FR"},{"@type":"ImageObject","@id":"https:\/\/legisport.com\/index.php\/2021\/03\/20\/multiplions-les-actions-de-prevention-contre-le-racisme-dans-les-stades\/#primaryimage","inLanguage":"fr-FR","url":"http:\/\/legisport.com\/wp-content\/uploads\/2021\/02\/colloquelegisportsportetracismebr.jpg","contentUrl":"http:\/\/legisport.com\/wp-content\/uploads\/2021\/02\/colloquelegisportsportetracismebr.jpg"},{"@type":"WebPage","@id":"https:\/\/legisport.com\/index.php\/2021\/03\/20\/multiplions-les-actions-de-prevention-contre-le-racisme-dans-les-stades\/#webpage","url":"https:\/\/legisport.com\/index.php\/2021\/03\/20\/multiplions-les-actions-de-prevention-contre-le-racisme-dans-les-stades\/","name":"Multiplions les actions de pr\u00e9vention contre le racisme dans les stades - legisport","isPartOf":{"@id":"https:\/\/legisport.com\/#website"},"primaryImageOfPage":{"@id":"https:\/\/legisport.com\/index.php\/2021\/03\/20\/multiplions-les-actions-de-prevention-contre-le-racisme-dans-les-stades\/#primaryimage"},"datePublished":"2021-03-20T14:54:36+00:00","dateModified":"2021-03-20T14:55:52+00:00","author":{"@id":"https:\/\/legisport.com\/#\/schema\/person\/abccfb880c12073a27d7cb433cf39cf2"},"description":"C'est \u00e0 chacun d'apporter sa pierre \u00e0 l'\u00e9difice de la lutte contre le racisme et avant de lancer notre campagne annuelle LEGISPORT \u00ab Mettre K.-O. la violence et le racisme dans le sport \u00bb, nous avions organis\u00e9 un Colloque international \u00ab sport et racisme \u00bb le 9 Mai 1998 \u00e0 l\u2019IUFM de Lyon avec Joseph-Antoine Bell, ancien capitaine de l'Olympique de Marseille et Dieb Mechiche.","breadcrumb":{"@id":"https:\/\/legisport.com\/index.php\/2021\/03\/20\/multiplions-les-actions-de-prevention-contre-le-racisme-dans-les-stades\/#breadcrumb"},"inLanguage":"fr-FR","potentialAction":[{"@type":"ReadAction","target":["https:\/\/legisport.com\/index.php\/2021\/03\/20\/multiplions-les-actions-de-prevention-contre-le-racisme-dans-les-stades\/"]}]},{"@type":"BreadcrumbList","@id":"https:\/\/legisport.com\/index.php\/2021\/03\/20\/multiplions-les-actions-de-prevention-contre-le-racisme-dans-les-stades\/#breadcrumb","itemListElement":[{"@type":"ListItem","position":1,"name":"Accueil","item":"https:\/\/legisport.com\/"},{"@type":"ListItem","position":2,"name":"Multiplions les actions de pr\u00e9vention contre le racisme dans les stades"}]},{"@type":"Person","@id":"https:\/\/legisport.com\/#\/schema\/person\/abccfb880c12073a27d7cb433cf39cf2","name":"admin8312","image":{"@type":"ImageObject","@id":"https:\/\/legisport.com\/#personlogo","inLanguage":"fr-FR","url":"https:\/\/secure.gravatar.com\/avatar\/1e990537051617f93586bce114145ae0ff87fb7f69693d7eea4b09eb39a38ee0?s=96&d=mm&r=g","contentUrl":"https:\/\/secure.gravatar.com\/avatar\/1e990537051617f93586bce114145ae0ff87fb7f69693d7eea4b09eb39a38ee0?s=96&d=mm&r=g","caption":"admin8312"},"url":"https:\/\/legisport.com\/index.php\/author\/admin8312\/"}]}},"_links":{"self":[{"href":"https:\/\/legisport.com\/index.php\/wp-json\/wp\/v2\/posts\/1723","targetHints":{"allow":["GET"]}}],"collection":[{"href":"https:\/\/legisport.com\/index.php\/wp-json\/wp\/v2\/posts"}],"about":[{"href":"https:\/\/legisport.com\/index.php\/wp-json\/wp\/v2\/types\/post"}],"author":[{"embeddable":true,"href":"https:\/\/legisport.com\/index.php\/wp-json\/wp\/v2\/users\/1"}],"replies":[{"embeddable":true,"href":"https:\/\/legisport.com\/index.php\/wp-json\/wp\/v2\/comments?post=1723"}],"version-history":[{"count":2,"href":"https:\/\/legisport.com\/index.php\/wp-json\/wp\/v2\/posts\/1723\/revisions"}],"predecessor-version":[{"id":1725,"href":"https:\/\/legisport.com\/index.php\/wp-json\/wp\/v2\/posts\/1723\/revisions\/1725"}],"wp:attachment":[{"href":"https:\/\/legisport.com\/index.php\/wp-json\/wp\/v2\/media?parent=1723"}],"wp:term":[{"taxonomy":"category","embeddable":true,"href":"https:\/\/legisport.com\/index.php\/wp-json\/wp\/v2\/categories?post=1723"},{"taxonomy":"post_tag","embeddable":true,"href":"https:\/\/legisport.com\/index.php\/wp-json\/wp\/v2\/tags?post=1723"}],"curies":[{"name":"wp","href":"https:\/\/api.w.org\/{rel}","templated":true}]}}