{"id":1582,"date":"2020-12-08T17:26:31","date_gmt":"2020-12-08T17:26:31","guid":{"rendered":"http:\/\/legisport.com\/?p=1582"},"modified":"2020-12-08T17:26:39","modified_gmt":"2020-12-08T17:26:39","slug":"une-contribution-a-lhistoire-du-sport","status":"publish","type":"post","link":"https:\/\/legisport.com\/index.php\/2020\/12\/08\/une-contribution-a-lhistoire-du-sport\/","title":{"rendered":"Une contribution \u00e0 l&rsquo;histoire du sport"},"content":{"rendered":"\n<figure class=\"wp-block-image size-large\"><img loading=\"lazy\" decoding=\"async\" width=\"662\" height=\"901\" src=\"https:\/\/legisport.com\/wp-content\/uploads\/2020\/06\/droitdusportavecsergeetmichelpautotcelebresavocats.jpg\" alt=\"\" class=\"wp-image-1417\" srcset=\"https:\/\/legisport.com\/wp-content\/uploads\/2020\/06\/droitdusportavecsergeetmichelpautotcelebresavocats.jpg 662w, https:\/\/legisport.com\/wp-content\/uploads\/2020\/06\/droitdusportavecsergeetmichelpautotcelebresavocats-220x300.jpg 220w\" sizes=\"auto, (max-width: 662px) 100vw, 662px\" \/><\/figure>\n\n\n\n<p><strong>NOS COMBATS POUR LE SPORT ET LA JUSTICE, PAR MAITRES SERGE ET MICHEL PAUTOT, AVOCATS A MARSEILLE, EDITIONS DU SEKOYA<\/strong><\/p>\n\n\n\n<p><strong>Les auteurs\u00a0: <\/strong>Ma\u00eetresSerge et Michel PAUTOT, \u00a0avocats au barreau de Marseille. \u00a0Ils conseillent et assistent des sportifs de renom et des structures sportives. Ils sont \u00e0 l&rsquo;origine de l&rsquo;arr\u00eat \u00ab Malaja \u00bb qui a boulevers\u00e9 le sport professionnel europ\u00e9en. \u00a0\u00c9diteurs du bulletin d&rsquo;informations juridiques sportives <strong>L\u00e9gisport<\/strong> et auteurs de nombreux ouvrages sur le droit et le sport. <\/p>\n\n\n\n<p>Serge PAUTOT est \u00e9galement vice-pr\u00e9sident de la\nF\u00e9d\u00e9ration fran\u00e7aise de boxe.<\/p>\n\n\n\n<p><strong>Le livre&nbsp;: <\/strong>Les juristes comme les sportifs, trouveront dans cet ouvrage des r\u00e9f\u00e9rences\npr\u00e9cises sur les accidents, les contrats, les sportifs d\u00e9munis, les f\u00e9d\u00e9rations\nattaqu\u00e9es avec des conseils avis\u00e9s et le &nbsp;curieux de certains proc\u00e8s ou anecdotes. Joseph-Antoine\nBell &nbsp;contre Bernard Tapie, l\u2019exploitation\nde footballeurs africains, &nbsp;des sportives\nbless\u00e9es, mal pay\u00e9es par rapport aux hommes, &nbsp;les accidents mortels dans le sport, les contrats\n\u00ab marron \u00bb, le proc\u00e8s de Furiani, le pastis \u00e0 l\u2019OM, les hooligans, le nain volant,\n&nbsp;l\u2019abb\u00e9 volant, Lolo contre Ferrari,\nl\u2019affaire Malaja\u2026<\/p>\n\n\n\n<p><strong>Quelques affaires \u00e9voqu\u00e9es&nbsp;:<\/strong><\/p>\n\n\n\n<p>&#8211; L\u2019Abb\u00e9 Volant, tracass\u00e9 par ses activit\u00e9s de lotisseur\n<\/p>\n\n\n\n<p>&#8211; Rencontre de Pape Diouf et des \u201cvrais faux\nfran\u00e7ais\u201c<\/p>\n\n\n\n<p>&#8211; Joseph-Antoine Bell, le Lion indomptable &#8211; Des\nfootballeurs africains victimes d\u2019employeurs impitoyables<\/p>\n\n\n\n<p>&#8211; Le Nain Volant, trop petit mon ami ! &#8211; Elodie\nLussac, le r\u00eave bris\u00e9 &#8211; Sophie Girard, boxeuse et justici\u00e8re <\/p>\n\n\n\n<p>&nbsp;&#8211; Lolo\nFerrari contre la \u201cScuderia\u201d &#8211; Furiani, une catastrophe annonc\u00e9e &#8211; Pastis \u00e0 l\u2019OM\n<\/p>\n\n\n\n<p>&nbsp;&#8211;\nL\u2019arr\u00eat Malaja, un arr\u00eat Bosman \u00e0 la puissance 10 &#8211; La boxe professionnelle, touch\u00e9e\nmais pas KO <\/p>\n\n\n\n<p>&nbsp;&#8211; Morts\nsur le ring &#8211; Philippe Filippi contre le \u00ab Chinois \u00bb &#8211; Les accidents sportifs\net l\u2019acceptation des risques <\/p>\n\n\n\n<p>&nbsp;&#8211; Les\nrisques mortels du sport &#8211; Le proc\u00e8s des hooligans &#8211; L\u2019arbitrage en qu\u00eate d\u2019innovation\n<\/p>\n\n\n\n<p>&nbsp;&#8211; Des\nbasketteuses \u00e0 la barre du Tribunal &#8211; Les contrats, le poids des mots avant le\ncontentieux. <\/p>\n\n\n\n<p><strong>Argument\u00a0: <\/strong>Destin\u00e9 \u00e0 tous les passionn\u00e9s de sport, aux juristes pour mieux conna\u00eetre le monde du sport et aux sportifs, pour mieux comprendre le contexte juridique dans lequel ils \u00e9voluent. <\/p>\n\n\n\n<p> <strong>Pr\u00e9face\u00a0: <\/strong>Thierry BRAILLARD, Secr\u00e9taire d\u2019\u00c9tat aux Sports (2014-2017) <\/p>\n\n\n\n<p>Un ouvrage instructif, divertissant\u2026passionnant,\npubli\u00e9 aux Editions du S\u00e9koya.&nbsp;<\/p>\n","protected":false},"excerpt":{"rendered":"<p>NOS COMBATS POUR LE SPORT ET LA JUSTICE, PAR MAITRES SERGE ET MICHEL PAUTOT, AVOCATS A MARSEILLE, EDITIONS DU SEKOYA Les auteurs\u00a0: Ma\u00eetresSerge et Michel PAUTOT, \u00a0avocats au barreau de Marseille. \u00a0Ils conseillent et assistent des sportifs de renom et des structures sportives. Ils sont \u00e0 l&rsquo;origine de l&rsquo;arr\u00eat \u00ab Malaja \u00bb qui a boulevers\u00e9 [&hellip;]<\/p>\n","protected":false},"author":1,"featured_media":0,"comment_status":"closed","ping_status":"open","sticky":false,"template":"","format":"standard","meta":{"footnotes":""},"categories":[1],"tags":[],"class_list":["post-1582","post","type-post","status-publish","format-standard","hentry","category-uncategorized","basic-color-border"],"yoast_head":"<!-- This site is optimized with the Yoast SEO plugin v17.4 - https:\/\/yoast.com\/wordpress\/plugins\/seo\/ -->\n<meta name=\"description\" content=\"Droit du sport. Nos combats pour le sport et la justice, Ma\u00eetres Serge et Michel Pautot.\" \/>\n<meta name=\"robots\" content=\"index, follow, max-snippet:-1, max-image-preview:large, max-video-preview:-1\" \/>\n<link rel=\"canonical\" href=\"https:\/\/legisport.com\/index.php\/2020\/12\/08\/une-contribution-a-lhistoire-du-sport\/\" \/>\n<meta property=\"og:locale\" content=\"fr_FR\" \/>\n<meta property=\"og:type\" content=\"article\" \/>\n<meta property=\"og:title\" content=\"Une contribution \u00e0 l&#039;histoire du sport - legisport\" \/>\n<meta property=\"og:description\" content=\"Droit du sport. Nos combats pour le sport et la justice, Ma\u00eetres Serge et Michel Pautot.\" \/>\n<meta property=\"og:url\" content=\"https:\/\/legisport.com\/index.php\/2020\/12\/08\/une-contribution-a-lhistoire-du-sport\/\" \/>\n<meta property=\"og:site_name\" content=\"legisport\" \/>\n<meta property=\"article:published_time\" content=\"2020-12-08T17:26:31+00:00\" \/>\n<meta property=\"article:modified_time\" content=\"2020-12-08T17:26:39+00:00\" \/>\n<meta property=\"og:image\" content=\"http:\/\/legisport.com\/wp-content\/uploads\/2020\/06\/droitdusportavecsergeetmichelpautotcelebresavocats.jpg\" \/>\n<meta name=\"twitter:card\" content=\"summary_large_image\" \/>\n<meta name=\"twitter:label1\" content=\"\u00c9crit par\" \/>\n\t<meta name=\"twitter:data1\" content=\"admin8312\" \/>\n\t<meta name=\"twitter:label2\" content=\"Dur\u00e9e de lecture est.\" \/>\n\t<meta name=\"twitter:data2\" content=\"2 minutes\" \/>\n<script type=\"application\/ld+json\" class=\"yoast-schema-graph\">{\"@context\":\"https:\/\/schema.org\",\"@graph\":[{\"@type\":\"WebSite\",\"@id\":\"https:\/\/legisport.com\/#website\",\"url\":\"https:\/\/legisport.com\/\",\"name\":\"legisport\",\"description\":\"1991 : fondation de LEGISPORT. 1996 : lancement du bulletin d&#039;informations juridiques sportives LEGISPORT. Tout sur le droit du sport.\",\"potentialAction\":[{\"@type\":\"SearchAction\",\"target\":{\"@type\":\"EntryPoint\",\"urlTemplate\":\"https:\/\/legisport.com\/?s={search_term_string}\"},\"query-input\":\"required name=search_term_string\"}],\"inLanguage\":\"fr-FR\"},{\"@type\":\"ImageObject\",\"@id\":\"https:\/\/legisport.com\/index.php\/2020\/12\/08\/une-contribution-a-lhistoire-du-sport\/#primaryimage\",\"inLanguage\":\"fr-FR\",\"url\":\"http:\/\/legisport.com\/wp-content\/uploads\/2020\/06\/droitdusportavecsergeetmichelpautotcelebresavocats.jpg\",\"contentUrl\":\"http:\/\/legisport.com\/wp-content\/uploads\/2020\/06\/droitdusportavecsergeetmichelpautotcelebresavocats.jpg\"},{\"@type\":\"WebPage\",\"@id\":\"https:\/\/legisport.com\/index.php\/2020\/12\/08\/une-contribution-a-lhistoire-du-sport\/#webpage\",\"url\":\"https:\/\/legisport.com\/index.php\/2020\/12\/08\/une-contribution-a-lhistoire-du-sport\/\",\"name\":\"Une contribution \\u00e0 l'histoire du sport - legisport\",\"isPartOf\":{\"@id\":\"https:\/\/legisport.com\/#website\"},\"primaryImageOfPage\":{\"@id\":\"https:\/\/legisport.com\/index.php\/2020\/12\/08\/une-contribution-a-lhistoire-du-sport\/#primaryimage\"},\"datePublished\":\"2020-12-08T17:26:31+00:00\",\"dateModified\":\"2020-12-08T17:26:39+00:00\",\"author\":{\"@id\":\"https:\/\/legisport.com\/#\/schema\/person\/abccfb880c12073a27d7cb433cf39cf2\"},\"description\":\"Droit du sport. Nos combats pour le sport et la justice, Ma\\u00eetres Serge et Michel Pautot.\",\"breadcrumb\":{\"@id\":\"https:\/\/legisport.com\/index.php\/2020\/12\/08\/une-contribution-a-lhistoire-du-sport\/#breadcrumb\"},\"inLanguage\":\"fr-FR\",\"potentialAction\":[{\"@type\":\"ReadAction\",\"target\":[\"https:\/\/legisport.com\/index.php\/2020\/12\/08\/une-contribution-a-lhistoire-du-sport\/\"]}]},{\"@type\":\"BreadcrumbList\",\"@id\":\"https:\/\/legisport.com\/index.php\/2020\/12\/08\/une-contribution-a-lhistoire-du-sport\/#breadcrumb\",\"itemListElement\":[{\"@type\":\"ListItem\",\"position\":1,\"name\":\"Accueil\",\"item\":\"https:\/\/legisport.com\/\"},{\"@type\":\"ListItem\",\"position\":2,\"name\":\"Une contribution \\u00e0 l&rsquo;histoire du sport\"}]},{\"@type\":\"Person\",\"@id\":\"https:\/\/legisport.com\/#\/schema\/person\/abccfb880c12073a27d7cb433cf39cf2\",\"name\":\"admin8312\",\"image\":{\"@type\":\"ImageObject\",\"@id\":\"https:\/\/legisport.com\/#personlogo\",\"inLanguage\":\"fr-FR\",\"url\":\"https:\/\/secure.gravatar.com\/avatar\/1e990537051617f93586bce114145ae0ff87fb7f69693d7eea4b09eb39a38ee0?s=96&d=mm&r=g\",\"contentUrl\":\"https:\/\/secure.gravatar.com\/avatar\/1e990537051617f93586bce114145ae0ff87fb7f69693d7eea4b09eb39a38ee0?s=96&d=mm&r=g\",\"caption\":\"admin8312\"},\"url\":\"https:\/\/legisport.com\/index.php\/author\/admin8312\/\"}]}<\/script>\n<!-- \/ Yoast SEO plugin. -->","yoast_head_json":{"description":"Droit du sport. Nos combats pour le sport et la justice, Ma\u00eetres Serge et Michel Pautot.","robots":{"index":"index","follow":"follow","max-snippet":"max-snippet:-1","max-image-preview":"max-image-preview:large","max-video-preview":"max-video-preview:-1"},"canonical":"https:\/\/legisport.com\/index.php\/2020\/12\/08\/une-contribution-a-lhistoire-du-sport\/","og_locale":"fr_FR","og_type":"article","og_title":"Une contribution \u00e0 l'histoire du sport - legisport","og_description":"Droit du sport. Nos combats pour le sport et la justice, Ma\u00eetres Serge et Michel Pautot.","og_url":"https:\/\/legisport.com\/index.php\/2020\/12\/08\/une-contribution-a-lhistoire-du-sport\/","og_site_name":"legisport","article_published_time":"2020-12-08T17:26:31+00:00","article_modified_time":"2020-12-08T17:26:39+00:00","og_image":[{"url":"http:\/\/legisport.com\/wp-content\/uploads\/2020\/06\/droitdusportavecsergeetmichelpautotcelebresavocats.jpg"}],"twitter_card":"summary_large_image","twitter_misc":{"\u00c9crit par":"admin8312","Dur\u00e9e de lecture est.":"2 minutes"},"schema":{"@context":"https:\/\/schema.org","@graph":[{"@type":"WebSite","@id":"https:\/\/legisport.com\/#website","url":"https:\/\/legisport.com\/","name":"legisport","description":"1991 : fondation de LEGISPORT. 1996 : lancement du bulletin d&#039;informations juridiques sportives LEGISPORT. Tout sur le droit du sport.","potentialAction":[{"@type":"SearchAction","target":{"@type":"EntryPoint","urlTemplate":"https:\/\/legisport.com\/?s={search_term_string}"},"query-input":"required name=search_term_string"}],"inLanguage":"fr-FR"},{"@type":"ImageObject","@id":"https:\/\/legisport.com\/index.php\/2020\/12\/08\/une-contribution-a-lhistoire-du-sport\/#primaryimage","inLanguage":"fr-FR","url":"http:\/\/legisport.com\/wp-content\/uploads\/2020\/06\/droitdusportavecsergeetmichelpautotcelebresavocats.jpg","contentUrl":"http:\/\/legisport.com\/wp-content\/uploads\/2020\/06\/droitdusportavecsergeetmichelpautotcelebresavocats.jpg"},{"@type":"WebPage","@id":"https:\/\/legisport.com\/index.php\/2020\/12\/08\/une-contribution-a-lhistoire-du-sport\/#webpage","url":"https:\/\/legisport.com\/index.php\/2020\/12\/08\/une-contribution-a-lhistoire-du-sport\/","name":"Une contribution \u00e0 l'histoire du sport - legisport","isPartOf":{"@id":"https:\/\/legisport.com\/#website"},"primaryImageOfPage":{"@id":"https:\/\/legisport.com\/index.php\/2020\/12\/08\/une-contribution-a-lhistoire-du-sport\/#primaryimage"},"datePublished":"2020-12-08T17:26:31+00:00","dateModified":"2020-12-08T17:26:39+00:00","author":{"@id":"https:\/\/legisport.com\/#\/schema\/person\/abccfb880c12073a27d7cb433cf39cf2"},"description":"Droit du sport. Nos combats pour le sport et la justice, Ma\u00eetres Serge et Michel Pautot.","breadcrumb":{"@id":"https:\/\/legisport.com\/index.php\/2020\/12\/08\/une-contribution-a-lhistoire-du-sport\/#breadcrumb"},"inLanguage":"fr-FR","potentialAction":[{"@type":"ReadAction","target":["https:\/\/legisport.com\/index.php\/2020\/12\/08\/une-contribution-a-lhistoire-du-sport\/"]}]},{"@type":"BreadcrumbList","@id":"https:\/\/legisport.com\/index.php\/2020\/12\/08\/une-contribution-a-lhistoire-du-sport\/#breadcrumb","itemListElement":[{"@type":"ListItem","position":1,"name":"Accueil","item":"https:\/\/legisport.com\/"},{"@type":"ListItem","position":2,"name":"Une contribution \u00e0 l&rsquo;histoire du sport"}]},{"@type":"Person","@id":"https:\/\/legisport.com\/#\/schema\/person\/abccfb880c12073a27d7cb433cf39cf2","name":"admin8312","image":{"@type":"ImageObject","@id":"https:\/\/legisport.com\/#personlogo","inLanguage":"fr-FR","url":"https:\/\/secure.gravatar.com\/avatar\/1e990537051617f93586bce114145ae0ff87fb7f69693d7eea4b09eb39a38ee0?s=96&d=mm&r=g","contentUrl":"https:\/\/secure.gravatar.com\/avatar\/1e990537051617f93586bce114145ae0ff87fb7f69693d7eea4b09eb39a38ee0?s=96&d=mm&r=g","caption":"admin8312"},"url":"https:\/\/legisport.com\/index.php\/author\/admin8312\/"}]}},"_links":{"self":[{"href":"https:\/\/legisport.com\/index.php\/wp-json\/wp\/v2\/posts\/1582","targetHints":{"allow":["GET"]}}],"collection":[{"href":"https:\/\/legisport.com\/index.php\/wp-json\/wp\/v2\/posts"}],"about":[{"href":"https:\/\/legisport.com\/index.php\/wp-json\/wp\/v2\/types\/post"}],"author":[{"embeddable":true,"href":"https:\/\/legisport.com\/index.php\/wp-json\/wp\/v2\/users\/1"}],"replies":[{"embeddable":true,"href":"https:\/\/legisport.com\/index.php\/wp-json\/wp\/v2\/comments?post=1582"}],"version-history":[{"count":1,"href":"https:\/\/legisport.com\/index.php\/wp-json\/wp\/v2\/posts\/1582\/revisions"}],"predecessor-version":[{"id":1583,"href":"https:\/\/legisport.com\/index.php\/wp-json\/wp\/v2\/posts\/1582\/revisions\/1583"}],"wp:attachment":[{"href":"https:\/\/legisport.com\/index.php\/wp-json\/wp\/v2\/media?parent=1582"}],"wp:term":[{"taxonomy":"category","embeddable":true,"href":"https:\/\/legisport.com\/index.php\/wp-json\/wp\/v2\/categories?post=1582"},{"taxonomy":"post_tag","embeddable":true,"href":"https:\/\/legisport.com\/index.php\/wp-json\/wp\/v2\/tags?post=1582"}],"curies":[{"name":"wp","href":"https:\/\/api.w.org\/{rel}","templated":true}]}}