{"id":1570,"date":"2020-12-08T16:27:59","date_gmt":"2020-12-08T16:27:59","guid":{"rendered":"http:\/\/legisport.com\/?p=1570"},"modified":"2020-12-08T16:28:08","modified_gmt":"2020-12-08T16:28:08","slug":"oui-le-sport-connecte-a-lesport","status":"publish","type":"post","link":"https:\/\/legisport.com\/index.php\/2020\/12\/08\/oui-le-sport-connecte-a-lesport\/","title":{"rendered":"Oui, le sport connect\u00e9 \u00e0 l\u2019esport"},"content":{"rendered":"\n<p>Il y a\nquelques mois, le bulletin d\u2019informations juridiques sportives LEGISPORT ne s\u2019\u00e9tait\npas tromp\u00e9 en titrant&nbsp;dans son n\u00b0137 (mai-juin 2019) : \u00ab&nbsp;Le sport\nconnect\u00e9 \u00e0 l\u2019esport&nbsp;\u00bb. <\/p>\n\n\n\n<p>Oui, \u00ab&nbsp;le\nsport connect\u00e9 \u00e0 l\u2019esport&nbsp;\u00bb. C\u2019est l\u2019expression de Jean-Pierre Siutat,\nVice-pr\u00e9sident du Comit\u00e9 National Olympique et Sportif Fran\u00e7ais en charge des\nnouvelles technologies et par ailleurs Pr\u00e9sident de la F\u00e9d\u00e9ration Fran\u00e7aise de Basket-ball\nqui souhaite \u00ab&nbsp;\u00e9tablir une passerelle entre le mouvement sportif et l\u2019esport&nbsp;\u00bb,\ninterrog\u00e9 dans les colonnes de LEGISPPORT \u00e0 quelques jours du colloque organis\u00e9\n\u00e0 Paris par le CNOSF et l\u2019association France Esports \u00ab&nbsp;Sport et Esport,\nque la partie commence&nbsp;\u00bb.<\/p>\n\n\n\n<p>A la\nquestion \u00ab&nbsp;Et puis dans le jeu, qu\u2019il soit sportif ou vid\u00e9o, il y a le\nmaillot et la comp\u00e9tition&nbsp;!&nbsp;\u00bb,&nbsp;\nJean-Pierre Siutat, \u00e9galement Pr\u00e9sident de la F\u00e9d\u00e9ration Fran\u00e7aise de\nBasket r\u00e9pondait clairement&nbsp;: \u00ab&nbsp;Oui, c\u2019est notre univers. A nous de\nb\u00e2tir ce projet commun. N\u2019oublions pas que la France est un pays de\nterritoires, \u00e0 l\u2019int\u00e9rieur desquels le sport a sa dimension, sa place et se\ndoit aussi d\u2019\u00eatre \u00e0 l\u2019\u00e9coute des nouveaut\u00e9s pour les int\u00e9grer \u00e0 son tour. L\u2019esport\nest un nouveau d\u00e9fi et nous sommes l\u00e0, le mouvement sportif, pour l\u2019int\u00e9grer\nharmonieusement dans nos clubs. Nous sommes partisans d\u2019un sport connect\u00e9 \u00e0 l\u2019esport.\nC\u2019est notre ambition&nbsp;\u00bb. <\/p>\n\n\n\n<p>Oui, le\nsport connect\u00e9 \u00e0 l\u2019esport. Un sujet encore plus d\u2019actualit\u00e9&nbsp;! Dans un\ncommuniqu\u00e9 dat\u00e9 du 23 Novembre 2020, la F\u00e9d\u00e9ration Fran\u00e7aise de Basket annonce son\nentr\u00e9e dans l\u2019\u00e9cosyst\u00e8me esportif avec sa nouvelle marque : \u00ab FFBB Esports \u00bb. La\nFFBB accentue sa strat\u00e9gie digitale en ajoutant l\u2019esport comme nouvel axe de\nd\u00e9veloppement et de diversification. La FFBB, en collaboration avec l\u2019agence\ninternationale de marketing sp\u00e9cialis\u00e9e dans l\u2019esport, \u00ab Freaks 4U Gaming \u00bb,\nlancera le 16 d\u00e9cembre 2020, la \u00ab FFBB Hoops League \u00bb. Ayant pour volont\u00e9 de\nproposer une offre \u00e0 destination \u00e0 la fois des amateurs de basket et des\niniti\u00e9s de l\u2019esport, la FFBB s\u2019est orient\u00e9e vers \u00ab Rocket League \u00bb et son mode\n\u00ab Hoops \u00bb. En effet le jeu, accessible \u00e0 tous gratuitement sur toutes les\nplateformes depuis septembre 2020, revendique 60 millions de joueurs \u00e0 travers\nle monde, tandis que son mode \u00ab Hoops \u00bb s\u2019inscrit naturellement dans l\u2019ADN de\nla culture basket. La FFBB et Freaks 4U Gaming ont travaill\u00e9 ensemble pour\nlancer les premiers tournois officiels du jeu en mode basket : la \u00ab FFBB Hoops\nLeague \u00bb. Ces tournois seront hebdomadaires et ouverts \u00e0 tous, les \u00ab Hoops\nLeague Series \u00bb, avec des finales mensuelles, les \u00ab Hoops League Masters \u00bb.\nCette premi\u00e8re \u00e9dition s\u2019ach\u00e8vera en avril 2021, \u00e0 l\u2019occasion des finales de la\nCoupe de France de basket, o\u00f9 s\u2019effectuera la remise du troph\u00e9e. Ce dispositif\noriginal sur un des jeux les plus populaires au monde permettra aux fans de basket\net aux fans de jeu vid\u00e9o de se retrouver et s\u2019affronter de mani\u00e8re ludique,\ntout au long de l\u2019ann\u00e9e. &nbsp;Ces \u00e9v\u00e9nements\nseront diffus\u00e9s en direct sur la cha\u00eene Twitch officielle de la FFBB, cr\u00e9\u00e9e\npour l\u2019occasion. <\/p>\n\n\n\n<p>Pour consulter\nle num\u00e9ro de LEGISPORT sur le sport et&nbsp;l\u2019esport, cliquez ICI.<\/p>\n","protected":false},"excerpt":{"rendered":"<p>Il y a quelques mois, le bulletin d\u2019informations juridiques sportives LEGISPORT ne s\u2019\u00e9tait pas tromp\u00e9 en titrant&nbsp;dans son n\u00b0137 (mai-juin 2019) : \u00ab&nbsp;Le sport connect\u00e9 \u00e0 l\u2019esport&nbsp;\u00bb. Oui, \u00ab&nbsp;le sport connect\u00e9 \u00e0 l\u2019esport&nbsp;\u00bb. C\u2019est l\u2019expression de Jean-Pierre Siutat, Vice-pr\u00e9sident du Comit\u00e9 National Olympique et Sportif Fran\u00e7ais en charge des nouvelles technologies et par ailleurs Pr\u00e9sident [&hellip;]<\/p>\n","protected":false},"author":1,"featured_media":0,"comment_status":"closed","ping_status":"open","sticky":false,"template":"","format":"standard","meta":{"footnotes":""},"categories":[1],"tags":[],"class_list":["post-1570","post","type-post","status-publish","format-standard","hentry","category-uncategorized","basic-color-border"],"yoast_head":"<!-- This site is optimized with the Yoast SEO plugin v17.4 - https:\/\/yoast.com\/wordpress\/plugins\/seo\/ -->\n<meta name=\"description\" content=\"Oui, le sport connect\u00e9 \u00e0 l&#039;esport. Num\u00e9ro du bulletin d&#039;informations juridiques sportives LEGISPORT\" \/>\n<meta name=\"robots\" content=\"index, follow, max-snippet:-1, max-image-preview:large, max-video-preview:-1\" \/>\n<link rel=\"canonical\" href=\"https:\/\/legisport.com\/index.php\/2020\/12\/08\/oui-le-sport-connecte-a-lesport\/\" \/>\n<meta property=\"og:locale\" content=\"fr_FR\" \/>\n<meta property=\"og:type\" content=\"article\" \/>\n<meta property=\"og:title\" content=\"Oui, le sport connect\u00e9 \u00e0 l\u2019esport - legisport\" \/>\n<meta property=\"og:description\" content=\"Oui, le sport connect\u00e9 \u00e0 l&#039;esport. Num\u00e9ro du bulletin d&#039;informations juridiques sportives LEGISPORT\" \/>\n<meta property=\"og:url\" content=\"https:\/\/legisport.com\/index.php\/2020\/12\/08\/oui-le-sport-connecte-a-lesport\/\" \/>\n<meta property=\"og:site_name\" content=\"legisport\" \/>\n<meta property=\"article:published_time\" content=\"2020-12-08T16:27:59+00:00\" \/>\n<meta property=\"article:modified_time\" content=\"2020-12-08T16:28:08+00:00\" \/>\n<meta name=\"twitter:card\" content=\"summary_large_image\" \/>\n<meta name=\"twitter:label1\" content=\"\u00c9crit par\" \/>\n\t<meta name=\"twitter:data1\" content=\"admin8312\" \/>\n\t<meta name=\"twitter:label2\" content=\"Dur\u00e9e de lecture est.\" \/>\n\t<meta name=\"twitter:data2\" content=\"3 minutes\" \/>\n<script type=\"application\/ld+json\" class=\"yoast-schema-graph\">{\"@context\":\"https:\/\/schema.org\",\"@graph\":[{\"@type\":\"WebSite\",\"@id\":\"https:\/\/legisport.com\/#website\",\"url\":\"https:\/\/legisport.com\/\",\"name\":\"legisport\",\"description\":\"1991 : fondation de LEGISPORT. 1996 : lancement du bulletin d&#039;informations juridiques sportives LEGISPORT. Tout sur le droit du sport.\",\"potentialAction\":[{\"@type\":\"SearchAction\",\"target\":{\"@type\":\"EntryPoint\",\"urlTemplate\":\"https:\/\/legisport.com\/?s={search_term_string}\"},\"query-input\":\"required name=search_term_string\"}],\"inLanguage\":\"fr-FR\"},{\"@type\":\"WebPage\",\"@id\":\"https:\/\/legisport.com\/index.php\/2020\/12\/08\/oui-le-sport-connecte-a-lesport\/#webpage\",\"url\":\"https:\/\/legisport.com\/index.php\/2020\/12\/08\/oui-le-sport-connecte-a-lesport\/\",\"name\":\"Oui, le sport connect\\u00e9 \\u00e0 l\\u2019esport - legisport\",\"isPartOf\":{\"@id\":\"https:\/\/legisport.com\/#website\"},\"datePublished\":\"2020-12-08T16:27:59+00:00\",\"dateModified\":\"2020-12-08T16:28:08+00:00\",\"author\":{\"@id\":\"https:\/\/legisport.com\/#\/schema\/person\/abccfb880c12073a27d7cb433cf39cf2\"},\"description\":\"Oui, le sport connect\\u00e9 \\u00e0 l'esport. Num\\u00e9ro du bulletin d'informations juridiques sportives LEGISPORT\",\"breadcrumb\":{\"@id\":\"https:\/\/legisport.com\/index.php\/2020\/12\/08\/oui-le-sport-connecte-a-lesport\/#breadcrumb\"},\"inLanguage\":\"fr-FR\",\"potentialAction\":[{\"@type\":\"ReadAction\",\"target\":[\"https:\/\/legisport.com\/index.php\/2020\/12\/08\/oui-le-sport-connecte-a-lesport\/\"]}]},{\"@type\":\"BreadcrumbList\",\"@id\":\"https:\/\/legisport.com\/index.php\/2020\/12\/08\/oui-le-sport-connecte-a-lesport\/#breadcrumb\",\"itemListElement\":[{\"@type\":\"ListItem\",\"position\":1,\"name\":\"Accueil\",\"item\":\"https:\/\/legisport.com\/\"},{\"@type\":\"ListItem\",\"position\":2,\"name\":\"Oui, le sport connect\\u00e9 \\u00e0 l\\u2019esport\"}]},{\"@type\":\"Person\",\"@id\":\"https:\/\/legisport.com\/#\/schema\/person\/abccfb880c12073a27d7cb433cf39cf2\",\"name\":\"admin8312\",\"image\":{\"@type\":\"ImageObject\",\"@id\":\"https:\/\/legisport.com\/#personlogo\",\"inLanguage\":\"fr-FR\",\"url\":\"https:\/\/secure.gravatar.com\/avatar\/1e990537051617f93586bce114145ae0ff87fb7f69693d7eea4b09eb39a38ee0?s=96&d=mm&r=g\",\"contentUrl\":\"https:\/\/secure.gravatar.com\/avatar\/1e990537051617f93586bce114145ae0ff87fb7f69693d7eea4b09eb39a38ee0?s=96&d=mm&r=g\",\"caption\":\"admin8312\"},\"url\":\"https:\/\/legisport.com\/index.php\/author\/admin8312\/\"}]}<\/script>\n<!-- \/ Yoast SEO plugin. -->","yoast_head_json":{"description":"Oui, le sport connect\u00e9 \u00e0 l'esport. Num\u00e9ro du bulletin d'informations juridiques sportives LEGISPORT","robots":{"index":"index","follow":"follow","max-snippet":"max-snippet:-1","max-image-preview":"max-image-preview:large","max-video-preview":"max-video-preview:-1"},"canonical":"https:\/\/legisport.com\/index.php\/2020\/12\/08\/oui-le-sport-connecte-a-lesport\/","og_locale":"fr_FR","og_type":"article","og_title":"Oui, le sport connect\u00e9 \u00e0 l\u2019esport - legisport","og_description":"Oui, le sport connect\u00e9 \u00e0 l'esport. Num\u00e9ro du bulletin d'informations juridiques sportives LEGISPORT","og_url":"https:\/\/legisport.com\/index.php\/2020\/12\/08\/oui-le-sport-connecte-a-lesport\/","og_site_name":"legisport","article_published_time":"2020-12-08T16:27:59+00:00","article_modified_time":"2020-12-08T16:28:08+00:00","twitter_card":"summary_large_image","twitter_misc":{"\u00c9crit par":"admin8312","Dur\u00e9e de lecture est.":"3 minutes"},"schema":{"@context":"https:\/\/schema.org","@graph":[{"@type":"WebSite","@id":"https:\/\/legisport.com\/#website","url":"https:\/\/legisport.com\/","name":"legisport","description":"1991 : fondation de LEGISPORT. 1996 : lancement du bulletin d&#039;informations juridiques sportives LEGISPORT. Tout sur le droit du sport.","potentialAction":[{"@type":"SearchAction","target":{"@type":"EntryPoint","urlTemplate":"https:\/\/legisport.com\/?s={search_term_string}"},"query-input":"required name=search_term_string"}],"inLanguage":"fr-FR"},{"@type":"WebPage","@id":"https:\/\/legisport.com\/index.php\/2020\/12\/08\/oui-le-sport-connecte-a-lesport\/#webpage","url":"https:\/\/legisport.com\/index.php\/2020\/12\/08\/oui-le-sport-connecte-a-lesport\/","name":"Oui, le sport connect\u00e9 \u00e0 l\u2019esport - legisport","isPartOf":{"@id":"https:\/\/legisport.com\/#website"},"datePublished":"2020-12-08T16:27:59+00:00","dateModified":"2020-12-08T16:28:08+00:00","author":{"@id":"https:\/\/legisport.com\/#\/schema\/person\/abccfb880c12073a27d7cb433cf39cf2"},"description":"Oui, le sport connect\u00e9 \u00e0 l'esport. Num\u00e9ro du bulletin d'informations juridiques sportives LEGISPORT","breadcrumb":{"@id":"https:\/\/legisport.com\/index.php\/2020\/12\/08\/oui-le-sport-connecte-a-lesport\/#breadcrumb"},"inLanguage":"fr-FR","potentialAction":[{"@type":"ReadAction","target":["https:\/\/legisport.com\/index.php\/2020\/12\/08\/oui-le-sport-connecte-a-lesport\/"]}]},{"@type":"BreadcrumbList","@id":"https:\/\/legisport.com\/index.php\/2020\/12\/08\/oui-le-sport-connecte-a-lesport\/#breadcrumb","itemListElement":[{"@type":"ListItem","position":1,"name":"Accueil","item":"https:\/\/legisport.com\/"},{"@type":"ListItem","position":2,"name":"Oui, le sport connect\u00e9 \u00e0 l\u2019esport"}]},{"@type":"Person","@id":"https:\/\/legisport.com\/#\/schema\/person\/abccfb880c12073a27d7cb433cf39cf2","name":"admin8312","image":{"@type":"ImageObject","@id":"https:\/\/legisport.com\/#personlogo","inLanguage":"fr-FR","url":"https:\/\/secure.gravatar.com\/avatar\/1e990537051617f93586bce114145ae0ff87fb7f69693d7eea4b09eb39a38ee0?s=96&d=mm&r=g","contentUrl":"https:\/\/secure.gravatar.com\/avatar\/1e990537051617f93586bce114145ae0ff87fb7f69693d7eea4b09eb39a38ee0?s=96&d=mm&r=g","caption":"admin8312"},"url":"https:\/\/legisport.com\/index.php\/author\/admin8312\/"}]}},"_links":{"self":[{"href":"https:\/\/legisport.com\/index.php\/wp-json\/wp\/v2\/posts\/1570","targetHints":{"allow":["GET"]}}],"collection":[{"href":"https:\/\/legisport.com\/index.php\/wp-json\/wp\/v2\/posts"}],"about":[{"href":"https:\/\/legisport.com\/index.php\/wp-json\/wp\/v2\/types\/post"}],"author":[{"embeddable":true,"href":"https:\/\/legisport.com\/index.php\/wp-json\/wp\/v2\/users\/1"}],"replies":[{"embeddable":true,"href":"https:\/\/legisport.com\/index.php\/wp-json\/wp\/v2\/comments?post=1570"}],"version-history":[{"count":1,"href":"https:\/\/legisport.com\/index.php\/wp-json\/wp\/v2\/posts\/1570\/revisions"}],"predecessor-version":[{"id":1571,"href":"https:\/\/legisport.com\/index.php\/wp-json\/wp\/v2\/posts\/1570\/revisions\/1571"}],"wp:attachment":[{"href":"https:\/\/legisport.com\/index.php\/wp-json\/wp\/v2\/media?parent=1570"}],"wp:term":[{"taxonomy":"category","embeddable":true,"href":"https:\/\/legisport.com\/index.php\/wp-json\/wp\/v2\/categories?post=1570"},{"taxonomy":"post_tag","embeddable":true,"href":"https:\/\/legisport.com\/index.php\/wp-json\/wp\/v2\/tags?post=1570"}],"curies":[{"name":"wp","href":"https:\/\/api.w.org\/{rel}","templated":true}]}}