{"id":1504,"date":"2020-09-16T12:43:31","date_gmt":"2020-09-16T12:43:31","guid":{"rendered":"http:\/\/legisport.com\/?p=1504"},"modified":"2020-09-16T13:53:15","modified_gmt":"2020-09-16T13:53:15","slug":"les-24-heures-du-mans-2020-un-bel-engagement","status":"publish","type":"post","link":"https:\/\/legisport.com\/index.php\/2020\/09\/16\/les-24-heures-du-mans-2020-un-bel-engagement\/","title":{"rendered":"Les 24 Heures du Mans 2020, \u00ab\u00a0un bel engagement\u00a0\u00bb"},"content":{"rendered":"\n<figure class=\"wp-block-image size-large\"><img loading=\"lazy\" decoding=\"async\" width=\"570\" height=\"118\" src=\"https:\/\/legisport.com\/wp-content\/uploads\/2020\/09\/24h-le-mans.png\" alt=\"\" class=\"wp-image-1509\" srcset=\"https:\/\/legisport.com\/wp-content\/uploads\/2020\/09\/24h-le-mans.png 570w, https:\/\/legisport.com\/wp-content\/uploads\/2020\/09\/24h-le-mans-300x62.png 300w\" sizes=\"auto, (max-width: 570px) 100vw, 570px\" \/><\/figure>\n\n\n\n<p>Oui. \u00ab\u00a0Les 24 Heures du Mans 2020, un bel engagement !\u00a0\u00bb. Ce sont les termes du Pr\u00e9sident de l\u2019Automobile Club de l\u2019Ouest Pierre Fillon dans l\u2019\u00e9ditorial du Dossier de presse de l\u2019organisation de la 88\u00e8me \u00a0\u00e9dition de la c\u00e9l\u00e8bre comp\u00e9tition automobile qui se tiendra ce week-end, \u00e0 huis clos et avec un d\u00e9part le 19 septembre 2020 \u00e0 14h30. <\/p>\n\n\n\n<p>Apr\u00e8s les 24 Heures du Mans moto, place aux 24 Heures du Mans auto. \u00ab&nbsp;Ces\n24 Heures du Mans 2020 s\u2019annoncent historiques et in\u00e9dites car \u2026 la nuit sera\nbien longue \u00e0 cette date pour les 59 machines engag\u00e9es, car il s\u2019agit du\ndernier engagement de la Toyota TS050- Hydrid dans la Sarthe, avant\nl\u2019introduction l\u2019an prochain de la Toyota qui \u00e9voluera dans la nouvelle\ncat\u00e9gorie, Le Mans Hypercar, car \u00e0 \u00e9galit\u00e9 num\u00e9rique avec Toyota, Rebellion,\n\u00e9quipe priv\u00e9e, peut d\u00e9tr\u00f4ner le constructeur japonais, en alliant fiabilit\u00e9 et\nintelligence strat\u00e9gique, car deux \u00e9quipages 100 % f\u00e9minins, dont un dans la\ncat\u00e9gorie LMP2, courent l\u2019\u00e9dition 2020\u2026&nbsp;\u00bb, pr\u00e9cise le Pr\u00e9sident Fillon. <\/p>\n\n\n\n<p>De son c\u00f4t\u00e9, Jean Todt, Pr\u00e9sident de la F\u00e9d\u00e9ration Internationale Automobile ne manque pas de mettre en avant, dans le m\u00eame Dossier de presse, que \u00ab malgr\u00e9 la situation difficile due \u00e0 la pand\u00e9mie de COVID-19, l\u2019aventure des 24 Heures du Mans se poursuit en 2020 et c\u2019est une excellente nouvelle. Je viens au Mans depuis des ann\u00e9es et j\u2019ai nombre de souvenirs de cette course unique. Bien s\u00fbr, au fil du temps, le contexte de ma pr\u00e9sence a chang\u00e9. \u00c0 l\u2019\u00e9poque o\u00f9 je dirigeais une \u00e9quipe, les r\u00e9sultats de notre travail \u00e9taient visibles sur la piste, et c\u2019\u00e9tait le chronom\u00e8tre qui rendait son verdict. Depuis, en tant que Pr\u00e9sident de la FIA, je peux t\u00e9moigner du fait qu\u2019\u0153uvrer pour l\u2019avenir du sport automobile ou pour l\u2019am\u00e9lioration de la s\u00e9curit\u00e9 routi\u00e8re est aussi motivant que d\u2019\u00eatre un concurrent dans la course\u00a0\u00bb.<\/p>\n\n\n\n<figure class=\"wp-block-image size-large\"><img loading=\"lazy\" decoding=\"async\" width=\"570\" height=\"118\" src=\"https:\/\/legisport.com\/wp-content\/uploads\/2020\/09\/24h-le-mans.png\" alt=\"\" class=\"wp-image-1509\" srcset=\"https:\/\/legisport.com\/wp-content\/uploads\/2020\/09\/24h-le-mans.png 570w, https:\/\/legisport.com\/wp-content\/uploads\/2020\/09\/24h-le-mans-300x62.png 300w\" sizes=\"auto, (max-width: 570px) 100vw, 570px\" \/><\/figure>\n\n\n\n<p>L\u2019occasion nous a \u00e9t\u00e9 donn\u00e9e d\u2019\u00e9plucher le Dossier de presse de l\u2019\u00e9v\u00e8nement et d\u2019y d\u00e9couvrir une mine d\u2019informations, comme les hommes et les femmes qui ont marqu\u00e9 et vont marquer Le Mans : Carlos Tavares, pr\u00e9sident du directoire du Groupe PSA, starter, Emanuele Pirro, grand marshal et Amato Ferrari, Spirit of Le Mans, mais aussi Michele Mouton, pr\u00e9sidente de la Commission Femmes dans le sport auto \u00e0 la FIA, s&rsquo;exprimant sur les 2 \u00e9quipages 100 % feminins engag\u00e9s en 2020. Et de d\u00e9couvrir \u00e9galement quelques innovations qui ont marqu\u00e9 la comp\u00e9tition et non des moindres. <\/p>\n\n\n\n<p>\u00ab\u00a0L\u2019Automobile Club de l\u2019Ouest a toujours consid\u00e9r\u00e9 sa course comme un formidable banc d\u2019essais technologiques\u00a0\u00bb. Par exemple, en 1922, le rev\u00eatement routier. \u00ab\u00a0Alors que le futur circuit des 24 Heures du Mans n\u2019est pour le moment qu\u2019un ensemble de routes en terre battue, un rev\u00eatement dit \u00ab vialit\u00e9 \u00bb est pos\u00e9 sur la ligne droite des Hunaudi\u00e8res. Il incorpore \u00e0 des \u00e9clats calcaires une \u00e9mulsion goudron-bitume, elle-m\u00eame recouverte de gravillons goudronn\u00e9s. D\u00e8s 1926, l\u2019ensemble du circuit re\u00e7oit ce rev\u00eatement. Une technique \u00e0 l\u2019origine de la r\u00e9sistance des routes modernes\u00a0\u00bb. En 1925, c\u2019est l\u2019a\u00e9rodynamisme des carrosseries. \u00ab\u00a0Tr\u00e8s t\u00f4t, les ing\u00e9nieurs comprennent l\u2019int\u00e9r\u00eat d\u2019une carrosserie profil\u00e9e. En 1925, la Chenard &amp; Walker Tank pose les premi\u00e8res bases de la recherche a\u00e9rodynamique. Une qu\u00eate du meilleur coefficient de p\u00e9n\u00e9tration dans l\u2019air (Cx) qui donnera naissance \u00e0 des v\u00e9hicules iconoclastes. Comme \u00ab le Monstre \u00bb, une Cadillac Coup\u00e9 DeVille recarross\u00e9e et inscrite \u00e0 l\u2019\u00e9preuve de 1950. Dans les ann\u00e9es 70, Porsche alignera un bolide, la 917 \u00ab kurz Heck \u00bb (\u00e0 queue courte) qui d\u00e9crochera d\u2019ailleurs le record de distance en 1971 avec 5 335,31 km. Il faudra attendre 2010 pour qu\u2019Audi parvienne \u00e0 battre ce record !\u00a0\u00bb. En 1926, les phares antibrouillards. \u00ab\u00a0Quand arrivent les premi\u00e8res lueurs de l\u2019aube, il n\u2019est pas rare qu\u2019une partie du circuit soit plong\u00e9e dans la brume. C\u2019est pour cela que les Lorraine-Dietrich ajoutent, au centre de leur calandre, un troisi\u00e8me phare \u00ab antibrouillard \u00bb qui leur vaudra le surnom de \u00ab cyclope \u00bb. Il participera aussi probablement \u00e0 leur \u00e9crasante victoire : les trois B3-6 s\u2019adjugent le podium et le duo Robert Bloch\/Andr\u00e9 Rossignol d\u00e9passe la barri\u00e8re des 2 500 km\u00a0\u00bb. Voil\u00e0 qui est fort int\u00e9ressant dans ce beau Dossier de presse qui m\u00e9rite le d\u00e9tour\u2026<\/p>\n\n\n\n<figure class=\"wp-block-image size-large\"><img loading=\"lazy\" decoding=\"async\" width=\"570\" height=\"118\" src=\"https:\/\/legisport.com\/wp-content\/uploads\/2020\/09\/24h-le-mans.png\" alt=\"\" class=\"wp-image-1509\" srcset=\"https:\/\/legisport.com\/wp-content\/uploads\/2020\/09\/24h-le-mans.png 570w, https:\/\/legisport.com\/wp-content\/uploads\/2020\/09\/24h-le-mans-300x62.png 300w\" sizes=\"auto, (max-width: 570px) 100vw, 570px\" \/><\/figure>\n\n\n\n<p><strong>Contacts&nbsp;: <\/strong><\/p>\n\n\n\n<p>&#8211;<strong>Service de presse Automobile Club de l\u2019Ouest <\/strong>&#8211; <strong>Jean-Baptiste Schmidt<\/strong><\/p>\n\n\n\n<p><strong>Mail\u00a0: jb.schmidt@lemans.org<\/strong><\/p>\n\n\n\n<p>&#8211;<strong>Madame Anne-Laure Vigneron, directrice communication<\/strong><\/p>\n\n\n\n<p><strong>Mail : al.vigneron@lemans.org<\/strong><\/p>\n\n\n\n<p><strong>-Madame Carole Capitaine, responsable p\u00f4le Edito<\/strong><\/p>\n\n\n\n<p><strong>Mail : carolecapitaine@yahoo.fr<\/strong><\/p>\n\n\n\n<p><\/p>\n","protected":false},"excerpt":{"rendered":"<p>Oui. \u00ab\u00a0Les 24 Heures du Mans 2020, un bel engagement !\u00a0\u00bb. Ce sont les termes du Pr\u00e9sident de l\u2019Automobile Club de l\u2019Ouest Pierre Fillon dans l\u2019\u00e9ditorial du Dossier de presse de l\u2019organisation de la 88\u00e8me \u00a0\u00e9dition de la c\u00e9l\u00e8bre comp\u00e9tition automobile qui se tiendra ce week-end, \u00e0 huis clos et avec un d\u00e9part le 19 [&hellip;]<\/p>\n","protected":false},"author":1,"featured_media":0,"comment_status":"closed","ping_status":"open","sticky":false,"template":"","format":"standard","meta":{"footnotes":""},"categories":[1],"tags":[],"class_list":["post-1504","post","type-post","status-publish","format-standard","hentry","category-uncategorized","basic-color-border"],"yoast_head":"<!-- This site is optimized with the Yoast SEO plugin v17.4 - https:\/\/yoast.com\/wordpress\/plugins\/seo\/ -->\n<meta name=\"robots\" content=\"index, follow, max-snippet:-1, max-image-preview:large, max-video-preview:-1\" \/>\n<link rel=\"canonical\" href=\"https:\/\/legisport.com\/index.php\/2020\/09\/16\/les-24-heures-du-mans-2020-un-bel-engagement\/\" \/>\n<meta property=\"og:locale\" content=\"fr_FR\" \/>\n<meta property=\"og:type\" content=\"article\" \/>\n<meta property=\"og:title\" content=\"Les 24 Heures du Mans 2020, &quot;un bel engagement&quot; - legisport\" \/>\n<meta property=\"og:description\" content=\"Oui. \u00ab\u00a0Les 24 Heures du Mans 2020, un bel engagement !\u00a0\u00bb. Ce sont les termes du Pr\u00e9sident de l\u2019Automobile Club de l\u2019Ouest Pierre Fillon dans l\u2019\u00e9ditorial du Dossier de presse de l\u2019organisation de la 88\u00e8me \u00a0\u00e9dition de la c\u00e9l\u00e8bre comp\u00e9tition automobile qui se tiendra ce week-end, \u00e0 huis clos et avec un d\u00e9part le 19 [&hellip;]\" \/>\n<meta property=\"og:url\" content=\"https:\/\/legisport.com\/index.php\/2020\/09\/16\/les-24-heures-du-mans-2020-un-bel-engagement\/\" \/>\n<meta property=\"og:site_name\" content=\"legisport\" \/>\n<meta property=\"article:published_time\" content=\"2020-09-16T12:43:31+00:00\" \/>\n<meta property=\"article:modified_time\" content=\"2020-09-16T13:53:15+00:00\" \/>\n<meta property=\"og:image\" content=\"http:\/\/legisport.com\/wp-content\/uploads\/2020\/09\/24h-le-mans.png\" \/>\n<meta name=\"twitter:card\" content=\"summary_large_image\" \/>\n<meta name=\"twitter:label1\" content=\"\u00c9crit par\" \/>\n\t<meta name=\"twitter:data1\" content=\"admin8312\" \/>\n\t<meta name=\"twitter:label2\" content=\"Dur\u00e9e de lecture est.\" \/>\n\t<meta name=\"twitter:data2\" content=\"4 minutes\" \/>\n<script type=\"application\/ld+json\" class=\"yoast-schema-graph\">{\"@context\":\"https:\/\/schema.org\",\"@graph\":[{\"@type\":\"WebSite\",\"@id\":\"https:\/\/legisport.com\/#website\",\"url\":\"https:\/\/legisport.com\/\",\"name\":\"legisport\",\"description\":\"1991 : fondation de LEGISPORT. 1996 : lancement du bulletin d&#039;informations juridiques sportives LEGISPORT. Tout sur le droit du sport.\",\"potentialAction\":[{\"@type\":\"SearchAction\",\"target\":{\"@type\":\"EntryPoint\",\"urlTemplate\":\"https:\/\/legisport.com\/?s={search_term_string}\"},\"query-input\":\"required name=search_term_string\"}],\"inLanguage\":\"fr-FR\"},{\"@type\":\"ImageObject\",\"@id\":\"https:\/\/legisport.com\/index.php\/2020\/09\/16\/les-24-heures-du-mans-2020-un-bel-engagement\/#primaryimage\",\"inLanguage\":\"fr-FR\",\"url\":\"http:\/\/legisport.com\/wp-content\/uploads\/2020\/09\/24h-le-mans.png\",\"contentUrl\":\"http:\/\/legisport.com\/wp-content\/uploads\/2020\/09\/24h-le-mans.png\"},{\"@type\":\"WebPage\",\"@id\":\"https:\/\/legisport.com\/index.php\/2020\/09\/16\/les-24-heures-du-mans-2020-un-bel-engagement\/#webpage\",\"url\":\"https:\/\/legisport.com\/index.php\/2020\/09\/16\/les-24-heures-du-mans-2020-un-bel-engagement\/\",\"name\":\"Les 24 Heures du Mans 2020, \\\"un bel engagement\\\" - legisport\",\"isPartOf\":{\"@id\":\"https:\/\/legisport.com\/#website\"},\"primaryImageOfPage\":{\"@id\":\"https:\/\/legisport.com\/index.php\/2020\/09\/16\/les-24-heures-du-mans-2020-un-bel-engagement\/#primaryimage\"},\"datePublished\":\"2020-09-16T12:43:31+00:00\",\"dateModified\":\"2020-09-16T13:53:15+00:00\",\"author\":{\"@id\":\"https:\/\/legisport.com\/#\/schema\/person\/abccfb880c12073a27d7cb433cf39cf2\"},\"breadcrumb\":{\"@id\":\"https:\/\/legisport.com\/index.php\/2020\/09\/16\/les-24-heures-du-mans-2020-un-bel-engagement\/#breadcrumb\"},\"inLanguage\":\"fr-FR\",\"potentialAction\":[{\"@type\":\"ReadAction\",\"target\":[\"https:\/\/legisport.com\/index.php\/2020\/09\/16\/les-24-heures-du-mans-2020-un-bel-engagement\/\"]}]},{\"@type\":\"BreadcrumbList\",\"@id\":\"https:\/\/legisport.com\/index.php\/2020\/09\/16\/les-24-heures-du-mans-2020-un-bel-engagement\/#breadcrumb\",\"itemListElement\":[{\"@type\":\"ListItem\",\"position\":1,\"name\":\"Accueil\",\"item\":\"https:\/\/legisport.com\/\"},{\"@type\":\"ListItem\",\"position\":2,\"name\":\"Les 24 Heures du Mans 2020, \\u00ab\\u00a0un bel engagement\\u00a0\\u00bb\"}]},{\"@type\":\"Person\",\"@id\":\"https:\/\/legisport.com\/#\/schema\/person\/abccfb880c12073a27d7cb433cf39cf2\",\"name\":\"admin8312\",\"image\":{\"@type\":\"ImageObject\",\"@id\":\"https:\/\/legisport.com\/#personlogo\",\"inLanguage\":\"fr-FR\",\"url\":\"https:\/\/secure.gravatar.com\/avatar\/1e990537051617f93586bce114145ae0ff87fb7f69693d7eea4b09eb39a38ee0?s=96&d=mm&r=g\",\"contentUrl\":\"https:\/\/secure.gravatar.com\/avatar\/1e990537051617f93586bce114145ae0ff87fb7f69693d7eea4b09eb39a38ee0?s=96&d=mm&r=g\",\"caption\":\"admin8312\"},\"url\":\"https:\/\/legisport.com\/index.php\/author\/admin8312\/\"}]}<\/script>\n<!-- \/ Yoast SEO plugin. -->","yoast_head_json":{"robots":{"index":"index","follow":"follow","max-snippet":"max-snippet:-1","max-image-preview":"max-image-preview:large","max-video-preview":"max-video-preview:-1"},"canonical":"https:\/\/legisport.com\/index.php\/2020\/09\/16\/les-24-heures-du-mans-2020-un-bel-engagement\/","og_locale":"fr_FR","og_type":"article","og_title":"Les 24 Heures du Mans 2020, \"un bel engagement\" - legisport","og_description":"Oui. \u00ab\u00a0Les 24 Heures du Mans 2020, un bel engagement !\u00a0\u00bb. Ce sont les termes du Pr\u00e9sident de l\u2019Automobile Club de l\u2019Ouest Pierre Fillon dans l\u2019\u00e9ditorial du Dossier de presse de l\u2019organisation de la 88\u00e8me \u00a0\u00e9dition de la c\u00e9l\u00e8bre comp\u00e9tition automobile qui se tiendra ce week-end, \u00e0 huis clos et avec un d\u00e9part le 19 [&hellip;]","og_url":"https:\/\/legisport.com\/index.php\/2020\/09\/16\/les-24-heures-du-mans-2020-un-bel-engagement\/","og_site_name":"legisport","article_published_time":"2020-09-16T12:43:31+00:00","article_modified_time":"2020-09-16T13:53:15+00:00","og_image":[{"url":"http:\/\/legisport.com\/wp-content\/uploads\/2020\/09\/24h-le-mans.png"}],"twitter_card":"summary_large_image","twitter_misc":{"\u00c9crit par":"admin8312","Dur\u00e9e de lecture est.":"4 minutes"},"schema":{"@context":"https:\/\/schema.org","@graph":[{"@type":"WebSite","@id":"https:\/\/legisport.com\/#website","url":"https:\/\/legisport.com\/","name":"legisport","description":"1991 : fondation de LEGISPORT. 1996 : lancement du bulletin d&#039;informations juridiques sportives LEGISPORT. Tout sur le droit du sport.","potentialAction":[{"@type":"SearchAction","target":{"@type":"EntryPoint","urlTemplate":"https:\/\/legisport.com\/?s={search_term_string}"},"query-input":"required name=search_term_string"}],"inLanguage":"fr-FR"},{"@type":"ImageObject","@id":"https:\/\/legisport.com\/index.php\/2020\/09\/16\/les-24-heures-du-mans-2020-un-bel-engagement\/#primaryimage","inLanguage":"fr-FR","url":"http:\/\/legisport.com\/wp-content\/uploads\/2020\/09\/24h-le-mans.png","contentUrl":"http:\/\/legisport.com\/wp-content\/uploads\/2020\/09\/24h-le-mans.png"},{"@type":"WebPage","@id":"https:\/\/legisport.com\/index.php\/2020\/09\/16\/les-24-heures-du-mans-2020-un-bel-engagement\/#webpage","url":"https:\/\/legisport.com\/index.php\/2020\/09\/16\/les-24-heures-du-mans-2020-un-bel-engagement\/","name":"Les 24 Heures du Mans 2020, \"un bel engagement\" - legisport","isPartOf":{"@id":"https:\/\/legisport.com\/#website"},"primaryImageOfPage":{"@id":"https:\/\/legisport.com\/index.php\/2020\/09\/16\/les-24-heures-du-mans-2020-un-bel-engagement\/#primaryimage"},"datePublished":"2020-09-16T12:43:31+00:00","dateModified":"2020-09-16T13:53:15+00:00","author":{"@id":"https:\/\/legisport.com\/#\/schema\/person\/abccfb880c12073a27d7cb433cf39cf2"},"breadcrumb":{"@id":"https:\/\/legisport.com\/index.php\/2020\/09\/16\/les-24-heures-du-mans-2020-un-bel-engagement\/#breadcrumb"},"inLanguage":"fr-FR","potentialAction":[{"@type":"ReadAction","target":["https:\/\/legisport.com\/index.php\/2020\/09\/16\/les-24-heures-du-mans-2020-un-bel-engagement\/"]}]},{"@type":"BreadcrumbList","@id":"https:\/\/legisport.com\/index.php\/2020\/09\/16\/les-24-heures-du-mans-2020-un-bel-engagement\/#breadcrumb","itemListElement":[{"@type":"ListItem","position":1,"name":"Accueil","item":"https:\/\/legisport.com\/"},{"@type":"ListItem","position":2,"name":"Les 24 Heures du Mans 2020, \u00ab\u00a0un bel engagement\u00a0\u00bb"}]},{"@type":"Person","@id":"https:\/\/legisport.com\/#\/schema\/person\/abccfb880c12073a27d7cb433cf39cf2","name":"admin8312","image":{"@type":"ImageObject","@id":"https:\/\/legisport.com\/#personlogo","inLanguage":"fr-FR","url":"https:\/\/secure.gravatar.com\/avatar\/1e990537051617f93586bce114145ae0ff87fb7f69693d7eea4b09eb39a38ee0?s=96&d=mm&r=g","contentUrl":"https:\/\/secure.gravatar.com\/avatar\/1e990537051617f93586bce114145ae0ff87fb7f69693d7eea4b09eb39a38ee0?s=96&d=mm&r=g","caption":"admin8312"},"url":"https:\/\/legisport.com\/index.php\/author\/admin8312\/"}]}},"_links":{"self":[{"href":"https:\/\/legisport.com\/index.php\/wp-json\/wp\/v2\/posts\/1504","targetHints":{"allow":["GET"]}}],"collection":[{"href":"https:\/\/legisport.com\/index.php\/wp-json\/wp\/v2\/posts"}],"about":[{"href":"https:\/\/legisport.com\/index.php\/wp-json\/wp\/v2\/types\/post"}],"author":[{"embeddable":true,"href":"https:\/\/legisport.com\/index.php\/wp-json\/wp\/v2\/users\/1"}],"replies":[{"embeddable":true,"href":"https:\/\/legisport.com\/index.php\/wp-json\/wp\/v2\/comments?post=1504"}],"version-history":[{"count":3,"href":"https:\/\/legisport.com\/index.php\/wp-json\/wp\/v2\/posts\/1504\/revisions"}],"predecessor-version":[{"id":1511,"href":"https:\/\/legisport.com\/index.php\/wp-json\/wp\/v2\/posts\/1504\/revisions\/1511"}],"wp:attachment":[{"href":"https:\/\/legisport.com\/index.php\/wp-json\/wp\/v2\/media?parent=1504"}],"wp:term":[{"taxonomy":"category","embeddable":true,"href":"https:\/\/legisport.com\/index.php\/wp-json\/wp\/v2\/categories?post=1504"},{"taxonomy":"post_tag","embeddable":true,"href":"https:\/\/legisport.com\/index.php\/wp-json\/wp\/v2\/tags?post=1504"}],"curies":[{"name":"wp","href":"https:\/\/api.w.org\/{rel}","templated":true}]}}