{"id":1502,"date":"2020-09-16T12:40:09","date_gmt":"2020-09-16T12:40:09","guid":{"rendered":"http:\/\/legisport.com\/?p=1502"},"modified":"2020-09-21T09:11:00","modified_gmt":"2020-09-21T09:11:00","slug":"id2son-et-les-nouveaux-hymnes-des-championnats-de-france-football-professionnel","status":"publish","type":"post","link":"https:\/\/legisport.com\/index.php\/2020\/09\/16\/id2son-et-les-nouveaux-hymnes-des-championnats-de-france-football-professionnel\/","title":{"rendered":"ID2SON et les nouveaux hymnes des championnats de France football professionnel"},"content":{"rendered":"\n<figure class=\"wp-block-image size-large\"><a href=\"https:\/\/www.id2son.fr\/?gclid=EAIaIQobChMIq52q0dr56wIVBfhRCh3BHwkLEAAYASAAEgJ4pfD_BwE\"><img loading=\"lazy\" decoding=\"async\" width=\"923\" height=\"768\" src=\"https:\/\/legisport.com\/wp-content\/uploads\/2020\/09\/LOGO-ID2SON-BASELINE-\u00a9-ID2SON-1.jpg\" alt=\"\" class=\"wp-image-1516\" srcset=\"https:\/\/legisport.com\/wp-content\/uploads\/2020\/09\/LOGO-ID2SON-BASELINE-\u00a9-ID2SON-1.jpg 923w, https:\/\/legisport.com\/wp-content\/uploads\/2020\/09\/LOGO-ID2SON-BASELINE-\u00a9-ID2SON-1-300x250.jpg 300w, https:\/\/legisport.com\/wp-content\/uploads\/2020\/09\/LOGO-ID2SON-BASELINE-\u00a9-ID2SON-1-768x639.jpg 768w\" sizes=\"auto, (max-width: 923px) 100vw, 923px\" \/><\/a><\/figure>\n\n\n\n<p>A l\u2019occasion de cette nouvelle saison 2020-2021 qui vient de d\u00e9buter, la Ligue de Football Professionnel (LFP) entend donner \u00a0un nouvel \u00e9lan \u00e0 ses comp\u00e9titions phares : les championnats de France de Ligue 1 Uber Eats et de Ligue 2 BKT. Pour symboliser ce nouveau d\u00e9part, elle a d\u00e9cid\u00e9 de remodeler l\u2019identit\u00e9 visuelle et sonore de ses deux championnats. Cette mutation porte la marque de la jeune soci\u00e9t\u00e9 lyonnaise ID2SON. C\u2019est \u00e0 elle \u00a0qu\u2019a \u00e9t\u00e9 confi\u00e9e la cr\u00e9ation des nouveaux hymnes qui accompagneront les championnats de Ligue 1 \u00a0Uber Eats et de Ligue 2 BKT pour les quatre prochaines saisons.<\/p>\n\n\n\n<p>Le cahier des charges contenait des points communs pour la Ligue 1 Uber Eats et la Ligue 2 BKT, \u00e0 &nbsp;commencer par la n\u00e9cessit\u00e9 de faire ressortir les caract\u00e9ristiques communes de ces deux championnats : &nbsp;le spectacle, l\u2019intensit\u00e9, la rivalit\u00e9 entre les \u00e9quipes. N\u00e9anmoins le travail de cr\u00e9ation musicale \u00e9tait totalement diff\u00e9rent. &nbsp;\u00ab Pour la Ligue 1 Uber Eats, il fallait donner un nouveau souffle, un nouvel \u00e9lan, mais sans casser l\u2019existant \u00bb, &nbsp;explique Micka\u00ebl Coulas, Pr\u00e9sident et co-fondateur d\u2019ID2SON. Collant au cahier des charges qui proposait &nbsp;de repartir de la musique compos\u00e9e il y a 8 ans et, d\u00e9j\u00e0 l\u00e9g\u00e8rement remix\u00e9e il y a 4 ans, ID2SON s\u2019empare du cahier des charges pour amener une touche de modernit\u00e9, avec des sonorit\u00e9s de musique urbaine &nbsp;\u00e9lectro. \u00ab Nous avons \u00e9galement voulu marquer l\u2019aspect f\u00e9d\u00e9rateur, dynamique et humain de &nbsp;ce championnat \u00bb, d\u00e9taille Maxime Comby. &nbsp;Pour la Ligue 2 BKT en revanche, le changement devait \u00eatre radical pour traduire les nouvelles ambitions de &nbsp;ce championnat. Partant d\u2019une page blanche, ID2SON a choisi un concept \u00e9lectro orchestral, pour mettre &nbsp;en lumi\u00e8re les notions de proximit\u00e9 et d\u2019engagement physique, qui caract\u00e9risent cette comp\u00e9tition. <\/p>\n\n\n\n<p>Suite \u00e0 son succ\u00e8s et au-del\u00e0 de la satisfaction d\u2019avoir remport\u00e9 l\u2019appel d\u2019offres de la LFP, ID2SON entend mettre \u00e0 profit cette \u00e9tape importante de sa jeune histoire pour affirmer son image d\u2019acteur de  r\u00e9f\u00e9rence sur le march\u00e9 de l\u2019identit\u00e9 sonore. \u00ab C\u2019est un march\u00e9 qui n\u2019est pas encore totalement m\u00fbr, mais &nbsp;qui dispose d\u2019un tr\u00e8s fort potentiel \u00bb, estime Micka\u00ebl Coulas. Apr\u00e8s les institutionnels, qui ont engag\u00e9 le mouvement suite \u00e0 la modification du p\u00e9rim\u00e8tre g\u00e9ographique des r\u00e9gions fran\u00e7aises, et donc de leurs territoires de marque (graphique et sonore), les communes souhaitent \u00e9galement se doter d\u2019une musique sp\u00e9cifique refl\u00e9tant leur identit\u00e9 et leurs valeurs. Il en va de m\u00eame pour les entreprises, qui ont  g\u00e9n\u00e9ralement une charte graphique, mais qui ne disposent pas encore de son \u00e9quivalent sonore. <\/p>\n\n\n\n<p><strong>Communiqu\u00e9 de presse du\n20 Ao\u00fbt 2020<\/strong><\/p>\n\n\n\n<p><\/p>\n\n\n\n<p><strong>CONTACT : ID2SON, 30 Rue Marguerite, B\u00e2timent Le 380, 69100 VILLEURBANNE<\/strong><\/p>\n\n\n\n<p><strong>Pour visiter le site internet d&rsquo;ID2SON, cliquez <a href=\"https:\/\/www.id2son.fr\/\">ICI<\/a><\/strong><\/p>\n\n\n\n<figure class=\"wp-block-image size-large\"><a href=\"https:\/\/www.id2son.fr\/?gclid=EAIaIQobChMIq52q0dr56wIVBfhRCh3BHwkLEAAYASAAEgJ4pfD_BwE\"><img loading=\"lazy\" decoding=\"async\" width=\"923\" height=\"768\" src=\"https:\/\/legisport.com\/wp-content\/uploads\/2020\/09\/LOGO-ID2SON-BASELINE-\u00a9-ID2SON-1.jpg\" alt=\"\" class=\"wp-image-1516\" srcset=\"https:\/\/legisport.com\/wp-content\/uploads\/2020\/09\/LOGO-ID2SON-BASELINE-\u00a9-ID2SON-1.jpg 923w, https:\/\/legisport.com\/wp-content\/uploads\/2020\/09\/LOGO-ID2SON-BASELINE-\u00a9-ID2SON-1-300x250.jpg 300w, https:\/\/legisport.com\/wp-content\/uploads\/2020\/09\/LOGO-ID2SON-BASELINE-\u00a9-ID2SON-1-768x639.jpg 768w\" sizes=\"auto, (max-width: 923px) 100vw, 923px\" \/><\/a><\/figure>\n\n\n\n<p><strong>Si vous \u00eates int\u00e9ress\u00e9(e) pour recevoir les hymnes, contactez&nbsp;:<\/strong><\/p>\n\n\n\n<p><strong>Madame\nJeanne Lozano, Agence EMC&nbsp;: <a href=\"mailto:contact@agence-emc.com\">contact@agence-emc.com<\/a><\/strong><\/p>\n\n\n\n<p><strong>Madame Julie Barlot, Agence\nEMC : <a href=\"mailto:presse@agence-emc.com\">presse@agence-emc.com<\/a><\/strong><\/p>\n","protected":false},"excerpt":{"rendered":"<p>A l\u2019occasion de cette nouvelle saison 2020-2021 qui vient de d\u00e9buter, la Ligue de Football Professionnel (LFP) entend donner \u00a0un nouvel \u00e9lan \u00e0 ses comp\u00e9titions phares : les championnats de France de Ligue 1 Uber Eats et de Ligue 2 BKT. Pour symboliser ce nouveau d\u00e9part, elle a d\u00e9cid\u00e9 de remodeler l\u2019identit\u00e9 visuelle et sonore [&hellip;]<\/p>\n","protected":false},"author":1,"featured_media":0,"comment_status":"closed","ping_status":"open","sticky":false,"template":"","format":"standard","meta":{"footnotes":""},"categories":[1],"tags":[],"class_list":["post-1502","post","type-post","status-publish","format-standard","hentry","category-uncategorized","basic-color-border"],"yoast_head":"<!-- This site is optimized with the Yoast SEO plugin v17.4 - https:\/\/yoast.com\/wordpress\/plugins\/seo\/ -->\n<meta name=\"robots\" content=\"index, follow, max-snippet:-1, max-image-preview:large, max-video-preview:-1\" \/>\n<link rel=\"canonical\" href=\"https:\/\/legisport.com\/index.php\/2020\/09\/16\/id2son-et-les-nouveaux-hymnes-des-championnats-de-france-football-professionnel\/\" \/>\n<meta property=\"og:locale\" content=\"fr_FR\" \/>\n<meta property=\"og:type\" content=\"article\" \/>\n<meta property=\"og:title\" content=\"ID2SON et les nouveaux hymnes des championnats de France football professionnel - legisport\" \/>\n<meta property=\"og:description\" content=\"A l\u2019occasion de cette nouvelle saison 2020-2021 qui vient de d\u00e9buter, la Ligue de Football Professionnel (LFP) entend donner \u00a0un nouvel \u00e9lan \u00e0 ses comp\u00e9titions phares : les championnats de France de Ligue 1 Uber Eats et de Ligue 2 BKT. Pour symboliser ce nouveau d\u00e9part, elle a d\u00e9cid\u00e9 de remodeler l\u2019identit\u00e9 visuelle et sonore [&hellip;]\" \/>\n<meta property=\"og:url\" content=\"https:\/\/legisport.com\/index.php\/2020\/09\/16\/id2son-et-les-nouveaux-hymnes-des-championnats-de-france-football-professionnel\/\" \/>\n<meta property=\"og:site_name\" content=\"legisport\" \/>\n<meta property=\"article:published_time\" content=\"2020-09-16T12:40:09+00:00\" \/>\n<meta property=\"article:modified_time\" content=\"2020-09-21T09:11:00+00:00\" \/>\n<meta property=\"og:image\" content=\"http:\/\/legisport.com\/wp-content\/uploads\/2020\/09\/LOGO-ID2SON-BASELINE-\u00a9-ID2SON-1.jpg\" \/>\n<meta name=\"twitter:card\" content=\"summary_large_image\" \/>\n<meta name=\"twitter:label1\" content=\"\u00c9crit par\" \/>\n\t<meta name=\"twitter:data1\" content=\"admin8312\" \/>\n\t<meta name=\"twitter:label2\" content=\"Dur\u00e9e de lecture est.\" \/>\n\t<meta name=\"twitter:data2\" content=\"3 minutes\" \/>\n<script type=\"application\/ld+json\" class=\"yoast-schema-graph\">{\"@context\":\"https:\/\/schema.org\",\"@graph\":[{\"@type\":\"WebSite\",\"@id\":\"https:\/\/legisport.com\/#website\",\"url\":\"https:\/\/legisport.com\/\",\"name\":\"legisport\",\"description\":\"1991 : fondation de LEGISPORT. 1996 : lancement du bulletin d&#039;informations juridiques sportives LEGISPORT. Tout sur le droit du sport.\",\"potentialAction\":[{\"@type\":\"SearchAction\",\"target\":{\"@type\":\"EntryPoint\",\"urlTemplate\":\"https:\/\/legisport.com\/?s={search_term_string}\"},\"query-input\":\"required name=search_term_string\"}],\"inLanguage\":\"fr-FR\"},{\"@type\":\"ImageObject\",\"@id\":\"https:\/\/legisport.com\/index.php\/2020\/09\/16\/id2son-et-les-nouveaux-hymnes-des-championnats-de-france-football-professionnel\/#primaryimage\",\"inLanguage\":\"fr-FR\",\"url\":\"http:\/\/legisport.com\/wp-content\/uploads\/2020\/09\/LOGO-ID2SON-BASELINE-\\u00a9-ID2SON-1.jpg\",\"contentUrl\":\"http:\/\/legisport.com\/wp-content\/uploads\/2020\/09\/LOGO-ID2SON-BASELINE-\\u00a9-ID2SON-1.jpg\"},{\"@type\":\"WebPage\",\"@id\":\"https:\/\/legisport.com\/index.php\/2020\/09\/16\/id2son-et-les-nouveaux-hymnes-des-championnats-de-france-football-professionnel\/#webpage\",\"url\":\"https:\/\/legisport.com\/index.php\/2020\/09\/16\/id2son-et-les-nouveaux-hymnes-des-championnats-de-france-football-professionnel\/\",\"name\":\"ID2SON et les nouveaux hymnes des championnats de France football professionnel - legisport\",\"isPartOf\":{\"@id\":\"https:\/\/legisport.com\/#website\"},\"primaryImageOfPage\":{\"@id\":\"https:\/\/legisport.com\/index.php\/2020\/09\/16\/id2son-et-les-nouveaux-hymnes-des-championnats-de-france-football-professionnel\/#primaryimage\"},\"datePublished\":\"2020-09-16T12:40:09+00:00\",\"dateModified\":\"2020-09-21T09:11:00+00:00\",\"author\":{\"@id\":\"https:\/\/legisport.com\/#\/schema\/person\/abccfb880c12073a27d7cb433cf39cf2\"},\"breadcrumb\":{\"@id\":\"https:\/\/legisport.com\/index.php\/2020\/09\/16\/id2son-et-les-nouveaux-hymnes-des-championnats-de-france-football-professionnel\/#breadcrumb\"},\"inLanguage\":\"fr-FR\",\"potentialAction\":[{\"@type\":\"ReadAction\",\"target\":[\"https:\/\/legisport.com\/index.php\/2020\/09\/16\/id2son-et-les-nouveaux-hymnes-des-championnats-de-france-football-professionnel\/\"]}]},{\"@type\":\"BreadcrumbList\",\"@id\":\"https:\/\/legisport.com\/index.php\/2020\/09\/16\/id2son-et-les-nouveaux-hymnes-des-championnats-de-france-football-professionnel\/#breadcrumb\",\"itemListElement\":[{\"@type\":\"ListItem\",\"position\":1,\"name\":\"Accueil\",\"item\":\"https:\/\/legisport.com\/\"},{\"@type\":\"ListItem\",\"position\":2,\"name\":\"ID2SON et les nouveaux hymnes des championnats de France football professionnel\"}]},{\"@type\":\"Person\",\"@id\":\"https:\/\/legisport.com\/#\/schema\/person\/abccfb880c12073a27d7cb433cf39cf2\",\"name\":\"admin8312\",\"image\":{\"@type\":\"ImageObject\",\"@id\":\"https:\/\/legisport.com\/#personlogo\",\"inLanguage\":\"fr-FR\",\"url\":\"https:\/\/secure.gravatar.com\/avatar\/1e990537051617f93586bce114145ae0ff87fb7f69693d7eea4b09eb39a38ee0?s=96&d=mm&r=g\",\"contentUrl\":\"https:\/\/secure.gravatar.com\/avatar\/1e990537051617f93586bce114145ae0ff87fb7f69693d7eea4b09eb39a38ee0?s=96&d=mm&r=g\",\"caption\":\"admin8312\"},\"url\":\"https:\/\/legisport.com\/index.php\/author\/admin8312\/\"}]}<\/script>\n<!-- \/ Yoast SEO plugin. -->","yoast_head_json":{"robots":{"index":"index","follow":"follow","max-snippet":"max-snippet:-1","max-image-preview":"max-image-preview:large","max-video-preview":"max-video-preview:-1"},"canonical":"https:\/\/legisport.com\/index.php\/2020\/09\/16\/id2son-et-les-nouveaux-hymnes-des-championnats-de-france-football-professionnel\/","og_locale":"fr_FR","og_type":"article","og_title":"ID2SON et les nouveaux hymnes des championnats de France football professionnel - legisport","og_description":"A l\u2019occasion de cette nouvelle saison 2020-2021 qui vient de d\u00e9buter, la Ligue de Football Professionnel (LFP) entend donner \u00a0un nouvel \u00e9lan \u00e0 ses comp\u00e9titions phares : les championnats de France de Ligue 1 Uber Eats et de Ligue 2 BKT. Pour symboliser ce nouveau d\u00e9part, elle a d\u00e9cid\u00e9 de remodeler l\u2019identit\u00e9 visuelle et sonore [&hellip;]","og_url":"https:\/\/legisport.com\/index.php\/2020\/09\/16\/id2son-et-les-nouveaux-hymnes-des-championnats-de-france-football-professionnel\/","og_site_name":"legisport","article_published_time":"2020-09-16T12:40:09+00:00","article_modified_time":"2020-09-21T09:11:00+00:00","og_image":[{"url":"http:\/\/legisport.com\/wp-content\/uploads\/2020\/09\/LOGO-ID2SON-BASELINE-\u00a9-ID2SON-1.jpg"}],"twitter_card":"summary_large_image","twitter_misc":{"\u00c9crit par":"admin8312","Dur\u00e9e de lecture est.":"3 minutes"},"schema":{"@context":"https:\/\/schema.org","@graph":[{"@type":"WebSite","@id":"https:\/\/legisport.com\/#website","url":"https:\/\/legisport.com\/","name":"legisport","description":"1991 : fondation de LEGISPORT. 1996 : lancement du bulletin d&#039;informations juridiques sportives LEGISPORT. Tout sur le droit du sport.","potentialAction":[{"@type":"SearchAction","target":{"@type":"EntryPoint","urlTemplate":"https:\/\/legisport.com\/?s={search_term_string}"},"query-input":"required name=search_term_string"}],"inLanguage":"fr-FR"},{"@type":"ImageObject","@id":"https:\/\/legisport.com\/index.php\/2020\/09\/16\/id2son-et-les-nouveaux-hymnes-des-championnats-de-france-football-professionnel\/#primaryimage","inLanguage":"fr-FR","url":"http:\/\/legisport.com\/wp-content\/uploads\/2020\/09\/LOGO-ID2SON-BASELINE-\u00a9-ID2SON-1.jpg","contentUrl":"http:\/\/legisport.com\/wp-content\/uploads\/2020\/09\/LOGO-ID2SON-BASELINE-\u00a9-ID2SON-1.jpg"},{"@type":"WebPage","@id":"https:\/\/legisport.com\/index.php\/2020\/09\/16\/id2son-et-les-nouveaux-hymnes-des-championnats-de-france-football-professionnel\/#webpage","url":"https:\/\/legisport.com\/index.php\/2020\/09\/16\/id2son-et-les-nouveaux-hymnes-des-championnats-de-france-football-professionnel\/","name":"ID2SON et les nouveaux hymnes des championnats de France football professionnel - legisport","isPartOf":{"@id":"https:\/\/legisport.com\/#website"},"primaryImageOfPage":{"@id":"https:\/\/legisport.com\/index.php\/2020\/09\/16\/id2son-et-les-nouveaux-hymnes-des-championnats-de-france-football-professionnel\/#primaryimage"},"datePublished":"2020-09-16T12:40:09+00:00","dateModified":"2020-09-21T09:11:00+00:00","author":{"@id":"https:\/\/legisport.com\/#\/schema\/person\/abccfb880c12073a27d7cb433cf39cf2"},"breadcrumb":{"@id":"https:\/\/legisport.com\/index.php\/2020\/09\/16\/id2son-et-les-nouveaux-hymnes-des-championnats-de-france-football-professionnel\/#breadcrumb"},"inLanguage":"fr-FR","potentialAction":[{"@type":"ReadAction","target":["https:\/\/legisport.com\/index.php\/2020\/09\/16\/id2son-et-les-nouveaux-hymnes-des-championnats-de-france-football-professionnel\/"]}]},{"@type":"BreadcrumbList","@id":"https:\/\/legisport.com\/index.php\/2020\/09\/16\/id2son-et-les-nouveaux-hymnes-des-championnats-de-france-football-professionnel\/#breadcrumb","itemListElement":[{"@type":"ListItem","position":1,"name":"Accueil","item":"https:\/\/legisport.com\/"},{"@type":"ListItem","position":2,"name":"ID2SON et les nouveaux hymnes des championnats de France football professionnel"}]},{"@type":"Person","@id":"https:\/\/legisport.com\/#\/schema\/person\/abccfb880c12073a27d7cb433cf39cf2","name":"admin8312","image":{"@type":"ImageObject","@id":"https:\/\/legisport.com\/#personlogo","inLanguage":"fr-FR","url":"https:\/\/secure.gravatar.com\/avatar\/1e990537051617f93586bce114145ae0ff87fb7f69693d7eea4b09eb39a38ee0?s=96&d=mm&r=g","contentUrl":"https:\/\/secure.gravatar.com\/avatar\/1e990537051617f93586bce114145ae0ff87fb7f69693d7eea4b09eb39a38ee0?s=96&d=mm&r=g","caption":"admin8312"},"url":"https:\/\/legisport.com\/index.php\/author\/admin8312\/"}]}},"_links":{"self":[{"href":"https:\/\/legisport.com\/index.php\/wp-json\/wp\/v2\/posts\/1502","targetHints":{"allow":["GET"]}}],"collection":[{"href":"https:\/\/legisport.com\/index.php\/wp-json\/wp\/v2\/posts"}],"about":[{"href":"https:\/\/legisport.com\/index.php\/wp-json\/wp\/v2\/types\/post"}],"author":[{"embeddable":true,"href":"https:\/\/legisport.com\/index.php\/wp-json\/wp\/v2\/users\/1"}],"replies":[{"embeddable":true,"href":"https:\/\/legisport.com\/index.php\/wp-json\/wp\/v2\/comments?post=1502"}],"version-history":[{"count":4,"href":"https:\/\/legisport.com\/index.php\/wp-json\/wp\/v2\/posts\/1502\/revisions"}],"predecessor-version":[{"id":1519,"href":"https:\/\/legisport.com\/index.php\/wp-json\/wp\/v2\/posts\/1502\/revisions\/1519"}],"wp:attachment":[{"href":"https:\/\/legisport.com\/index.php\/wp-json\/wp\/v2\/media?parent=1502"}],"wp:term":[{"taxonomy":"category","embeddable":true,"href":"https:\/\/legisport.com\/index.php\/wp-json\/wp\/v2\/categories?post=1502"},{"taxonomy":"post_tag","embeddable":true,"href":"https:\/\/legisport.com\/index.php\/wp-json\/wp\/v2\/tags?post=1502"}],"curies":[{"name":"wp","href":"https:\/\/api.w.org\/{rel}","templated":true}]}}