{"id":1482,"date":"2020-08-03T08:49:43","date_gmt":"2020-08-03T08:49:43","guid":{"rendered":"http:\/\/legisport.com\/?p=1482"},"modified":"2020-08-03T08:53:02","modified_gmt":"2020-08-03T08:53:02","slug":"droit-du-sport-legisport-une-longevite-exceptionnelle","status":"publish","type":"post","link":"https:\/\/legisport.com\/index.php\/2020\/08\/03\/droit-du-sport-legisport-une-longevite-exceptionnelle\/","title":{"rendered":"Droit du sport : LEGISPORT, une long\u00e9vit\u00e9 exceptionnelle"},"content":{"rendered":"\n<p><strong>Le bulletin\nd\u2019informations juridiques sportives LEGISPORT para\u00eet depuis Septembre \u2013 Octobre\n1996.&nbsp;<\/strong><\/p>\n\n\n\n<p><strong>Une long\u00e9vit\u00e9 exceptionnelle qui d\u00e9montre la qualit\u00e9 de cette publication et le grand travail accompli par Me Michel Pautot, avocat depuis des d\u00e9cennies.<\/strong><\/p>\n\n\n\n<figure class=\"wp-block-image size-large\"><img loading=\"lazy\" decoding=\"async\" width=\"1024\" height=\"576\" src=\"https:\/\/legisport.com\/wp-content\/uploads\/2018\/10\/michelpautotdroitdusport2018-1024x576.jpg\" alt=\"\" class=\"wp-image-857\" srcset=\"https:\/\/legisport.com\/wp-content\/uploads\/2018\/10\/michelpautotdroitdusport2018-1024x576.jpg 1024w, https:\/\/legisport.com\/wp-content\/uploads\/2018\/10\/michelpautotdroitdusport2018-300x169.jpg 300w, https:\/\/legisport.com\/wp-content\/uploads\/2018\/10\/michelpautotdroitdusport2018-768x432.jpg 768w, https:\/\/legisport.com\/wp-content\/uploads\/2018\/10\/michelpautotdroitdusport2018.jpg 1280w\" sizes=\"auto, (max-width: 1024px) 100vw, 1024px\" \/><figcaption>Me Michel Pautot \u00e9dite LEGISPORT depuis septembre-octobre 1996<\/figcaption><\/figure>\n\n\n\n<p><strong>Voici la liste de tous les bulletins parus jusqu\u2019\u00e0 aujourd\u2019hui, le 2 Ao\u00fbt 2020&nbsp;:<\/strong><\/p>\n\n\n\n<p><em>N\u00b01\nSeptembre-Octobre 1996<\/em><strong> &#8211; SPORT ET ENFANTS :\nHALTE AUX EXC\u00c8S &#8211;<\/strong><strong><\/strong><\/p>\n\n\n\n<p><em>N\u00b02\nNovembre-D\u00e9cembre 1996 <\/em><strong>&#8211; LES \u00c9QUIPEMENTS\nSPORTIFS SOUS HAUTE&nbsp;&nbsp;&nbsp;&nbsp;&nbsp;&nbsp;&nbsp;&nbsp;&nbsp;&nbsp;&nbsp;&nbsp;&nbsp;&nbsp;\nSURVEILLANCE &#8211;<\/strong><strong><\/strong><\/p>\n\n\n\n<p><em>N\u00b03\nJanvier-F\u00e9vrier 1997 <\/em><strong>&#8211; CLUBS SPORTIFS ET\nACCIDENTS : VERS UNE RESPONSABILIT\u00c9 DE PLEIN DROIT &#8211; <\/strong><strong><\/strong><\/p>\n\n\n\n<p><em>N\u00b04\nMars-Avril 1997<\/em><strong> &#8211; VOUS \u00caTES TOUS CONCERN\u00c9S PAR L\u2019OBLIGATION\nDE DIPL\u00d4MES ET CELLE DE D\u00c9CLARATION D\u2019\u00c9TABLISSEMENT D\u2019\u00c9DUCATION PHYSIQUE ET\nSPORTIVE &#8211; <\/strong><strong><\/strong><\/p>\n\n\n\n<p><em>N\u00b05 Mai-Juin\n1997<\/em><strong> &#8211; LA RESPONSABILIT\u00c9 P\u00c9NALE &#8211; <\/strong><strong><\/strong><\/p>\n\n\n\n<p><em>N\u00b06\nJuillet-Ao\u00fbt 1997 <\/em><strong>&nbsp;&nbsp;&#8211; LA RESPONSABILIT\u00c9 P\u00c9NALE DES PERSONNES\nMORALES &#8211; <\/strong><strong><\/strong><\/p>\n\n\n\n<p><em>N\u00b07\nSeptembre-Octobre 1997 <\/em><strong>&#8211; LA RESPONSABILIT\u00c9 DES\nORGANISATEURS &#8211; <\/strong><strong><\/strong><\/p>\n\n\n\n<p><em>N\u00b08\nNovembre-D\u00e9cembre 1997 <\/em><strong>&#8211; LES OBLIGATIONS DES\nASSOCIATIONS SPORTIVES EN MATI\u00c8RE D\u2019URSSAF &#8211;<\/strong><strong><\/strong><\/p>\n\n\n\n<p><em>N\u00b09\nJanvier-F\u00e9vrier 1998 <\/em><strong>&#8211; LES MODALIT\u00c9S DU CONTR\u00d4LE\nANTIDOPAGE &#8211; <\/strong><strong><\/strong><\/p>\n\n\n\n<p><em>N\u00b010\nMars-Avril 1998 <\/em><strong>&#8211; LA FISCALIT\u00c9 DES CLUBS SPORTIFS &#8211; <\/strong><strong><\/strong><\/p>\n\n\n\n<p><em>N\u00b011\nMai-Juin 1998 <\/em><strong>&#8211; LA COUPE DU MONDE DE FOOT ET LE\nDROIT &#8211; <\/strong><strong><\/strong><\/p>\n\n\n\n<p><em>N\u00b012\nJuillet-Ao\u00fbt 1998 <\/em><strong>&#8211; ACTUALIT\u00c9S JURIDIQUES DU SPORT &#8211; <\/strong><strong><\/strong><\/p>\n\n\n\n<p><em>N\u00b013\nSeptembre-Octobre 1998 <\/em><strong>&#8211; SPORT ET DROIT DES AFFAIRES\n&#8211; <\/strong><strong><\/strong><\/p>\n\n\n\n<p><em>N\u00b014\nNovembre-D\u00e9cembre 1998<\/em><strong> &#8211; LA NOUVELLE FISCALIT\u00c9\nDES&nbsp;&nbsp; ASSOCIATIONS &#8211;<\/strong><strong><\/strong><\/p>\n\n\n\n<p><em>N\u00b015\nJanvier-F\u00e9vrier 1999 <\/em><strong>&#8211; L\u2019ARR\u00caT BOSMAN \u00c9TENDU \u00c0\nDE NOMBREUX PAYS ? &#8211;<\/strong><strong><\/strong><\/p>\n\n\n\n<p><em>N\u00b016\nMars-Avril 1999 <\/em><strong>&#8211; ACTIVIT\u00c9 SPORTIVE ET ASSURANCES &#8211; <\/strong><strong><\/strong><\/p>\n\n\n\n<p><em>N\u00b017\nMai-Juin 1999 <\/em><strong>&#8211; LA D\u00c9FENSE DU SPORTIF &#8211; <\/strong><strong><\/strong><\/p>\n\n\n\n<p><em>N\u00b0 Sp\u00e9cial\nMai 1999 <\/em><strong>&#8211; SPECIAL ANDIISS &#8211;<\/strong><strong><\/strong><\/p>\n\n\n\n<p><em>N\u00b018\nJuillet-Ao\u00fbt 1999 <\/em><strong>&#8211; LES OBLIGATIONS DU GROUPEMENT\nSPORTIF &#8211; <\/strong><strong><\/strong><\/p>\n\n\n\n<p><em>N\u00b019\nSeptembre-Octobre 1999<\/em><strong> &#8211; SPORT ET DROIT DU\nTRAVAIL &#8211; <\/strong><strong><\/strong><\/p>\n\n\n\n<p><em>N\u00b0 Sp\u00e9cial\nOctobre 1999 <\/em><strong>&#8211; MARSEILLE-CASSIS 99 &#8211;<\/strong><strong><\/strong><\/p>\n\n\n\n<p><em>N\u00b020\nNovembre-D\u00e9cembre 1999 <\/em><strong>&#8211; CLUBS ET SOCI\u00c9T\u00c9S\nSPORTIVES &#8211; <\/strong><strong><\/strong><\/p>\n\n\n\n<p><em>N\u00b021\nJanvier-F\u00e9vrier 2000 <\/em><strong>&#8211; SPORT, ALCOOL ET TABAC\n&#8211;<\/strong><strong><\/strong><\/p>\n\n\n\n<p><em>N\u00b022 Mars-Avril\n2000 <\/em><strong>&#8211; SPORT ET LIBERT\u00c9S &#8211;<\/strong><strong><\/strong><\/p>\n\n\n\n<p><em>N\u00b023 Mai-Juin\n2000 <\/em><strong>&#8211; LA RESPONSABILIT\u00c9 ENTRE SPORTIFS &#8211;<\/strong><strong><\/strong><\/p>\n\n\n\n<p><em>N\u00b024\nJuillet-Ao\u00fbt 2000<\/em><strong> &#8211; LE SPORT DANS L\u2019ENTREPRISE &#8211;<\/strong><strong><\/strong><\/p>\n\n\n\n<p><em>N\u00b025\nSeptembre-Octobre 2000 <\/em><strong>&#8211; LES CONTRATS EN SPORT\n&#8211;<\/strong><strong><\/strong><\/p>\n\n\n\n<p><em>N\u00b0 Sp\u00e9cial\nOctobre 2000 <\/em><strong>&#8211; MARSEILLE-CASSIS 2000 &#8211;<\/strong><strong><\/strong><\/p>\n\n\n\n<p><em>N\u00b026\nNovembre-D\u00e9cembre 2000 <\/em><strong>&#8211; NOUVEAUT\u00c9S DU DROIT &#8211;<\/strong><strong><\/strong><\/p>\n\n\n\n<p><em>N\u00b027\nJanvier-F\u00e9vrier 2001 <\/em><strong>&#8211; SPORT ET M\u00c9DIAS &#8211;<\/strong><strong><\/strong><\/p>\n\n\n\n<p><em>N\u00b028 Mars-Avril\n2001 <\/em><strong>&#8211; LA LOI SUR LE SPORT &#8211; <\/strong><strong><\/strong><\/p>\n\n\n\n<p><em>N\u00b029\nMai-Juin 2001 <\/em><strong>&#8211; LE STATUT DES CLUBS SPORTIFS &#8211;<\/strong><strong><\/strong><\/p>\n\n\n\n<p><em>N\u00b030\nJuillet-Ao\u00fbt 2001 <\/em><strong>&#8211; LES OBLIGATIONS M\u00c9DICALES &#8211;<\/strong><strong><\/strong><\/p>\n\n\n\n<p><em>N\u00b031\nSeptembre-Octobre 2001 <\/em><strong>&#8211; LES OBLIGATIONS DE S\u00c9CURIT\u00c9\n&#8211; <\/strong><strong><\/strong><\/p>\n\n\n\n<p><em>N\u00b032\nNovembre-D\u00e9cembre 2001 <\/em><strong>&#8211; SPORT ET SPONSORING &#8211;<\/strong><strong><\/strong><\/p>\n\n\n\n<p><em>N\u00b033\nJanvier-F\u00e9vrier 2002 <\/em><strong>&#8211; LA R\u00c9PRESSION DU\nDOPAGE &#8211; <\/strong><strong><\/strong><\/p>\n\n\n\n<p><em>N\u00b034 Mars-Avril\n2002 <\/em><strong>&#8211; LE CONTENTIEUX SPORTIF &#8211; <\/strong><strong><\/strong><\/p>\n\n\n\n<p><em>N\u00b035 Mai-Juin\n2002 <\/em><strong>&#8211; DROIT ET SPORT &#8211; <\/strong><strong><\/strong><\/p>\n\n\n\n<p><em>N\u00b036\nJuillet-Ao\u00fbt 2002 <\/em><strong>&#8211; SPORT ET COMMUNES &#8211;<\/strong><strong><\/strong><\/p>\n\n\n\n<p><em>N\u00b037\nSeptembre-Octobre 2002 <\/em><strong>&#8211; LE STATUT DU SPORTIF &#8211;<\/strong><strong><\/strong><\/p>\n\n\n\n<p><em>N\u00b038\nNovembre-D\u00e9cembre 2002 <\/em><strong>&#8211; LE CONTRAT DE TRAVAIL\nDU SPORTIF &#8211;<\/strong><strong><\/strong><\/p>\n\n\n\n<p><em>N\u00b039\nJanvier-F\u00e9vrier 2003 <\/em><strong>&#8211; LA RESPONSABILIT\u00c9 DES\nORGANISATEURS &#8211;<\/strong><strong><\/strong><\/p>\n\n\n\n<p><em>N\u00b040 Mars-Avril\n2003 <\/em><strong>&#8211; LES OBLIGATIONS SOCIALES DES CLUBS &#8211;<\/strong><strong><\/strong><\/p>\n\n\n\n<p><em>N\u00b041\nMai-Juin 2003 <\/em><strong>&#8211; SANT\u00c9 ET S\u00c9CURIT\u00c9 EN SPORT &#8211;<\/strong><strong><\/strong><\/p>\n\n\n\n<p><em>N\u00b042\nJuillet-Ao\u00fbt 2003 <\/em><strong>&#8211; AGENTS, MANAGERS ET M\u00c9DECINS DU\nSPORT &#8211;<\/strong><strong><\/strong><\/p>\n\n\n\n<p><em>N\u00b043\nSeptembre-Octobre 2003<\/em><strong> &#8211; TRANSFERTS ET LIBERT\u00c9\nDE CIRCULATION &#8211;<\/strong><strong><\/strong><\/p>\n\n\n\n<p><em>N\u00b044\nNovembre-D\u00e9cembre 2003 <\/em><strong>&#8211; SKI &amp; DROIT &#8211;<\/strong><strong><\/strong><\/p>\n\n\n\n<p><em>N\u00b045\nJanvier-F\u00e9vrier 2004 <\/em><strong>&#8211; LA S\u00c9CURIT\u00c9 DES \u00c9QUIPEMENTS\nSPORTIFS &#8211; <\/strong><strong><\/strong><\/p>\n\n\n\n<p><em>N\u00b046 Mars-Avril\n2004 <\/em><strong>&#8211; LA NOUVELLE LOI SUR LE SPORT &#8211;<\/strong><strong><\/strong><\/p>\n\n\n\n<p><em>N\u00b047\nMai-Juin 2004<\/em><strong> &#8211; ACTIVIT\u00c9 SPORTIVE ET ASSURANCES &#8211;<\/strong><strong><\/strong><\/p>\n\n\n\n<p><em>N\u00b048\nJuillet-Ao\u00fbt 2004 <\/em><strong>&#8211; LA RESPONSABILIT\u00c9 DES DIRIGEANTS DE\nCLUBS &#8211;<\/strong><strong><\/strong><\/p>\n\n\n\n<p><em>N\u00b049\nSeptembre-Octobre 2004 <\/em><strong>&#8211; LE STATUT DU B\u00c9N\u00c9VOLE\n&#8211;<\/strong><strong><\/strong><\/p>\n\n\n\n<p><em>N\u00b050\nNovembre-D\u00e9cembre 2004 <\/em><strong>&#8211; LES JEUNES ET LE SPORT\n&#8211;<\/strong><strong><\/strong><\/p>\n\n\n\n<p><em>N\u00b051\nJanvier-F\u00e9vrier 2005 <\/em><strong>&#8211; LES COLLECTIVIT\u00c9S\nLOCALES ET LE SPORT &#8211; <\/strong><strong><\/strong><\/p>\n\n\n\n<p><em>N\u00b052 Mars-Avril\n2005 <\/em><strong>&#8211; LE SPORT PROFESSIONNEL EN FRANCE &#8211;<\/strong><strong><\/strong><\/p>\n\n\n\n<p><em>N\u00b053\nMai-Juin 2005 <\/em><strong>&#8211; L\u2019ENCADREMENT DU SPORT &#8211;<\/strong><strong><\/strong><\/p>\n\n\n\n<p><em>N\u00b054\nJuillet-Ao\u00fbt 2005 <\/em><strong>&#8211; LES ARBITRES SPORTIFS &#8211; <\/strong><strong><\/strong><\/p>\n\n\n\n<p><em>N\u00b055\nSeptembre-Octobre 2005 <\/em><strong>&#8211; \u00c0 QUOI SERVENT LES F\u00c9D\u00c9RATIONS\n? &#8211; <\/strong><strong><\/strong><\/p>\n\n\n\n<p><em>N\u00b056\nNovembre-D\u00e9cembre 2005 <\/em><strong>&#8211; LA CONVENTION\nCOLLECTIVE SUR LE SPORT POSE T-ELLE D\u00c9J\u00c0 PROBL\u00c8ME ? &#8211; <\/strong><strong><\/strong><\/p>\n\n\n\n<p><em>N\u00b057\nJanvier-F\u00e9vrier 2006 <\/em><strong>&#8211; DE NOUVELLES R\u00c8GLES\nPOUR LES ENTRA\u00ceNEURS ? &#8211;<\/strong><strong><\/strong><\/p>\n\n\n\n<p><em>N\u00b058 Mars-Avril\n2006 <\/em><strong>&#8211; LE SPORT EST-IL \u00c0 VENDRE ? &#8211; <\/strong><strong><\/strong><\/p>\n\n\n\n<p><em>N\u00b059 Mai-Juin\n2006 <\/em><strong>&#8211; ACCIDENTS SPORTIFS : \u00c0 QUI LA FAUTE\n? &#8211; <\/strong><strong><\/strong><\/p>\n\n\n\n<p><em>N\u00b060\nJuillet-Ao\u00fbt 2006 <\/em><strong>&#8211; DOPAGE : NOUVELLE LOI, NOUVEAUX\nMOYENS &#8211;<\/strong><strong><\/strong><\/p>\n\n\n\n<p><em>N\u00b061\nSeptembre-Octobre 2006 <\/em><strong>&#8211; R\u00c9USSIR UN \u00c9V\u00c8NEMENT\nSPORTIFS &#8211; <\/strong><strong><\/strong><\/p>\n\n\n\n<p><em>N\u00b062\nNovembre-D\u00e9<\/em><em>cembre\n2006<\/em><strong> &#8211; COMMENT FONCTIONNE VOTRE CLUB ? &#8211;<\/strong><strong><\/strong><\/p>\n\n\n\n<p><em>N\u00b063\nJanvier-F\u00e9vrier 2007 <\/em><strong>&#8211; LE SPORT PEUT-IL SE\nPASSER DES \u00c9TRANGERS ? &#8211;<\/strong><strong><\/strong><\/p>\n\n\n\n<p><em>N\u00b064 Mars-Avril\n2007 <\/em><strong>&#8211; CONVENTION COLLECTIVE DU SPORT : QU\u2019EST\nCE QUI VA CHANGER POUR LES CLUBS ? &#8211;<\/strong><strong><\/strong><\/p>\n\n\n\n<p><em>N\u00b065\nMai-Juin 2007 <\/em><strong>&#8211; LE SPORT DE HAUT NIVEAU : UN STATUT\nD\u2019EXCEPTION ? &#8211;<\/strong><strong><\/strong><\/p>\n\n\n\n<p><em>N\u00b066\nJuillet-Ao\u00fbt 2007 <\/em><strong>&#8211; UNE NOUVELLE GOUVERNANCE DU SPORT\nEST-ELLE N\u00c9CESSAIRE ? &#8211; <\/strong><strong><\/strong><\/p>\n\n\n\n<p><em>N\u00b067\nSeptembre-Octobre 2007 <\/em><strong>&#8211; QUI GOUVERNE LE SPORT\n? ARGENT, DROITS TV, DOPAGE \u2026 &#8211; <\/strong><strong><\/strong><\/p>\n\n\n\n<p><em>N\u00b068\nNovembre-D\u00e9cembre 2007 <\/em><strong>&#8211; COMMENT LUTTER CONTRE\nLE DOPAGE ? &#8211;<\/strong><strong><\/strong><\/p>\n\n\n\n<p><em>N\u00b069\nJanvier-F\u00e9vrier 2008 <\/em><strong>&#8211; SPORT ET NATIONALIT\u00c9S\n: FAUT-IL PROT\u00c9GER L\u2019IDENTIT\u00c9 NATIONALE ? &#8211; <\/strong><strong><\/strong><\/p>\n\n\n\n<p><em>N\u00b070\nMars-Avril 2008 <\/em><strong>&#8211; ACCIDENTS : QUELLE EST LA\nRESPONSABILIT\u00c9 DU CLUB ? &#8211; <\/strong><strong><\/strong><\/p>\n\n\n\n<p><em>N\u00b071 Mai-Juin\n2008 <\/em><strong>&#8211; LE SPORT EST TOUJOURS POLITIQUE &#8211;<\/strong><strong><\/strong><\/p>\n\n\n\n<p><em>N\u00b072\nJuillet-Ao\u00fbt 2008 <\/em><strong>&#8211; FAIRE AVANCER L\u2019EUROPE DU SPORT &#8211;<\/strong><strong><\/strong><\/p>\n\n\n\n<p><em>N\u00b073\nSeptembre-Octobre 2008 <\/em><strong>&#8211; FRAUDE, CORRUPTION ET\nBLANCHIMENT : NE PAS C\u00c9DER \u00c0 LA TENTATION &#8211; <\/strong><strong><\/strong><\/p>\n\n\n\n<p><em>N\u00b074\nNovembre-D\u00e9cembre 2008 <\/em><strong>&#8211; COMMENT L\u2019ACTIVIT\u00c9 SPORTIVE\nEST R\u00c9GLEMENT\u00c9E ? &#8211;<\/strong><strong><\/strong><\/p>\n\n\n\n<p><em>N\u00b075\nJanvier-F\u00e9vrier 2009 <\/em><strong>&#8211; SPORT ET NATIONALIT\u00c9S,\nUN CASSE-T\u00caTE POUR L\u2019EUROPE &#8211;<\/strong><strong><\/strong><\/p>\n\n\n\n<p><em>N\u00b076 Mars-Avril\n2009<\/em><strong> &#8211; QUI SONT LES \u00ab&nbsp;TRAVAILLEURS&nbsp;\u00bb\nDU SPORT ? &#8211;<\/strong><strong><\/strong><\/p>\n\n\n\n<p><em>N\u00b077\nMai-Juin 2009 <\/em><strong>&#8211; SPORT ET COLLECTIVIT\u00c9S : COMMENT\nTRAVAILLER ENSEMBLE ? &#8211;<\/strong><strong><\/strong><\/p>\n\n\n\n<p><em>N\u00b078\nJuillet-Ao\u00fbt 2009 <\/em><strong>&#8211; SPORT ET LITIGES JURIDIQUES &#8211; <\/strong><strong><\/strong><\/p>\n\n\n\n<p><em>N\u00b079\nSeptembre-Octobre 2009<\/em><strong> &#8211; QUELS SONT LES DROITS\nDE LA PERSONNALIT\u00c9 DU SPORTIF ? &#8211; <\/strong><strong><\/strong><\/p>\n\n\n\n<p><em>N\u00b080\nNovembre-D\u00e9cembre 2009 <\/em><strong>&#8211; GOUVERNER LE SPORT\nAUTREMENT &#8211;<\/strong><strong><\/strong><\/p>\n\n\n\n<p><em>N\u00b081\nJanvier-F\u00e9vrier 2010 <\/em><strong>&#8211; SPORT ET NATIONALIT\u00c9S\n: LES JOUEURS \u00c9TRANGERS DANS LES CHAMPIONNATS &#8211; <\/strong><strong><\/strong><\/p>\n\n\n\n<p><em>N\u00b082 Mars-Avril\n2010<\/em><strong> &#8211; COMMENT EXERCER UNE ACTIVIT\u00c9 SPORTIVE\n? &#8211; <\/strong><strong><\/strong><\/p>\n\n\n\n<p><em>N\u00b083 Mai-Juin\n2010 <\/em><strong>&#8211; EN FINIR AVEC LE DOPAGE ? &#8211; <\/strong><strong><\/strong><\/p>\n\n\n\n<p><em>N\u00b084\nJuillet-Ao\u00fbt 2010 <\/em><strong>&#8211; \u00c9QUIPEMENTS SPORTIFS : QUELLES STRAT\u00c9GIES\n? &#8211; <\/strong><strong><\/strong><\/p>\n\n\n\n<p><em>N\u00b085\nSeptembre-Octobre 2010 <\/em><strong>&#8211; PARIS SPORTIFS EN\nLIGNE : LA NOUVELLE R\u00c9GLEMENTATION &#8211; <\/strong><strong><\/strong><\/p>\n\n\n\n<p><em>N\u00b086\nNovembre-D\u00e9<\/em><em>cembre\n2010<\/em><em> <\/em><strong>&#8211; LE\nSPORT AUX RAPPORTS &#8211; <\/strong><strong><\/strong><\/p>\n\n\n\n<p><em>N\u00b087\nJanvier-F\u00e9vrier 2011 <\/em><strong>&#8211; LE SPORTIF FACE AU\nSPORT GLOBALIS\u00c9 &#8211; <\/strong><strong><\/strong><\/p>\n\n\n\n<p><em>N\u00b088 Mars-Avril\n2011 <\/em><strong>&#8211; LES ARBITRES AU COEUR DU JEU &#8211;<\/strong><strong><\/strong><\/p>\n\n\n\n<p><em>N\u00b089 Mai-Juin\n2011 <\/em><strong>&#8211; L\u2019ACCEPTATION DES RISQUES ABANDONN\u00c9E\n! &#8211;<\/strong><strong><\/strong><\/p>\n\n\n\n<p><em>N\u00b090\nJuillet-Ao\u00fbt 2011 <\/em><strong>&#8211; BAIGNADES : PAS DE VACANCES POUR LE\nDROIT &#8211;<\/strong><strong><\/strong><\/p>\n\n\n\n<p><em>N\u00b091\nSeptembre-Octobre 2011<\/em><strong> &#8211; QUELLE GOUVERNANCE\nPOUR LES F\u00c9D\u00c9RATIONS SPORTIVES ? &#8211; <\/strong><strong><\/strong><\/p>\n\n\n\n<p><em>N\u00b092\nNovembre-D\u00e9cembre 2011 <\/em><strong>&#8211; SPORT, TABAC ET ALCOOL\n: DES LIAISONS DANGEREUSES ! &#8211;<\/strong><strong><\/strong><\/p>\n\n\n\n<p><em>N\u00b093\nJanvier-F\u00e9vrier 2012<\/em><strong> &#8211; 9\u00c8ME \u00c9TUDE \u00ab&nbsp;SPORT\nET NATIONALIT\u00c9S&nbsp;\u00bb : UNE MONDIALISATION R\u00c9USSIE &#8211; <\/strong><strong><\/strong><\/p>\n\n\n\n<p><em>N\u00b094 Mars-Avril\n2012 <\/em><strong>&#8211; PORTER LE DRAPEAU TRICOLORE, BRANDIR\nL\u2019\u00c9TENDARD DE L\u2019\u00c9THIQUE &#8211; <\/strong><strong><\/strong><\/p>\n\n\n\n<p><em>N\u00b095\nMai-Juin 2012 <\/em><strong>&#8211; LA RENCONTRE DU SPORT ET DE L\u2019EUROPE\n&#8211; <\/strong><strong><\/strong><\/p>\n\n\n\n<p><em>N\u00b096\nJuillet-Ao\u00fbt 2012 <\/em><strong>&#8211; LE DIRIGEANT DE CLUB FACE AU DROIT P\u00c9NAL\n&#8211; <\/strong><strong><\/strong><\/p>\n\n\n\n<p><em>N\u00b0 96 Bis\nJuillet 2012 <\/em><strong>&#8211; QUELS SONT LES NOUVEAUX ENJEUX DU\nSPORT INTERNATIONAL ? &#8211; <\/strong><strong><\/strong><\/p>\n\n\n\n<p><em>N\u00b097\nSeptembre-Octobre 2012<\/em><strong> &#8211; QUELS SONT LES ENJEUX\n\u00c9COLOGIQUES DU SPORT ? &#8211; <\/strong><strong><\/strong><\/p>\n\n\n\n<p><em>N\u00b098\nNovembre-D\u00e9cembre 2012 <\/em><strong>&#8211;&nbsp; SPORT, LA\u00cfCIT\u00c9 ET ISLAM &#8211; <\/strong><strong><\/strong><\/p>\n\n\n\n<p><em>N\u00b099\nJanvier-F\u00e9vrier 2013 <\/em><strong>&#8211; MANIFESTATIONS\nSPORTIVES : VERS UN SPORT SANS RISQUES ? &#8211; <\/strong><strong><\/strong><\/p>\n\n\n\n<p><em>N\u00b0100 Mars-Avril\n2013 <\/em><strong>&#8211; SPORT ET NATIONALIT\u00c9S : LA V\u00c9RIT\u00c9 SUR\nLA D\u00c9PENDANCE DU SPORT FRAN\u00c7AIS ET EUROP\u00c9EN &#8211;<\/strong><strong><\/strong><\/p>\n\n\n\n<p><em>N\u00b0101\nMai-Juin 2013 <\/em><strong>&#8211; ACCIDENTS SPORTIFS : PA(E)NSER LES\nPLAIES &#8211;<\/strong><strong><\/strong><\/p>\n\n\n\n<p><em>N\u00b0102 Juillet-Ao\u00fbt\n2013 <\/em><strong>&#8211; UN SPORTIF, DES CONTRATS &#8211;<\/strong><strong><\/strong><\/p>\n\n\n\n<p><em>N\u00b0103\nSeptembre-Octobre 2013 <\/em><strong>&#8211; LA POLICE DES ACTIVIT\u00c9S\nPHYSIQUES ET SPORTIVES &#8211; <\/strong><strong><\/strong><\/p>\n\n\n\n<p><em>N\u00b0104\nNovembre-D\u00e9<\/em><em>cembre\n2013 <\/em><strong>&#8211; \u00c0 QUOI SERT LE SYNDICALISME SPORTIF\n? &#8211;<\/strong><strong><\/strong><\/p>\n\n\n\n<p><em>N\u00b0105\nJanvier-F\u00e9vrier 2014 <\/em><strong>&#8211; \u00c9TUDE SPORT ET\nNATIONALIT\u00c9S : QUELLE PLACE POUR LES JOUEURS \u00c9TRANGERS ? &#8211;<\/strong><strong><\/strong><\/p>\n\n\n\n<p><em>N\u00b0106 Mars-Avril\n2014<\/em><strong> &#8211; ENSEIGNER LE SPORT : L\u2019EXIGENCE DE\nDIPL\u00d4MES &#8211; <\/strong><strong><\/strong><\/p>\n\n\n\n<p><em>N\u00b0107\nMai-Juin 2014 <\/em><strong>&#8211; \u00c9QUIPEMENTS SPORTIFS : DE LA S\u00c9CURIT\u00c9\n\u00c0 UNE NOUVELLE GOUVERNANCE \u00c9CONOMIQUE &#8211; <\/strong><strong><\/strong><\/p>\n\n\n\n<p><em>N\u00b0108\nJuillet-Ao\u00fbt 2014<\/em><strong> &#8211; LE MAIRE ET LE SPORT &#8211; <\/strong><strong><\/strong><\/p>\n\n\n\n<p><em>N\u00b0109\nSeptembre-Octobre 2014 <\/em><strong>&#8211; SPORT PRO ET\nCOLLECTIVIT\u00c9S : UNE VRAIE R\u00c9VOLUTION ? &#8211; <\/strong><strong><\/strong><\/p>\n\n\n\n<p><em>N\u00b0110\nNovembre-D\u00e9<\/em><em>cembre\n2014 <\/em><strong>&#8211; LA MONTAGNE : UN MASSIF JURIDIQUE &#8211; <\/strong><strong><\/strong><\/p>\n\n\n\n<p><em>N\u00b0111\nJanvier-F\u00e9vrier 2015 <\/em><strong>&#8211; 12\u00c8ME \u00c9TUDE \u00ab&nbsp;SPORT\nET NATIONALIT\u00c9S&nbsp;\u00bb : UNE PLACE LIMIT\u00c9E POUR LES JOUEURS EUROP\u00c9ENS ? &#8211; <\/strong><strong><\/strong><\/p>\n\n\n\n<p><em>N\u00b0112 Mars-Avril\n2015 <\/em><strong>&#8211; R\u00c9FORME DES RYTHMES SCOLAIRES : UNE\nCARTE \u00c0 JOUER POUR LE SPORT ? &#8211; <\/strong><strong><\/strong><\/p>\n\n\n\n<p><em>N\u00b0113 Mai-Juin\n2015 <\/em><strong>&#8211; LA RESPONSABILIT\u00c9 DU CLUB\nORGANISATEUR D\u2019UNE MANIFESTATION SPORTIVE &#8211;&nbsp;\n<\/strong><strong><\/strong><\/p>\n\n\n\n<p><em>N\u00b0114\nJuillet-Ao\u00fbt 2015 <\/em><strong>&#8211; LES ENJEUX DU SPORT EN ENTREPRISE &#8211; <\/strong><strong><\/strong><\/p>\n\n\n\n<p><em>N\u00b0115\nSeptembre-Octobre 2015 <\/em><strong>&#8211; LE SPORTIF, UN\nTRAVAILLEUR FACE AU DANGER ? &#8211; <\/strong><strong><\/strong><\/p>\n\n\n\n<p><em>N\u00b0116\nNovembre-D\u00e9cembre 2015 <\/em><strong>&#8211; LA RELIGION DANS LE\nSPORT OU LE SPORT DANS LA RELIGION &#8211; <\/strong><strong><\/strong><\/p>\n\n\n\n<p><em>N\u00b0117\nJanvier-F\u00e9vrier 2016 <\/em><strong>&#8211; STADIA, LA S\u00c9CURIT\u00c9 DES\nGRANDES MANIFESTATIONS SPORTIVES &#8211; <\/strong><strong><\/strong><\/p>\n\n\n\n<p><em>N\u00b0118 Mars-Avril\n2016 <\/em><strong>&#8211; SPORT ET D\u00c9FENSE NATIONALE : UNE ARM\u00c9E\nDE CHAMPIONS &#8211; <\/strong><strong><\/strong><\/p>\n\n\n\n<p><em>N\u00b0119 Mai-Juin\n2016 <\/em><strong>&#8211; 13\u00c8ME \u00c9TUDE SPORT ET NATIONALIT\u00c9S :\nLA MULTINATIONALIT\u00c9 DES \u00c9QUIPES &#8211; <\/strong><strong><\/strong><\/p>\n\n\n\n<p><em>N\u00b0120\nJuillet-Ao\u00fbt 2016 <\/em><strong>&#8211; UN \u00c9T\u00c9 DE SPORT : EURO, TOUR, J.O ;\nCONFRONT\u00c9 \u00c0 L\u2019EXIGENCE DE S\u00c9CURIT\u00c9 &#8211; <\/strong><strong><\/strong><\/p>\n\n\n\n<p><em>N\u00b0121\nSeptembre-Octobre 2016 <\/em><strong>&#8211; TOUT POUR LE SPORT &#8211; <\/strong><strong><\/strong><\/p>\n\n\n\n<p><em>N\u00b0122\nNovembre-D\u00e9cembre 2016 <\/em><strong>&#8211; RETROUVER L\u2019ESPRIT\nSPORTIF &#8211; <\/strong><strong><\/strong><\/p>\n\n\n\n<p><em>N\u00b0123\nJanvier-F\u00e9vrier 2017 <\/em><strong>&#8211; 14\u00c8ME \u00c9TUDE \u00ab&nbsp;SPORT\nET NATIONALIT\u00c9S&nbsp;\u00bb : LE \u00ab&nbsp;MADE IN FRANCE&nbsp;\u00bb PERD DU TERRAIN ! &#8211; <\/strong><strong><\/strong><\/p>\n\n\n\n<p><em>N\u00b0124 Mars-Avril\n2017 <\/em><strong>&#8211; QATAR : LA DIPLOMATIE PAR LE SPORT &#8211;\n<\/strong><strong><\/strong><\/p>\n\n\n\n<p><em>N\u00b0125 Mai-Juin\n2017 <\/em><strong>&#8211; COLLOQUE INTERNATIONAL : \u00ab&nbsp;SPORT,\nEUROPE ET M\u00c9DITERRAN\u00c9E&nbsp;\u00bb &#8211; <\/strong><strong><\/strong><\/p>\n\n\n\n<p><em>N\u00b0126\nJuillet-Ao\u00fbt 2017 <\/em><strong>&#8211; SPORT ET BIEN-\u00caTRE DANS LA VIE COMME\nAU&nbsp; TRAVAIL ! &#8211; <\/strong><strong><\/strong><\/p>\n\n\n\n<p><em>N\u00b0127\nSeptembre-Octobre 2017 <\/em><strong>&#8211; SPORT ET POLITIQUE :\nQUI GOUVERNE ? &#8211;<\/strong><strong><\/strong><\/p>\n\n\n\n<p><em>N\u00b0128\nNovembre-D\u00e9cembre 2017 <\/em><strong>&#8211; 15\u00c8ME \u00c9TUDE LEGISPORT\nSPORT ET NATIONALIT\u00c9S : LE SPORT FRAN\u00c7AIS DOIT-IL CRAINDRE LA MONDIALISATION ?\n&#8211; <\/strong><strong><\/strong><\/p>\n\n\n\n<p><em>N\u00b0129\nJanvier-F\u00e9vrier 2018 <\/em><strong>&#8211; L\u2019ENTRA\u00ceNEUR, UNE\nRICHESSE DANS LE SPORT &#8211; <\/strong><strong><\/strong><\/p>\n\n\n\n<p><em>N\u00b0130 Mars-Avril\n2018 <\/em><strong>&#8211; SPORT : LE RISQUE Z\u00c9RO N\u2019EXISTE PAS\n&#8211; <\/strong><strong><\/strong><\/p>\n\n\n\n<p><em>N\u00b0131 Mai-Juin\n2018<\/em><strong> &#8211; SPORT : SIGNEZ LE BON CONTRAT ! &#8211;<\/strong><strong><\/strong><\/p>\n\n\n\n<p><em>N\u00b0132\nJuillet-Ao\u00fbt 2018 <\/em><strong>&#8211; \u00ab&nbsp;TUER&nbsp;\u00bb LE DOPAGE ET\nCOMBATTRE LA TRICHE &#8211; <\/strong><strong><\/strong><\/p>\n\n\n\n<p><em>N\u00b0133\nSeptembre-Octobre 2018 <\/em><strong>&#8211; PARIS SPORTIFS : EN\nSAVOIR PLUS POUR TENTER SA CHANCE !&nbsp;\u00bb &#8211; <\/strong><strong><\/strong><\/p>\n\n\n\n<p><em>N\u00b0134\nNovembre-D\u00e9cembre 2018 <\/em><strong>&#8211; 16\u00c8ME \u00c9TUDE LEGISPORT \u00ab&nbsp;SPORT\nET NATIONALIT\u00c9S&nbsp;\u00bb : ET SI LES \u00c9QUIPES COMPOS\u00c9ES DE JOUEURS EXPATRI\u00c9S RELAN\u00c7AIENT\nL\u2019EUROPE ? &#8211; <\/strong><strong><\/strong><\/p>\n\n\n\n<p><em>N\u00b0135\nJanvier-F\u00e9vrier 2019 <\/em><strong>&#8211; HANDICAP ET PRATIQUE\nSPORTIVE : POUR L\u2019\u00c9GALIT\u00c9 DES DROITS ET DES CHANCES &#8211; <\/strong><strong><\/strong><\/p>\n\n\n\n<p><em>N\u00b0136 Mars-Avril\n2019 <\/em><strong>&#8211; LA VENTE DES CLUBS FRAN\u00c7AIS \u00c0 DES\nINVESTISSEURS \u00c9TRANGERS : CHANCE OU P\u00c9RILS ? &#8211; <\/strong><strong><\/strong><\/p>\n\n\n\n<p><em>N\u00b0137 Mai-Juin\n2019 <\/em><strong>&#8211; LE SPORT CONNECT\u00c9 \u00c0 L\u2019E-SPORT &#8211; <\/strong><strong><\/strong><\/p>\n\n\n\n<p><em>N\u00b0138 Juillet-Ao\u00fbt\n2019 <\/em><strong>&#8211; SPORT, TECHNOLOGIES ET INNOVATION :\nQUE LA SCIENCE CONTINUE &#8211; <\/strong><strong><\/strong><\/p>\n\n\n\n<p><em>N\u00b0139\nSeptembre-Octobre 2019<\/em><strong> &#8211; FAUT-IL AVOIR PEUR\nDES BIOTECHNOLOGIES DANS LE SPORT ? &#8211; <\/strong><strong><\/strong><\/p>\n\n\n\n<p><em>N\u00b0140\nNovembre-D\u00e9cembre 2019 <\/em><strong>&#8211; LA FORMATION EST-ELLE\nMENAC\u00c9E PAR LA MONDIALISATION ? &#8211; <\/strong><strong><\/strong><\/p>\n\n\n\n<p><em>N\u00b0141\nJanvier-F\u00e9vrier 2020 <\/em><strong>&#8211; POUR LES J.O DE PARIS,\nLE SPORT FAIT SA R\u00c9VOLUTION !&nbsp;&#8211; <\/strong><strong><\/strong><\/p>\n\n\n\n<p><em>N\u00b0142 Mars-Avril\n2020 <\/em><strong>&#8211; ACCIDENTS SPORTIFS : COMMENT \u00caTRE&nbsp; INDEMNIS\u00c9 ? &#8211; <\/strong><strong><\/strong><\/p>\n\n\n\n<p><em>N\u00b0143 et N<\/em><em>\u00b0<\/em><em>144\nMai-Juin et Juillet-Ao\u00fbt 2020<\/em><strong> &#8211; FACE AU\nCORONAVIRUS, LE SPORT NE BAISSE PAS LA GARDE ! &#8211; <\/strong><\/p>\n","protected":false},"excerpt":{"rendered":"<p>Le bulletin d\u2019informations juridiques sportives LEGISPORT para\u00eet depuis Septembre \u2013 Octobre 1996.&nbsp; Une long\u00e9vit\u00e9 exceptionnelle qui d\u00e9montre la qualit\u00e9 de cette publication et le grand travail accompli par Me Michel Pautot, avocat depuis des d\u00e9cennies. Voici la liste de tous les bulletins parus jusqu\u2019\u00e0 aujourd\u2019hui, le 2 Ao\u00fbt 2020&nbsp;: N\u00b01 Septembre-Octobre 1996 &#8211; SPORT ET [&hellip;]<\/p>\n","protected":false},"author":1,"featured_media":0,"comment_status":"closed","ping_status":"open","sticky":false,"template":"","format":"standard","meta":{"footnotes":""},"categories":[1],"tags":[],"class_list":["post-1482","post","type-post","status-publish","format-standard","hentry","category-uncategorized","basic-color-border"],"yoast_head":"<!-- This site is optimized with the Yoast SEO plugin v17.4 - https:\/\/yoast.com\/wordpress\/plugins\/seo\/ -->\n<meta name=\"description\" content=\"Droit du sport. Le bulletin d\u2019informations juridiques sportives LEGISPORT para\u00eet depuis Septembre \u2013 Octobre 1996. Une long\u00e9vit\u00e9 exceptionnelle qui d\u00e9montre la qualit\u00e9 de cette publication et le grand travail accompli par Ma\u00eetre Michel Pautot, avocat depuis des d\u00e9cennies.\" \/>\n<meta name=\"robots\" content=\"index, follow, max-snippet:-1, max-image-preview:large, max-video-preview:-1\" \/>\n<link rel=\"canonical\" href=\"https:\/\/legisport.com\/index.php\/2020\/08\/03\/droit-du-sport-legisport-une-longevite-exceptionnelle\/\" \/>\n<meta property=\"og:locale\" content=\"fr_FR\" \/>\n<meta property=\"og:type\" content=\"article\" \/>\n<meta property=\"og:title\" content=\"Droit du sport : LEGISPORT, une long\u00e9vit\u00e9 exceptionnelle - legisport\" \/>\n<meta property=\"og:description\" content=\"Droit du sport. Le bulletin d\u2019informations juridiques sportives LEGISPORT para\u00eet depuis Septembre \u2013 Octobre 1996. Une long\u00e9vit\u00e9 exceptionnelle qui d\u00e9montre la qualit\u00e9 de cette publication et le grand travail accompli par Ma\u00eetre Michel Pautot, avocat depuis des d\u00e9cennies.\" \/>\n<meta property=\"og:url\" content=\"https:\/\/legisport.com\/index.php\/2020\/08\/03\/droit-du-sport-legisport-une-longevite-exceptionnelle\/\" \/>\n<meta property=\"og:site_name\" content=\"legisport\" \/>\n<meta property=\"article:published_time\" content=\"2020-08-03T08:49:43+00:00\" \/>\n<meta property=\"article:modified_time\" content=\"2020-08-03T08:53:02+00:00\" \/>\n<meta property=\"og:image\" content=\"http:\/\/legisport.com\/wp-content\/uploads\/2018\/10\/michelpautotdroitdusport2018-1024x576.jpg\" \/>\n<meta name=\"twitter:card\" content=\"summary_large_image\" \/>\n<meta name=\"twitter:label1\" content=\"\u00c9crit par\" \/>\n\t<meta name=\"twitter:data1\" content=\"admin8312\" \/>\n\t<meta name=\"twitter:label2\" content=\"Dur\u00e9e de lecture est.\" \/>\n\t<meta name=\"twitter:data2\" content=\"9 minutes\" \/>\n<script type=\"application\/ld+json\" class=\"yoast-schema-graph\">{\"@context\":\"https:\/\/schema.org\",\"@graph\":[{\"@type\":\"WebSite\",\"@id\":\"https:\/\/legisport.com\/#website\",\"url\":\"https:\/\/legisport.com\/\",\"name\":\"legisport\",\"description\":\"1991 : fondation de LEGISPORT. 1996 : lancement du bulletin d&#039;informations juridiques sportives LEGISPORT. Tout sur le droit du sport.\",\"potentialAction\":[{\"@type\":\"SearchAction\",\"target\":{\"@type\":\"EntryPoint\",\"urlTemplate\":\"https:\/\/legisport.com\/?s={search_term_string}\"},\"query-input\":\"required name=search_term_string\"}],\"inLanguage\":\"fr-FR\"},{\"@type\":\"ImageObject\",\"@id\":\"https:\/\/legisport.com\/index.php\/2020\/08\/03\/droit-du-sport-legisport-une-longevite-exceptionnelle\/#primaryimage\",\"inLanguage\":\"fr-FR\",\"url\":\"http:\/\/legisport.com\/wp-content\/uploads\/2018\/10\/michelpautotdroitdusport2018-1024x576.jpg\",\"contentUrl\":\"http:\/\/legisport.com\/wp-content\/uploads\/2018\/10\/michelpautotdroitdusport2018-1024x576.jpg\"},{\"@type\":\"WebPage\",\"@id\":\"https:\/\/legisport.com\/index.php\/2020\/08\/03\/droit-du-sport-legisport-une-longevite-exceptionnelle\/#webpage\",\"url\":\"https:\/\/legisport.com\/index.php\/2020\/08\/03\/droit-du-sport-legisport-une-longevite-exceptionnelle\/\",\"name\":\"Droit du sport : LEGISPORT, une long\\u00e9vit\\u00e9 exceptionnelle - legisport\",\"isPartOf\":{\"@id\":\"https:\/\/legisport.com\/#website\"},\"primaryImageOfPage\":{\"@id\":\"https:\/\/legisport.com\/index.php\/2020\/08\/03\/droit-du-sport-legisport-une-longevite-exceptionnelle\/#primaryimage\"},\"datePublished\":\"2020-08-03T08:49:43+00:00\",\"dateModified\":\"2020-08-03T08:53:02+00:00\",\"author\":{\"@id\":\"https:\/\/legisport.com\/#\/schema\/person\/abccfb880c12073a27d7cb433cf39cf2\"},\"description\":\"Droit du sport. Le bulletin d\\u2019informations juridiques sportives LEGISPORT para\\u00eet depuis Septembre \\u2013 Octobre 1996. Une long\\u00e9vit\\u00e9 exceptionnelle qui d\\u00e9montre la qualit\\u00e9 de cette publication et le grand travail accompli par Ma\\u00eetre Michel Pautot, avocat depuis des d\\u00e9cennies.\",\"breadcrumb\":{\"@id\":\"https:\/\/legisport.com\/index.php\/2020\/08\/03\/droit-du-sport-legisport-une-longevite-exceptionnelle\/#breadcrumb\"},\"inLanguage\":\"fr-FR\",\"potentialAction\":[{\"@type\":\"ReadAction\",\"target\":[\"https:\/\/legisport.com\/index.php\/2020\/08\/03\/droit-du-sport-legisport-une-longevite-exceptionnelle\/\"]}]},{\"@type\":\"BreadcrumbList\",\"@id\":\"https:\/\/legisport.com\/index.php\/2020\/08\/03\/droit-du-sport-legisport-une-longevite-exceptionnelle\/#breadcrumb\",\"itemListElement\":[{\"@type\":\"ListItem\",\"position\":1,\"name\":\"Accueil\",\"item\":\"https:\/\/legisport.com\/\"},{\"@type\":\"ListItem\",\"position\":2,\"name\":\"Droit du sport : LEGISPORT, une long\\u00e9vit\\u00e9 exceptionnelle\"}]},{\"@type\":\"Person\",\"@id\":\"https:\/\/legisport.com\/#\/schema\/person\/abccfb880c12073a27d7cb433cf39cf2\",\"name\":\"admin8312\",\"image\":{\"@type\":\"ImageObject\",\"@id\":\"https:\/\/legisport.com\/#personlogo\",\"inLanguage\":\"fr-FR\",\"url\":\"https:\/\/secure.gravatar.com\/avatar\/1e990537051617f93586bce114145ae0ff87fb7f69693d7eea4b09eb39a38ee0?s=96&d=mm&r=g\",\"contentUrl\":\"https:\/\/secure.gravatar.com\/avatar\/1e990537051617f93586bce114145ae0ff87fb7f69693d7eea4b09eb39a38ee0?s=96&d=mm&r=g\",\"caption\":\"admin8312\"},\"url\":\"https:\/\/legisport.com\/index.php\/author\/admin8312\/\"}]}<\/script>\n<!-- \/ Yoast SEO plugin. -->","yoast_head_json":{"description":"Droit du sport. Le bulletin d\u2019informations juridiques sportives LEGISPORT para\u00eet depuis Septembre \u2013 Octobre 1996. Une long\u00e9vit\u00e9 exceptionnelle qui d\u00e9montre la qualit\u00e9 de cette publication et le grand travail accompli par Ma\u00eetre Michel Pautot, avocat depuis des d\u00e9cennies.","robots":{"index":"index","follow":"follow","max-snippet":"max-snippet:-1","max-image-preview":"max-image-preview:large","max-video-preview":"max-video-preview:-1"},"canonical":"https:\/\/legisport.com\/index.php\/2020\/08\/03\/droit-du-sport-legisport-une-longevite-exceptionnelle\/","og_locale":"fr_FR","og_type":"article","og_title":"Droit du sport : LEGISPORT, une long\u00e9vit\u00e9 exceptionnelle - legisport","og_description":"Droit du sport. Le bulletin d\u2019informations juridiques sportives LEGISPORT para\u00eet depuis Septembre \u2013 Octobre 1996. Une long\u00e9vit\u00e9 exceptionnelle qui d\u00e9montre la qualit\u00e9 de cette publication et le grand travail accompli par Ma\u00eetre Michel Pautot, avocat depuis des d\u00e9cennies.","og_url":"https:\/\/legisport.com\/index.php\/2020\/08\/03\/droit-du-sport-legisport-une-longevite-exceptionnelle\/","og_site_name":"legisport","article_published_time":"2020-08-03T08:49:43+00:00","article_modified_time":"2020-08-03T08:53:02+00:00","og_image":[{"url":"http:\/\/legisport.com\/wp-content\/uploads\/2018\/10\/michelpautotdroitdusport2018-1024x576.jpg"}],"twitter_card":"summary_large_image","twitter_misc":{"\u00c9crit par":"admin8312","Dur\u00e9e de lecture est.":"9 minutes"},"schema":{"@context":"https:\/\/schema.org","@graph":[{"@type":"WebSite","@id":"https:\/\/legisport.com\/#website","url":"https:\/\/legisport.com\/","name":"legisport","description":"1991 : fondation de LEGISPORT. 1996 : lancement du bulletin d&#039;informations juridiques sportives LEGISPORT. Tout sur le droit du sport.","potentialAction":[{"@type":"SearchAction","target":{"@type":"EntryPoint","urlTemplate":"https:\/\/legisport.com\/?s={search_term_string}"},"query-input":"required name=search_term_string"}],"inLanguage":"fr-FR"},{"@type":"ImageObject","@id":"https:\/\/legisport.com\/index.php\/2020\/08\/03\/droit-du-sport-legisport-une-longevite-exceptionnelle\/#primaryimage","inLanguage":"fr-FR","url":"http:\/\/legisport.com\/wp-content\/uploads\/2018\/10\/michelpautotdroitdusport2018-1024x576.jpg","contentUrl":"http:\/\/legisport.com\/wp-content\/uploads\/2018\/10\/michelpautotdroitdusport2018-1024x576.jpg"},{"@type":"WebPage","@id":"https:\/\/legisport.com\/index.php\/2020\/08\/03\/droit-du-sport-legisport-une-longevite-exceptionnelle\/#webpage","url":"https:\/\/legisport.com\/index.php\/2020\/08\/03\/droit-du-sport-legisport-une-longevite-exceptionnelle\/","name":"Droit du sport : LEGISPORT, une long\u00e9vit\u00e9 exceptionnelle - legisport","isPartOf":{"@id":"https:\/\/legisport.com\/#website"},"primaryImageOfPage":{"@id":"https:\/\/legisport.com\/index.php\/2020\/08\/03\/droit-du-sport-legisport-une-longevite-exceptionnelle\/#primaryimage"},"datePublished":"2020-08-03T08:49:43+00:00","dateModified":"2020-08-03T08:53:02+00:00","author":{"@id":"https:\/\/legisport.com\/#\/schema\/person\/abccfb880c12073a27d7cb433cf39cf2"},"description":"Droit du sport. Le bulletin d\u2019informations juridiques sportives LEGISPORT para\u00eet depuis Septembre \u2013 Octobre 1996. Une long\u00e9vit\u00e9 exceptionnelle qui d\u00e9montre la qualit\u00e9 de cette publication et le grand travail accompli par Ma\u00eetre Michel Pautot, avocat depuis des d\u00e9cennies.","breadcrumb":{"@id":"https:\/\/legisport.com\/index.php\/2020\/08\/03\/droit-du-sport-legisport-une-longevite-exceptionnelle\/#breadcrumb"},"inLanguage":"fr-FR","potentialAction":[{"@type":"ReadAction","target":["https:\/\/legisport.com\/index.php\/2020\/08\/03\/droit-du-sport-legisport-une-longevite-exceptionnelle\/"]}]},{"@type":"BreadcrumbList","@id":"https:\/\/legisport.com\/index.php\/2020\/08\/03\/droit-du-sport-legisport-une-longevite-exceptionnelle\/#breadcrumb","itemListElement":[{"@type":"ListItem","position":1,"name":"Accueil","item":"https:\/\/legisport.com\/"},{"@type":"ListItem","position":2,"name":"Droit du sport : LEGISPORT, une long\u00e9vit\u00e9 exceptionnelle"}]},{"@type":"Person","@id":"https:\/\/legisport.com\/#\/schema\/person\/abccfb880c12073a27d7cb433cf39cf2","name":"admin8312","image":{"@type":"ImageObject","@id":"https:\/\/legisport.com\/#personlogo","inLanguage":"fr-FR","url":"https:\/\/secure.gravatar.com\/avatar\/1e990537051617f93586bce114145ae0ff87fb7f69693d7eea4b09eb39a38ee0?s=96&d=mm&r=g","contentUrl":"https:\/\/secure.gravatar.com\/avatar\/1e990537051617f93586bce114145ae0ff87fb7f69693d7eea4b09eb39a38ee0?s=96&d=mm&r=g","caption":"admin8312"},"url":"https:\/\/legisport.com\/index.php\/author\/admin8312\/"}]}},"_links":{"self":[{"href":"https:\/\/legisport.com\/index.php\/wp-json\/wp\/v2\/posts\/1482","targetHints":{"allow":["GET"]}}],"collection":[{"href":"https:\/\/legisport.com\/index.php\/wp-json\/wp\/v2\/posts"}],"about":[{"href":"https:\/\/legisport.com\/index.php\/wp-json\/wp\/v2\/types\/post"}],"author":[{"embeddable":true,"href":"https:\/\/legisport.com\/index.php\/wp-json\/wp\/v2\/users\/1"}],"replies":[{"embeddable":true,"href":"https:\/\/legisport.com\/index.php\/wp-json\/wp\/v2\/comments?post=1482"}],"version-history":[{"count":2,"href":"https:\/\/legisport.com\/index.php\/wp-json\/wp\/v2\/posts\/1482\/revisions"}],"predecessor-version":[{"id":1484,"href":"https:\/\/legisport.com\/index.php\/wp-json\/wp\/v2\/posts\/1482\/revisions\/1484"}],"wp:attachment":[{"href":"https:\/\/legisport.com\/index.php\/wp-json\/wp\/v2\/media?parent=1482"}],"wp:term":[{"taxonomy":"category","embeddable":true,"href":"https:\/\/legisport.com\/index.php\/wp-json\/wp\/v2\/categories?post=1482"},{"taxonomy":"post_tag","embeddable":true,"href":"https:\/\/legisport.com\/index.php\/wp-json\/wp\/v2\/tags?post=1482"}],"curies":[{"name":"wp","href":"https:\/\/api.w.org\/{rel}","templated":true}]}}