{"id":1461,"date":"2020-07-27T13:23:40","date_gmt":"2020-07-27T13:23:40","guid":{"rendered":"http:\/\/legisport.com\/?p=1461"},"modified":"2020-07-27T13:23:49","modified_gmt":"2020-07-27T13:23:49","slug":"rencontre-avec-me-emmanuelle-jaeger-aller-de-lavant-dans-lathletisme","status":"publish","type":"post","link":"https:\/\/legisport.com\/index.php\/2020\/07\/27\/rencontre-avec-me-emmanuelle-jaeger-aller-de-lavant-dans-lathletisme\/","title":{"rendered":"Rencontre avec Me Emmanuelle Jaeger : \u00ab aller de l\u2019avant dans l\u2019athl\u00e9tisme \u00bb"},"content":{"rendered":"\n<p>Ma\u00eetre Emmanuelle Jaeger est avocate au barreau de Paris et pr\u00e9sidente de l\u2019Azur Olympique Charenton, tout en \u00e9tant en \u00e9quipe de France de 100 kms route. En plein confinement, elle a alert\u00e9 et donn\u00e9 des pistes de d\u00e9veloppement en faveur du monde de l\u2019athl\u00e9tisme dans une \u00ab&nbsp;lettre ouverte pour un athl\u00e9tisme solidaire, r\u00e9invent\u00e9 et p\u00e9renne&nbsp;\u00bb en date du 15 Avril 2020.&nbsp;\u00ab&nbsp;Ne nous voilons pas la face, le COVID 19 qui bouleverse notre vie sportive actuelle aura de lourdes cons\u00e9quences sur nos organisations et nos structures athl\u00e9tiques. Les stages autour de la plan\u00e8te, les comp\u00e9titions internationales, le running de masse et autres usages anciens sont remis largement en question, faisant vaciller les mod\u00e8les financiers qui nous &nbsp;soutenaient. &nbsp;La situation l\u2019impose, nous devons donc repenser nos mod\u00e8les \u00e9conomiques et sociaux, mettre en &nbsp;commun nos forces et nos id\u00e9es pour \u00e9tablir un athl\u00e9tisme de demain. Cet athl\u00e9tisme doit \u00eatre plus &nbsp;proche de nos territoires. Il doit avoir de nouvelles fondations, \u00eatre plus solidaire, bienveillant et il &nbsp;doit pouvoir compter sur le soutien de notre F\u00e9d\u00e9ration, de nos structures d\u00e9concentr\u00e9es en utilisant la puissance humaine de nos clubs&nbsp;\u00bb, y estime t-elle.<\/p>\n\n\n\n<p>LEGISPORT a souhait\u00e9 en savoir plus et nous avons rencontr\u00e9 Me Emmanuelle Jaeger \u00e0 Paris le 24 Juillet 2020.\u00a0Elle a notamment insist\u00e9 sur deux axes, le d\u00e9veloppement durable et la proximit\u00e9 avec les athl\u00e8tes et les structures d\u00e9concentr\u00e9es.<\/p>\n\n\n\n<p><strong>\u00ab\u00a0R\u00e9inventons notre territoire athl\u00e9tique et nos pratiques locales et durables\u00a0\u00bb<\/strong><\/p>\n\n\n\n<p> Oui, mais comment\u00a0? La multiple Championne de France sur 100 kms route et marathon dans les cat\u00e9gories \u00ab\u00a0Master\u00a0\u00bb nous a donn\u00e9 les pistes\u00a0: \u00ab\u00a0notre tissu associatif s\u2019inscrit au coeur de nos territoires et de nos r\u00e9gions. Montagnes, mers, campagnes ou milieux urbains ont leur sp\u00e9cificit\u00e9 et doivent \u00eatre pr\u00e9serv\u00e9s. Alors, ne les oublions pas. Cr\u00e9ons syst\u00e9matiquement une Commission D\u00e9veloppement durable aupr\u00e8s de nos structures d\u00e9concentr\u00e9es et aupr\u00e8s de la F\u00e9d\u00e9ration, mettons en place un guide des bonnes pratiques environnementales et soci\u00e9tales pour nos entrainements et la vie quotidienne des clubs, r\u00e9inventons nos organisations de courses sur route pour privil\u00e9gier les formats r\u00e9gionaux et festifs et faire vivre nos territoires, facilitons les stages de proximit\u00e9 par une mutualisation des forces vives et des \u00e9quipements\u2026\u00a0\u00bb.\u00a0 <\/p>\n\n\n\n<figure class=\"wp-block-image size-large\"><img loading=\"lazy\" decoding=\"async\" width=\"1024\" height=\"576\" src=\"https:\/\/legisport.com\/wp-content\/uploads\/2020\/07\/me-jaegerBR.jpg\" alt=\"\" class=\"wp-image-1460\" srcset=\"https:\/\/legisport.com\/wp-content\/uploads\/2020\/07\/me-jaegerBR.jpg 1024w, https:\/\/legisport.com\/wp-content\/uploads\/2020\/07\/me-jaegerBR-300x169.jpg 300w, https:\/\/legisport.com\/wp-content\/uploads\/2020\/07\/me-jaegerBR-768x432.jpg 768w\" sizes=\"auto, (max-width: 1024px) 100vw, 1024px\" \/><figcaption> Me Emmanuelle Jaeger, \u00e0 Paris, le 24 Juillet 2020 lors de notre rencontre <\/figcaption><\/figure>\n\n\n\n<p>Bref, pour Me Jaeger, \u00ab&nbsp;soyons cr\u00e9atifs, ayons de l\u2019audace et r\u00e9inventons nos modes de fonctionnements, comme le soutien, de notre F\u00e9d\u00e9ration et de nos structures d\u00e9concentr\u00e9es&nbsp;\u00bb. \u00ab&nbsp;Notre F\u00e9d\u00e9ration, nos ligues et comit\u00e9s nous accompagnent mais ce soutien doit s\u2019\u00e9toffer pour davantage de proximit\u00e9. Nous devons faire preuve de cr\u00e9ativit\u00e9 pour simplifier la vie sportive et &nbsp;administrative des clubs&nbsp;: un dialogue facilit\u00e9 par l\u2019organisation de Forums et plateforme d\u2019\u00e9changes en ligne entre les structures, les dirigeants et les services f\u00e9d\u00e9raux, la d\u00e9signation de \u201cr\u00e9f\u00e9rents\u201d f\u00e9d\u00e9raux et r\u00e9gionaux destin\u00e9s \u00e0 veiller et accompagner les clubs pour la mise en place de la politique f\u00e9d\u00e9rale, un accompagnement plus proche des Clubs dans leur dialogue avec les acteurs publics et priv\u00e9s, la valorisation de l\u2019engagement associatif par une reconnaissance fiscale et financi\u00e8re des &nbsp;dirigeants et des intervenants des clubs permettant ainsi leur rajeunissement, tout comme pour la F\u00e9d\u00e9ration, les ligues et comit\u00e9s d\u00e9partementaux\u2026&nbsp;\u00bb.<\/p>\n\n\n\n<p>Fabrice Dubuisson, pr\u00e9sident du Comit\u00e9 d\u2019athl\u00e9tisme de la C\u00f4te d\u2019Or qui \u00e9tait pr\u00e9sent lors de notre rencontre avec Me Jaeger, a salu\u00e9 l\u2019 \u00ab&nbsp;excellente initiative qui pose les enjeux de l\u2019athl\u00e9tisme d\u2019aujourd\u2019hui comme la valorisation des structures locales et de la coop\u00e9ration entre les diff\u00e9rents acteurs r\u00e9gionaux&nbsp;\u00bb.<\/p>\n\n\n\n<p><strong>Contact\u00a0: Me Emmanuelle Jaeger. Mail\u00a0:\u00a0<a href=\"mailto:reinventonslathle@gmail.com\">reinventonslathle@gmail.com<\/a><\/strong><\/p>\n","protected":false},"excerpt":{"rendered":"<p>Ma\u00eetre Emmanuelle Jaeger est avocate au barreau de Paris et pr\u00e9sidente de l\u2019Azur Olympique Charenton, tout en \u00e9tant en \u00e9quipe de France de 100 kms route. En plein confinement, elle a alert\u00e9 et donn\u00e9 des pistes de d\u00e9veloppement en faveur du monde de l\u2019athl\u00e9tisme dans une \u00ab&nbsp;lettre ouverte pour un athl\u00e9tisme solidaire, r\u00e9invent\u00e9 et p\u00e9renne&nbsp;\u00bb [&hellip;]<\/p>\n","protected":false},"author":1,"featured_media":0,"comment_status":"closed","ping_status":"open","sticky":false,"template":"","format":"standard","meta":{"footnotes":""},"categories":[1],"tags":[],"class_list":["post-1461","post","type-post","status-publish","format-standard","hentry","category-uncategorized","basic-color-border"],"yoast_head":"<!-- This site is optimized with the Yoast SEO plugin v17.4 - https:\/\/yoast.com\/wordpress\/plugins\/seo\/ -->\n<meta name=\"description\" content=\"Coronavirus - Rencontre avec Me Emmanuelle Jaeger : &quot;aller de l&#039;avant dans l&#039;athl\u00e9tisme&quot;. LEGISPORT\" \/>\n<meta name=\"robots\" content=\"index, follow, max-snippet:-1, max-image-preview:large, max-video-preview:-1\" \/>\n<link rel=\"canonical\" href=\"https:\/\/legisport.com\/index.php\/2020\/07\/27\/rencontre-avec-me-emmanuelle-jaeger-aller-de-lavant-dans-lathletisme\/\" \/>\n<meta property=\"og:locale\" content=\"fr_FR\" \/>\n<meta property=\"og:type\" content=\"article\" \/>\n<meta property=\"og:title\" content=\"Rencontre avec Me Emmanuelle Jaeger : \u00ab aller de l\u2019avant dans l\u2019athl\u00e9tisme \u00bb - legisport\" \/>\n<meta property=\"og:description\" content=\"Coronavirus - Rencontre avec Me Emmanuelle Jaeger : &quot;aller de l&#039;avant dans l&#039;athl\u00e9tisme&quot;. LEGISPORT\" \/>\n<meta property=\"og:url\" content=\"https:\/\/legisport.com\/index.php\/2020\/07\/27\/rencontre-avec-me-emmanuelle-jaeger-aller-de-lavant-dans-lathletisme\/\" \/>\n<meta property=\"og:site_name\" content=\"legisport\" \/>\n<meta property=\"article:published_time\" content=\"2020-07-27T13:23:40+00:00\" \/>\n<meta property=\"article:modified_time\" content=\"2020-07-27T13:23:49+00:00\" \/>\n<meta property=\"og:image\" content=\"http:\/\/legisport.com\/wp-content\/uploads\/2020\/07\/me-jaegerBR.jpg\" \/>\n<meta name=\"twitter:card\" content=\"summary_large_image\" \/>\n<meta name=\"twitter:label1\" content=\"\u00c9crit par\" \/>\n\t<meta name=\"twitter:data1\" content=\"admin8312\" \/>\n\t<meta name=\"twitter:label2\" content=\"Dur\u00e9e de lecture est.\" \/>\n\t<meta name=\"twitter:data2\" content=\"3 minutes\" \/>\n<script type=\"application\/ld+json\" class=\"yoast-schema-graph\">{\"@context\":\"https:\/\/schema.org\",\"@graph\":[{\"@type\":\"WebSite\",\"@id\":\"https:\/\/legisport.com\/#website\",\"url\":\"https:\/\/legisport.com\/\",\"name\":\"legisport\",\"description\":\"1991 : fondation de LEGISPORT. 1996 : lancement du bulletin d&#039;informations juridiques sportives LEGISPORT. Tout sur le droit du sport.\",\"potentialAction\":[{\"@type\":\"SearchAction\",\"target\":{\"@type\":\"EntryPoint\",\"urlTemplate\":\"https:\/\/legisport.com\/?s={search_term_string}\"},\"query-input\":\"required name=search_term_string\"}],\"inLanguage\":\"fr-FR\"},{\"@type\":\"ImageObject\",\"@id\":\"https:\/\/legisport.com\/index.php\/2020\/07\/27\/rencontre-avec-me-emmanuelle-jaeger-aller-de-lavant-dans-lathletisme\/#primaryimage\",\"inLanguage\":\"fr-FR\",\"url\":\"http:\/\/legisport.com\/wp-content\/uploads\/2020\/07\/me-jaegerBR.jpg\",\"contentUrl\":\"http:\/\/legisport.com\/wp-content\/uploads\/2020\/07\/me-jaegerBR.jpg\"},{\"@type\":\"WebPage\",\"@id\":\"https:\/\/legisport.com\/index.php\/2020\/07\/27\/rencontre-avec-me-emmanuelle-jaeger-aller-de-lavant-dans-lathletisme\/#webpage\",\"url\":\"https:\/\/legisport.com\/index.php\/2020\/07\/27\/rencontre-avec-me-emmanuelle-jaeger-aller-de-lavant-dans-lathletisme\/\",\"name\":\"Rencontre avec Me Emmanuelle Jaeger : \\u00ab aller de l\\u2019avant dans l\\u2019athl\\u00e9tisme \\u00bb - legisport\",\"isPartOf\":{\"@id\":\"https:\/\/legisport.com\/#website\"},\"primaryImageOfPage\":{\"@id\":\"https:\/\/legisport.com\/index.php\/2020\/07\/27\/rencontre-avec-me-emmanuelle-jaeger-aller-de-lavant-dans-lathletisme\/#primaryimage\"},\"datePublished\":\"2020-07-27T13:23:40+00:00\",\"dateModified\":\"2020-07-27T13:23:49+00:00\",\"author\":{\"@id\":\"https:\/\/legisport.com\/#\/schema\/person\/abccfb880c12073a27d7cb433cf39cf2\"},\"description\":\"Coronavirus - Rencontre avec Me Emmanuelle Jaeger : \\\"aller de l'avant dans l'athl\\u00e9tisme\\\". LEGISPORT\",\"breadcrumb\":{\"@id\":\"https:\/\/legisport.com\/index.php\/2020\/07\/27\/rencontre-avec-me-emmanuelle-jaeger-aller-de-lavant-dans-lathletisme\/#breadcrumb\"},\"inLanguage\":\"fr-FR\",\"potentialAction\":[{\"@type\":\"ReadAction\",\"target\":[\"https:\/\/legisport.com\/index.php\/2020\/07\/27\/rencontre-avec-me-emmanuelle-jaeger-aller-de-lavant-dans-lathletisme\/\"]}]},{\"@type\":\"BreadcrumbList\",\"@id\":\"https:\/\/legisport.com\/index.php\/2020\/07\/27\/rencontre-avec-me-emmanuelle-jaeger-aller-de-lavant-dans-lathletisme\/#breadcrumb\",\"itemListElement\":[{\"@type\":\"ListItem\",\"position\":1,\"name\":\"Accueil\",\"item\":\"https:\/\/legisport.com\/\"},{\"@type\":\"ListItem\",\"position\":2,\"name\":\"Rencontre avec Me Emmanuelle Jaeger : \\u00ab aller de l\\u2019avant dans l\\u2019athl\\u00e9tisme \\u00bb\"}]},{\"@type\":\"Person\",\"@id\":\"https:\/\/legisport.com\/#\/schema\/person\/abccfb880c12073a27d7cb433cf39cf2\",\"name\":\"admin8312\",\"image\":{\"@type\":\"ImageObject\",\"@id\":\"https:\/\/legisport.com\/#personlogo\",\"inLanguage\":\"fr-FR\",\"url\":\"https:\/\/secure.gravatar.com\/avatar\/1e990537051617f93586bce114145ae0ff87fb7f69693d7eea4b09eb39a38ee0?s=96&d=mm&r=g\",\"contentUrl\":\"https:\/\/secure.gravatar.com\/avatar\/1e990537051617f93586bce114145ae0ff87fb7f69693d7eea4b09eb39a38ee0?s=96&d=mm&r=g\",\"caption\":\"admin8312\"},\"url\":\"https:\/\/legisport.com\/index.php\/author\/admin8312\/\"}]}<\/script>\n<!-- \/ Yoast SEO plugin. -->","yoast_head_json":{"description":"Coronavirus - Rencontre avec Me Emmanuelle Jaeger : \"aller de l'avant dans l'athl\u00e9tisme\". LEGISPORT","robots":{"index":"index","follow":"follow","max-snippet":"max-snippet:-1","max-image-preview":"max-image-preview:large","max-video-preview":"max-video-preview:-1"},"canonical":"https:\/\/legisport.com\/index.php\/2020\/07\/27\/rencontre-avec-me-emmanuelle-jaeger-aller-de-lavant-dans-lathletisme\/","og_locale":"fr_FR","og_type":"article","og_title":"Rencontre avec Me Emmanuelle Jaeger : \u00ab aller de l\u2019avant dans l\u2019athl\u00e9tisme \u00bb - legisport","og_description":"Coronavirus - Rencontre avec Me Emmanuelle Jaeger : \"aller de l'avant dans l'athl\u00e9tisme\". LEGISPORT","og_url":"https:\/\/legisport.com\/index.php\/2020\/07\/27\/rencontre-avec-me-emmanuelle-jaeger-aller-de-lavant-dans-lathletisme\/","og_site_name":"legisport","article_published_time":"2020-07-27T13:23:40+00:00","article_modified_time":"2020-07-27T13:23:49+00:00","og_image":[{"url":"http:\/\/legisport.com\/wp-content\/uploads\/2020\/07\/me-jaegerBR.jpg"}],"twitter_card":"summary_large_image","twitter_misc":{"\u00c9crit par":"admin8312","Dur\u00e9e de lecture est.":"3 minutes"},"schema":{"@context":"https:\/\/schema.org","@graph":[{"@type":"WebSite","@id":"https:\/\/legisport.com\/#website","url":"https:\/\/legisport.com\/","name":"legisport","description":"1991 : fondation de LEGISPORT. 1996 : lancement du bulletin d&#039;informations juridiques sportives LEGISPORT. Tout sur le droit du sport.","potentialAction":[{"@type":"SearchAction","target":{"@type":"EntryPoint","urlTemplate":"https:\/\/legisport.com\/?s={search_term_string}"},"query-input":"required name=search_term_string"}],"inLanguage":"fr-FR"},{"@type":"ImageObject","@id":"https:\/\/legisport.com\/index.php\/2020\/07\/27\/rencontre-avec-me-emmanuelle-jaeger-aller-de-lavant-dans-lathletisme\/#primaryimage","inLanguage":"fr-FR","url":"http:\/\/legisport.com\/wp-content\/uploads\/2020\/07\/me-jaegerBR.jpg","contentUrl":"http:\/\/legisport.com\/wp-content\/uploads\/2020\/07\/me-jaegerBR.jpg"},{"@type":"WebPage","@id":"https:\/\/legisport.com\/index.php\/2020\/07\/27\/rencontre-avec-me-emmanuelle-jaeger-aller-de-lavant-dans-lathletisme\/#webpage","url":"https:\/\/legisport.com\/index.php\/2020\/07\/27\/rencontre-avec-me-emmanuelle-jaeger-aller-de-lavant-dans-lathletisme\/","name":"Rencontre avec Me Emmanuelle Jaeger : \u00ab aller de l\u2019avant dans l\u2019athl\u00e9tisme \u00bb - legisport","isPartOf":{"@id":"https:\/\/legisport.com\/#website"},"primaryImageOfPage":{"@id":"https:\/\/legisport.com\/index.php\/2020\/07\/27\/rencontre-avec-me-emmanuelle-jaeger-aller-de-lavant-dans-lathletisme\/#primaryimage"},"datePublished":"2020-07-27T13:23:40+00:00","dateModified":"2020-07-27T13:23:49+00:00","author":{"@id":"https:\/\/legisport.com\/#\/schema\/person\/abccfb880c12073a27d7cb433cf39cf2"},"description":"Coronavirus - Rencontre avec Me Emmanuelle Jaeger : \"aller de l'avant dans l'athl\u00e9tisme\". LEGISPORT","breadcrumb":{"@id":"https:\/\/legisport.com\/index.php\/2020\/07\/27\/rencontre-avec-me-emmanuelle-jaeger-aller-de-lavant-dans-lathletisme\/#breadcrumb"},"inLanguage":"fr-FR","potentialAction":[{"@type":"ReadAction","target":["https:\/\/legisport.com\/index.php\/2020\/07\/27\/rencontre-avec-me-emmanuelle-jaeger-aller-de-lavant-dans-lathletisme\/"]}]},{"@type":"BreadcrumbList","@id":"https:\/\/legisport.com\/index.php\/2020\/07\/27\/rencontre-avec-me-emmanuelle-jaeger-aller-de-lavant-dans-lathletisme\/#breadcrumb","itemListElement":[{"@type":"ListItem","position":1,"name":"Accueil","item":"https:\/\/legisport.com\/"},{"@type":"ListItem","position":2,"name":"Rencontre avec Me Emmanuelle Jaeger : \u00ab aller de l\u2019avant dans l\u2019athl\u00e9tisme \u00bb"}]},{"@type":"Person","@id":"https:\/\/legisport.com\/#\/schema\/person\/abccfb880c12073a27d7cb433cf39cf2","name":"admin8312","image":{"@type":"ImageObject","@id":"https:\/\/legisport.com\/#personlogo","inLanguage":"fr-FR","url":"https:\/\/secure.gravatar.com\/avatar\/1e990537051617f93586bce114145ae0ff87fb7f69693d7eea4b09eb39a38ee0?s=96&d=mm&r=g","contentUrl":"https:\/\/secure.gravatar.com\/avatar\/1e990537051617f93586bce114145ae0ff87fb7f69693d7eea4b09eb39a38ee0?s=96&d=mm&r=g","caption":"admin8312"},"url":"https:\/\/legisport.com\/index.php\/author\/admin8312\/"}]}},"_links":{"self":[{"href":"https:\/\/legisport.com\/index.php\/wp-json\/wp\/v2\/posts\/1461","targetHints":{"allow":["GET"]}}],"collection":[{"href":"https:\/\/legisport.com\/index.php\/wp-json\/wp\/v2\/posts"}],"about":[{"href":"https:\/\/legisport.com\/index.php\/wp-json\/wp\/v2\/types\/post"}],"author":[{"embeddable":true,"href":"https:\/\/legisport.com\/index.php\/wp-json\/wp\/v2\/users\/1"}],"replies":[{"embeddable":true,"href":"https:\/\/legisport.com\/index.php\/wp-json\/wp\/v2\/comments?post=1461"}],"version-history":[{"count":1,"href":"https:\/\/legisport.com\/index.php\/wp-json\/wp\/v2\/posts\/1461\/revisions"}],"predecessor-version":[{"id":1462,"href":"https:\/\/legisport.com\/index.php\/wp-json\/wp\/v2\/posts\/1461\/revisions\/1462"}],"wp:attachment":[{"href":"https:\/\/legisport.com\/index.php\/wp-json\/wp\/v2\/media?parent=1461"}],"wp:term":[{"taxonomy":"category","embeddable":true,"href":"https:\/\/legisport.com\/index.php\/wp-json\/wp\/v2\/categories?post=1461"},{"taxonomy":"post_tag","embeddable":true,"href":"https:\/\/legisport.com\/index.php\/wp-json\/wp\/v2\/tags?post=1461"}],"curies":[{"name":"wp","href":"https:\/\/api.w.org\/{rel}","templated":true}]}}