{"id":1444,"date":"2020-07-01T11:36:52","date_gmt":"2020-07-01T11:36:52","guid":{"rendered":"http:\/\/legisport.com\/?p=1444"},"modified":"2020-07-01T11:42:43","modified_gmt":"2020-07-01T11:42:43","slug":"nos-combats-pour-le-sport-et-la-justice","status":"publish","type":"post","link":"https:\/\/legisport.com\/index.php\/2020\/07\/01\/nos-combats-pour-le-sport-et-la-justice\/","title":{"rendered":"\u00ab\u00a0Nos Combats pour le sport et la justice\u00a0\u00bb"},"content":{"rendered":"\n<figure class=\"wp-block-image size-large\"><img loading=\"lazy\" decoding=\"async\" width=\"662\" height=\"901\" src=\"https:\/\/legisport.com\/wp-content\/uploads\/2020\/06\/droitdusportavecsergeetmichelpautotcelebresavocats.jpg\" alt=\"\" class=\"wp-image-1417\" srcset=\"https:\/\/legisport.com\/wp-content\/uploads\/2020\/06\/droitdusportavecsergeetmichelpautotcelebresavocats.jpg 662w, https:\/\/legisport.com\/wp-content\/uploads\/2020\/06\/droitdusportavecsergeetmichelpautotcelebresavocats-220x300.jpg 220w\" sizes=\"auto, (max-width: 662px) 100vw, 662px\" \/><\/figure>\n\n\n\n<p>Ma\u00eetres Serge et Michel Pautot, docteurs en droit, avocats au barreau de Marseille ont publi\u00e9 \u00ab\u00a0Nos combats pour le sport et la justice\u00a0\u00bb aux Editions du Sekoya.<\/p>\n\n\n\n<p>Ils y racontent avec pr\u00e9cision la mutation du droit du sport,\nrevenant sur de nombreux dossiers qu\u2019ils ont plaid\u00e9s. <\/p>\n\n\n\n<p>On croise au fil des pages&nbsp;:<\/p>\n\n\n\n<p>-Joseph-Antoine Bell contre Bernard Tapie, <\/p>\n\n\n\n<p>-le Nain Volant contre un ministre de l\u2019Int\u00e9rieur, <\/p>\n\n\n\n<p>-la d\u00e9fense de joueurs africains face au foot business, les\ntracasseries de l\u2019Abb\u00e9 Volant, <\/p>\n\n\n\n<p>-la gymnaste Elodie Lussac <\/p>\n\n\n\n<p>-et la boxeuse Sophie Girard contre leur F\u00e9d\u00e9ration, <\/p>\n\n\n\n<p>-ou encore plus sulfureux, Lolo Ferrari contre la Scuderia. <\/p>\n\n\n\n<p>Un livre, fort complet et passionnant qui montre l\u2019\u00e9volution\ndu sport, c\u00f4t\u00e9 coulisses, sous un nouveau jour. <\/p>\n\n\n\n<p>Face \u00e0 un environnement sportif en permanente \u00e9volution, le\nr\u00f4le de l\u2019avocat est d\u2019informer, conseiller et plaider. Ce qui a \u00e9t\u00e9 le cas des\navocats Ma\u00eetres Serge et Michel Pautot qui sont intervenus depuis plus d\u2019une\ntrentaine d\u2019ann\u00e9es \u00e0 la d\u00e9fense de diff\u00e9rents acteurs du sport, parfois dans un\ndomaine o\u00f9 les valeurs humaines et les passions conservaient toutes leur place.\nIl s\u2019agit d\u2019un ouvrage qui fera date dans le droit du sport et dans l\u2019histoire\ndu sport. <\/p>\n\n\n\n<p>Ma\u00eetres Serge et Michel Pautot ont \u00e9t\u00e9 acteurs de changements radicaux, comme l\u2019arr\u00eat Malaja, \u00ab&nbsp;l\u2019arr\u00eat Bosman \u00e0 la puissance dix&nbsp;\u00bb. &nbsp;<\/p>\n\n\n\n<p>Cliquez <a href=\"https:\/\/legisport.com\/wp-content\/uploads\/2020\/04\/droitdusportbondecommandenoscombatspourlesportetlajustice.pdf\">ICI<\/a> pour commander l&rsquo;ouvrage<\/p>\n","protected":false},"excerpt":{"rendered":"<p>Ma\u00eetres Serge et Michel Pautot, docteurs en droit, avocats au barreau de Marseille ont publi\u00e9 \u00ab\u00a0Nos combats pour le sport et la justice\u00a0\u00bb aux Editions du Sekoya. Ils y racontent avec pr\u00e9cision la mutation du droit du sport, revenant sur de nombreux dossiers qu\u2019ils ont plaid\u00e9s. On croise au fil des pages&nbsp;: -Joseph-Antoine Bell contre [&hellip;]<\/p>\n","protected":false},"author":1,"featured_media":0,"comment_status":"closed","ping_status":"open","sticky":false,"template":"","format":"standard","meta":{"footnotes":""},"categories":[1],"tags":[],"class_list":["post-1444","post","type-post","status-publish","format-standard","hentry","category-uncategorized","basic-color-border"],"yoast_head":"<!-- This site is optimized with the Yoast SEO plugin v17.4 - https:\/\/yoast.com\/wordpress\/plugins\/seo\/ -->\n<meta name=\"robots\" content=\"index, follow, max-snippet:-1, max-image-preview:large, max-video-preview:-1\" \/>\n<link rel=\"canonical\" href=\"https:\/\/legisport.com\/index.php\/2020\/07\/01\/nos-combats-pour-le-sport-et-la-justice\/\" \/>\n<meta property=\"og:locale\" content=\"fr_FR\" \/>\n<meta property=\"og:type\" content=\"article\" \/>\n<meta property=\"og:title\" content=\"&quot;Nos Combats pour le sport et la justice&quot; - legisport\" \/>\n<meta property=\"og:description\" content=\"Ma\u00eetres Serge et Michel Pautot, docteurs en droit, avocats au barreau de Marseille ont publi\u00e9 \u00ab\u00a0Nos combats pour le sport et la justice\u00a0\u00bb aux Editions du Sekoya. Ils y racontent avec pr\u00e9cision la mutation du droit du sport, revenant sur de nombreux dossiers qu\u2019ils ont plaid\u00e9s. On croise au fil des pages&nbsp;: -Joseph-Antoine Bell contre [&hellip;]\" \/>\n<meta property=\"og:url\" content=\"https:\/\/legisport.com\/index.php\/2020\/07\/01\/nos-combats-pour-le-sport-et-la-justice\/\" \/>\n<meta property=\"og:site_name\" content=\"legisport\" \/>\n<meta property=\"article:published_time\" content=\"2020-07-01T11:36:52+00:00\" \/>\n<meta property=\"article:modified_time\" content=\"2020-07-01T11:42:43+00:00\" \/>\n<meta property=\"og:image\" content=\"http:\/\/legisport.com\/wp-content\/uploads\/2020\/06\/droitdusportavecsergeetmichelpautotcelebresavocats.jpg\" \/>\n<meta name=\"twitter:card\" content=\"summary_large_image\" \/>\n<meta name=\"twitter:label1\" content=\"\u00c9crit par\" \/>\n\t<meta name=\"twitter:data1\" content=\"admin8312\" \/>\n\t<meta name=\"twitter:label2\" content=\"Dur\u00e9e de lecture est.\" \/>\n\t<meta name=\"twitter:data2\" content=\"1 minute\" \/>\n<script type=\"application\/ld+json\" class=\"yoast-schema-graph\">{\"@context\":\"https:\/\/schema.org\",\"@graph\":[{\"@type\":\"WebSite\",\"@id\":\"https:\/\/legisport.com\/#website\",\"url\":\"https:\/\/legisport.com\/\",\"name\":\"legisport\",\"description\":\"1991 : fondation de LEGISPORT. 1996 : lancement du bulletin d&#039;informations juridiques sportives LEGISPORT. Tout sur le droit du sport.\",\"potentialAction\":[{\"@type\":\"SearchAction\",\"target\":{\"@type\":\"EntryPoint\",\"urlTemplate\":\"https:\/\/legisport.com\/?s={search_term_string}\"},\"query-input\":\"required name=search_term_string\"}],\"inLanguage\":\"fr-FR\"},{\"@type\":\"ImageObject\",\"@id\":\"https:\/\/legisport.com\/index.php\/2020\/07\/01\/nos-combats-pour-le-sport-et-la-justice\/#primaryimage\",\"inLanguage\":\"fr-FR\",\"url\":\"http:\/\/legisport.com\/wp-content\/uploads\/2020\/06\/droitdusportavecsergeetmichelpautotcelebresavocats.jpg\",\"contentUrl\":\"http:\/\/legisport.com\/wp-content\/uploads\/2020\/06\/droitdusportavecsergeetmichelpautotcelebresavocats.jpg\"},{\"@type\":\"WebPage\",\"@id\":\"https:\/\/legisport.com\/index.php\/2020\/07\/01\/nos-combats-pour-le-sport-et-la-justice\/#webpage\",\"url\":\"https:\/\/legisport.com\/index.php\/2020\/07\/01\/nos-combats-pour-le-sport-et-la-justice\/\",\"name\":\"\\\"Nos Combats pour le sport et la justice\\\" - legisport\",\"isPartOf\":{\"@id\":\"https:\/\/legisport.com\/#website\"},\"primaryImageOfPage\":{\"@id\":\"https:\/\/legisport.com\/index.php\/2020\/07\/01\/nos-combats-pour-le-sport-et-la-justice\/#primaryimage\"},\"datePublished\":\"2020-07-01T11:36:52+00:00\",\"dateModified\":\"2020-07-01T11:42:43+00:00\",\"author\":{\"@id\":\"https:\/\/legisport.com\/#\/schema\/person\/abccfb880c12073a27d7cb433cf39cf2\"},\"breadcrumb\":{\"@id\":\"https:\/\/legisport.com\/index.php\/2020\/07\/01\/nos-combats-pour-le-sport-et-la-justice\/#breadcrumb\"},\"inLanguage\":\"fr-FR\",\"potentialAction\":[{\"@type\":\"ReadAction\",\"target\":[\"https:\/\/legisport.com\/index.php\/2020\/07\/01\/nos-combats-pour-le-sport-et-la-justice\/\"]}]},{\"@type\":\"BreadcrumbList\",\"@id\":\"https:\/\/legisport.com\/index.php\/2020\/07\/01\/nos-combats-pour-le-sport-et-la-justice\/#breadcrumb\",\"itemListElement\":[{\"@type\":\"ListItem\",\"position\":1,\"name\":\"Accueil\",\"item\":\"https:\/\/legisport.com\/\"},{\"@type\":\"ListItem\",\"position\":2,\"name\":\"\\u00ab\\u00a0Nos Combats pour le sport et la justice\\u00a0\\u00bb\"}]},{\"@type\":\"Person\",\"@id\":\"https:\/\/legisport.com\/#\/schema\/person\/abccfb880c12073a27d7cb433cf39cf2\",\"name\":\"admin8312\",\"image\":{\"@type\":\"ImageObject\",\"@id\":\"https:\/\/legisport.com\/#personlogo\",\"inLanguage\":\"fr-FR\",\"url\":\"https:\/\/secure.gravatar.com\/avatar\/1e990537051617f93586bce114145ae0ff87fb7f69693d7eea4b09eb39a38ee0?s=96&d=mm&r=g\",\"contentUrl\":\"https:\/\/secure.gravatar.com\/avatar\/1e990537051617f93586bce114145ae0ff87fb7f69693d7eea4b09eb39a38ee0?s=96&d=mm&r=g\",\"caption\":\"admin8312\"},\"url\":\"https:\/\/legisport.com\/index.php\/author\/admin8312\/\"}]}<\/script>\n<!-- \/ Yoast SEO plugin. -->","yoast_head_json":{"robots":{"index":"index","follow":"follow","max-snippet":"max-snippet:-1","max-image-preview":"max-image-preview:large","max-video-preview":"max-video-preview:-1"},"canonical":"https:\/\/legisport.com\/index.php\/2020\/07\/01\/nos-combats-pour-le-sport-et-la-justice\/","og_locale":"fr_FR","og_type":"article","og_title":"\"Nos Combats pour le sport et la justice\" - legisport","og_description":"Ma\u00eetres Serge et Michel Pautot, docteurs en droit, avocats au barreau de Marseille ont publi\u00e9 \u00ab\u00a0Nos combats pour le sport et la justice\u00a0\u00bb aux Editions du Sekoya. Ils y racontent avec pr\u00e9cision la mutation du droit du sport, revenant sur de nombreux dossiers qu\u2019ils ont plaid\u00e9s. On croise au fil des pages&nbsp;: -Joseph-Antoine Bell contre [&hellip;]","og_url":"https:\/\/legisport.com\/index.php\/2020\/07\/01\/nos-combats-pour-le-sport-et-la-justice\/","og_site_name":"legisport","article_published_time":"2020-07-01T11:36:52+00:00","article_modified_time":"2020-07-01T11:42:43+00:00","og_image":[{"url":"http:\/\/legisport.com\/wp-content\/uploads\/2020\/06\/droitdusportavecsergeetmichelpautotcelebresavocats.jpg"}],"twitter_card":"summary_large_image","twitter_misc":{"\u00c9crit par":"admin8312","Dur\u00e9e de lecture est.":"1 minute"},"schema":{"@context":"https:\/\/schema.org","@graph":[{"@type":"WebSite","@id":"https:\/\/legisport.com\/#website","url":"https:\/\/legisport.com\/","name":"legisport","description":"1991 : fondation de LEGISPORT. 1996 : lancement du bulletin d&#039;informations juridiques sportives LEGISPORT. Tout sur le droit du sport.","potentialAction":[{"@type":"SearchAction","target":{"@type":"EntryPoint","urlTemplate":"https:\/\/legisport.com\/?s={search_term_string}"},"query-input":"required name=search_term_string"}],"inLanguage":"fr-FR"},{"@type":"ImageObject","@id":"https:\/\/legisport.com\/index.php\/2020\/07\/01\/nos-combats-pour-le-sport-et-la-justice\/#primaryimage","inLanguage":"fr-FR","url":"http:\/\/legisport.com\/wp-content\/uploads\/2020\/06\/droitdusportavecsergeetmichelpautotcelebresavocats.jpg","contentUrl":"http:\/\/legisport.com\/wp-content\/uploads\/2020\/06\/droitdusportavecsergeetmichelpautotcelebresavocats.jpg"},{"@type":"WebPage","@id":"https:\/\/legisport.com\/index.php\/2020\/07\/01\/nos-combats-pour-le-sport-et-la-justice\/#webpage","url":"https:\/\/legisport.com\/index.php\/2020\/07\/01\/nos-combats-pour-le-sport-et-la-justice\/","name":"\"Nos Combats pour le sport et la justice\" - legisport","isPartOf":{"@id":"https:\/\/legisport.com\/#website"},"primaryImageOfPage":{"@id":"https:\/\/legisport.com\/index.php\/2020\/07\/01\/nos-combats-pour-le-sport-et-la-justice\/#primaryimage"},"datePublished":"2020-07-01T11:36:52+00:00","dateModified":"2020-07-01T11:42:43+00:00","author":{"@id":"https:\/\/legisport.com\/#\/schema\/person\/abccfb880c12073a27d7cb433cf39cf2"},"breadcrumb":{"@id":"https:\/\/legisport.com\/index.php\/2020\/07\/01\/nos-combats-pour-le-sport-et-la-justice\/#breadcrumb"},"inLanguage":"fr-FR","potentialAction":[{"@type":"ReadAction","target":["https:\/\/legisport.com\/index.php\/2020\/07\/01\/nos-combats-pour-le-sport-et-la-justice\/"]}]},{"@type":"BreadcrumbList","@id":"https:\/\/legisport.com\/index.php\/2020\/07\/01\/nos-combats-pour-le-sport-et-la-justice\/#breadcrumb","itemListElement":[{"@type":"ListItem","position":1,"name":"Accueil","item":"https:\/\/legisport.com\/"},{"@type":"ListItem","position":2,"name":"\u00ab\u00a0Nos Combats pour le sport et la justice\u00a0\u00bb"}]},{"@type":"Person","@id":"https:\/\/legisport.com\/#\/schema\/person\/abccfb880c12073a27d7cb433cf39cf2","name":"admin8312","image":{"@type":"ImageObject","@id":"https:\/\/legisport.com\/#personlogo","inLanguage":"fr-FR","url":"https:\/\/secure.gravatar.com\/avatar\/1e990537051617f93586bce114145ae0ff87fb7f69693d7eea4b09eb39a38ee0?s=96&d=mm&r=g","contentUrl":"https:\/\/secure.gravatar.com\/avatar\/1e990537051617f93586bce114145ae0ff87fb7f69693d7eea4b09eb39a38ee0?s=96&d=mm&r=g","caption":"admin8312"},"url":"https:\/\/legisport.com\/index.php\/author\/admin8312\/"}]}},"_links":{"self":[{"href":"https:\/\/legisport.com\/index.php\/wp-json\/wp\/v2\/posts\/1444","targetHints":{"allow":["GET"]}}],"collection":[{"href":"https:\/\/legisport.com\/index.php\/wp-json\/wp\/v2\/posts"}],"about":[{"href":"https:\/\/legisport.com\/index.php\/wp-json\/wp\/v2\/types\/post"}],"author":[{"embeddable":true,"href":"https:\/\/legisport.com\/index.php\/wp-json\/wp\/v2\/users\/1"}],"replies":[{"embeddable":true,"href":"https:\/\/legisport.com\/index.php\/wp-json\/wp\/v2\/comments?post=1444"}],"version-history":[{"count":3,"href":"https:\/\/legisport.com\/index.php\/wp-json\/wp\/v2\/posts\/1444\/revisions"}],"predecessor-version":[{"id":1450,"href":"https:\/\/legisport.com\/index.php\/wp-json\/wp\/v2\/posts\/1444\/revisions\/1450"}],"wp:attachment":[{"href":"https:\/\/legisport.com\/index.php\/wp-json\/wp\/v2\/media?parent=1444"}],"wp:term":[{"taxonomy":"category","embeddable":true,"href":"https:\/\/legisport.com\/index.php\/wp-json\/wp\/v2\/categories?post=1444"},{"taxonomy":"post_tag","embeddable":true,"href":"https:\/\/legisport.com\/index.php\/wp-json\/wp\/v2\/tags?post=1444"}],"curies":[{"name":"wp","href":"https:\/\/api.w.org\/{rel}","templated":true}]}}