{"id":1345,"date":"2020-03-16T14:02:51","date_gmt":"2020-03-16T14:02:51","guid":{"rendered":"http:\/\/legisport.com\/?p=1345"},"modified":"2020-04-27T12:28:47","modified_gmt":"2020-04-27T12:28:47","slug":"nos-combats-pour-le-sport-et-la-justice-un-ouvrage-qui-fera-date-dans-le-droit-du-sport","status":"publish","type":"post","link":"https:\/\/legisport.com\/index.php\/2020\/03\/16\/nos-combats-pour-le-sport-et-la-justice-un-ouvrage-qui-fera-date-dans-le-droit-du-sport\/","title":{"rendered":"Nos combats pour le sport et la justice : un ouvrage qui fera date dans le droit du sport"},"content":{"rendered":"\n<p>Ma\u00eetres Serge et Michel Pautot, docteurs en droit, avocats au barreau de Marseille viennent de publier \u00ab\u00a0Nos combats pour le sport et la justice\u00a0\u00bb aux Editions du Sekoya. <\/p>\n\n\n\n<p>Un ouvrage qui fera date dans le droit du sport. En effet,&nbsp;Ma\u00eetres Serge et Michel Pautot ont \u00e9t\u00e9 acteurs de changements radicaux, comme l\u2019arr\u00eat Malaja, \u00ab&nbsp;l\u2019arr\u00eat Bosman \u00e0 la puissance dix&nbsp;\u00bb. &nbsp;<\/p>\n\n\n\n<p>Dans cet ouvrage, les auteurs racontent cette mutation revenant sur de nombreux dossiers plaid\u00e9s. On croise au fil des pages Joseph-Antoine Bell contre Bernard Tapie, le Nain Volant contre un ministre de l\u2019Int\u00e9rieur, la d\u00e9fense de joueurs africains face au foot business, les tracasseries de l\u2019Abb\u00e9 Volant, la gymnaste Elodie Lussac et la boxeuse Sophie Girard contre leur F\u00e9d\u00e9ration, ou encore plus sulfureux, Lolo Ferrari contre la Scuderia. Un livre passionnant qui montre l\u2019\u00e9volution du sport, c\u00f4t\u00e9 coulisses, sous un nouveau jour. Face \u00e0 un environnement sportif en permanente \u00e9volution, le r\u00f4le de l\u2019avocat est d\u2019informer, conseiller et plaider. Ce qui a \u00e9t\u00e9 le cas des avocats Ma\u00eetres Serge et Michel Pautot qui interviennent depuis plus d\u2019une trentaine d\u2019ann\u00e9es \u00e0 la d\u00e9fense de diff\u00e9rents acteurs du sport, parfois dans un domaine o\u00f9 les valeurs humaines et les passions conservaient toutes leur place.<\/p>\n\n\n\n<figure class=\"wp-block-image size-large\"><a href=\"droitdusportbondecommandenoscombatspourlesportetlajustice\"><img loading=\"lazy\" decoding=\"async\" width=\"724\" height=\"1024\" src=\"https:\/\/legisport.com\/wp-content\/uploads\/2020\/03\/vientdeparaitrenoscombatspourlesportetlajustice-724x1024.jpg\" alt=\"\" class=\"wp-image-1321\" srcset=\"https:\/\/legisport.com\/wp-content\/uploads\/2020\/03\/vientdeparaitrenoscombatspourlesportetlajustice-724x1024.jpg 724w, https:\/\/legisport.com\/wp-content\/uploads\/2020\/03\/vientdeparaitrenoscombatspourlesportetlajustice-212x300.jpg 212w, https:\/\/legisport.com\/wp-content\/uploads\/2020\/03\/vientdeparaitrenoscombatspourlesportetlajustice-768x1087.jpg 768w, https:\/\/legisport.com\/wp-content\/uploads\/2020\/03\/vientdeparaitrenoscombatspourlesportetlajustice-1086x1536.jpg 1086w, https:\/\/legisport.com\/wp-content\/uploads\/2020\/03\/vientdeparaitrenoscombatspourlesportetlajustice-1448x2048.jpg 1448w, https:\/\/legisport.com\/wp-content\/uploads\/2020\/03\/vientdeparaitrenoscombatspourlesportetlajustice.jpg 1654w\" sizes=\"auto, (max-width: 724px) 100vw, 724px\" \/><\/a><figcaption>Un ouvrage qui fera date dans le droit du sport<\/figcaption><\/figure>\n\n\n\n<p class=\"has-text-align-center\"><strong>Table des mati\u00e8res de l\u2019ouvrage \u00ab&nbsp;Nos combats<\/strong><\/p>\n\n\n\n<p class=\"has-text-align-center\"><strong>pour le sport et la justice&nbsp;\u00bb<\/strong><\/p>\n\n\n\n<p>Pr\u00e9face de Ma\u00eetre Thierry Braillard, ancien Secr\u00e9taire d\u2019\u00c9tat aux sports<\/p>\n\n\n\n<p>Chapitre I \u2013 Du sokol de gymnaste \u00e0 la robe d\u2019avocat<\/p>\n\n\n\n<p>Chapitre II \u2013 L\u2019aventure L\u00e9gisport<\/p>\n\n\n\n<p>Chapitre III \u2013 L\u2019Abb\u00e9 Volant, tracass\u00e9 par ses activit\u00e9s de b\u00e2tisseur<\/p>\n\n\n\n<p>Chapitre IV \u2013 Rencontre de Pape Diouf et des \u00ab vrais faux fran\u00e7ais \u00bb<\/p>\n\n\n\n<p>Chapitre V \u2013 Joseph-Antoine Bell, le Lion indomptable<\/p>\n\n\n\n<p>Chapitre VI \u2013 Des footballeurs africains, victimes d\u2019employeurs impitoyables<\/p>\n\n\n\n<p>Chapitre VII \u2013 Le Nain Volant, trop petit mon ami !<\/p>\n\n\n\n<p>Chapitre VIII \u2013 \u00c9lodie Lussac, le r\u00eave bris\u00e9<\/p>\n\n\n\n<p>Chapitre IX \u2013 Sophie Girard, boxeuse et justici\u00e8re<\/p>\n\n\n\n<p>Chapitre X \u2013 Lolo Ferrari contre la \u00ab Scuderia \u00bb<\/p>\n\n\n\n<p>Chapitre XI \u2013 Le drame de Furiani, une catastrophe annonc\u00e9e<\/p>\n\n\n\n<p>Chapitre XII \u2013 Pastis \u00e0 l\u2019OM<\/p>\n\n\n\n<p>Chapitre XIII \u2013 30 d\u00e9cembre 2002 : L\u2019arr\u00eat Malaja, l\u2019arr\u00eat Bosman \u00e0 la puissance 10<\/p>\n\n\n\n<p>Chapitre XIV \u2013 La boxe professionnelle, touch\u00e9e mais pas KO<\/p>\n\n\n\n<p>Chapitre XV \u2013 Morts sur le ring<\/p>\n\n\n\n<p>Chapitre XVI \u2013 Philippe Filippi contre le \u00ab Chinois \u00bb et l\u2019ombre du juge Michel<\/p>\n\n\n\n<p>Chapitre XVII \u2013 Les accidents sportifs et l\u2019acceptation des risques<\/p>\n\n\n\n<p>Chapitre XVIII \u2013 Les risques mortels du sport<\/p>\n\n\n\n<p>Chapitre XIX \u2013 Le proc\u00e8s des hooligans, sanctionner toute forme de violence<\/p>\n\n\n\n<p>Chapitre XX \u2013 L\u2019arbitrage en qu\u00eate d\u2019innovation<\/p>\n\n\n\n<p>Chapitre XXI \u2013 Des basketteuses \u00e0 la barre du Tribunal<\/p>\n\n\n\n<p>Chapitre XXII \u2013 Avec les contrats, le poids des mots<\/p>\n\n\n\n<p>Chapitre XXIII \u2013 \u00c9pilogue : la prolif\u00e9ration du droit et la multiplication des acteurs<\/p>\n\n\n\n<p>Annexe \u2013 Les colloques L\u00e9gisport<\/p>\n\n\n\n<p>Cliquez <a href=\"http:\/\/droitdusportbondecommandenoscombatspourlesportetlajustice\">ICI<\/a> pour commander<\/p>\n","protected":false},"excerpt":{"rendered":"<p>Ma\u00eetres Serge et Michel Pautot, docteurs en droit, avocats au barreau de Marseille viennent de publier \u00ab\u00a0Nos combats pour le sport et la justice\u00a0\u00bb aux Editions du Sekoya. Un ouvrage qui fera date dans le droit du sport. En effet,&nbsp;Ma\u00eetres Serge et Michel Pautot ont \u00e9t\u00e9 acteurs de changements radicaux, comme l\u2019arr\u00eat Malaja, \u00ab&nbsp;l\u2019arr\u00eat Bosman [&hellip;]<\/p>\n","protected":false},"author":1,"featured_media":0,"comment_status":"closed","ping_status":"open","sticky":false,"template":"","format":"standard","meta":{"footnotes":""},"categories":[1],"tags":[],"class_list":["post-1345","post","type-post","status-publish","format-standard","hentry","category-uncategorized","basic-color-border"],"yoast_head":"<!-- This site is optimized with the Yoast SEO plugin v17.4 - https:\/\/yoast.com\/wordpress\/plugins\/seo\/ -->\n<meta name=\"description\" content=\"Un ouvrage qui fera date dans le droit du sport\" \/>\n<meta name=\"robots\" content=\"index, follow, max-snippet:-1, max-image-preview:large, max-video-preview:-1\" \/>\n<link rel=\"canonical\" href=\"https:\/\/legisport.com\/index.php\/2020\/03\/16\/nos-combats-pour-le-sport-et-la-justice-un-ouvrage-qui-fera-date-dans-le-droit-du-sport\/\" \/>\n<meta property=\"og:locale\" content=\"fr_FR\" \/>\n<meta property=\"og:type\" content=\"article\" \/>\n<meta property=\"og:title\" content=\"Nos combats pour le sport et la justice : un ouvrage qui fera date dans le droit du sport - legisport\" \/>\n<meta property=\"og:description\" content=\"Un ouvrage qui fera date dans le droit du sport\" \/>\n<meta property=\"og:url\" content=\"https:\/\/legisport.com\/index.php\/2020\/03\/16\/nos-combats-pour-le-sport-et-la-justice-un-ouvrage-qui-fera-date-dans-le-droit-du-sport\/\" \/>\n<meta property=\"og:site_name\" content=\"legisport\" \/>\n<meta property=\"article:published_time\" content=\"2020-03-16T14:02:51+00:00\" \/>\n<meta property=\"article:modified_time\" content=\"2020-04-27T12:28:47+00:00\" \/>\n<meta property=\"og:image\" content=\"http:\/\/legisport.com\/wp-content\/uploads\/2020\/03\/vientdeparaitrenoscombatspourlesportetlajustice-724x1024.jpg\" \/>\n<meta name=\"twitter:card\" content=\"summary_large_image\" \/>\n<meta name=\"twitter:label1\" content=\"\u00c9crit par\" \/>\n\t<meta name=\"twitter:data1\" content=\"admin8312\" \/>\n\t<meta name=\"twitter:label2\" content=\"Dur\u00e9e de lecture est.\" \/>\n\t<meta name=\"twitter:data2\" content=\"2 minutes\" \/>\n<script type=\"application\/ld+json\" class=\"yoast-schema-graph\">{\"@context\":\"https:\/\/schema.org\",\"@graph\":[{\"@type\":\"WebSite\",\"@id\":\"https:\/\/legisport.com\/#website\",\"url\":\"https:\/\/legisport.com\/\",\"name\":\"legisport\",\"description\":\"1991 : fondation de LEGISPORT. 1996 : lancement du bulletin d&#039;informations juridiques sportives LEGISPORT. Tout sur le droit du sport.\",\"potentialAction\":[{\"@type\":\"SearchAction\",\"target\":{\"@type\":\"EntryPoint\",\"urlTemplate\":\"https:\/\/legisport.com\/?s={search_term_string}\"},\"query-input\":\"required name=search_term_string\"}],\"inLanguage\":\"fr-FR\"},{\"@type\":\"ImageObject\",\"@id\":\"https:\/\/legisport.com\/index.php\/2020\/03\/16\/nos-combats-pour-le-sport-et-la-justice-un-ouvrage-qui-fera-date-dans-le-droit-du-sport\/#primaryimage\",\"inLanguage\":\"fr-FR\",\"url\":\"http:\/\/legisport.com\/wp-content\/uploads\/2020\/03\/vientdeparaitrenoscombatspourlesportetlajustice-724x1024.jpg\",\"contentUrl\":\"http:\/\/legisport.com\/wp-content\/uploads\/2020\/03\/vientdeparaitrenoscombatspourlesportetlajustice-724x1024.jpg\"},{\"@type\":\"WebPage\",\"@id\":\"https:\/\/legisport.com\/index.php\/2020\/03\/16\/nos-combats-pour-le-sport-et-la-justice-un-ouvrage-qui-fera-date-dans-le-droit-du-sport\/#webpage\",\"url\":\"https:\/\/legisport.com\/index.php\/2020\/03\/16\/nos-combats-pour-le-sport-et-la-justice-un-ouvrage-qui-fera-date-dans-le-droit-du-sport\/\",\"name\":\"Nos combats pour le sport et la justice : un ouvrage qui fera date dans le droit du sport - legisport\",\"isPartOf\":{\"@id\":\"https:\/\/legisport.com\/#website\"},\"primaryImageOfPage\":{\"@id\":\"https:\/\/legisport.com\/index.php\/2020\/03\/16\/nos-combats-pour-le-sport-et-la-justice-un-ouvrage-qui-fera-date-dans-le-droit-du-sport\/#primaryimage\"},\"datePublished\":\"2020-03-16T14:02:51+00:00\",\"dateModified\":\"2020-04-27T12:28:47+00:00\",\"author\":{\"@id\":\"https:\/\/legisport.com\/#\/schema\/person\/abccfb880c12073a27d7cb433cf39cf2\"},\"description\":\"Un ouvrage qui fera date dans le droit du sport\",\"breadcrumb\":{\"@id\":\"https:\/\/legisport.com\/index.php\/2020\/03\/16\/nos-combats-pour-le-sport-et-la-justice-un-ouvrage-qui-fera-date-dans-le-droit-du-sport\/#breadcrumb\"},\"inLanguage\":\"fr-FR\",\"potentialAction\":[{\"@type\":\"ReadAction\",\"target\":[\"https:\/\/legisport.com\/index.php\/2020\/03\/16\/nos-combats-pour-le-sport-et-la-justice-un-ouvrage-qui-fera-date-dans-le-droit-du-sport\/\"]}]},{\"@type\":\"BreadcrumbList\",\"@id\":\"https:\/\/legisport.com\/index.php\/2020\/03\/16\/nos-combats-pour-le-sport-et-la-justice-un-ouvrage-qui-fera-date-dans-le-droit-du-sport\/#breadcrumb\",\"itemListElement\":[{\"@type\":\"ListItem\",\"position\":1,\"name\":\"Accueil\",\"item\":\"https:\/\/legisport.com\/\"},{\"@type\":\"ListItem\",\"position\":2,\"name\":\"Nos combats pour le sport et la justice : un ouvrage qui fera date dans le droit du sport\"}]},{\"@type\":\"Person\",\"@id\":\"https:\/\/legisport.com\/#\/schema\/person\/abccfb880c12073a27d7cb433cf39cf2\",\"name\":\"admin8312\",\"image\":{\"@type\":\"ImageObject\",\"@id\":\"https:\/\/legisport.com\/#personlogo\",\"inLanguage\":\"fr-FR\",\"url\":\"https:\/\/secure.gravatar.com\/avatar\/1e990537051617f93586bce114145ae0ff87fb7f69693d7eea4b09eb39a38ee0?s=96&d=mm&r=g\",\"contentUrl\":\"https:\/\/secure.gravatar.com\/avatar\/1e990537051617f93586bce114145ae0ff87fb7f69693d7eea4b09eb39a38ee0?s=96&d=mm&r=g\",\"caption\":\"admin8312\"},\"url\":\"https:\/\/legisport.com\/index.php\/author\/admin8312\/\"}]}<\/script>\n<!-- \/ Yoast SEO plugin. -->","yoast_head_json":{"description":"Un ouvrage qui fera date dans le droit du sport","robots":{"index":"index","follow":"follow","max-snippet":"max-snippet:-1","max-image-preview":"max-image-preview:large","max-video-preview":"max-video-preview:-1"},"canonical":"https:\/\/legisport.com\/index.php\/2020\/03\/16\/nos-combats-pour-le-sport-et-la-justice-un-ouvrage-qui-fera-date-dans-le-droit-du-sport\/","og_locale":"fr_FR","og_type":"article","og_title":"Nos combats pour le sport et la justice : un ouvrage qui fera date dans le droit du sport - legisport","og_description":"Un ouvrage qui fera date dans le droit du sport","og_url":"https:\/\/legisport.com\/index.php\/2020\/03\/16\/nos-combats-pour-le-sport-et-la-justice-un-ouvrage-qui-fera-date-dans-le-droit-du-sport\/","og_site_name":"legisport","article_published_time":"2020-03-16T14:02:51+00:00","article_modified_time":"2020-04-27T12:28:47+00:00","og_image":[{"url":"http:\/\/legisport.com\/wp-content\/uploads\/2020\/03\/vientdeparaitrenoscombatspourlesportetlajustice-724x1024.jpg"}],"twitter_card":"summary_large_image","twitter_misc":{"\u00c9crit par":"admin8312","Dur\u00e9e de lecture est.":"2 minutes"},"schema":{"@context":"https:\/\/schema.org","@graph":[{"@type":"WebSite","@id":"https:\/\/legisport.com\/#website","url":"https:\/\/legisport.com\/","name":"legisport","description":"1991 : fondation de LEGISPORT. 1996 : lancement du bulletin d&#039;informations juridiques sportives LEGISPORT. Tout sur le droit du sport.","potentialAction":[{"@type":"SearchAction","target":{"@type":"EntryPoint","urlTemplate":"https:\/\/legisport.com\/?s={search_term_string}"},"query-input":"required name=search_term_string"}],"inLanguage":"fr-FR"},{"@type":"ImageObject","@id":"https:\/\/legisport.com\/index.php\/2020\/03\/16\/nos-combats-pour-le-sport-et-la-justice-un-ouvrage-qui-fera-date-dans-le-droit-du-sport\/#primaryimage","inLanguage":"fr-FR","url":"http:\/\/legisport.com\/wp-content\/uploads\/2020\/03\/vientdeparaitrenoscombatspourlesportetlajustice-724x1024.jpg","contentUrl":"http:\/\/legisport.com\/wp-content\/uploads\/2020\/03\/vientdeparaitrenoscombatspourlesportetlajustice-724x1024.jpg"},{"@type":"WebPage","@id":"https:\/\/legisport.com\/index.php\/2020\/03\/16\/nos-combats-pour-le-sport-et-la-justice-un-ouvrage-qui-fera-date-dans-le-droit-du-sport\/#webpage","url":"https:\/\/legisport.com\/index.php\/2020\/03\/16\/nos-combats-pour-le-sport-et-la-justice-un-ouvrage-qui-fera-date-dans-le-droit-du-sport\/","name":"Nos combats pour le sport et la justice : un ouvrage qui fera date dans le droit du sport - legisport","isPartOf":{"@id":"https:\/\/legisport.com\/#website"},"primaryImageOfPage":{"@id":"https:\/\/legisport.com\/index.php\/2020\/03\/16\/nos-combats-pour-le-sport-et-la-justice-un-ouvrage-qui-fera-date-dans-le-droit-du-sport\/#primaryimage"},"datePublished":"2020-03-16T14:02:51+00:00","dateModified":"2020-04-27T12:28:47+00:00","author":{"@id":"https:\/\/legisport.com\/#\/schema\/person\/abccfb880c12073a27d7cb433cf39cf2"},"description":"Un ouvrage qui fera date dans le droit du sport","breadcrumb":{"@id":"https:\/\/legisport.com\/index.php\/2020\/03\/16\/nos-combats-pour-le-sport-et-la-justice-un-ouvrage-qui-fera-date-dans-le-droit-du-sport\/#breadcrumb"},"inLanguage":"fr-FR","potentialAction":[{"@type":"ReadAction","target":["https:\/\/legisport.com\/index.php\/2020\/03\/16\/nos-combats-pour-le-sport-et-la-justice-un-ouvrage-qui-fera-date-dans-le-droit-du-sport\/"]}]},{"@type":"BreadcrumbList","@id":"https:\/\/legisport.com\/index.php\/2020\/03\/16\/nos-combats-pour-le-sport-et-la-justice-un-ouvrage-qui-fera-date-dans-le-droit-du-sport\/#breadcrumb","itemListElement":[{"@type":"ListItem","position":1,"name":"Accueil","item":"https:\/\/legisport.com\/"},{"@type":"ListItem","position":2,"name":"Nos combats pour le sport et la justice : un ouvrage qui fera date dans le droit du sport"}]},{"@type":"Person","@id":"https:\/\/legisport.com\/#\/schema\/person\/abccfb880c12073a27d7cb433cf39cf2","name":"admin8312","image":{"@type":"ImageObject","@id":"https:\/\/legisport.com\/#personlogo","inLanguage":"fr-FR","url":"https:\/\/secure.gravatar.com\/avatar\/1e990537051617f93586bce114145ae0ff87fb7f69693d7eea4b09eb39a38ee0?s=96&d=mm&r=g","contentUrl":"https:\/\/secure.gravatar.com\/avatar\/1e990537051617f93586bce114145ae0ff87fb7f69693d7eea4b09eb39a38ee0?s=96&d=mm&r=g","caption":"admin8312"},"url":"https:\/\/legisport.com\/index.php\/author\/admin8312\/"}]}},"_links":{"self":[{"href":"https:\/\/legisport.com\/index.php\/wp-json\/wp\/v2\/posts\/1345","targetHints":{"allow":["GET"]}}],"collection":[{"href":"https:\/\/legisport.com\/index.php\/wp-json\/wp\/v2\/posts"}],"about":[{"href":"https:\/\/legisport.com\/index.php\/wp-json\/wp\/v2\/types\/post"}],"author":[{"embeddable":true,"href":"https:\/\/legisport.com\/index.php\/wp-json\/wp\/v2\/users\/1"}],"replies":[{"embeddable":true,"href":"https:\/\/legisport.com\/index.php\/wp-json\/wp\/v2\/comments?post=1345"}],"version-history":[{"count":3,"href":"https:\/\/legisport.com\/index.php\/wp-json\/wp\/v2\/posts\/1345\/revisions"}],"predecessor-version":[{"id":1380,"href":"https:\/\/legisport.com\/index.php\/wp-json\/wp\/v2\/posts\/1345\/revisions\/1380"}],"wp:attachment":[{"href":"https:\/\/legisport.com\/index.php\/wp-json\/wp\/v2\/media?parent=1345"}],"wp:term":[{"taxonomy":"category","embeddable":true,"href":"https:\/\/legisport.com\/index.php\/wp-json\/wp\/v2\/categories?post=1345"},{"taxonomy":"post_tag","embeddable":true,"href":"https:\/\/legisport.com\/index.php\/wp-json\/wp\/v2\/tags?post=1345"}],"curies":[{"name":"wp","href":"https:\/\/api.w.org\/{rel}","templated":true}]}}