{"id":1331,"date":"2020-03-16T12:59:20","date_gmt":"2020-03-16T12:59:20","guid":{"rendered":"http:\/\/legisport.com\/?p=1331"},"modified":"2020-03-27T13:15:03","modified_gmt":"2020-03-27T13:15:03","slug":"succes-de-la-cooperation-france-allemagne-avec-les-echanges-de-jeunes-sportifs-franco-allemands","status":"publish","type":"post","link":"https:\/\/legisport.com\/index.php\/2020\/03\/16\/succes-de-la-cooperation-france-allemagne-avec-les-echanges-de-jeunes-sportifs-franco-allemands\/","title":{"rendered":"Succ\u00e8s de la coop\u00e9ration France \u2013 Allemagne avec les \u00e9changes de jeunes sportifs franco-allemands"},"content":{"rendered":"\n<p>La r\u00e9union d\u2019information pour les clubs\nsportifs fran\u00e7ais et allemands s\u2019est tenue \u00e0 Francfort-sur-le-Main du 6 au 8\nMars 2020, organis\u00e9e conjointement par le Deutsche Sportjugend (DSJ) qui est\nl\u2019organisation sportive allemande pour la jeunesse rattach\u00e9e au Comit\u00e9\nOlympique Sportif Allemand, le Comit\u00e9 National Olympique et Sportif Fran\u00e7ais\n(CNOSF) et l\u2019Office Franco-Allemand pour la Jeunesse (OFAJ en fran\u00e7ais, DFJW en\nallemand, Deutsch-Franz\u00f6sischen Jugendwerks). Le choix du lieu de r\u00e9union \u00e9tait\nparticuli\u00e8rement pertinent, dans les locaux du Landessportbund Hessen, situ\u00e9 \u00e0\nOtto-Fleck-Schneise, dans un quartier que l\u2019on pourrait qualifier comme\n\u00ab&nbsp;le carr\u00e9 magique&nbsp;\u00bb du sport allemand avec notamment \u00e0 quelques\nm\u00e8tres le si\u00e8ge de la F\u00e9d\u00e9ration allemande de football, le Comit\u00e9 Olympique\nSportif Allemand et le stade de football de l\u2019Eintracht de Francfort.<\/p>\n\n\n\n<p>\u00ab&nbsp;Les f\u00e9d\u00e9rations et les clubs sportifs sont pionniers parmi les pionniers des \u00e9changes franco \u2013 allemands soutenus par l\u2019OFAJ (DFJW en Allemagne), dont la cr\u00e9ation remonte au Trait\u00e9 de l\u2019Elys\u00e9e sign\u00e9 le 22 Janvier 1963 entre le g\u00e9n\u00e9ral de Gaulle et le chancelier Konrad Adenauer. Le 22 Janvier 2019, le Trait\u00e9 d\u2019Aix la Chapelle a \u00e9t\u00e9 sign\u00e9 entre le Pr\u00e9sident fran\u00e7ais Emmanuel Macron et la chanceli\u00e8re allemande Angela Merkel&nbsp;\u00bb, a expliqu\u00e9 Madame R\u00e9gine Dittmar, cheffe de bureau des \u00e9changes scolaires et extra-scolaires \u00e0 l\u2019OFAJ \u00e0 Berlin dans son expos\u00e9 introductif qui a port\u00e9 \u00e0 la fois sur les axes historiques de la coop\u00e9ration franco \u2013 allemande et sur la pertinence des \u00e9changes.<\/p>\n\n\n\n<figure class=\"wp-block-image size-large\"><img loading=\"lazy\" decoding=\"async\" width=\"1024\" height=\"923\" src=\"https:\/\/legisport.com\/wp-content\/uploads\/2020\/03\/ofaj1-1024x923.jpg\" alt=\"\" class=\"wp-image-1333\" srcset=\"https:\/\/legisport.com\/wp-content\/uploads\/2020\/03\/ofaj1-1024x923.jpg 1024w, https:\/\/legisport.com\/wp-content\/uploads\/2020\/03\/ofaj1-300x270.jpg 300w, https:\/\/legisport.com\/wp-content\/uploads\/2020\/03\/ofaj1-768x692.jpg 768w, https:\/\/legisport.com\/wp-content\/uploads\/2020\/03\/ofaj1-1536x1384.jpg 1536w, https:\/\/legisport.com\/wp-content\/uploads\/2020\/03\/ofaj1.jpg 2003w\" sizes=\"auto, (max-width: 1024px) 100vw, 1024px\" \/><figcaption>Mme R\u00e9gine Dittmar en compagnie de Madame Anne-Sophie Leli\u00e8vre<\/figcaption><\/figure>\n\n\n\n<p>Madame Dittmar a encha\u00een\u00e9&nbsp;:\n\u00ab&nbsp;organiser une rencontre franco-allemande, c\u2019est poursuivre plusieurs\nobjectifs&nbsp;: lever les barri\u00e8res linguistiques, faciliter la communication,\ndonner un acc\u00e8s \u00e0 la culture et notamment sportive de l\u2019autre pays, traiter des\nsujets importants pour des jeunes sportifs\u2026les programmes devant prendre les\nactivit\u00e9s sportives comme point de d\u00e9part&nbsp;\u00bb et de nuancer que\n\u00ab&nbsp;l\u2019OFAJ ne soutient pas les comp\u00e9titions sportives ou les rencontres\ntouristiques&nbsp;\u00bb.<\/p>\n\n\n\n<p>\u00ab&nbsp;L\u2019ann\u00e9e 2024 sera tr\u00e8s sportive\navec les Jeux Olympiques et Paralympiques de Paris et \u00e9galement le Championnat\nd\u2019Europe de football, l\u2019Euro 2024 en Allemagne. Les clubs peuvent d\u00e9j\u00e0\ncommencer \u00e0 se positionner, il convient de lancer d\u00e8s maintenant une dynamique\npositive&nbsp;\u00bb.<\/p>\n\n\n\n<p>&nbsp;Madame Anne-Sophie Leli\u00e8vre qui g\u00e8re le sport \u00e0 l\u2019OFAJ \u00e0 Berlin a rappel\u00e9 que parmi les grands objectifs de ces \u00e9changes, \u00ab&nbsp;l\u2019apprentissage inter culturel est primordial.&nbsp; Bien s\u00fbr, apprendre la langue est prioritaire, en plus du sport&nbsp;\u00bb.<\/p>\n\n\n\n<figure class=\"wp-block-image size-large\"><img loading=\"lazy\" decoding=\"async\" width=\"1024\" height=\"747\" src=\"https:\/\/legisport.com\/wp-content\/uploads\/2020\/03\/ofaj2-1024x747.jpg\" alt=\"\" class=\"wp-image-1334\" srcset=\"https:\/\/legisport.com\/wp-content\/uploads\/2020\/03\/ofaj2-1024x747.jpg 1024w, https:\/\/legisport.com\/wp-content\/uploads\/2020\/03\/ofaj2-300x219.jpg 300w, https:\/\/legisport.com\/wp-content\/uploads\/2020\/03\/ofaj2-768x560.jpg 768w, https:\/\/legisport.com\/wp-content\/uploads\/2020\/03\/ofaj2-1536x1121.jpg 1536w, https:\/\/legisport.com\/wp-content\/uploads\/2020\/03\/ofaj2-2048x1494.jpg 2048w\" sizes=\"auto, (max-width: 1024px) 100vw, 1024px\" \/><figcaption>Mme R\u00e9gine Dittmar avec Mme Anne-Sophie Leli\u00e8vre<\/figcaption><\/figure>\n\n\n\n<p>&nbsp;Madame Leli\u00e8vre a \u00e9voqu\u00e9 la\ngrande vari\u00e9t\u00e9 et richesse des diff\u00e9rentes rencontres&nbsp;pouvant \u00eatre\norganis\u00e9es au profit des jeunes fran\u00e7ais et allemands :<\/p>\n\n\n\n<p>-les rencontres au domicile du\npartenaire&nbsp;: \u00e9changes men\u00e9s entre une association fran\u00e7aise et une\nassociation allemande. Les jeunes de France rendent visite aux jeunes Allemands\net les accueillent ensuite&nbsp;;<\/p>\n\n\n\n<p>-les rencontres en tiers-lieu&nbsp;:\n\u00e9changes bas\u00e9s sur un projet sp\u00e9cifique entre une association fran\u00e7aise et une\nassociation allemande, en France ou en Allemagne&nbsp;;<\/p>\n\n\n\n<p>-les rencontres\ntransfrontali\u00e8res&nbsp;: \u00e9changes bas\u00e9s sur un projet sp\u00e9cifique qui se d\u00e9roule\ndans une r\u00e9gion transfrontali\u00e8re et dont la majeure partie des participants est\noriginaire. Pour la France, il s\u2019agit de la Moselle, du Bas-Rhin, du Haut-Rhin\net du Territoire de Belfort et pour l\u2019Allemagne, sont concern\u00e9es la Sarre et\nles circonscriptions administratives de Rh\u00e9nanie h\u00e9ssoise-Palatanat, de\nKarlsruhe et de Fribourg.<\/p>\n\n\n\n<p>-les rencontres sp\u00e9cifiques pour\nencourager la diversit\u00e9 des publics, comme par exemple les jeunes confront\u00e9s \u00e0\ndes difficult\u00e9s d\u2019ordre socioculturel, \u00e9conomique, g\u00e9ographique, des\ndifficult\u00e9s \u00e9ducatives, des diff\u00e9rences culturelles, des probl\u00e8mes de sant\u00e9.\nPour ce type de rencontres, une attention toute particuli\u00e8re est port\u00e9e par\nl\u2019OFAJ pour les rencontres ou programmes de personnes destin\u00e9es \u00e0 des jeunes\nfran\u00e7ais et allemands en situation de handicap.<\/p>\n\n\n\n<p>-le volontariat franco-allemand&nbsp;:\nil s\u2019agit d\u2019un programme destin\u00e9 \u00e0 des jeunes de France et d\u2019Allemagne\npermettant d\u2019effectuer un volontariat au sein d\u2019une association ou d\u2019une\ninstitution de pays voisin et en la mati\u00e8re, le volontariat franco-allemand\nd\u00e9passe le cadre sportif puisqu\u2019il peut concerner l\u2019\u00e9cologie, la culture\u2026.<\/p>\n\n\n\n<p>\u00ab&nbsp;Des animations peuvent \u00e9galement\n\u00eatre men\u00e9es lors de la Journ\u00e9e franco-allemande, le 22 Janvier de chaque\nann\u00e9e&nbsp;\u00bb.<\/p>\n\n\n\n<p>Anne-Sophie Leli\u00e8vre a \u00e9galement abord\u00e9\nl\u2019ambition des associations fran\u00e7aises et allemandes de parvenir \u00e0 des\n\u00ab&nbsp;relations trilat\u00e9rales&nbsp;dans les \u00e9changes&nbsp;\u00bb. Les \u00e9changes\npeuvent \u00eatre men\u00e9s entre des associations ou organisations de trois pays, le\ntroisi\u00e8me pays pouvant \u00eatre par exemple un de l\u2019Europe de l\u2019Est (Pologne,\nR\u00e9publique Tch\u00e8que\u2026), du Maghreb (Alg\u00e9rie, Tunisie, Maroc\u2026).<\/p>\n\n\n\n<p>Apr\u00e8s les interventions de Mesdames Dittmar\net Leli\u00e8vre, la parole a \u00e9t\u00e9 donn\u00e9e aux repr\u00e9sentants des clubs pr\u00e9sents qui\nont fait le d\u00e9placement, en provenance de la France et de l\u2019Allemagne.<\/p>\n\n\n\n<p>A la baguette \u00e9galement de cette r\u00e9union, un tamdem franco \u2013 allemand, tr\u00e8s bien rod\u00e9 \u00e0 ces animations et \u00e9changes, constitu\u00e9 des repr\u00e9sentants du Comit\u00e9 National Olympique et Sportif Fran\u00e7ais,&nbsp;Julien Staskiewicz, Fabienne M\u00fcller et du Deutsche sportjugend, Isabelle Dibao &#8211; Dina, Lucas Roignant qui ont su apporter les ingr\u00e9dients essentiels et pratiques sur la pr\u00e9paration et le contenu des \u00e9changes,&nbsp;l\u2019animation linguistique, le financement\u2026.permettant de r\u00e9ussir les \u00e9changes de jeunes sportifs et allemands. Bref, une r\u00e9union fort utile et r\u00e9ussie.<\/p>\n\n\n\n<figure class=\"wp-block-image size-large\"><img loading=\"lazy\" decoding=\"async\" width=\"1024\" height=\"378\" src=\"https:\/\/legisport.com\/wp-content\/uploads\/2020\/03\/ofaj3-1024x378.jpg\" alt=\"\" class=\"wp-image-1335\" srcset=\"https:\/\/legisport.com\/wp-content\/uploads\/2020\/03\/ofaj3-1024x378.jpg 1024w, https:\/\/legisport.com\/wp-content\/uploads\/2020\/03\/ofaj3-300x111.jpg 300w, https:\/\/legisport.com\/wp-content\/uploads\/2020\/03\/ofaj3-768x284.jpg 768w, https:\/\/legisport.com\/wp-content\/uploads\/2020\/03\/ofaj3-1536x567.jpg 1536w, https:\/\/legisport.com\/wp-content\/uploads\/2020\/03\/ofaj3-2048x756.jpg 2048w\" sizes=\"auto, (max-width: 1024px) 100vw, 1024px\" \/><figcaption>Julien Staskiewicz, Fabienne M\u00fcller, Isabelle Dibao &#8211; Dina, Lucas Roignant <\/figcaption><\/figure>\n\n\n\n<p class=\"has-text-align-center\"><strong>De beaux exemples de coop\u00e9ration<\/strong><\/p>\n\n\n\n<p>Emmanuel Richaud,\nrepr\u00e9sentant&nbsp;la ligue \u00cele-de-France des clubs de la D\u00e9fense\net&nbsp;pr\u00e9sent \u00e0 la r\u00e9union de Francfort a mis sur pied avec l\u2019allemand\nRonny&nbsp;Muller un \u00e9change \u00e0 la fois sportif, linguistique et culturel entre\ndes judokas fran\u00e7ais et allemands. Huit allemands du Budo Sportverein de\nSchleiz en Thuringe (quatre gar\u00e7ons et quatre filles) et &nbsp;sept fran\u00e7ais du\nCSLG PRISMA d&rsquo;Issy-les-Moulineaux (quatre gar\u00e7ons et trois filles) \u00e2g\u00e9s de 10 \u00e0\n16 ans, sont concern\u00e9s par cet \u00e9change.&nbsp;<\/p>\n\n\n\n<p>\u00ab&nbsp;Sous r\u00e9serve\ndes imp\u00e9ratifs sanitaires, les allemands seront re\u00e7us par les fran\u00e7ais du 12 au\n18 avril 2020 au Centre National des Sports de la D\u00e9fense \u00e0 Fontainebleau. Les\nfran\u00e7ais se rendront \u00e0 Schleiz&nbsp; du 23 au 30 octobre 2020. L&rsquo;objet consiste\nv\u00e9ritablement \u00e0 contraindre les jeunes \u00e0 sortir de leur zone de confort en leur\napportant des \u00e9l\u00e9ments ludiques -\u00e9tymologiquement, le sport est un jeu- qui\nleur permettent de d\u00e9couvrir d&rsquo;autres aspects de leur activit\u00e9, mais aussi une\nlangue et une culture&nbsp;\u00bb, nous a expliqu\u00e9 Emmanuel Richaud.&nbsp;<\/p>\n\n\n\n<p>\u00ab&nbsp;Que ce soit\n\u00e0 Issy les Moulineaux et \u00e0 Schleiz, les animations linguistiques&nbsp;seront\nmises en place le matin avant la s\u00e9ance d&rsquo;entrainement&nbsp;et le soir apr\u00e8s\nl&rsquo;activit\u00e9 culturelle. Il n&rsquo;y a aucun imp\u00e9ratif pr\u00e9alable&nbsp;en mati\u00e8re\nlinguistique pour les&nbsp;enfants. L&rsquo;encadrement sera mixte : Ronny et une\njeune femme pour les&nbsp;allemands, la&nbsp;m\u00e9daill\u00e9e de bronze au dernier\nchampionnat d&rsquo;Europe militaire&nbsp;Ornella Pereira et moi c\u00f4t\u00e9\nfran\u00e7ais&nbsp;\u00bb, a conclu Emmanuel Richaud.<\/p>\n\n\n\n<p>Nous avons \u00e9galement\nrencontr\u00e9 lors de cette r\u00e9union Roland Bohn, Pr\u00e9sident du Comit\u00e9 de Bas-Rhin de\nhandball qui est le porteur de l\u2019op\u00e9ration \u00ab&nbsp;Hand\u2019Ensemble&nbsp;\u00bb depuis\n2010. L&rsquo;\u00e9dition 2020 se tiendra le 19 Mai &nbsp;au coll\u00e8ge de Pfulgriesheim, \u00e0\nquinze kilom\u00e8tres de Strasbourg.&nbsp;\u00ab&nbsp;Notre objectif est de r\u00e9unir plus\nde quatre cent enfants et adolescents issus d\u2019\u00e9tablissements sp\u00e9cialis\u00e9s, de\npratiquer le handball et de partager une exp\u00e9rience motrice et humaine entre\npersonnes en situation de handicap et joueurs(ses) de haut niveau&nbsp;\u00bb, nous\na indiqu\u00e9 Roland Bohn.<\/p>\n\n\n\n<p>\u00ab\u00a0Pour cette ann\u00e9e, gr\u00e2ce \u00e0 notre collaboration de longue date avec la Bade du Sud, nous allons associer des instituts sp\u00e9cialis\u00e9s de la Bade du Sud qui nous rejoindront avec une centaine de jeunes allemands. Cette journ\u00e9e, pilot\u00e9e par Sophie Marang\u00e9, notre agent de d\u00e9veloppement, aura comme th\u00e8me Deviens le SUPER h\u00e9ros de ta sant\u00e9 \u00bb, a expliqu\u00e9 le Pr\u00e9sident Bohn, avant de conclure \u00ab\u00a0nous avons commenc\u00e9 en 2010 avec 30 enfants, nous en attendons plus de 400 le 19 Mai\u00a0\u00bb.\u00a0<\/p>\n\n\n\n<p>Jean-Luc Cretual de Saint Brieuc nous indique\u00a0: \u00ab\u00a0tous les ans \u00e0 La Pentec\u00f4te nous rencontrons nos amis allemands du club de foot Alemania Mariadorf situ\u00e9 \u00e0 Alsdorf, ancienne ville mini\u00e8re de Rh\u00e9nanie Westphalie pr\u00e8s de Aachen (appel\u00e9e aussi Aix La Chapelle) et qui est jumel\u00e9e avec Saint Brieuc. Nous nous d\u00e9pla\u00e7ons en bus avec environ trente-cinq jeunes enfants de douze \u00e0 quatorze ans afin de leur faire connaitre un nouveau mode de vie, une nouvelle langue et de nouveaux paysages. Une quinzaine d&rsquo;accompagnateurs font aussi le voyage\u00a0\u00bb avant d\u2019insister qu\u2019il s\u2019agit d\u2019 \u00ab\u00a0une rencontre que les jeunes attendent toute l&rsquo;ann\u00e9e. Ils apprennent ainsi les bases d&rsquo;une nouvelle langue gr\u00e2ce \u00e0 une animation adapt\u00e9e bas\u00e9e sur la m\u00e9thode \u00a0\u00bb tandem \u00ab\u00a0, un jeune allemand accompagnant un jeune fran\u00e7ais. Des visites, des moments libres et une\u00a0 rencontre sportive sont au programme. Un grand merci \u00e0 l&rsquo;Office Franco-Allemand de la Jeunesse qui, par son aide financi\u00e8re, nous permet de faire vivre autre chose \u00e0 nos jeunes issus pour beaucoup de milieux d\u00e9favoris\u00e9s\u00a0\u00bb.<\/p>\n\n\n\n<p>Des exemples de\ncoop\u00e9ration et de fraternit\u00e9 franco &#8211; allemande exemplaires.<\/p>\n","protected":false},"excerpt":{"rendered":"<p>La r\u00e9union d\u2019information pour les clubs sportifs fran\u00e7ais et allemands s\u2019est tenue \u00e0 Francfort-sur-le-Main du 6 au 8 Mars 2020, organis\u00e9e conjointement par le Deutsche Sportjugend (DSJ) qui est l\u2019organisation sportive allemande pour la jeunesse rattach\u00e9e au Comit\u00e9 Olympique Sportif Allemand, le Comit\u00e9 National Olympique et Sportif Fran\u00e7ais (CNOSF) et l\u2019Office Franco-Allemand pour la Jeunesse [&hellip;]<\/p>\n","protected":false},"author":1,"featured_media":0,"comment_status":"closed","ping_status":"open","sticky":false,"template":"","format":"standard","meta":{"footnotes":""},"categories":[1],"tags":[],"class_list":["post-1331","post","type-post","status-publish","format-standard","hentry","category-uncategorized","basic-color-border"],"yoast_head":"<!-- This site is optimized with the Yoast SEO plugin v17.4 - https:\/\/yoast.com\/wordpress\/plugins\/seo\/ -->\n<meta name=\"description\" content=\"Succ\u00e8s de la coop\u00e9ration France - Allemagne avec les \u00e9changes de jeunes sportifs franco - allemands\" \/>\n<meta name=\"robots\" content=\"index, follow, max-snippet:-1, max-image-preview:large, max-video-preview:-1\" \/>\n<link rel=\"canonical\" href=\"https:\/\/legisport.com\/index.php\/2020\/03\/16\/succes-de-la-cooperation-france-allemagne-avec-les-echanges-de-jeunes-sportifs-franco-allemands\/\" \/>\n<meta property=\"og:locale\" content=\"fr_FR\" \/>\n<meta property=\"og:type\" content=\"article\" \/>\n<meta property=\"og:title\" content=\"Succ\u00e8s de la coop\u00e9ration France \u2013 Allemagne avec les \u00e9changes de jeunes sportifs franco-allemands - legisport\" \/>\n<meta property=\"og:description\" content=\"Succ\u00e8s de la coop\u00e9ration France - Allemagne avec les \u00e9changes de jeunes sportifs franco - allemands\" \/>\n<meta property=\"og:url\" content=\"https:\/\/legisport.com\/index.php\/2020\/03\/16\/succes-de-la-cooperation-france-allemagne-avec-les-echanges-de-jeunes-sportifs-franco-allemands\/\" \/>\n<meta property=\"og:site_name\" content=\"legisport\" \/>\n<meta property=\"article:published_time\" content=\"2020-03-16T12:59:20+00:00\" \/>\n<meta property=\"article:modified_time\" content=\"2020-03-27T13:15:03+00:00\" \/>\n<meta property=\"og:image\" content=\"http:\/\/legisport.com\/wp-content\/uploads\/2020\/03\/ofaj1-1024x923.jpg\" \/>\n<meta name=\"twitter:card\" content=\"summary_large_image\" \/>\n<meta name=\"twitter:label1\" content=\"\u00c9crit par\" \/>\n\t<meta name=\"twitter:data1\" content=\"admin8312\" \/>\n\t<meta name=\"twitter:label2\" content=\"Dur\u00e9e de lecture est.\" \/>\n\t<meta name=\"twitter:data2\" content=\"8 minutes\" \/>\n<script type=\"application\/ld+json\" class=\"yoast-schema-graph\">{\"@context\":\"https:\/\/schema.org\",\"@graph\":[{\"@type\":\"WebSite\",\"@id\":\"https:\/\/legisport.com\/#website\",\"url\":\"https:\/\/legisport.com\/\",\"name\":\"legisport\",\"description\":\"1991 : fondation de LEGISPORT. 1996 : lancement du bulletin d&#039;informations juridiques sportives LEGISPORT. Tout sur le droit du sport.\",\"potentialAction\":[{\"@type\":\"SearchAction\",\"target\":{\"@type\":\"EntryPoint\",\"urlTemplate\":\"https:\/\/legisport.com\/?s={search_term_string}\"},\"query-input\":\"required name=search_term_string\"}],\"inLanguage\":\"fr-FR\"},{\"@type\":\"ImageObject\",\"@id\":\"https:\/\/legisport.com\/index.php\/2020\/03\/16\/succes-de-la-cooperation-france-allemagne-avec-les-echanges-de-jeunes-sportifs-franco-allemands\/#primaryimage\",\"inLanguage\":\"fr-FR\",\"url\":\"http:\/\/legisport.com\/wp-content\/uploads\/2020\/03\/ofaj1-1024x923.jpg\",\"contentUrl\":\"http:\/\/legisport.com\/wp-content\/uploads\/2020\/03\/ofaj1-1024x923.jpg\"},{\"@type\":\"WebPage\",\"@id\":\"https:\/\/legisport.com\/index.php\/2020\/03\/16\/succes-de-la-cooperation-france-allemagne-avec-les-echanges-de-jeunes-sportifs-franco-allemands\/#webpage\",\"url\":\"https:\/\/legisport.com\/index.php\/2020\/03\/16\/succes-de-la-cooperation-france-allemagne-avec-les-echanges-de-jeunes-sportifs-franco-allemands\/\",\"name\":\"Succ\\u00e8s de la coop\\u00e9ration France \\u2013 Allemagne avec les \\u00e9changes de jeunes sportifs franco-allemands - legisport\",\"isPartOf\":{\"@id\":\"https:\/\/legisport.com\/#website\"},\"primaryImageOfPage\":{\"@id\":\"https:\/\/legisport.com\/index.php\/2020\/03\/16\/succes-de-la-cooperation-france-allemagne-avec-les-echanges-de-jeunes-sportifs-franco-allemands\/#primaryimage\"},\"datePublished\":\"2020-03-16T12:59:20+00:00\",\"dateModified\":\"2020-03-27T13:15:03+00:00\",\"author\":{\"@id\":\"https:\/\/legisport.com\/#\/schema\/person\/abccfb880c12073a27d7cb433cf39cf2\"},\"description\":\"Succ\\u00e8s de la coop\\u00e9ration France - Allemagne avec les \\u00e9changes de jeunes sportifs franco - allemands\",\"breadcrumb\":{\"@id\":\"https:\/\/legisport.com\/index.php\/2020\/03\/16\/succes-de-la-cooperation-france-allemagne-avec-les-echanges-de-jeunes-sportifs-franco-allemands\/#breadcrumb\"},\"inLanguage\":\"fr-FR\",\"potentialAction\":[{\"@type\":\"ReadAction\",\"target\":[\"https:\/\/legisport.com\/index.php\/2020\/03\/16\/succes-de-la-cooperation-france-allemagne-avec-les-echanges-de-jeunes-sportifs-franco-allemands\/\"]}]},{\"@type\":\"BreadcrumbList\",\"@id\":\"https:\/\/legisport.com\/index.php\/2020\/03\/16\/succes-de-la-cooperation-france-allemagne-avec-les-echanges-de-jeunes-sportifs-franco-allemands\/#breadcrumb\",\"itemListElement\":[{\"@type\":\"ListItem\",\"position\":1,\"name\":\"Accueil\",\"item\":\"https:\/\/legisport.com\/\"},{\"@type\":\"ListItem\",\"position\":2,\"name\":\"Succ\\u00e8s de la coop\\u00e9ration France \\u2013 Allemagne avec les \\u00e9changes de jeunes sportifs franco-allemands\"}]},{\"@type\":\"Person\",\"@id\":\"https:\/\/legisport.com\/#\/schema\/person\/abccfb880c12073a27d7cb433cf39cf2\",\"name\":\"admin8312\",\"image\":{\"@type\":\"ImageObject\",\"@id\":\"https:\/\/legisport.com\/#personlogo\",\"inLanguage\":\"fr-FR\",\"url\":\"https:\/\/secure.gravatar.com\/avatar\/1e990537051617f93586bce114145ae0ff87fb7f69693d7eea4b09eb39a38ee0?s=96&d=mm&r=g\",\"contentUrl\":\"https:\/\/secure.gravatar.com\/avatar\/1e990537051617f93586bce114145ae0ff87fb7f69693d7eea4b09eb39a38ee0?s=96&d=mm&r=g\",\"caption\":\"admin8312\"},\"url\":\"https:\/\/legisport.com\/index.php\/author\/admin8312\/\"}]}<\/script>\n<!-- \/ Yoast SEO plugin. -->","yoast_head_json":{"description":"Succ\u00e8s de la coop\u00e9ration France - Allemagne avec les \u00e9changes de jeunes sportifs franco - allemands","robots":{"index":"index","follow":"follow","max-snippet":"max-snippet:-1","max-image-preview":"max-image-preview:large","max-video-preview":"max-video-preview:-1"},"canonical":"https:\/\/legisport.com\/index.php\/2020\/03\/16\/succes-de-la-cooperation-france-allemagne-avec-les-echanges-de-jeunes-sportifs-franco-allemands\/","og_locale":"fr_FR","og_type":"article","og_title":"Succ\u00e8s de la coop\u00e9ration France \u2013 Allemagne avec les \u00e9changes de jeunes sportifs franco-allemands - legisport","og_description":"Succ\u00e8s de la coop\u00e9ration France - Allemagne avec les \u00e9changes de jeunes sportifs franco - allemands","og_url":"https:\/\/legisport.com\/index.php\/2020\/03\/16\/succes-de-la-cooperation-france-allemagne-avec-les-echanges-de-jeunes-sportifs-franco-allemands\/","og_site_name":"legisport","article_published_time":"2020-03-16T12:59:20+00:00","article_modified_time":"2020-03-27T13:15:03+00:00","og_image":[{"url":"http:\/\/legisport.com\/wp-content\/uploads\/2020\/03\/ofaj1-1024x923.jpg"}],"twitter_card":"summary_large_image","twitter_misc":{"\u00c9crit par":"admin8312","Dur\u00e9e de lecture est.":"8 minutes"},"schema":{"@context":"https:\/\/schema.org","@graph":[{"@type":"WebSite","@id":"https:\/\/legisport.com\/#website","url":"https:\/\/legisport.com\/","name":"legisport","description":"1991 : fondation de LEGISPORT. 1996 : lancement du bulletin d&#039;informations juridiques sportives LEGISPORT. Tout sur le droit du sport.","potentialAction":[{"@type":"SearchAction","target":{"@type":"EntryPoint","urlTemplate":"https:\/\/legisport.com\/?s={search_term_string}"},"query-input":"required name=search_term_string"}],"inLanguage":"fr-FR"},{"@type":"ImageObject","@id":"https:\/\/legisport.com\/index.php\/2020\/03\/16\/succes-de-la-cooperation-france-allemagne-avec-les-echanges-de-jeunes-sportifs-franco-allemands\/#primaryimage","inLanguage":"fr-FR","url":"http:\/\/legisport.com\/wp-content\/uploads\/2020\/03\/ofaj1-1024x923.jpg","contentUrl":"http:\/\/legisport.com\/wp-content\/uploads\/2020\/03\/ofaj1-1024x923.jpg"},{"@type":"WebPage","@id":"https:\/\/legisport.com\/index.php\/2020\/03\/16\/succes-de-la-cooperation-france-allemagne-avec-les-echanges-de-jeunes-sportifs-franco-allemands\/#webpage","url":"https:\/\/legisport.com\/index.php\/2020\/03\/16\/succes-de-la-cooperation-france-allemagne-avec-les-echanges-de-jeunes-sportifs-franco-allemands\/","name":"Succ\u00e8s de la coop\u00e9ration France \u2013 Allemagne avec les \u00e9changes de jeunes sportifs franco-allemands - legisport","isPartOf":{"@id":"https:\/\/legisport.com\/#website"},"primaryImageOfPage":{"@id":"https:\/\/legisport.com\/index.php\/2020\/03\/16\/succes-de-la-cooperation-france-allemagne-avec-les-echanges-de-jeunes-sportifs-franco-allemands\/#primaryimage"},"datePublished":"2020-03-16T12:59:20+00:00","dateModified":"2020-03-27T13:15:03+00:00","author":{"@id":"https:\/\/legisport.com\/#\/schema\/person\/abccfb880c12073a27d7cb433cf39cf2"},"description":"Succ\u00e8s de la coop\u00e9ration France - Allemagne avec les \u00e9changes de jeunes sportifs franco - allemands","breadcrumb":{"@id":"https:\/\/legisport.com\/index.php\/2020\/03\/16\/succes-de-la-cooperation-france-allemagne-avec-les-echanges-de-jeunes-sportifs-franco-allemands\/#breadcrumb"},"inLanguage":"fr-FR","potentialAction":[{"@type":"ReadAction","target":["https:\/\/legisport.com\/index.php\/2020\/03\/16\/succes-de-la-cooperation-france-allemagne-avec-les-echanges-de-jeunes-sportifs-franco-allemands\/"]}]},{"@type":"BreadcrumbList","@id":"https:\/\/legisport.com\/index.php\/2020\/03\/16\/succes-de-la-cooperation-france-allemagne-avec-les-echanges-de-jeunes-sportifs-franco-allemands\/#breadcrumb","itemListElement":[{"@type":"ListItem","position":1,"name":"Accueil","item":"https:\/\/legisport.com\/"},{"@type":"ListItem","position":2,"name":"Succ\u00e8s de la coop\u00e9ration France \u2013 Allemagne avec les \u00e9changes de jeunes sportifs franco-allemands"}]},{"@type":"Person","@id":"https:\/\/legisport.com\/#\/schema\/person\/abccfb880c12073a27d7cb433cf39cf2","name":"admin8312","image":{"@type":"ImageObject","@id":"https:\/\/legisport.com\/#personlogo","inLanguage":"fr-FR","url":"https:\/\/secure.gravatar.com\/avatar\/1e990537051617f93586bce114145ae0ff87fb7f69693d7eea4b09eb39a38ee0?s=96&d=mm&r=g","contentUrl":"https:\/\/secure.gravatar.com\/avatar\/1e990537051617f93586bce114145ae0ff87fb7f69693d7eea4b09eb39a38ee0?s=96&d=mm&r=g","caption":"admin8312"},"url":"https:\/\/legisport.com\/index.php\/author\/admin8312\/"}]}},"_links":{"self":[{"href":"https:\/\/legisport.com\/index.php\/wp-json\/wp\/v2\/posts\/1331","targetHints":{"allow":["GET"]}}],"collection":[{"href":"https:\/\/legisport.com\/index.php\/wp-json\/wp\/v2\/posts"}],"about":[{"href":"https:\/\/legisport.com\/index.php\/wp-json\/wp\/v2\/types\/post"}],"author":[{"embeddable":true,"href":"https:\/\/legisport.com\/index.php\/wp-json\/wp\/v2\/users\/1"}],"replies":[{"embeddable":true,"href":"https:\/\/legisport.com\/index.php\/wp-json\/wp\/v2\/comments?post=1331"}],"version-history":[{"count":6,"href":"https:\/\/legisport.com\/index.php\/wp-json\/wp\/v2\/posts\/1331\/revisions"}],"predecessor-version":[{"id":1360,"href":"https:\/\/legisport.com\/index.php\/wp-json\/wp\/v2\/posts\/1331\/revisions\/1360"}],"wp:attachment":[{"href":"https:\/\/legisport.com\/index.php\/wp-json\/wp\/v2\/media?parent=1331"}],"wp:term":[{"taxonomy":"category","embeddable":true,"href":"https:\/\/legisport.com\/index.php\/wp-json\/wp\/v2\/categories?post=1331"},{"taxonomy":"post_tag","embeddable":true,"href":"https:\/\/legisport.com\/index.php\/wp-json\/wp\/v2\/tags?post=1331"}],"curies":[{"name":"wp","href":"https:\/\/api.w.org\/{rel}","templated":true}]}}