{"id":1246,"date":"2019-11-22T16:11:20","date_gmt":"2019-11-22T16:11:20","guid":{"rendered":"http:\/\/legisport.com\/?p=1246"},"modified":"2019-11-22T16:26:43","modified_gmt":"2019-11-22T16:26:43","slug":"le-developpement-de-lesport-rencontre-avec-romain-ragusa-co-fondateur-de-la-source-lyon","status":"publish","type":"post","link":"https:\/\/legisport.com\/index.php\/2019\/11\/22\/le-developpement-de-lesport-rencontre-avec-romain-ragusa-co-fondateur-de-la-source-lyon\/","title":{"rendered":"Le d\u00e9veloppement de l\u2019Esport : rencontre avec Romain Ragusa, co-fondateur de La Source (Lyon)"},"content":{"rendered":"\n<p>A la suite de la publication de la publication du n\u00b0137 de &nbsp;LEGISPORT consacr\u00e9 au th\u00e8me \u00ab\u00a0Le sport connect\u00e9 \u00e0 l&rsquo;esport\u00a0\u00bb (cliquez <a href=\"https:\/\/legisport.com\/wp-content\/uploads\/2019\/04\/137MaiJuin2019.pdf\">ICI<\/a> pour consulter le n\u00b0), nous avons rencontr\u00e9 \u00e0 Lyon Romain Ragusa, co-fondateur de La Source \u00e0 Lyon avec Mme Lina Pich, co-fondatrice \u00e9galement. <\/p>\n\n\n\n<p>Tout en participant au d\u00e9veloppement de l\u2019esport, Romain Ragusa \u00e9voque son d\u00e9veloppement. <\/p>\n\n\n\n<figure class=\"wp-block-image\"><img loading=\"lazy\" decoding=\"async\" width=\"1024\" height=\"672\" src=\"https:\/\/legisport.com\/wp-content\/uploads\/2019\/11\/legisportromainragusaesport-1024x672.jpg\" alt=\"\" class=\"wp-image-1248\" srcset=\"https:\/\/legisport.com\/wp-content\/uploads\/2019\/11\/legisportromainragusaesport-1024x672.jpg 1024w, https:\/\/legisport.com\/wp-content\/uploads\/2019\/11\/legisportromainragusaesport-300x197.jpg 300w, https:\/\/legisport.com\/wp-content\/uploads\/2019\/11\/legisportromainragusaesport-768x504.jpg 768w\" sizes=\"auto, (max-width: 1024px) 100vw, 1024px\" \/><figcaption>Mme Lina Pich et Romain Ragusa, co-fondateurs de La Source \u00e0 Lyon lors de notre rencontre<\/figcaption><\/figure>\n\n\n\n<p><strong>Question : Apr\u00e8s le Paris Games Week qui s\u2019est d\u00e9roul\u00e9 avec succ\u00e8s du 30 Octobre au 3 Novembre 2019, Paris a \u00e9t\u00e9 de  nouveau au c\u0153ur de l\u2019actualit\u00e9 mondiale de l\u2019esport avec la finale de la \u00ab League of Legends \u00bb qui a mis l\u2019Hexagone sous le feu des projecteurs. La France est-elle devenue une nation incontournable de l\u2019esport ? <\/strong><\/p>\n\n\n\n<p><strong>R\u00e9ponse : <\/strong>Oui, les \u00e9v\u00e8nements sont de plus en plus nombreux dans l\u2019Hexagone. Je ne pense pas que la France soit incontournable. Nous avons \u00e9norm\u00e9ment de travail encore pour montrer aux \u00e9diteurs que sur le territoire, de nombreux acteurs sont pr\u00e9sents et surtout actifs. France esport est une grande preuve d&rsquo;engagement de ces acteurs justement \u00e0 s\u2019unir pour parler d&rsquo;une voix. <\/p>\n\n\n\n<p><strong>Question : Vous \u00eates un acteur de l\u2019esport et vous contribuez efficacement \u00e0 son d\u00e9veloppement avec La Source. Pouvez-vous nous pr\u00e9senter votre structure ? <\/strong><\/p>\n\n\n\n<p><strong>R\u00e9ponse : <\/strong>Apr\u00e8s plusieurs ann\u00e9es sur le terrain, nous avons d\u00e9cid\u00e9 avec de mettre sur pied La Source qui est un nouveau type de lieux pour l\u2019accueil et l\u2019accompagnement des joueurs amateurs \u00e0 la recherche de performance. Le centre sera \u00e9quip\u00e9 de mani\u00e8re \u00e0 pourvoir r\u00e9pondre aux besoins de tous les types de joueurs et niveau. Avec ses diff\u00e9rents services, chacun pourra s&rsquo;entrainer et jouer avec son ambition.  Nous avons \u00e9galement mis en place une innovation digitale qui rentrera en r\u00e9sonance avec le centre physique, avec une application capable de guider et conseiller les joueurs au travers d&rsquo;une aventure \u00ab gamifi\u00e9e \u00bb afin qu&rsquo;il puisse suivre une trame d\u2019apprentissage. <\/p>\n\n\n\n<p><strong>Question : Qu\u2019est-ce qui peut \u00eatre fait pour amplifier encore plus l\u2019esport en France ? <\/strong><\/p>\n\n\n\n<p><strong>R\u00e9ponse : <\/strong>Il nous faut de l&rsquo;aide et de la structuration. Le Gouvernement souhaite que la France soit le premier pays esport d\u2019Europe. C&rsquo;est super encouragent mais il va falloir qu&rsquo;il nous aide.  <\/p>\n\n\n\n<p><strong>Question : Une passerelle s\u2019amorce entre sport et esport. C\u2019est une des id\u00e9es forces du num\u00e9ro de LEGISPORT. Pensez-vous que les deux mondes ont tout \u00e0 y gagner ? <\/strong><\/p>\n\n\n\n<p><strong>R\u00e9ponse : <\/strong>Nous sommes aussi tr\u00e8s proches du sport dans les fonctionnements et je pense que nous avons tout \u00e0 apprendre de notre homologue physique comme nous avons beaucoup \u00e0 lui apprendre.  <\/p>\n\n\n\n<p><strong>Contact : Romain Ragusa. Mail : sagura@la-source.co<\/strong><\/p>\n","protected":false},"excerpt":{"rendered":"<p>A la suite de la publication de la publication du n\u00b0137 de &nbsp;LEGISPORT consacr\u00e9 au th\u00e8me \u00ab\u00a0Le sport connect\u00e9 \u00e0 l&rsquo;esport\u00a0\u00bb (cliquez ICI pour consulter le n\u00b0), nous avons rencontr\u00e9 \u00e0 Lyon Romain Ragusa, co-fondateur de La Source \u00e0 Lyon avec Mme Lina Pich, co-fondatrice \u00e9galement. Tout en participant au d\u00e9veloppement de l\u2019esport, Romain Ragusa [&hellip;]<\/p>\n","protected":false},"author":1,"featured_media":0,"comment_status":"closed","ping_status":"open","sticky":false,"template":"","format":"standard","meta":{"footnotes":""},"categories":[1],"tags":[],"class_list":["post-1246","post","type-post","status-publish","format-standard","hentry","category-uncategorized","basic-color-border"],"yoast_head":"<!-- This site is optimized with the Yoast SEO plugin v17.4 - https:\/\/yoast.com\/wordpress\/plugins\/seo\/ -->\n<meta name=\"robots\" content=\"index, follow, max-snippet:-1, max-image-preview:large, max-video-preview:-1\" \/>\n<link rel=\"canonical\" href=\"https:\/\/legisport.com\/index.php\/2019\/11\/22\/le-developpement-de-lesport-rencontre-avec-romain-ragusa-co-fondateur-de-la-source-lyon\/\" \/>\n<meta property=\"og:locale\" content=\"fr_FR\" \/>\n<meta property=\"og:type\" content=\"article\" \/>\n<meta property=\"og:title\" content=\"Le d\u00e9veloppement de l\u2019Esport : rencontre avec Romain Ragusa, co-fondateur de La Source (Lyon) - legisport\" \/>\n<meta property=\"og:description\" content=\"A la suite de la publication de la publication du n\u00b0137 de &nbsp;LEGISPORT consacr\u00e9 au th\u00e8me \u00ab\u00a0Le sport connect\u00e9 \u00e0 l&rsquo;esport\u00a0\u00bb (cliquez ICI pour consulter le n\u00b0), nous avons rencontr\u00e9 \u00e0 Lyon Romain Ragusa, co-fondateur de La Source \u00e0 Lyon avec Mme Lina Pich, co-fondatrice \u00e9galement. Tout en participant au d\u00e9veloppement de l\u2019esport, Romain Ragusa [&hellip;]\" \/>\n<meta property=\"og:url\" content=\"https:\/\/legisport.com\/index.php\/2019\/11\/22\/le-developpement-de-lesport-rencontre-avec-romain-ragusa-co-fondateur-de-la-source-lyon\/\" \/>\n<meta property=\"og:site_name\" content=\"legisport\" \/>\n<meta property=\"article:published_time\" content=\"2019-11-22T16:11:20+00:00\" \/>\n<meta property=\"article:modified_time\" content=\"2019-11-22T16:26:43+00:00\" \/>\n<meta property=\"og:image\" content=\"http:\/\/legisport.com\/wp-content\/uploads\/2019\/11\/legisportromainragusaesport-1024x672.jpg\" \/>\n<meta name=\"twitter:card\" content=\"summary_large_image\" \/>\n<meta name=\"twitter:label1\" content=\"\u00c9crit par\" \/>\n\t<meta name=\"twitter:data1\" content=\"admin8312\" \/>\n\t<meta name=\"twitter:label2\" content=\"Dur\u00e9e de lecture est.\" \/>\n\t<meta name=\"twitter:data2\" content=\"2 minutes\" \/>\n<script type=\"application\/ld+json\" class=\"yoast-schema-graph\">{\"@context\":\"https:\/\/schema.org\",\"@graph\":[{\"@type\":\"WebSite\",\"@id\":\"https:\/\/legisport.com\/#website\",\"url\":\"https:\/\/legisport.com\/\",\"name\":\"legisport\",\"description\":\"1991 : fondation de LEGISPORT. 1996 : lancement du bulletin d&#039;informations juridiques sportives LEGISPORT. Tout sur le droit du sport.\",\"potentialAction\":[{\"@type\":\"SearchAction\",\"target\":{\"@type\":\"EntryPoint\",\"urlTemplate\":\"https:\/\/legisport.com\/?s={search_term_string}\"},\"query-input\":\"required name=search_term_string\"}],\"inLanguage\":\"fr-FR\"},{\"@type\":\"ImageObject\",\"@id\":\"https:\/\/legisport.com\/index.php\/2019\/11\/22\/le-developpement-de-lesport-rencontre-avec-romain-ragusa-co-fondateur-de-la-source-lyon\/#primaryimage\",\"inLanguage\":\"fr-FR\",\"url\":\"http:\/\/legisport.com\/wp-content\/uploads\/2019\/11\/legisportromainragusaesport-1024x672.jpg\",\"contentUrl\":\"http:\/\/legisport.com\/wp-content\/uploads\/2019\/11\/legisportromainragusaesport-1024x672.jpg\"},{\"@type\":\"WebPage\",\"@id\":\"https:\/\/legisport.com\/index.php\/2019\/11\/22\/le-developpement-de-lesport-rencontre-avec-romain-ragusa-co-fondateur-de-la-source-lyon\/#webpage\",\"url\":\"https:\/\/legisport.com\/index.php\/2019\/11\/22\/le-developpement-de-lesport-rencontre-avec-romain-ragusa-co-fondateur-de-la-source-lyon\/\",\"name\":\"Le d\\u00e9veloppement de l\\u2019Esport : rencontre avec Romain Ragusa, co-fondateur de La Source (Lyon) - legisport\",\"isPartOf\":{\"@id\":\"https:\/\/legisport.com\/#website\"},\"primaryImageOfPage\":{\"@id\":\"https:\/\/legisport.com\/index.php\/2019\/11\/22\/le-developpement-de-lesport-rencontre-avec-romain-ragusa-co-fondateur-de-la-source-lyon\/#primaryimage\"},\"datePublished\":\"2019-11-22T16:11:20+00:00\",\"dateModified\":\"2019-11-22T16:26:43+00:00\",\"author\":{\"@id\":\"https:\/\/legisport.com\/#\/schema\/person\/abccfb880c12073a27d7cb433cf39cf2\"},\"breadcrumb\":{\"@id\":\"https:\/\/legisport.com\/index.php\/2019\/11\/22\/le-developpement-de-lesport-rencontre-avec-romain-ragusa-co-fondateur-de-la-source-lyon\/#breadcrumb\"},\"inLanguage\":\"fr-FR\",\"potentialAction\":[{\"@type\":\"ReadAction\",\"target\":[\"https:\/\/legisport.com\/index.php\/2019\/11\/22\/le-developpement-de-lesport-rencontre-avec-romain-ragusa-co-fondateur-de-la-source-lyon\/\"]}]},{\"@type\":\"BreadcrumbList\",\"@id\":\"https:\/\/legisport.com\/index.php\/2019\/11\/22\/le-developpement-de-lesport-rencontre-avec-romain-ragusa-co-fondateur-de-la-source-lyon\/#breadcrumb\",\"itemListElement\":[{\"@type\":\"ListItem\",\"position\":1,\"name\":\"Accueil\",\"item\":\"https:\/\/legisport.com\/\"},{\"@type\":\"ListItem\",\"position\":2,\"name\":\"Le d\\u00e9veloppement de l\\u2019Esport : rencontre avec Romain Ragusa, co-fondateur de La Source (Lyon)\"}]},{\"@type\":\"Person\",\"@id\":\"https:\/\/legisport.com\/#\/schema\/person\/abccfb880c12073a27d7cb433cf39cf2\",\"name\":\"admin8312\",\"image\":{\"@type\":\"ImageObject\",\"@id\":\"https:\/\/legisport.com\/#personlogo\",\"inLanguage\":\"fr-FR\",\"url\":\"https:\/\/secure.gravatar.com\/avatar\/1e990537051617f93586bce114145ae0ff87fb7f69693d7eea4b09eb39a38ee0?s=96&d=mm&r=g\",\"contentUrl\":\"https:\/\/secure.gravatar.com\/avatar\/1e990537051617f93586bce114145ae0ff87fb7f69693d7eea4b09eb39a38ee0?s=96&d=mm&r=g\",\"caption\":\"admin8312\"},\"url\":\"https:\/\/legisport.com\/index.php\/author\/admin8312\/\"}]}<\/script>\n<!-- \/ Yoast SEO plugin. -->","yoast_head_json":{"robots":{"index":"index","follow":"follow","max-snippet":"max-snippet:-1","max-image-preview":"max-image-preview:large","max-video-preview":"max-video-preview:-1"},"canonical":"https:\/\/legisport.com\/index.php\/2019\/11\/22\/le-developpement-de-lesport-rencontre-avec-romain-ragusa-co-fondateur-de-la-source-lyon\/","og_locale":"fr_FR","og_type":"article","og_title":"Le d\u00e9veloppement de l\u2019Esport : rencontre avec Romain Ragusa, co-fondateur de La Source (Lyon) - legisport","og_description":"A la suite de la publication de la publication du n\u00b0137 de &nbsp;LEGISPORT consacr\u00e9 au th\u00e8me \u00ab\u00a0Le sport connect\u00e9 \u00e0 l&rsquo;esport\u00a0\u00bb (cliquez ICI pour consulter le n\u00b0), nous avons rencontr\u00e9 \u00e0 Lyon Romain Ragusa, co-fondateur de La Source \u00e0 Lyon avec Mme Lina Pich, co-fondatrice \u00e9galement. Tout en participant au d\u00e9veloppement de l\u2019esport, Romain Ragusa [&hellip;]","og_url":"https:\/\/legisport.com\/index.php\/2019\/11\/22\/le-developpement-de-lesport-rencontre-avec-romain-ragusa-co-fondateur-de-la-source-lyon\/","og_site_name":"legisport","article_published_time":"2019-11-22T16:11:20+00:00","article_modified_time":"2019-11-22T16:26:43+00:00","og_image":[{"url":"http:\/\/legisport.com\/wp-content\/uploads\/2019\/11\/legisportromainragusaesport-1024x672.jpg"}],"twitter_card":"summary_large_image","twitter_misc":{"\u00c9crit par":"admin8312","Dur\u00e9e de lecture est.":"2 minutes"},"schema":{"@context":"https:\/\/schema.org","@graph":[{"@type":"WebSite","@id":"https:\/\/legisport.com\/#website","url":"https:\/\/legisport.com\/","name":"legisport","description":"1991 : fondation de LEGISPORT. 1996 : lancement du bulletin d&#039;informations juridiques sportives LEGISPORT. Tout sur le droit du sport.","potentialAction":[{"@type":"SearchAction","target":{"@type":"EntryPoint","urlTemplate":"https:\/\/legisport.com\/?s={search_term_string}"},"query-input":"required name=search_term_string"}],"inLanguage":"fr-FR"},{"@type":"ImageObject","@id":"https:\/\/legisport.com\/index.php\/2019\/11\/22\/le-developpement-de-lesport-rencontre-avec-romain-ragusa-co-fondateur-de-la-source-lyon\/#primaryimage","inLanguage":"fr-FR","url":"http:\/\/legisport.com\/wp-content\/uploads\/2019\/11\/legisportromainragusaesport-1024x672.jpg","contentUrl":"http:\/\/legisport.com\/wp-content\/uploads\/2019\/11\/legisportromainragusaesport-1024x672.jpg"},{"@type":"WebPage","@id":"https:\/\/legisport.com\/index.php\/2019\/11\/22\/le-developpement-de-lesport-rencontre-avec-romain-ragusa-co-fondateur-de-la-source-lyon\/#webpage","url":"https:\/\/legisport.com\/index.php\/2019\/11\/22\/le-developpement-de-lesport-rencontre-avec-romain-ragusa-co-fondateur-de-la-source-lyon\/","name":"Le d\u00e9veloppement de l\u2019Esport : rencontre avec Romain Ragusa, co-fondateur de La Source (Lyon) - legisport","isPartOf":{"@id":"https:\/\/legisport.com\/#website"},"primaryImageOfPage":{"@id":"https:\/\/legisport.com\/index.php\/2019\/11\/22\/le-developpement-de-lesport-rencontre-avec-romain-ragusa-co-fondateur-de-la-source-lyon\/#primaryimage"},"datePublished":"2019-11-22T16:11:20+00:00","dateModified":"2019-11-22T16:26:43+00:00","author":{"@id":"https:\/\/legisport.com\/#\/schema\/person\/abccfb880c12073a27d7cb433cf39cf2"},"breadcrumb":{"@id":"https:\/\/legisport.com\/index.php\/2019\/11\/22\/le-developpement-de-lesport-rencontre-avec-romain-ragusa-co-fondateur-de-la-source-lyon\/#breadcrumb"},"inLanguage":"fr-FR","potentialAction":[{"@type":"ReadAction","target":["https:\/\/legisport.com\/index.php\/2019\/11\/22\/le-developpement-de-lesport-rencontre-avec-romain-ragusa-co-fondateur-de-la-source-lyon\/"]}]},{"@type":"BreadcrumbList","@id":"https:\/\/legisport.com\/index.php\/2019\/11\/22\/le-developpement-de-lesport-rencontre-avec-romain-ragusa-co-fondateur-de-la-source-lyon\/#breadcrumb","itemListElement":[{"@type":"ListItem","position":1,"name":"Accueil","item":"https:\/\/legisport.com\/"},{"@type":"ListItem","position":2,"name":"Le d\u00e9veloppement de l\u2019Esport : rencontre avec Romain Ragusa, co-fondateur de La Source (Lyon)"}]},{"@type":"Person","@id":"https:\/\/legisport.com\/#\/schema\/person\/abccfb880c12073a27d7cb433cf39cf2","name":"admin8312","image":{"@type":"ImageObject","@id":"https:\/\/legisport.com\/#personlogo","inLanguage":"fr-FR","url":"https:\/\/secure.gravatar.com\/avatar\/1e990537051617f93586bce114145ae0ff87fb7f69693d7eea4b09eb39a38ee0?s=96&d=mm&r=g","contentUrl":"https:\/\/secure.gravatar.com\/avatar\/1e990537051617f93586bce114145ae0ff87fb7f69693d7eea4b09eb39a38ee0?s=96&d=mm&r=g","caption":"admin8312"},"url":"https:\/\/legisport.com\/index.php\/author\/admin8312\/"}]}},"_links":{"self":[{"href":"https:\/\/legisport.com\/index.php\/wp-json\/wp\/v2\/posts\/1246","targetHints":{"allow":["GET"]}}],"collection":[{"href":"https:\/\/legisport.com\/index.php\/wp-json\/wp\/v2\/posts"}],"about":[{"href":"https:\/\/legisport.com\/index.php\/wp-json\/wp\/v2\/types\/post"}],"author":[{"embeddable":true,"href":"https:\/\/legisport.com\/index.php\/wp-json\/wp\/v2\/users\/1"}],"replies":[{"embeddable":true,"href":"https:\/\/legisport.com\/index.php\/wp-json\/wp\/v2\/comments?post=1246"}],"version-history":[{"count":4,"href":"https:\/\/legisport.com\/index.php\/wp-json\/wp\/v2\/posts\/1246\/revisions"}],"predecessor-version":[{"id":1251,"href":"https:\/\/legisport.com\/index.php\/wp-json\/wp\/v2\/posts\/1246\/revisions\/1251"}],"wp:attachment":[{"href":"https:\/\/legisport.com\/index.php\/wp-json\/wp\/v2\/media?parent=1246"}],"wp:term":[{"taxonomy":"category","embeddable":true,"href":"https:\/\/legisport.com\/index.php\/wp-json\/wp\/v2\/categories?post=1246"},{"taxonomy":"post_tag","embeddable":true,"href":"https:\/\/legisport.com\/index.php\/wp-json\/wp\/v2\/tags?post=1246"}],"curies":[{"name":"wp","href":"https:\/\/api.w.org\/{rel}","templated":true}]}}